{"id":215534,"date":"2018-12-11T11:34:39","date_gmt":"2018-12-11T10:34:39","guid":{"rendered":"https:\/\/www.cinevox.be\/?p=215534"},"modified":"2018-12-13T13:33:22","modified_gmt":"2018-12-13T12:33:22","slug":"ennemi-public-saison-2-le-compte-a-rebours-a-commence","status":"publish","type":"post","link":"https:\/\/welovecinema.be\/fr\/ennemi-public-saison-2-le-compte-a-rebours-a-commence\/","title":{"rendered":"\u00ab\u00a0Ennemi Public\u00a0\u00bb saison 2: le compte \u00e0 rebours a commenc\u00e9&#8230;"},"content":{"rendered":"\n<p><strong>Hier soir avait lieu \u00e0 Bozar \u00e0 l&rsquo;occasion de l&rsquo;ouverture du Festival Are You Series? la projection en avant-premi\u00e8re des deux premiers \u00e9pisodes de la saison 2 d&rsquo;<em>Ennemi Public<\/em>. On vous en dit un peu plus sur cette deuxi\u00e8me saison tant attendue&#8230;<\/strong><\/p>\n\n\n\n<p>Alors que <em>La Tr\u00eave<\/em> venait tout juste de d\u00e9voiler le grand final de sa deuxi\u00e8me saison la veille au soir &#8211; on croisera d&rsquo;ailleurs dans la salle les auteurs heureux (et soulag\u00e9s) de <em>La Tr\u00eave 2<\/em> venus en coll\u00e8gues attentifs -, le public se pressait hier soir rue Ravenstein pour d\u00e9couvrir en exclusivit\u00e9 les premi\u00e8res images de la s\u00e9rie belge, et le nouveau myst\u00e8re \u00e0 r\u00e9soudre pour l&rsquo;inspecteur Chlo\u00e9 Muller, incarn\u00e9e par St\u00e9phanie Blanchoud.&nbsp;<\/p>\n\n\n\n<p>Comme l&rsquo;agent Peeters (et on arr\u00eatera l\u00e0 les parall\u00e8les avec <em>La Tr\u00eave<\/em>), l&rsquo;agent Muller a mal v\u00e9cu les \u00e9v\u00e8nements de la saison 1, et ressenti le besoin de prendre du recul pour d\u00e9compresser et faire le point sur sa vie (et ses d\u00e9mons). Mais on ne quitte jamais la police pour bien longtemps, dans les s\u00e9ries&#8230;&nbsp;<\/p>\n\n\n\n<figure class=\"wp-block-image\"><img loading=\"lazy\" decoding=\"async\" width=\"428\" height=\"600\" src=\"https:\/\/www.cinevox.be\/wp-content\/uploads\/sites\/2\/2018\/12\/40313636_1661498377293925_5122047584822624256_o-428x600.jpg\" alt=\"\" class=\"wp-image-215537\" srcset=\"https:\/\/welovecinema.be\/wp-content\/uploads\/sites\/2\/2018\/12\/40313636_1661498377293925_5122047584822624256_o-428x600.jpg 428w, https:\/\/welovecinema.be\/wp-content\/uploads\/sites\/2\/2018\/12\/40313636_1661498377293925_5122047584822624256_o-193x270.jpg 193w, https:\/\/welovecinema.be\/wp-content\/uploads\/sites\/2\/2018\/12\/40313636_1661498377293925_5122047584822624256_o-768x1075.jpg 768w, https:\/\/welovecinema.be\/wp-content\/uploads\/sites\/2\/2018\/12\/40313636_1661498377293925_5122047584822624256_o.jpg 1329w\" sizes=\"auto, (max-width: 428px) 100vw, 428px\" \/><figcaption>L&rsquo;agent Muller semble bien partie pour souffrir encore un peu dans cette 2e saison&#8230;<\/figcaption><\/figure>\n\n\n\n<p>La visite impromptue d&rsquo;un couple de parents d\u00e9vast\u00e9s aura raison de ses r\u00e9solutions: leur fille, Jasmine, a disparu il y a deux ans, et la police vient d&rsquo;abandonner les recherches, faute de preuves. Apr\u00e8s quelques h\u00e9sitations, Chlo\u00e9 accepte de reprendre du service, d&rsquo;autant que cette disparition inqui\u00e9tante fait \u00e9cho \u00e0 une autre disparition qui la touche intimement, celle de sa soeur, Jessica.<\/p>\n\n\n\n<p>Pour r\u00e9soudre cette enqu\u00eate, elle se voit contrainte de collaborer \u00e0 nouveau avec l&rsquo;ennemi public num\u00e9ro 1. Guy B\u00e9ranger (Angelo Bison, dont le regard donne toujours autant la chair de poule)\u00a0 coule des jours non pas paisibles, mais du moins calmes \u00e0 l&rsquo;Abbaye de Vielsart. Le calme avant la temp\u00eate surement. Car le vieil homme ne souhaite plus se contenter de cette vie de reclus. Il voudrait sortir, pouvoir d\u00e9ambuler dans le village, aller chez le coiffeur. Ce qui n&rsquo;est pas exactement du go\u00fbt des habitants du coin.\u00a0<\/p>\n\n\n\n<figure class=\"wp-block-image\"><img loading=\"lazy\" decoding=\"async\" width=\"800\" height=\"304\" src=\"https:\/\/www.cinevox.be\/wp-content\/uploads\/sites\/2\/2018\/12\/40330272_1661499883960441_1664398512663560192_n-800x304.jpg\" alt=\"\" class=\"wp-image-215539\" srcset=\"https:\/\/welovecinema.be\/wp-content\/uploads\/sites\/2\/2018\/12\/40330272_1661499883960441_1664398512663560192_n-800x304.jpg 800w, https:\/\/welovecinema.be\/wp-content\/uploads\/sites\/2\/2018\/12\/40330272_1661499883960441_1664398512663560192_n-480x183.jpg 480w, https:\/\/welovecinema.be\/wp-content\/uploads\/sites\/2\/2018\/12\/40330272_1661499883960441_1664398512663560192_n-768x292.jpg 768w, https:\/\/welovecinema.be\/wp-content\/uploads\/sites\/2\/2018\/12\/40330272_1661499883960441_1664398512663560192_n.jpg 828w\" sizes=\"auto, (max-width: 800px) 100vw, 800px\" \/><\/figure>\n\n\n\n<p>L&rsquo;un des plaisirs d&rsquo;une saison 2, c&rsquo;est bien s\u00fbr de retrouver des t\u00eates connues, des personnages familiers qui se sont d\u00e9j\u00e0 fait une petite place dans notre imaginaire. Les auteurs ne boudent pas le plaisir du spectateur. Revenir \u00e0 Vielsart, c&rsquo;est aussi retrouver ses habitants. Les hostiles qui voient du mauvais oeil la pr\u00e9sence du tueur d&rsquo;enfants. Les pr\u00eatres partag\u00e9s entre leurs convictions et leur foi, et la pr\u00e9sence bien concr\u00e8te entre leurs murs d&rsquo;un bourreau d&rsquo;enfants et fin manipulateur. <\/p>\n\n\n\n<p>Et puis les h\u00e9ros et anti-h\u00e9ros, Michael Charlier (Jean-Jacques Rausin), le policier au grand coeur, peut-\u00eatre un peu trop fragile, Patrick Stassart (Philippe Jeusette), l&rsquo;homme d&rsquo;affaire d\u00e9chu, Lucas Stassart (Cl\u00e9ment Manuel), le pr\u00eatre rebelle, mais aussi Fran\u00e7ois Neycken, Olivier Bonjour, Jeanne Dandoy, Igor Van Dessel, Pili Groyne, Lucas Jacquemin&#8230; Autant de visages familiers, qui r\u00e9apparaissent au fil des deux premiers \u00e9pisodes.<\/p>\n\n\n\n<p>L&rsquo;autre grand plaisir, c&rsquo;est de rencontrer les nouveaux protagonistes, au premier rang desquels celles que la fin de la premi\u00e8re saison nous avait rapidement pr\u00e9sent\u00e9es: Fantine Harduin, d\u00e9cid\u00e9ment sur tous les fronts, joue Jasmine, dont la disparition d\u00e9clenche le r\u00e9cit, tandis que Pauline Etienne interpr\u00e8te Jessica, la soeur disparue devenue adulte de Chlo\u00e9 Muller. Toutes deux semblent faire partie d&rsquo;une \u00e9trange communaut\u00e9, qu&rsquo;elles n&rsquo;ont dira-t-on pas int\u00e9gr\u00e9e de leur plein gr\u00e9&#8230;<\/p>\n\n\n\n<p>Allez, on s&rsquo;arr\u00eatera l\u00e0 afin de ne pas plus d\u00e9florer le suspens de cette deuxi\u00e8me saison qui s&rsquo;annonce dense, tendue, et noire, tr\u00e8s noire. Le mot d&rsquo;ordre \u00e0 la RTBF est d&rsquo;annoncer une diffusion \u00ab\u00a0\u00e0 l&rsquo;hiver 2019\u00a0\u00bb. En esp\u00e9rant que cette diffusion arrive au plus vite, tant on a h\u00e2te de conna\u00eetre la suite!<\/p>\n","protected":false},"excerpt":{"rendered":"<p>Hier soir avait lieu \u00e0 Bozar \u00e0 l&rsquo;occasion de l&rsquo;ouverture du Festival Are You Series? la projection en avant-premi\u00e8re des deux premiers \u00e9pisodes de la saison 2 d&rsquo;Ennemi Public. On vous en dit un peu plus sur cette deuxi\u00e8me saison tant attendue&#8230; Alors que La Tr\u00eave venait tout juste de d\u00e9voiler le grand final de &hellip;<\/p>\n","protected":false},"author":343,"featured_media":215535,"comment_status":"closed","ping_status":"closed","sticky":false,"template":"","format":"standard","meta":{"ngg_post_thumbnail":0,"footnotes":""},"categories":[53],"tags":[1897],"class_list":["post-215534","post","type-post","status-publish","format-standard","has-post-thumbnail","","category-coming-soon","tag-ennemi-public"],"yoast_head":"<!-- This site is optimized with the Yoast SEO plugin v20.4 - https:\/\/yoast.com\/wordpress\/plugins\/seo\/ -->\n<title>&quot;Ennemi Public&quot; saison 2: le compte \u00e0 rebours a commenc\u00e9... - We Love Cinema<\/title>\n<meta name=\"robots\" content=\"index, follow, max-snippet:-1, max-image-preview:large, max-video-preview:-1\" \/>\n<link rel=\"canonical\" href=\"https:\/\/welovecinema.be\/fr\/ennemi-public-saison-2-le-compte-a-rebours-a-commence\/\" \/>\n<meta property=\"og:locale\" content=\"fr_FR\" \/>\n<meta property=\"og:type\" content=\"article\" \/>\n<meta property=\"og:title\" content=\"&quot;Ennemi Public&quot; saison 2: le compte \u00e0 rebours a commenc\u00e9... - We Love Cinema\" \/>\n<meta property=\"og:description\" content=\"Hier soir avait lieu \u00e0 Bozar \u00e0 l&rsquo;occasion de l&rsquo;ouverture du Festival Are You Series? la projection en avant-premi\u00e8re des deux premiers \u00e9pisodes de la saison 2 d&rsquo;Ennemi Public. On vous en dit un peu plus sur cette deuxi\u00e8me saison tant attendue&#8230; Alors que La Tr\u00eave venait tout juste de d\u00e9voiler le grand final de &hellip;\" \/>\n<meta property=\"og:url\" content=\"https:\/\/welovecinema.be\/fr\/ennemi-public-saison-2-le-compte-a-rebours-a-commence\/\" \/>\n<meta property=\"og:site_name\" content=\"We Love Cinema\" \/>\n<meta property=\"article:publisher\" content=\"https:\/\/www.facebook.com\/welovecinema.be\" \/>\n<meta property=\"article:published_time\" content=\"2018-12-11T10:34:39+00:00\" \/>\n<meta property=\"article:modified_time\" content=\"2018-12-13T12:33:22+00:00\" \/>\n<meta property=\"og:image\" content=\"https:\/\/welovecinema.be\/wp-content\/uploads\/sites\/2\/2018\/12\/AP-Ennemi-Public-Saison-2-800x401.jpg\" \/>\n\t<meta property=\"og:image:width\" content=\"800\" \/>\n\t<meta property=\"og:image:height\" content=\"401\" \/>\n\t<meta property=\"og:image:type\" content=\"image\/jpeg\" \/>\n<meta name=\"author\" content=\"Aurore Engelen\" \/>\n<meta name=\"twitter:card\" content=\"summary_large_image\" \/>\n<meta name=\"twitter:label1\" content=\"\u00c9crit par\" \/>\n\t<meta name=\"twitter:data1\" content=\"Aurore Engelen\" \/>\n\t<meta name=\"twitter:label2\" content=\"Dur\u00e9e de lecture estim\u00e9e\" \/>\n\t<meta name=\"twitter:data2\" content=\"3 minutes\" \/>\n<script type=\"application\/ld+json\" class=\"yoast-schema-graph\">{\"@context\":\"https:\/\/schema.org\",\"@graph\":[{\"@type\":\"Article\",\"@id\":\"https:\/\/welovecinema.be\/fr\/ennemi-public-saison-2-le-compte-a-rebours-a-commence\/#article\",\"isPartOf\":{\"@id\":\"https:\/\/welovecinema.be\/fr\/ennemi-public-saison-2-le-compte-a-rebours-a-commence\/\"},\"author\":{\"name\":\"Aurore Engelen\",\"@id\":\"https:\/\/welovecinema.be\/nl\/#\/schema\/person\/8084b68c6b176142d073695c654dc7cf\"},\"headline\":\"\u00ab\u00a0Ennemi Public\u00a0\u00bb saison 2: le compte \u00e0 rebours a commenc\u00e9&#8230;\",\"datePublished\":\"2018-12-11T10:34:39+00:00\",\"dateModified\":\"2018-12-13T12:33:22+00:00\",\"mainEntityOfPage\":{\"@id\":\"https:\/\/welovecinema.be\/fr\/ennemi-public-saison-2-le-compte-a-rebours-a-commence\/\"},\"wordCount\":699,\"publisher\":{\"@id\":\"https:\/\/welovecinema.be\/nl\/#organization\"},\"keywords\":[\"Ennemi Public\"],\"articleSection\":[\"Coming soon\"],\"inLanguage\":\"fr-FR\"},{\"@type\":\"WebPage\",\"@id\":\"https:\/\/welovecinema.be\/fr\/ennemi-public-saison-2-le-compte-a-rebours-a-commence\/\",\"url\":\"https:\/\/welovecinema.be\/fr\/ennemi-public-saison-2-le-compte-a-rebours-a-commence\/\",\"name\":\"\\\"Ennemi Public\\\" saison 2: le compte \u00e0 rebours a commenc\u00e9... - We Love Cinema\",\"isPartOf\":{\"@id\":\"https:\/\/welovecinema.be\/nl\/#website\"},\"datePublished\":\"2018-12-11T10:34:39+00:00\",\"dateModified\":\"2018-12-13T12:33:22+00:00\",\"breadcrumb\":{\"@id\":\"https:\/\/welovecinema.be\/fr\/ennemi-public-saison-2-le-compte-a-rebours-a-commence\/#breadcrumb\"},\"inLanguage\":\"fr-FR\",\"potentialAction\":[{\"@type\":\"ReadAction\",\"target\":[\"https:\/\/welovecinema.be\/fr\/ennemi-public-saison-2-le-compte-a-rebours-a-commence\/\"]}]},{\"@type\":\"BreadcrumbList\",\"@id\":\"https:\/\/welovecinema.be\/fr\/ennemi-public-saison-2-le-compte-a-rebours-a-commence\/#breadcrumb\",\"itemListElement\":[{\"@type\":\"ListItem\",\"position\":1,\"name\":\"Accueil\",\"item\":\"https:\/\/welovecinema.be\/fr\/\"},{\"@type\":\"ListItem\",\"position\":2,\"name\":\"\u00ab\u00a0Ennemi Public\u00a0\u00bb saison 2: le compte \u00e0 rebours a commenc\u00e9&#8230;\"}]},{\"@type\":\"WebSite\",\"@id\":\"https:\/\/welovecinema.be\/nl\/#website\",\"url\":\"https:\/\/welovecinema.be\/nl\/\",\"name\":\"We Love Cinema\",\"description\":\"Toute l\u2019information du cin\u00e9ma en Belgique\",\"publisher\":{\"@id\":\"https:\/\/welovecinema.be\/nl\/#organization\"},\"potentialAction\":[{\"@type\":\"SearchAction\",\"target\":{\"@type\":\"EntryPoint\",\"urlTemplate\":\"https:\/\/welovecinema.be\/nl\/?s={search_term_string}\"},\"query-input\":\"required name=search_term_string\"}],\"inLanguage\":\"fr-FR\"},{\"@type\":\"Organization\",\"@id\":\"https:\/\/welovecinema.be\/nl\/#organization\",\"name\":\"We Love Cinema\",\"url\":\"https:\/\/welovecinema.be\/nl\/\",\"logo\":{\"@type\":\"ImageObject\",\"inLanguage\":\"fr-FR\",\"@id\":\"https:\/\/welovecinema.be\/nl\/#\/schema\/logo\/image\/\",\"url\":\"https:\/\/welovecinema.be\/wp-content\/uploads\/sites\/2\/2023\/03\/Logo-We-Love-Cinema305x128.jpg\",\"contentUrl\":\"https:\/\/welovecinema.be\/wp-content\/uploads\/sites\/2\/2023\/03\/Logo-We-Love-Cinema305x128.jpg\",\"width\":305,\"height\":128,\"caption\":\"We Love Cinema\"},\"image\":{\"@id\":\"https:\/\/welovecinema.be\/nl\/#\/schema\/logo\/image\/\"},\"sameAs\":[\"https:\/\/www.facebook.com\/welovecinema.be\",\"https:\/\/www.youtube.com\/channel\/UCX5LYGVhnKvYauW4Nta4HJA\",\"https:\/\/www.instagram.com\/welovecinema.be\/\"]},{\"@type\":\"Person\",\"@id\":\"https:\/\/welovecinema.be\/nl\/#\/schema\/person\/8084b68c6b176142d073695c654dc7cf\",\"name\":\"Aurore Engelen\",\"url\":\"https:\/\/welovecinema.be\/fr\/author\/aurore-engelen\/\"}]}<\/script>\n<!-- \/ Yoast SEO plugin. -->","yoast_head_json":{"title":"\"Ennemi Public\" saison 2: le compte \u00e0 rebours a commenc\u00e9... - We Love Cinema","robots":{"index":"index","follow":"follow","max-snippet":"max-snippet:-1","max-image-preview":"max-image-preview:large","max-video-preview":"max-video-preview:-1"},"canonical":"https:\/\/welovecinema.be\/fr\/ennemi-public-saison-2-le-compte-a-rebours-a-commence\/","og_locale":"fr_FR","og_type":"article","og_title":"\"Ennemi Public\" saison 2: le compte \u00e0 rebours a commenc\u00e9... - We Love Cinema","og_description":"Hier soir avait lieu \u00e0 Bozar \u00e0 l&rsquo;occasion de l&rsquo;ouverture du Festival Are You Series? la projection en avant-premi\u00e8re des deux premiers \u00e9pisodes de la saison 2 d&rsquo;Ennemi Public. On vous en dit un peu plus sur cette deuxi\u00e8me saison tant attendue&#8230; Alors que La Tr\u00eave venait tout juste de d\u00e9voiler le grand final de &hellip;","og_url":"https:\/\/welovecinema.be\/fr\/ennemi-public-saison-2-le-compte-a-rebours-a-commence\/","og_site_name":"We Love Cinema","article_publisher":"https:\/\/www.facebook.com\/welovecinema.be","article_published_time":"2018-12-11T10:34:39+00:00","article_modified_time":"2018-12-13T12:33:22+00:00","og_image":[{"width":800,"height":401,"url":"https:\/\/welovecinema.be\/wp-content\/uploads\/sites\/2\/2018\/12\/AP-Ennemi-Public-Saison-2-800x401.jpg","type":"image\/jpeg"}],"author":"Aurore Engelen","twitter_card":"summary_large_image","twitter_misc":{"\u00c9crit par":"Aurore Engelen","Dur\u00e9e de lecture estim\u00e9e":"3 minutes"},"schema":{"@context":"https:\/\/schema.org","@graph":[{"@type":"Article","@id":"https:\/\/welovecinema.be\/fr\/ennemi-public-saison-2-le-compte-a-rebours-a-commence\/#article","isPartOf":{"@id":"https:\/\/welovecinema.be\/fr\/ennemi-public-saison-2-le-compte-a-rebours-a-commence\/"},"author":{"name":"Aurore Engelen","@id":"https:\/\/welovecinema.be\/nl\/#\/schema\/person\/8084b68c6b176142d073695c654dc7cf"},"headline":"\u00ab\u00a0Ennemi Public\u00a0\u00bb saison 2: le compte \u00e0 rebours a commenc\u00e9&#8230;","datePublished":"2018-12-11T10:34:39+00:00","dateModified":"2018-12-13T12:33:22+00:00","mainEntityOfPage":{"@id":"https:\/\/welovecinema.be\/fr\/ennemi-public-saison-2-le-compte-a-rebours-a-commence\/"},"wordCount":699,"publisher":{"@id":"https:\/\/welovecinema.be\/nl\/#organization"},"keywords":["Ennemi Public"],"articleSection":["Coming soon"],"inLanguage":"fr-FR"},{"@type":"WebPage","@id":"https:\/\/welovecinema.be\/fr\/ennemi-public-saison-2-le-compte-a-rebours-a-commence\/","url":"https:\/\/welovecinema.be\/fr\/ennemi-public-saison-2-le-compte-a-rebours-a-commence\/","name":"\"Ennemi Public\" saison 2: le compte \u00e0 rebours a commenc\u00e9... - We Love Cinema","isPartOf":{"@id":"https:\/\/welovecinema.be\/nl\/#website"},"datePublished":"2018-12-11T10:34:39+00:00","dateModified":"2018-12-13T12:33:22+00:00","breadcrumb":{"@id":"https:\/\/welovecinema.be\/fr\/ennemi-public-saison-2-le-compte-a-rebours-a-commence\/#breadcrumb"},"inLanguage":"fr-FR","potentialAction":[{"@type":"ReadAction","target":["https:\/\/welovecinema.be\/fr\/ennemi-public-saison-2-le-compte-a-rebours-a-commence\/"]}]},{"@type":"BreadcrumbList","@id":"https:\/\/welovecinema.be\/fr\/ennemi-public-saison-2-le-compte-a-rebours-a-commence\/#breadcrumb","itemListElement":[{"@type":"ListItem","position":1,"name":"Accueil","item":"https:\/\/welovecinema.be\/fr\/"},{"@type":"ListItem","position":2,"name":"\u00ab\u00a0Ennemi Public\u00a0\u00bb saison 2: le compte \u00e0 rebours a commenc\u00e9&#8230;"}]},{"@type":"WebSite","@id":"https:\/\/welovecinema.be\/nl\/#website","url":"https:\/\/welovecinema.be\/nl\/","name":"We Love Cinema","description":"Toute l\u2019information du cin\u00e9ma en Belgique","publisher":{"@id":"https:\/\/welovecinema.be\/nl\/#organization"},"potentialAction":[{"@type":"SearchAction","target":{"@type":"EntryPoint","urlTemplate":"https:\/\/welovecinema.be\/nl\/?s={search_term_string}"},"query-input":"required name=search_term_string"}],"inLanguage":"fr-FR"},{"@type":"Organization","@id":"https:\/\/welovecinema.be\/nl\/#organization","name":"We Love Cinema","url":"https:\/\/welovecinema.be\/nl\/","logo":{"@type":"ImageObject","inLanguage":"fr-FR","@id":"https:\/\/welovecinema.be\/nl\/#\/schema\/logo\/image\/","url":"https:\/\/welovecinema.be\/wp-content\/uploads\/sites\/2\/2023\/03\/Logo-We-Love-Cinema305x128.jpg","contentUrl":"https:\/\/welovecinema.be\/wp-content\/uploads\/sites\/2\/2023\/03\/Logo-We-Love-Cinema305x128.jpg","width":305,"height":128,"caption":"We Love Cinema"},"image":{"@id":"https:\/\/welovecinema.be\/nl\/#\/schema\/logo\/image\/"},"sameAs":["https:\/\/www.facebook.com\/welovecinema.be","https:\/\/www.youtube.com\/channel\/UCX5LYGVhnKvYauW4Nta4HJA","https:\/\/www.instagram.com\/welovecinema.be\/"]},{"@type":"Person","@id":"https:\/\/welovecinema.be\/nl\/#\/schema\/person\/8084b68c6b176142d073695c654dc7cf","name":"Aurore Engelen","url":"https:\/\/welovecinema.be\/fr\/author\/aurore-engelen\/"}]}},"_links":{"self":[{"href":"https:\/\/welovecinema.be\/fr\/wp-json\/wp\/v2\/posts\/215534","targetHints":{"allow":["GET"]}}],"collection":[{"href":"https:\/\/welovecinema.be\/fr\/wp-json\/wp\/v2\/posts"}],"about":[{"href":"https:\/\/welovecinema.be\/fr\/wp-json\/wp\/v2\/types\/post"}],"author":[{"embeddable":true,"href":"https:\/\/welovecinema.be\/fr\/wp-json\/wp\/v2\/users\/343"}],"replies":[{"embeddable":true,"href":"https:\/\/welovecinema.be\/fr\/wp-json\/wp\/v2\/comments?post=215534"}],"version-history":[{"count":0,"href":"https:\/\/welovecinema.be\/fr\/wp-json\/wp\/v2\/posts\/215534\/revisions"}],"wp:featuredmedia":[{"embeddable":true,"href":"https:\/\/welovecinema.be\/fr\/wp-json\/wp\/v2\/media\/215535"}],"wp:attachment":[{"href":"https:\/\/welovecinema.be\/fr\/wp-json\/wp\/v2\/media?parent=215534"}],"wp:term":[{"taxonomy":"category","embeddable":true,"href":"https:\/\/welovecinema.be\/fr\/wp-json\/wp\/v2\/categories?post=215534"},{"taxonomy":"post_tag","embeddable":true,"href":"https:\/\/welovecinema.be\/fr\/wp-json\/wp\/v2\/tags?post=215534"}],"curies":[{"name":"wp","href":"https:\/\/api.w.org\/{rel}","templated":true}]}}