{"id":215509,"date":"2018-12-11T08:40:06","date_gmt":"2018-12-11T07:40:06","guid":{"rendered":"https:\/\/www.cinevox.be\/?p=215509"},"modified":"2018-12-11T11:34:59","modified_gmt":"2018-12-11T10:34:59","slug":"5-projets-dans-le-pipeline-du-fonds-serie","status":"publish","type":"post","link":"https:\/\/welovecinema.be\/fr\/5-projets-dans-le-pipeline-du-fonds-serie\/","title":{"rendered":"5 projets dans le pipeline du Fonds S\u00e9rie"},"content":{"rendered":"\n<p><strong>Alors que l&rsquo;on d\u00e9couvrait hier soir en ouverture du Festival Are You Series? les deux premiers \u00e9pisodes de la saison 2 d&rsquo;<em>Ennemi Public<\/em>, que l&rsquo;on annonce le tournage de la 2e saison d&rsquo;<em>Unit\u00e9 42<\/em> cet hiver, et que le public fid\u00e8le et passionn\u00e9 de <em>La Tr\u00eave 2<\/em> vient de d\u00e9couvrir l&rsquo;identit\u00e9 du meurtrier (pas de spoiler, promis), le Fonds S\u00e9ries annonce son soutien \u00e0 5 s\u00e9ries.<\/strong><\/p>\n\n\n\n<p><strong>Ca promet quelques heures de binge watching!<\/strong><\/p>\n\n\n\n<p>Pour rappel, 17 projets de s\u00e9ries sont en cours : 2 en phase 1 et 15 en phase 2. Parmi celles-ci, 2 entameront prochainement le tournage d\u2019un pilote:&nbsp;<em>Pandore<\/em><strong><em>&nbsp;<\/em><\/strong>de Vania Leturcq, Savina Dellicour et Anne Coesens (Art\u00e9mis Productions) en d\u00e9cembre et&nbsp;<em>La&nbsp;Patrouille<\/em>&nbsp;de Vincent Lavachery et Axel Du Bus (Panache Production) en f\u00e9vrier.<br><\/p>\n\n\n\n<h4 class=\"wp-block-heading\">En premi\u00e8re phase de d\u00e9veloppement<\/h4>\n\n\n\n<figure class=\"wp-block-image is-resized\"><img loading=\"lazy\" decoding=\"async\" src=\"https:\/\/www.cinevox.be\/wp-content\/uploads\/sites\/2\/2018\/12\/Capture-d\u2019e\u0301cran-2018-12-11-a\u0300-08.29.47.png\" alt=\"\" class=\"wp-image-215511\" width=\"237\" height=\"185\" srcset=\"https:\/\/welovecinema.be\/wp-content\/uploads\/sites\/2\/2018\/12\/Capture-d\u2019e\u0301cran-2018-12-11-a\u0300-08.29.47.png 462w, https:\/\/welovecinema.be\/wp-content\/uploads\/sites\/2\/2018\/12\/Capture-d\u2019e\u0301cran-2018-12-11-a\u0300-08.29.47-347x270.png 347w\" sizes=\"auto, (max-width: 237px) 100vw, 237px\" \/><\/figure>\n\n\n\n<p>&nbsp;<strong><em>Les affreux&nbsp;<\/em>d\u2019Alon Knoll et Gregory Zalcman \u2013 Take Five \u2013 8 x 52\u2019<\/strong><\/p>\n\n\n\n<p>ll fut un temps o\u00f9 ils \u00e9taient les Affreux et le Congo \u00e9tait leur terrain de jeu. Ils \u00e9taient des petits soldats de plomb sur un grand \u00e9chiquier o\u00f9 la morale n\u2019avait pas de place. Ils ont jou\u00e9 le jeu \u00e0 fond et sans trop de scrupules. Ils en sont revenus t\u00e2ch\u00e9s, de ces t\u00e2ches qui ne s\u2019effacent jamais. Aujourd\u2019hui, ils ont oubli\u00e9. Ils sont des Papys, ils ne se sont jamais revus et c\u2019est tr\u00e8s bien. Mais le pass\u00e9 n\u2019oublie jamais et quelqu\u2019un va se charger de le leur rappeler\u2026 Mais on ne pousse pas un Affreux, m\u00eame vieux, dans les orties impun\u00e9ment.<\/p>\n\n\n\n<p><em>Les producteurs de Take Five (<\/em>Derni\u00e8re porte au Sud, Le Sc\u00e9nariste, Emma Peeters<em>) se lancent dans l&rsquo;\u00e9criture de s\u00e9rie avec un pitch bien acide et la promesse de Papys flingueurs&#8230;<\/em><\/p>\n\n\n\n<figure class=\"wp-block-image is-resized\"><img loading=\"lazy\" decoding=\"async\" src=\"https:\/\/www.cinevox.be\/wp-content\/uploads\/sites\/2\/2018\/12\/Capture-d\u2019e\u0301cran-2018-12-11-a\u0300-08.29.56.png\" alt=\"\" class=\"wp-image-215514\" width=\"267\" height=\"190\" srcset=\"https:\/\/welovecinema.be\/wp-content\/uploads\/sites\/2\/2018\/12\/Capture-d\u2019e\u0301cran-2018-12-11-a\u0300-08.29.56.png 458w, https:\/\/welovecinema.be\/wp-content\/uploads\/sites\/2\/2018\/12\/Capture-d\u2019e\u0301cran-2018-12-11-a\u0300-08.29.56-379x270.png 379w, https:\/\/welovecinema.be\/wp-content\/uploads\/sites\/2\/2018\/12\/Capture-d\u2019e\u0301cran-2018-12-11-a\u0300-08.29.56-100x72.png 100w\" sizes=\"auto, (max-width: 267px) 100vw, 267px\" \/><\/figure>\n\n\n\n<ul class=\"wp-block-list\"><li><strong><em>Ghost Society&nbsp;<\/em>d\u2019Adrien Coster et Fred Castadot \u2013 Wrong Men \u2013 10 x 52\u2019<\/strong><\/li><\/ul>\n\n\n\n<p>Quand les bleusailles d\u00e9butent \u00e0 Louvain-la-Neuve, la peur s\u2019abat sur le campus : le cadavre d\u2019une jeune \u00e9tudiante est d\u00e9couvert dans d\u2019\u00e9tranges circonstances. Tout semble corroborer la th\u00e8se d\u2019un suicide, mais pour la Ghost Society, un cercle scientifique compos\u00e9 de trois \u00e9tudiants isol\u00e9s, des d\u00e9tails de l\u2019\u00e9v\u00e9nement \u00e9chappent \u00e0 toute explication rationnelle. La Ghost Society ne tarde pas \u00e0 d\u00e9couvrir que le drame entourant cette mort n\u2019est qu\u2019une partie d\u2019un plus grand myst\u00e8re\u2026 Alors que d\u2019autres \u00e9tudiants viennent \u00e0 mourir, le campus plonge dans la psychose. Voil\u00e0 qui pourrait compromettre un projet d\u2019investissement capital pour les autorit\u00e9s publiques de la ville.<\/p>\n\n\n\n<p><em>Plong\u00e9e au coeur de l&rsquo;agitation \u00e9tudiante de Louvain-La-Neuve? Un sujet en or pour une s\u00e9rie, co-\u00e9crite par Adrien Coster, et Fred Castadot, co-auteur d&rsquo;<\/em>Ennemi Public<em>.&nbsp;<\/em><\/p>\n\n\n\n<h4 class=\"wp-block-heading\">Poursuite du d\u00e9veloppement et r\u00e9alisation d&rsquo;un teaser<\/h4>\n\n\n\n<figure class=\"wp-block-image is-resized\"><img loading=\"lazy\" decoding=\"async\" src=\"https:\/\/www.cinevox.be\/wp-content\/uploads\/sites\/2\/2018\/12\/Capture-d\u2019e\u0301cran-2018-12-11-a\u0300-08.30.18.png\" alt=\"\" class=\"wp-image-215519\" width=\"204\" height=\"168\" srcset=\"https:\/\/welovecinema.be\/wp-content\/uploads\/sites\/2\/2018\/12\/Capture-d\u2019e\u0301cran-2018-12-11-a\u0300-08.30.18.png 454w, https:\/\/welovecinema.be\/wp-content\/uploads\/sites\/2\/2018\/12\/Capture-d\u2019e\u0301cran-2018-12-11-a\u0300-08.30.18-328x270.png 328w\" sizes=\"auto, (max-width: 204px) 100vw, 204px\" \/><\/figure>\n\n\n\n<ul class=\"wp-block-list\"><li><strong><em>Off&nbsp;<\/em>de Romain Renard, Olivier Tollet et Chlo\u00e9 von Arx \u2013 H\u00e9licotronc \u2013 8 x 52\u2019<\/strong><\/li><li><\/li><\/ul>\n\n\n\n<p>Suite \u00e0 une s\u00e9rie d\u2019\u00e9ruptions solaires d\u2019une intensit\u00e9 sans pr\u00e9c\u00e9dent, l\u2019ensemble du r\u00e9seau \u00e9lectrique mondial est r\u00e9duit \u00e0 n\u00e9ant. Dans une Belgique revenue trois si\u00e8cles en arri\u00e8re, un groupe d\u2019hommes et de femmes vont tenter l\u2019aventure d\u2019une nouvelle humanit\u00e9.<\/p>\n\n\n\n<p><em>S\u00e9rie fantastique pour les producteurs de La Tr\u00eave, l&rsquo;auteur de BD Romain Renard, le r\u00e9alisateur Olivier Tollet (<\/em>Barbara Broadcast, E finita la comedia<em>) et la com\u00e9dien Chlo\u00e9 von Arx.<\/em><\/p>\n\n\n\n<figure class=\"wp-block-image is-resized\"><img loading=\"lazy\" decoding=\"async\" src=\"https:\/\/www.cinevox.be\/wp-content\/uploads\/sites\/2\/2018\/12\/Capture-d\u2019e\u0301cran-2018-12-11-a\u0300-08.30.13.png\" alt=\"\" class=\"wp-image-215521\" width=\"237\" height=\"203\" srcset=\"https:\/\/welovecinema.be\/wp-content\/uploads\/sites\/2\/2018\/12\/Capture-d\u2019e\u0301cran-2018-12-11-a\u0300-08.30.13.png 448w, https:\/\/welovecinema.be\/wp-content\/uploads\/sites\/2\/2018\/12\/Capture-d\u2019e\u0301cran-2018-12-11-a\u0300-08.30.13-315x270.png 315w\" sizes=\"auto, (max-width: 237px) 100vw, 237px\" \/><\/figure>\n\n\n\n<ul class=\"wp-block-list\"><li><strong><em>Mammouth&nbsp;<\/em>de Brieuc de Goussencourt et Ben Dessy \u2013 Beluga Tree \u2013 10 x 52\u2019<\/strong><\/li><li><\/li><\/ul>\n\n\n\n<p>Claire Dumont, une v\u00e9t\u00e9rinaire de 49 ans, d\u00e9couvre \u00e0 la mort de son ex-mari que ce dernier enqu\u00eatait secr\u00e8tement sur la piste des v\u00e9ritables ravisseurs de leur enfant disparu 10 ans auparavant. Gr\u00e2ce \u00e0 la complicit\u00e9 d\u2019Antonio D\u2019Ambrioso, l\u2019homme accus\u00e9 \u00e0 tort du meurtre de son fils, Claire va d\u00e9m\u00ealer un sc\u00e9nario improbable o\u00f9 la culpabilit\u00e9 des plus insoup\u00e7onnables sera mise \u00e0 jour.<\/p>\n\n\n\n<p><em>On retrouve Brieux de Goussencourt, cr\u00e9ateur de la webs\u00e9rie <\/em>Euh&#8230;<em> dans un registre policier, aux c\u00f4t\u00e9s de l&rsquo;auteur de BD Ben Dessy, le tout produit par Beluga Tree et Diana Elbaum.<\/em><\/p>\n\n\n\n<figure class=\"wp-block-image is-resized\"><img loading=\"lazy\" decoding=\"async\" src=\"https:\/\/www.cinevox.be\/wp-content\/uploads\/sites\/2\/2018\/12\/Capture-d\u2019e\u0301cran-2018-12-11-a\u0300-08.30.25.png\" alt=\"\" class=\"wp-image-215523\" width=\"224\" height=\"174\" srcset=\"https:\/\/welovecinema.be\/wp-content\/uploads\/sites\/2\/2018\/12\/Capture-d\u2019e\u0301cran-2018-12-11-a\u0300-08.30.25.png 458w, https:\/\/welovecinema.be\/wp-content\/uploads\/sites\/2\/2018\/12\/Capture-d\u2019e\u0301cran-2018-12-11-a\u0300-08.30.25-347x270.png 347w\" sizes=\"auto, (max-width: 224px) 100vw, 224px\" \/><\/figure>\n\n\n\n<ul class=\"wp-block-list\"><li><strong><em>Attraction&nbsp;<\/em>de Sophia Peri\u00e9, Barbara Abel et Gilles de Voghel \u2013 Les Gens \u2013 6 x 52\u2019<\/strong><\/li><li><\/li><\/ul>\n\n\n\n<p>Agathe aime \u00e0 se d\u00e9crire comme une m\u00e8re de famille \u00ab comme les autres \u00bb. Dans un pavillon de charme, avec un mari talentueux et des enfants en bonne sant\u00e9, tout para\u00eet \u00e0 sa place. Pourtant au bout de 15 ans d\u2019union, le vernis de cette jolie carte postale commence \u00e0 se craqueler\u2026 Le jour o\u00f9 un meurtre est commis dans l\u2019h\u00f4tel o\u00f9 son mari logeait pour le travail, une suspicion insupportable s\u2019installe&#8230; L\u2019homme avec lequel elle partage sa vie est-il un meurtrier ? N\u2019est-elle pas, depuis des ann\u00e9es, prisonni\u00e8re d\u2019une relation abusive et toxique ? Que sait-elle vraiment de Fred ? Avec l\u2019\u00e9mergence du doute, Agathe plonge dans l\u2019obsession, et la cellule familiale devient l\u2019ar\u00e8ne d\u2019une enqu\u00eate criminelle sous haute tension. \u00c0 l\u2019image des peurs fondatrices de notre enfance, le monstre n\u2019est plus dans le placard, il est dans le lit.<\/p>\n\n\n\n<p><em>On retrouve dans le pool cr\u00e9atif de ce thriller la romanci\u00e8re belge Barbara Abel (adapt\u00e9e notamment par Olivier Masset-Depasse avec <\/em>Duelles<em>, qui sortira au printemps), et son art des faux-semblants. A ses c\u00f4t\u00e9s, Gilles de Voghel, co-cr\u00e9ateur d&rsquo;<\/em>Ennemi Public<em>, et la sc\u00e9nariste Sofia Peri\u00e9 (<\/em>Esprits de famille, Contact, Nina<em>).<\/em><\/p>\n\n\n\n<p><\/p>\n","protected":false},"excerpt":{"rendered":"<p>Alors que l&rsquo;on d\u00e9couvrait hier soir en ouverture du Festival Are You Series? les deux premiers \u00e9pisodes de la saison 2 d&rsquo;Ennemi Public, que l&rsquo;on annonce le tournage de la 2e saison d&rsquo;Unit\u00e9 42 cet hiver, et que le public fid\u00e8le et passionn\u00e9 de La Tr\u00eave 2 vient de d\u00e9couvrir l&rsquo;identit\u00e9 du meurtrier (pas de &hellip;<\/p>\n","protected":false},"author":343,"featured_media":215526,"comment_status":"closed","ping_status":"closed","sticky":false,"template":"","format":"standard","meta":{"ngg_post_thumbnail":0,"footnotes":""},"categories":[53],"tags":[],"class_list":["post-215509","post","type-post","status-publish","format-standard","has-post-thumbnail","","category-coming-soon"],"yoast_head":"<!-- This site is optimized with the Yoast SEO plugin v20.4 - https:\/\/yoast.com\/wordpress\/plugins\/seo\/ -->\n<title>5 projets dans le pipeline du Fonds S\u00e9rie - We Love Cinema<\/title>\n<meta name=\"robots\" content=\"index, follow, max-snippet:-1, max-image-preview:large, max-video-preview:-1\" \/>\n<link rel=\"canonical\" href=\"https:\/\/welovecinema.be\/fr\/5-projets-dans-le-pipeline-du-fonds-serie\/\" \/>\n<meta property=\"og:locale\" content=\"fr_FR\" \/>\n<meta property=\"og:type\" content=\"article\" \/>\n<meta property=\"og:title\" content=\"5 projets dans le pipeline du Fonds S\u00e9rie - We Love Cinema\" \/>\n<meta property=\"og:description\" content=\"Alors que l&rsquo;on d\u00e9couvrait hier soir en ouverture du Festival Are You Series? les deux premiers \u00e9pisodes de la saison 2 d&rsquo;Ennemi Public, que l&rsquo;on annonce le tournage de la 2e saison d&rsquo;Unit\u00e9 42 cet hiver, et que le public fid\u00e8le et passionn\u00e9 de La Tr\u00eave 2 vient de d\u00e9couvrir l&rsquo;identit\u00e9 du meurtrier (pas de &hellip;\" \/>\n<meta property=\"og:url\" content=\"https:\/\/welovecinema.be\/fr\/5-projets-dans-le-pipeline-du-fonds-serie\/\" \/>\n<meta property=\"og:site_name\" content=\"We Love Cinema\" \/>\n<meta property=\"article:publisher\" content=\"https:\/\/www.facebook.com\/welovecinema.be\" \/>\n<meta property=\"article:published_time\" content=\"2018-12-11T07:40:06+00:00\" \/>\n<meta property=\"article:modified_time\" content=\"2018-12-11T10:34:59+00:00\" \/>\n<meta property=\"og:image\" content=\"https:\/\/welovecinema.be\/wp-content\/uploads\/sites\/2\/2018\/12\/FondsSerie.jpg\" \/>\n\t<meta property=\"og:image:width\" content=\"1200\" \/>\n\t<meta property=\"og:image:height\" content=\"600\" \/>\n\t<meta property=\"og:image:type\" content=\"image\/jpeg\" \/>\n<meta name=\"author\" content=\"Aurore Engelen\" \/>\n<meta name=\"twitter:card\" content=\"summary_large_image\" \/>\n<meta name=\"twitter:label1\" content=\"\u00c9crit par\" \/>\n\t<meta name=\"twitter:data1\" content=\"Aurore Engelen\" \/>\n\t<meta name=\"twitter:label2\" content=\"Dur\u00e9e de lecture estim\u00e9e\" \/>\n\t<meta name=\"twitter:data2\" content=\"5 minutes\" \/>\n<script type=\"application\/ld+json\" class=\"yoast-schema-graph\">{\"@context\":\"https:\/\/schema.org\",\"@graph\":[{\"@type\":\"Article\",\"@id\":\"https:\/\/welovecinema.be\/fr\/5-projets-dans-le-pipeline-du-fonds-serie\/#article\",\"isPartOf\":{\"@id\":\"https:\/\/welovecinema.be\/fr\/5-projets-dans-le-pipeline-du-fonds-serie\/\"},\"author\":{\"name\":\"Aurore Engelen\",\"@id\":\"https:\/\/welovecinema.be\/nl\/#\/schema\/person\/8084b68c6b176142d073695c654dc7cf\"},\"headline\":\"5 projets dans le pipeline du Fonds S\u00e9rie\",\"datePublished\":\"2018-12-11T07:40:06+00:00\",\"dateModified\":\"2018-12-11T10:34:59+00:00\",\"mainEntityOfPage\":{\"@id\":\"https:\/\/welovecinema.be\/fr\/5-projets-dans-le-pipeline-du-fonds-serie\/\"},\"wordCount\":923,\"publisher\":{\"@id\":\"https:\/\/welovecinema.be\/nl\/#organization\"},\"articleSection\":[\"Coming soon\"],\"inLanguage\":\"fr-FR\"},{\"@type\":\"WebPage\",\"@id\":\"https:\/\/welovecinema.be\/fr\/5-projets-dans-le-pipeline-du-fonds-serie\/\",\"url\":\"https:\/\/welovecinema.be\/fr\/5-projets-dans-le-pipeline-du-fonds-serie\/\",\"name\":\"5 projets dans le pipeline du Fonds S\u00e9rie - We Love Cinema\",\"isPartOf\":{\"@id\":\"https:\/\/welovecinema.be\/nl\/#website\"},\"datePublished\":\"2018-12-11T07:40:06+00:00\",\"dateModified\":\"2018-12-11T10:34:59+00:00\",\"breadcrumb\":{\"@id\":\"https:\/\/welovecinema.be\/fr\/5-projets-dans-le-pipeline-du-fonds-serie\/#breadcrumb\"},\"inLanguage\":\"fr-FR\",\"potentialAction\":[{\"@type\":\"ReadAction\",\"target\":[\"https:\/\/welovecinema.be\/fr\/5-projets-dans-le-pipeline-du-fonds-serie\/\"]}]},{\"@type\":\"BreadcrumbList\",\"@id\":\"https:\/\/welovecinema.be\/fr\/5-projets-dans-le-pipeline-du-fonds-serie\/#breadcrumb\",\"itemListElement\":[{\"@type\":\"ListItem\",\"position\":1,\"name\":\"Accueil\",\"item\":\"https:\/\/welovecinema.be\/fr\/\"},{\"@type\":\"ListItem\",\"position\":2,\"name\":\"5 projets dans le pipeline du Fonds S\u00e9rie\"}]},{\"@type\":\"WebSite\",\"@id\":\"https:\/\/welovecinema.be\/nl\/#website\",\"url\":\"https:\/\/welovecinema.be\/nl\/\",\"name\":\"We Love Cinema\",\"description\":\"Toute l\u2019information du cin\u00e9ma en Belgique\",\"publisher\":{\"@id\":\"https:\/\/welovecinema.be\/nl\/#organization\"},\"potentialAction\":[{\"@type\":\"SearchAction\",\"target\":{\"@type\":\"EntryPoint\",\"urlTemplate\":\"https:\/\/welovecinema.be\/nl\/?s={search_term_string}\"},\"query-input\":\"required name=search_term_string\"}],\"inLanguage\":\"fr-FR\"},{\"@type\":\"Organization\",\"@id\":\"https:\/\/welovecinema.be\/nl\/#organization\",\"name\":\"We Love Cinema\",\"url\":\"https:\/\/welovecinema.be\/nl\/\",\"logo\":{\"@type\":\"ImageObject\",\"inLanguage\":\"fr-FR\",\"@id\":\"https:\/\/welovecinema.be\/nl\/#\/schema\/logo\/image\/\",\"url\":\"https:\/\/welovecinema.be\/wp-content\/uploads\/sites\/2\/2023\/03\/Logo-We-Love-Cinema305x128.jpg\",\"contentUrl\":\"https:\/\/welovecinema.be\/wp-content\/uploads\/sites\/2\/2023\/03\/Logo-We-Love-Cinema305x128.jpg\",\"width\":305,\"height\":128,\"caption\":\"We Love Cinema\"},\"image\":{\"@id\":\"https:\/\/welovecinema.be\/nl\/#\/schema\/logo\/image\/\"},\"sameAs\":[\"https:\/\/www.facebook.com\/welovecinema.be\",\"https:\/\/www.youtube.com\/channel\/UCX5LYGVhnKvYauW4Nta4HJA\",\"https:\/\/www.instagram.com\/welovecinema.be\/\"]},{\"@type\":\"Person\",\"@id\":\"https:\/\/welovecinema.be\/nl\/#\/schema\/person\/8084b68c6b176142d073695c654dc7cf\",\"name\":\"Aurore Engelen\",\"url\":\"https:\/\/welovecinema.be\/fr\/author\/aurore-engelen\/\"}]}<\/script>\n<!-- \/ Yoast SEO plugin. -->","yoast_head_json":{"title":"5 projets dans le pipeline du Fonds S\u00e9rie - We Love Cinema","robots":{"index":"index","follow":"follow","max-snippet":"max-snippet:-1","max-image-preview":"max-image-preview:large","max-video-preview":"max-video-preview:-1"},"canonical":"https:\/\/welovecinema.be\/fr\/5-projets-dans-le-pipeline-du-fonds-serie\/","og_locale":"fr_FR","og_type":"article","og_title":"5 projets dans le pipeline du Fonds S\u00e9rie - We Love Cinema","og_description":"Alors que l&rsquo;on d\u00e9couvrait hier soir en ouverture du Festival Are You Series? les deux premiers \u00e9pisodes de la saison 2 d&rsquo;Ennemi Public, que l&rsquo;on annonce le tournage de la 2e saison d&rsquo;Unit\u00e9 42 cet hiver, et que le public fid\u00e8le et passionn\u00e9 de La Tr\u00eave 2 vient de d\u00e9couvrir l&rsquo;identit\u00e9 du meurtrier (pas de &hellip;","og_url":"https:\/\/welovecinema.be\/fr\/5-projets-dans-le-pipeline-du-fonds-serie\/","og_site_name":"We Love Cinema","article_publisher":"https:\/\/www.facebook.com\/welovecinema.be","article_published_time":"2018-12-11T07:40:06+00:00","article_modified_time":"2018-12-11T10:34:59+00:00","og_image":[{"width":1200,"height":600,"url":"https:\/\/welovecinema.be\/wp-content\/uploads\/sites\/2\/2018\/12\/FondsSerie.jpg","type":"image\/jpeg"}],"author":"Aurore Engelen","twitter_card":"summary_large_image","twitter_misc":{"\u00c9crit par":"Aurore Engelen","Dur\u00e9e de lecture estim\u00e9e":"5 minutes"},"schema":{"@context":"https:\/\/schema.org","@graph":[{"@type":"Article","@id":"https:\/\/welovecinema.be\/fr\/5-projets-dans-le-pipeline-du-fonds-serie\/#article","isPartOf":{"@id":"https:\/\/welovecinema.be\/fr\/5-projets-dans-le-pipeline-du-fonds-serie\/"},"author":{"name":"Aurore Engelen","@id":"https:\/\/welovecinema.be\/nl\/#\/schema\/person\/8084b68c6b176142d073695c654dc7cf"},"headline":"5 projets dans le pipeline du Fonds S\u00e9rie","datePublished":"2018-12-11T07:40:06+00:00","dateModified":"2018-12-11T10:34:59+00:00","mainEntityOfPage":{"@id":"https:\/\/welovecinema.be\/fr\/5-projets-dans-le-pipeline-du-fonds-serie\/"},"wordCount":923,"publisher":{"@id":"https:\/\/welovecinema.be\/nl\/#organization"},"articleSection":["Coming soon"],"inLanguage":"fr-FR"},{"@type":"WebPage","@id":"https:\/\/welovecinema.be\/fr\/5-projets-dans-le-pipeline-du-fonds-serie\/","url":"https:\/\/welovecinema.be\/fr\/5-projets-dans-le-pipeline-du-fonds-serie\/","name":"5 projets dans le pipeline du Fonds S\u00e9rie - We Love Cinema","isPartOf":{"@id":"https:\/\/welovecinema.be\/nl\/#website"},"datePublished":"2018-12-11T07:40:06+00:00","dateModified":"2018-12-11T10:34:59+00:00","breadcrumb":{"@id":"https:\/\/welovecinema.be\/fr\/5-projets-dans-le-pipeline-du-fonds-serie\/#breadcrumb"},"inLanguage":"fr-FR","potentialAction":[{"@type":"ReadAction","target":["https:\/\/welovecinema.be\/fr\/5-projets-dans-le-pipeline-du-fonds-serie\/"]}]},{"@type":"BreadcrumbList","@id":"https:\/\/welovecinema.be\/fr\/5-projets-dans-le-pipeline-du-fonds-serie\/#breadcrumb","itemListElement":[{"@type":"ListItem","position":1,"name":"Accueil","item":"https:\/\/welovecinema.be\/fr\/"},{"@type":"ListItem","position":2,"name":"5 projets dans le pipeline du Fonds S\u00e9rie"}]},{"@type":"WebSite","@id":"https:\/\/welovecinema.be\/nl\/#website","url":"https:\/\/welovecinema.be\/nl\/","name":"We Love Cinema","description":"Toute l\u2019information du cin\u00e9ma en Belgique","publisher":{"@id":"https:\/\/welovecinema.be\/nl\/#organization"},"potentialAction":[{"@type":"SearchAction","target":{"@type":"EntryPoint","urlTemplate":"https:\/\/welovecinema.be\/nl\/?s={search_term_string}"},"query-input":"required name=search_term_string"}],"inLanguage":"fr-FR"},{"@type":"Organization","@id":"https:\/\/welovecinema.be\/nl\/#organization","name":"We Love Cinema","url":"https:\/\/welovecinema.be\/nl\/","logo":{"@type":"ImageObject","inLanguage":"fr-FR","@id":"https:\/\/welovecinema.be\/nl\/#\/schema\/logo\/image\/","url":"https:\/\/welovecinema.be\/wp-content\/uploads\/sites\/2\/2023\/03\/Logo-We-Love-Cinema305x128.jpg","contentUrl":"https:\/\/welovecinema.be\/wp-content\/uploads\/sites\/2\/2023\/03\/Logo-We-Love-Cinema305x128.jpg","width":305,"height":128,"caption":"We Love Cinema"},"image":{"@id":"https:\/\/welovecinema.be\/nl\/#\/schema\/logo\/image\/"},"sameAs":["https:\/\/www.facebook.com\/welovecinema.be","https:\/\/www.youtube.com\/channel\/UCX5LYGVhnKvYauW4Nta4HJA","https:\/\/www.instagram.com\/welovecinema.be\/"]},{"@type":"Person","@id":"https:\/\/welovecinema.be\/nl\/#\/schema\/person\/8084b68c6b176142d073695c654dc7cf","name":"Aurore Engelen","url":"https:\/\/welovecinema.be\/fr\/author\/aurore-engelen\/"}]}},"_links":{"self":[{"href":"https:\/\/welovecinema.be\/fr\/wp-json\/wp\/v2\/posts\/215509","targetHints":{"allow":["GET"]}}],"collection":[{"href":"https:\/\/welovecinema.be\/fr\/wp-json\/wp\/v2\/posts"}],"about":[{"href":"https:\/\/welovecinema.be\/fr\/wp-json\/wp\/v2\/types\/post"}],"author":[{"embeddable":true,"href":"https:\/\/welovecinema.be\/fr\/wp-json\/wp\/v2\/users\/343"}],"replies":[{"embeddable":true,"href":"https:\/\/welovecinema.be\/fr\/wp-json\/wp\/v2\/comments?post=215509"}],"version-history":[{"count":0,"href":"https:\/\/welovecinema.be\/fr\/wp-json\/wp\/v2\/posts\/215509\/revisions"}],"wp:featuredmedia":[{"embeddable":true,"href":"https:\/\/welovecinema.be\/fr\/wp-json\/wp\/v2\/media\/215526"}],"wp:attachment":[{"href":"https:\/\/welovecinema.be\/fr\/wp-json\/wp\/v2\/media?parent=215509"}],"wp:term":[{"taxonomy":"category","embeddable":true,"href":"https:\/\/welovecinema.be\/fr\/wp-json\/wp\/v2\/categories?post=215509"},{"taxonomy":"post_tag","embeddable":true,"href":"https:\/\/welovecinema.be\/fr\/wp-json\/wp\/v2\/tags?post=215509"}],"curies":[{"name":"wp","href":"https:\/\/api.w.org\/{rel}","templated":true}]}}