{"id":214955,"date":"2018-11-17T10:13:40","date_gmt":"2018-11-17T09:13:40","guid":{"rendered":"https:\/\/www.cinevox.be\/?p=214955"},"modified":"2018-11-19T13:46:44","modified_gmt":"2018-11-19T12:46:44","slug":"sur-le-tournage-de-the-barefoot-emperor-en-croatie","status":"publish","type":"post","link":"https:\/\/welovecinema.be\/fr\/sur-le-tournage-de-the-barefoot-emperor-en-croatie\/","title":{"rendered":"Sur le tournage de&#8230; \u00ab\u00a0The Barefoot Emperor\u00a0\u00bb en Croatie"},"content":{"rendered":"<p class=\"p1\"><strong><span class=\"s1\">En octobre dernier, Cinevox \u00e9tait invit\u00e9 \u00e0 visiter le tournage de\u00a0<em>The Barefoot Emperor<\/em>\u00a0de Peter Brosens &amp; Jessica Woodworth, la \u00ab\u00a0suite\u00a0\u00bb de\u00a0<a href=\"https:\/\/www.cinevox.be\/fr\/king-of-the-belgians-tu-seras-un-homme-mon-roi\/\"><em>King of the Belgians<\/em><\/a>, odyss\u00e9e burlesque contant l\u2019\u00e9piphanie de Nicolas II, Roi des Belges, alors m\u00eame que son pays est sur le point d\u2019\u00e9clater.<\/span><\/strong><\/p>\n<p class=\"p1\"><strong><span class=\"s1\">On retrouve la joyeuse troupe quelques jours plus tard en termes de r\u00e9cit (quelques mois en termes de tournage), aux portes d\u2019une Nova Europa pour le moins inqui\u00e9tante, o\u00f9 les extr\u00eames droites en tous genres s\u2019emparent peu \u00e0 peu du pouvoir, jusqu\u2019\u00e0 envisager un nouvel empire\u2026\u00a0<\/span><\/strong><\/p>\n<p class=\"p1\"><strong><span class=\"s1\">Voici notre carnet de bord en 3 parties de ces quelques jours en Croatie, au bord de la Mer Adriatique.\u00a0<\/span><\/strong><\/p>\n<p><a href=\"https:\/\/www.cinevox.be\/fr\/sur-le-tournage-de-the-barefoot-emperor-part-1\/\">Episode 1<\/a><\/p>\n<p><a href=\"https:\/\/www.cinevox.be\/fr\/sur-le-tournage-de-the-barefoot-emperor-part-2\/\">Episode 2<\/a><\/p>\n<p><a href=\"https:\/\/www.cinevox.be\/fr\/sur-le-tournage-de-the-barefoot-emperor-part-3\/\">Episode 3<\/a><\/p>\n","protected":false},"excerpt":{"rendered":"<p>En octobre dernier, Cinevox \u00e9tait invit\u00e9 \u00e0 visiter le tournage de\u00a0The Barefoot Emperor\u00a0de Peter Brosens &amp; Jessica Woodworth, la \u00ab\u00a0suite\u00a0\u00bb de\u00a0King of the Belgians, odyss\u00e9e burlesque contant l\u2019\u00e9piphanie de Nicolas II, Roi des Belges, alors m\u00eame que son pays est sur le point d\u2019\u00e9clater. On retrouve la joyeuse troupe quelques jours plus tard en termes &hellip;<\/p>\n","protected":false},"author":343,"featured_media":214801,"comment_status":"closed","ping_status":"closed","sticky":false,"template":"","format":"standard","meta":{"ngg_post_thumbnail":0,"footnotes":""},"categories":[11],"tags":[2639,406,2640,405,104],"class_list":["post-214955","post","type-post","status-publish","format-standard","has-post-thumbnail","","category-tournages","tag-the-barefoot-emperor","tag-jessica-woodworth","tag-lucie-debay","tag-peter-brosens","tag-peter-van-den-begin"],"yoast_head":"<!-- This site is optimized with the Yoast SEO plugin v20.4 - https:\/\/yoast.com\/wordpress\/plugins\/seo\/ -->\n<title>Sur le tournage de... &quot;The Barefoot Emperor&quot; en Croatie - We Love Cinema<\/title>\n<meta name=\"robots\" content=\"index, follow, max-snippet:-1, max-image-preview:large, max-video-preview:-1\" \/>\n<link rel=\"canonical\" href=\"https:\/\/welovecinema.be\/fr\/sur-le-tournage-de-the-barefoot-emperor-en-croatie\/\" \/>\n<meta property=\"og:locale\" content=\"fr_FR\" \/>\n<meta property=\"og:type\" content=\"article\" \/>\n<meta property=\"og:title\" content=\"Sur le tournage de... &quot;The Barefoot Emperor&quot; en Croatie - We Love Cinema\" \/>\n<meta property=\"og:description\" content=\"En octobre dernier, Cinevox \u00e9tait invit\u00e9 \u00e0 visiter le tournage de\u00a0The Barefoot Emperor\u00a0de Peter Brosens &amp; Jessica Woodworth, la \u00ab\u00a0suite\u00a0\u00bb de\u00a0King of the Belgians, odyss\u00e9e burlesque contant l\u2019\u00e9piphanie de Nicolas II, Roi des Belges, alors m\u00eame que son pays est sur le point d\u2019\u00e9clater. On retrouve la joyeuse troupe quelques jours plus tard en termes &hellip;\" \/>\n<meta property=\"og:url\" content=\"https:\/\/welovecinema.be\/fr\/sur-le-tournage-de-the-barefoot-emperor-en-croatie\/\" \/>\n<meta property=\"og:site_name\" content=\"We Love Cinema\" \/>\n<meta property=\"article:publisher\" content=\"https:\/\/www.facebook.com\/welovecinema.be\" \/>\n<meta property=\"article:published_time\" content=\"2018-11-17T09:13:40+00:00\" \/>\n<meta property=\"article:modified_time\" content=\"2018-11-19T12:46:44+00:00\" \/>\n<meta property=\"og:image\" content=\"https:\/\/welovecinema.be\/wp-content\/uploads\/sites\/2\/2018\/11\/DSC08150.jpg\" \/>\n\t<meta property=\"og:image:width\" content=\"5000\" \/>\n\t<meta property=\"og:image:height\" content=\"3333\" \/>\n\t<meta property=\"og:image:type\" content=\"image\/jpeg\" \/>\n<meta name=\"author\" content=\"Aurore Engelen\" \/>\n<meta name=\"twitter:card\" content=\"summary_large_image\" \/>\n<meta name=\"twitter:label1\" content=\"\u00c9crit par\" \/>\n\t<meta name=\"twitter:data1\" content=\"Aurore Engelen\" \/>\n\t<meta name=\"twitter:label2\" content=\"Dur\u00e9e de lecture estim\u00e9e\" \/>\n\t<meta name=\"twitter:data2\" content=\"1 minute\" \/>\n<script type=\"application\/ld+json\" class=\"yoast-schema-graph\">{\"@context\":\"https:\/\/schema.org\",\"@graph\":[{\"@type\":\"Article\",\"@id\":\"https:\/\/welovecinema.be\/fr\/sur-le-tournage-de-the-barefoot-emperor-en-croatie\/#article\",\"isPartOf\":{\"@id\":\"https:\/\/welovecinema.be\/fr\/sur-le-tournage-de-the-barefoot-emperor-en-croatie\/\"},\"author\":{\"name\":\"Aurore Engelen\",\"@id\":\"https:\/\/welovecinema.be\/nl\/#\/schema\/person\/8084b68c6b176142d073695c654dc7cf\"},\"headline\":\"Sur le tournage de&#8230; \u00ab\u00a0The Barefoot Emperor\u00a0\u00bb en Croatie\",\"datePublished\":\"2018-11-17T09:13:40+00:00\",\"dateModified\":\"2018-11-19T12:46:44+00:00\",\"mainEntityOfPage\":{\"@id\":\"https:\/\/welovecinema.be\/fr\/sur-le-tournage-de-the-barefoot-emperor-en-croatie\/\"},\"wordCount\":131,\"publisher\":{\"@id\":\"https:\/\/welovecinema.be\/nl\/#organization\"},\"keywords\":[\"'The Barefoot Emperor'\",\"Jessica Woodworth\",\"Lucie Debay\",\"Peter Brosens\",\"Peter Van den Begin\"],\"articleSection\":[\"Tournages\"],\"inLanguage\":\"fr-FR\"},{\"@type\":\"WebPage\",\"@id\":\"https:\/\/welovecinema.be\/fr\/sur-le-tournage-de-the-barefoot-emperor-en-croatie\/\",\"url\":\"https:\/\/welovecinema.be\/fr\/sur-le-tournage-de-the-barefoot-emperor-en-croatie\/\",\"name\":\"Sur le tournage de... \\\"The Barefoot Emperor\\\" en Croatie - We Love Cinema\",\"isPartOf\":{\"@id\":\"https:\/\/welovecinema.be\/nl\/#website\"},\"datePublished\":\"2018-11-17T09:13:40+00:00\",\"dateModified\":\"2018-11-19T12:46:44+00:00\",\"breadcrumb\":{\"@id\":\"https:\/\/welovecinema.be\/fr\/sur-le-tournage-de-the-barefoot-emperor-en-croatie\/#breadcrumb\"},\"inLanguage\":\"fr-FR\",\"potentialAction\":[{\"@type\":\"ReadAction\",\"target\":[\"https:\/\/welovecinema.be\/fr\/sur-le-tournage-de-the-barefoot-emperor-en-croatie\/\"]}]},{\"@type\":\"BreadcrumbList\",\"@id\":\"https:\/\/welovecinema.be\/fr\/sur-le-tournage-de-the-barefoot-emperor-en-croatie\/#breadcrumb\",\"itemListElement\":[{\"@type\":\"ListItem\",\"position\":1,\"name\":\"Accueil\",\"item\":\"https:\/\/welovecinema.be\/fr\/\"},{\"@type\":\"ListItem\",\"position\":2,\"name\":\"Sur le tournage de&#8230; \u00ab\u00a0The Barefoot Emperor\u00a0\u00bb en Croatie\"}]},{\"@type\":\"WebSite\",\"@id\":\"https:\/\/welovecinema.be\/nl\/#website\",\"url\":\"https:\/\/welovecinema.be\/nl\/\",\"name\":\"We Love Cinema\",\"description\":\"Toute l\u2019information du cin\u00e9ma en Belgique\",\"publisher\":{\"@id\":\"https:\/\/welovecinema.be\/nl\/#organization\"},\"potentialAction\":[{\"@type\":\"SearchAction\",\"target\":{\"@type\":\"EntryPoint\",\"urlTemplate\":\"https:\/\/welovecinema.be\/nl\/?s={search_term_string}\"},\"query-input\":\"required name=search_term_string\"}],\"inLanguage\":\"fr-FR\"},{\"@type\":\"Organization\",\"@id\":\"https:\/\/welovecinema.be\/nl\/#organization\",\"name\":\"We Love Cinema\",\"url\":\"https:\/\/welovecinema.be\/nl\/\",\"logo\":{\"@type\":\"ImageObject\",\"inLanguage\":\"fr-FR\",\"@id\":\"https:\/\/welovecinema.be\/nl\/#\/schema\/logo\/image\/\",\"url\":\"https:\/\/welovecinema.be\/wp-content\/uploads\/sites\/2\/2023\/03\/Logo-We-Love-Cinema305x128.jpg\",\"contentUrl\":\"https:\/\/welovecinema.be\/wp-content\/uploads\/sites\/2\/2023\/03\/Logo-We-Love-Cinema305x128.jpg\",\"width\":305,\"height\":128,\"caption\":\"We Love Cinema\"},\"image\":{\"@id\":\"https:\/\/welovecinema.be\/nl\/#\/schema\/logo\/image\/\"},\"sameAs\":[\"https:\/\/www.facebook.com\/welovecinema.be\",\"https:\/\/www.youtube.com\/channel\/UCX5LYGVhnKvYauW4Nta4HJA\",\"https:\/\/www.instagram.com\/welovecinema.be\/\"]},{\"@type\":\"Person\",\"@id\":\"https:\/\/welovecinema.be\/nl\/#\/schema\/person\/8084b68c6b176142d073695c654dc7cf\",\"name\":\"Aurore Engelen\",\"url\":\"https:\/\/welovecinema.be\/fr\/author\/aurore-engelen\/\"}]}<\/script>\n<!-- \/ Yoast SEO plugin. -->","yoast_head_json":{"title":"Sur le tournage de... \"The Barefoot Emperor\" en Croatie - We Love Cinema","robots":{"index":"index","follow":"follow","max-snippet":"max-snippet:-1","max-image-preview":"max-image-preview:large","max-video-preview":"max-video-preview:-1"},"canonical":"https:\/\/welovecinema.be\/fr\/sur-le-tournage-de-the-barefoot-emperor-en-croatie\/","og_locale":"fr_FR","og_type":"article","og_title":"Sur le tournage de... \"The Barefoot Emperor\" en Croatie - We Love Cinema","og_description":"En octobre dernier, Cinevox \u00e9tait invit\u00e9 \u00e0 visiter le tournage de\u00a0The Barefoot Emperor\u00a0de Peter Brosens &amp; Jessica Woodworth, la \u00ab\u00a0suite\u00a0\u00bb de\u00a0King of the Belgians, odyss\u00e9e burlesque contant l\u2019\u00e9piphanie de Nicolas II, Roi des Belges, alors m\u00eame que son pays est sur le point d\u2019\u00e9clater. On retrouve la joyeuse troupe quelques jours plus tard en termes &hellip;","og_url":"https:\/\/welovecinema.be\/fr\/sur-le-tournage-de-the-barefoot-emperor-en-croatie\/","og_site_name":"We Love Cinema","article_publisher":"https:\/\/www.facebook.com\/welovecinema.be","article_published_time":"2018-11-17T09:13:40+00:00","article_modified_time":"2018-11-19T12:46:44+00:00","og_image":[{"width":5000,"height":3333,"url":"https:\/\/welovecinema.be\/wp-content\/uploads\/sites\/2\/2018\/11\/DSC08150.jpg","type":"image\/jpeg"}],"author":"Aurore Engelen","twitter_card":"summary_large_image","twitter_misc":{"\u00c9crit par":"Aurore Engelen","Dur\u00e9e de lecture estim\u00e9e":"1 minute"},"schema":{"@context":"https:\/\/schema.org","@graph":[{"@type":"Article","@id":"https:\/\/welovecinema.be\/fr\/sur-le-tournage-de-the-barefoot-emperor-en-croatie\/#article","isPartOf":{"@id":"https:\/\/welovecinema.be\/fr\/sur-le-tournage-de-the-barefoot-emperor-en-croatie\/"},"author":{"name":"Aurore Engelen","@id":"https:\/\/welovecinema.be\/nl\/#\/schema\/person\/8084b68c6b176142d073695c654dc7cf"},"headline":"Sur le tournage de&#8230; \u00ab\u00a0The Barefoot Emperor\u00a0\u00bb en Croatie","datePublished":"2018-11-17T09:13:40+00:00","dateModified":"2018-11-19T12:46:44+00:00","mainEntityOfPage":{"@id":"https:\/\/welovecinema.be\/fr\/sur-le-tournage-de-the-barefoot-emperor-en-croatie\/"},"wordCount":131,"publisher":{"@id":"https:\/\/welovecinema.be\/nl\/#organization"},"keywords":["'The Barefoot Emperor'","Jessica Woodworth","Lucie Debay","Peter Brosens","Peter Van den Begin"],"articleSection":["Tournages"],"inLanguage":"fr-FR"},{"@type":"WebPage","@id":"https:\/\/welovecinema.be\/fr\/sur-le-tournage-de-the-barefoot-emperor-en-croatie\/","url":"https:\/\/welovecinema.be\/fr\/sur-le-tournage-de-the-barefoot-emperor-en-croatie\/","name":"Sur le tournage de... \"The Barefoot Emperor\" en Croatie - We Love Cinema","isPartOf":{"@id":"https:\/\/welovecinema.be\/nl\/#website"},"datePublished":"2018-11-17T09:13:40+00:00","dateModified":"2018-11-19T12:46:44+00:00","breadcrumb":{"@id":"https:\/\/welovecinema.be\/fr\/sur-le-tournage-de-the-barefoot-emperor-en-croatie\/#breadcrumb"},"inLanguage":"fr-FR","potentialAction":[{"@type":"ReadAction","target":["https:\/\/welovecinema.be\/fr\/sur-le-tournage-de-the-barefoot-emperor-en-croatie\/"]}]},{"@type":"BreadcrumbList","@id":"https:\/\/welovecinema.be\/fr\/sur-le-tournage-de-the-barefoot-emperor-en-croatie\/#breadcrumb","itemListElement":[{"@type":"ListItem","position":1,"name":"Accueil","item":"https:\/\/welovecinema.be\/fr\/"},{"@type":"ListItem","position":2,"name":"Sur le tournage de&#8230; \u00ab\u00a0The Barefoot Emperor\u00a0\u00bb en Croatie"}]},{"@type":"WebSite","@id":"https:\/\/welovecinema.be\/nl\/#website","url":"https:\/\/welovecinema.be\/nl\/","name":"We Love Cinema","description":"Toute l\u2019information du cin\u00e9ma en Belgique","publisher":{"@id":"https:\/\/welovecinema.be\/nl\/#organization"},"potentialAction":[{"@type":"SearchAction","target":{"@type":"EntryPoint","urlTemplate":"https:\/\/welovecinema.be\/nl\/?s={search_term_string}"},"query-input":"required name=search_term_string"}],"inLanguage":"fr-FR"},{"@type":"Organization","@id":"https:\/\/welovecinema.be\/nl\/#organization","name":"We Love Cinema","url":"https:\/\/welovecinema.be\/nl\/","logo":{"@type":"ImageObject","inLanguage":"fr-FR","@id":"https:\/\/welovecinema.be\/nl\/#\/schema\/logo\/image\/","url":"https:\/\/welovecinema.be\/wp-content\/uploads\/sites\/2\/2023\/03\/Logo-We-Love-Cinema305x128.jpg","contentUrl":"https:\/\/welovecinema.be\/wp-content\/uploads\/sites\/2\/2023\/03\/Logo-We-Love-Cinema305x128.jpg","width":305,"height":128,"caption":"We Love Cinema"},"image":{"@id":"https:\/\/welovecinema.be\/nl\/#\/schema\/logo\/image\/"},"sameAs":["https:\/\/www.facebook.com\/welovecinema.be","https:\/\/www.youtube.com\/channel\/UCX5LYGVhnKvYauW4Nta4HJA","https:\/\/www.instagram.com\/welovecinema.be\/"]},{"@type":"Person","@id":"https:\/\/welovecinema.be\/nl\/#\/schema\/person\/8084b68c6b176142d073695c654dc7cf","name":"Aurore Engelen","url":"https:\/\/welovecinema.be\/fr\/author\/aurore-engelen\/"}]}},"_links":{"self":[{"href":"https:\/\/welovecinema.be\/fr\/wp-json\/wp\/v2\/posts\/214955","targetHints":{"allow":["GET"]}}],"collection":[{"href":"https:\/\/welovecinema.be\/fr\/wp-json\/wp\/v2\/posts"}],"about":[{"href":"https:\/\/welovecinema.be\/fr\/wp-json\/wp\/v2\/types\/post"}],"author":[{"embeddable":true,"href":"https:\/\/welovecinema.be\/fr\/wp-json\/wp\/v2\/users\/343"}],"replies":[{"embeddable":true,"href":"https:\/\/welovecinema.be\/fr\/wp-json\/wp\/v2\/comments?post=214955"}],"version-history":[{"count":0,"href":"https:\/\/welovecinema.be\/fr\/wp-json\/wp\/v2\/posts\/214955\/revisions"}],"wp:featuredmedia":[{"embeddable":true,"href":"https:\/\/welovecinema.be\/fr\/wp-json\/wp\/v2\/media\/214801"}],"wp:attachment":[{"href":"https:\/\/welovecinema.be\/fr\/wp-json\/wp\/v2\/media?parent=214955"}],"wp:term":[{"taxonomy":"category","embeddable":true,"href":"https:\/\/welovecinema.be\/fr\/wp-json\/wp\/v2\/categories?post=214955"},{"taxonomy":"post_tag","embeddable":true,"href":"https:\/\/welovecinema.be\/fr\/wp-json\/wp\/v2\/tags?post=214955"}],"curies":[{"name":"wp","href":"https:\/\/api.w.org\/{rel}","templated":true}]}}