{"id":214508,"date":"2018-10-31T10:15:12","date_gmt":"2018-10-31T09:15:12","guid":{"rendered":"https:\/\/www.cinevox.be\/?p=214508"},"modified":"2018-11-04T09:51:03","modified_gmt":"2018-11-04T08:51:03","slug":"virginie-efira-il-a-fallu-que-jaccepte-la-melancolie-que-javais-en-moi","status":"publish","type":"post","link":"https:\/\/welovecinema.be\/fr\/virginie-efira-il-a-fallu-que-jaccepte-la-melancolie-que-javais-en-moi\/","title":{"rendered":"Virginie Efira: \u00ab\u00a0Il a fallu que j\u2019accepte la m\u00e9lancolie que j\u2019avais en moi\u00a0\u00bb"},"content":{"rendered":"<p class=\"p1\"><strong><span class=\"s1\">Rencontre avec la com\u00e9dienne Virginie Efira qui nous parle de son r\u00f4le bouleversant dans <a href=\"https:\/\/www.cinevox.be\/fr\/ode-a-la-mere\/\"><em>Un amour impossible<\/em><\/a> de Catherine Corsini, qui sort la semaine prochaine, et du nouveau tournant qu&rsquo;est en train de prendre sa carri\u00e8re.\u00a0<\/span><\/strong><\/p>\n<p class=\"p1\"><span class=\"s1\"><b>Est-ce que ce film repr\u00e9sente une nouvelle \u00e9tape dans votre carri\u00e8re?<\/b><\/span><\/p>\n<p class=\"p1\"><span class=\"s1\">J&rsquo;avais ador\u00e9 le livre de Christine Angot quand je l\u2019ai lu \u00e0 sa sortie. Quand j\u2019ai appris qu\u2019il allait y avoir un film, j\u2019ai \u00e9crit un SMS \u00e0 mon agent, ce que je n\u2019avais jamais fait, et\u00a0 je me suis dit: \u00ab\u00a0L\u00e0, je suis vraiment devenue une actrice!\u00a0\u00bb. Ca disait: \u00ab\u00a0Cher Laurent, je dois absolument jouer ce personnage, je le comprends intimement&#8230;\u00a0\u00bb. <\/span><\/p>\n<p class=\"p1\"><span class=\"s1\">En en m\u00eame temps, Catherine Corsini, que j\u2019avais d\u00e9j\u00e0 crois\u00e9e dans un festival, avait vu <em>Victoria<\/em>, et y avait vu un rapport d\u2019actrice \u00e0 cin\u00e9aste tr\u00e8s proche, quelque chose dont elle avait tr\u00e8s envie. Elle a pens\u00e9 qu\u2019on pourrait surement s\u2019entendre humainement, alors elle m\u2019a fait passer des essais. <\/span><\/p>\n<p class=\"p1\"><span class=\"s1\">Avec <em>Victoria<\/em>, j&rsquo;ai touch\u00e9 un endroit dans le jeu, et dans ce que le film raconte, dans le rapport aussi avec le metteur en sc\u00e8ne, quelque chose qui me plaisait, qui ne r\u00e9duisait pas les personnages \u00e0 des \u00eatres unidimensionnels, un film qui pouvait \u00eatre dr\u00f4le, tout en ayant des contradictions. Ca m&rsquo;a donn\u00e9 envie de retrouver dans les films une certaine intimit\u00e9 avec les gens avec lesquels je travaille.<\/span><\/p>\n<p><span class=\"s1\">Mais jusqu&rsquo;ici, la seule fois o\u00f9 j&rsquo;ai r\u00e9ussi \u00e0 solliciter des metteurs en sc\u00e8ne, c&rsquo;est quand j\u2019ai eu autre chose \u00e0 vendre que moi, comme par exemple avec <em>Continuer<\/em>, le roman de Laurent Mauvinier, que j&rsquo;avais follement envie de voir au cin\u00e9ma, et d&rsquo;incarner, et que j&rsquo;ai finalement tourn\u00e9 avec Joachim Lafosse.<\/span><\/p>\n<p class=\"p1\"><span class=\"s1\"><b>Il y a des r\u00e9sonances personnelles dans le r\u00f4le de Rachel?<\/b><\/span><\/p>\n<p class=\"p1\"><span class=\"s1\">Je crois qu\u2019il y a toujours des r\u00e9sonances personnelles. Ca revient \u00e0 comprendre une note en fait, celle du personnage. Quand j\u2019ai lu le livre, il m&rsquo;a boulevers\u00e9e. C\u2019est difficile de trouver une certaine libert\u00e9 face au regard que la soci\u00e9t\u00e9 porte sur nous. Parce que la mani\u00e8re dont vous \u00eates regard\u00e9 finit par vous formater. Le complexe d\u2019inf\u00e9riorit\u00e9, c\u2019est un truc qui s\u2019insinue partout. Parce que tu viens de la t\u00e9l\u00e9vision, parce que tu es une Belge \u00e0 Paris\u2026 C\u2019est assez chouette de pouvoir se d\u00e9faire de ce complexe. Le livre et le film vont loin sur ce complexe d\u2019inf\u00e9riorit\u00e9 qui aveugle compl\u00e8tement Rachel. Cette m\u00e8re qui voit la souffrance de son enfant, et s\u2019imagine que c\u2019est forc\u00e9ment \u00e0 cause d\u2019elle, ce complexe fait qu\u2019elle n\u2019arrive plus \u00e0 voir net les choses.<\/span><\/p>\n<p><img loading=\"lazy\" decoding=\"async\" class=\"alignnone size-large wp-image-213663\" src=\"https:\/\/www.cinevox.be\/wp-content\/uploads\/sites\/2\/2018\/09\/UN-AMOUR-IMPOSSIBLE_12\u00a9Chaz-Productions-800x335.jpg\" alt=\"\" width=\"618\" height=\"259\" srcset=\"https:\/\/welovecinema.be\/wp-content\/uploads\/sites\/2\/2018\/09\/UN-AMOUR-IMPOSSIBLE_12\u00a9Chaz-Productions-800x335.jpg 800w, https:\/\/welovecinema.be\/wp-content\/uploads\/sites\/2\/2018\/09\/UN-AMOUR-IMPOSSIBLE_12\u00a9Chaz-Productions-480x201.jpg 480w, https:\/\/welovecinema.be\/wp-content\/uploads\/sites\/2\/2018\/09\/UN-AMOUR-IMPOSSIBLE_12\u00a9Chaz-Productions-768x322.jpg 768w, https:\/\/welovecinema.be\/wp-content\/uploads\/sites\/2\/2018\/09\/UN-AMOUR-IMPOSSIBLE_12\u00a9Chaz-Productions.jpg 2048w\" sizes=\"auto, (max-width: 618px) 100vw, 618px\" \/><\/p>\n<p class=\"p1\"><span class=\"s1\">Il y a un dialogue tr\u00e8s basique qui me touche dans le film: \u00ab\u00a0Mais toi maman tu est quelqu\u2019un de bien.\u00a0\u00bb \u00ab\u00a0Qu\u2019est-ce que \u00e7a change?\u00a0\u00bb \u00ab\u00a0\u00c7a change tout.\u00a0\u00bb \u00c7a me bouleverse. Parce que oui, elle a foir\u00e9 des choses, sa vie peut sembler terrible, mais elle est debout, c\u2019est quelqu\u2019un qui essaie de bien faire. Ce n\u2019est m\u00eame pas qu\u2019elle a fait des mauvais choix, c\u2019est juste comme \u00e7a. On ne peut pas tout ma\u00eetriser dans la vie, comme pouvait-elle seulement penser une chose pareille, ce que son p\u00e8re va faire \u00e0 sa fille? <\/span><\/p>\n<p class=\"p1\"><span class=\"s1\">Mais finalement, toute son inf\u00e9riorisation sociale d\u00e9marre au coeur de l\u2019intime. \u00c7a d\u00e9marre au sein m\u00eame du couple, quand elle accepte les phrases qu\u2019elle accepte. Sur sa pauvret\u00e9, son juda\u00efsme. Elle ne se dit pas qu\u2019elle a raison, mais elle n\u2019ose pas le contredire. De toutes fa\u00e7ons, elle n\u2019a pas vraiment les arguments pour s\u2019opposer. <\/span><\/p>\n<p class=\"p1\"><span class=\"s1\"><b>De fait, elle doit expier toute sa vie un choix qu\u2019elle a fait \u00e0 25 ans\u2026<\/b><\/span><\/p>\n<p class=\"p1\"><span class=\"s1\">La question du choix, c\u2019est une question philosophique vaste. Y\u2019a-t-il seulement un vrai libre arbitre dans l\u2019existence? Et plus encore quand il s\u2019agit d\u2019amour. Elle est tomb\u00e9e amoureuse du mauvais homme, d\u2019un m\u00e9chant, elle n\u2019a pas eu le choix en fait. Peut-\u00eatre que \u00e7a vient de sa psych\u00e9, son histoire, son propre abandon paternel\u2026 C\u2019est quelqu\u2019un qui n\u2019exige rien, et a du mal \u00e0 se voir aim\u00e9e. Elle accepte ce qu\u2019on lui donne, n\u2019exige rien pour elle. Mais je ne la vois pas comme une victime. Elle peut endurer ce qu\u2019on lui inflige. Evidemment, l\u2019inceste est une bascule qui bouleverse tout. <\/span><\/p>\n<p class=\"p1\"><span class=\"s1\">J\u2019ai entendu beaucoup d\u2019interviews de Christine Angot \u00e0 ce sujet. Quand on dit que c\u2019est la trag\u00e9die de la m\u00e8re, elle remet toujours les choses en place en disant que c\u2019est la trag\u00e9die de la fille. <\/span><\/p>\n<p class=\"p1\"><span class=\"s1\"><b>Pourtant, son amour la rend heureuse au d\u00e9but.<\/b><\/span><\/p>\n<p class=\"p1\"><span class=\"s1\">Oui, elle est heureuse, alors que chez lui il y a une sorte d\u2019insatisfaction chronique, d\u2019incapacit\u00e9 \u00e0 l\u2019empathie qui l\u2019emp\u00eache d\u2019\u00eatre heureux. Il est compl\u00e8tement centr\u00e9 sur lui-m\u00eame, et incapable d\u2019aimer.<\/span><\/p>\n<p><img loading=\"lazy\" decoding=\"async\" class=\"alignnone size-full wp-image-214513\" src=\"https:\/\/www.cinevox.be\/wp-content\/uploads\/sites\/2\/2018\/10\/AmourImpossibleBis.jpeg\" alt=\"\" width=\"648\" height=\"365\" srcset=\"https:\/\/welovecinema.be\/wp-content\/uploads\/sites\/2\/2018\/10\/AmourImpossibleBis.jpeg 648w, https:\/\/welovecinema.be\/wp-content\/uploads\/sites\/2\/2018\/10\/AmourImpossibleBis-200x113.jpeg 200w, https:\/\/welovecinema.be\/wp-content\/uploads\/sites\/2\/2018\/10\/AmourImpossibleBis-480x270.jpeg 480w, https:\/\/welovecinema.be\/wp-content\/uploads\/sites\/2\/2018\/10\/AmourImpossibleBis-599x337.jpeg 599w\" sizes=\"auto, (max-width: 648px) 100vw, 648px\" \/><\/p>\n<p class=\"p1\"><span class=\"s1\">Il y a un mot que j\u2019utilise peu, mais qui ici est tr\u00e8s juste: c\u2019est un pervers narcissique. Et l\u2019explication que sa fille fait de sa monstruosit\u00e9 est finalement assez passionnante, qu&rsquo;il l&rsquo;a utilis\u00e9e elle pour faire du mal \u00e0 sa m\u00e8re. C\u2019est aussi une mani\u00e8re pour elle d\u2019arriver \u00e0 pardonner \u00e0 sa m\u00e8re. Ce qui est tr\u00e8s int\u00e9ressant dans le r\u00e9cit, c\u2019est que le rejet de la m\u00e8re ne passe m\u00eame plus par les mots, la fille ne supporte m\u00eame plus le bruit de la fourchette de sa m\u00e8re. Elle ne peut plus voir sa m\u00e8re, \u00e7a la ram\u00e8ne \u00e0 des choses trop douloureuses, et sa m\u00e8re l\u2019accepte. <\/span><\/p>\n<p class=\"p1\"><span class=\"s1\">Finalement, elle n\u2019a pas besoin de grand chose pour supporter la vie, cette m\u00e8re. Le simple souvenir d\u2019un resto en bord de mer lui suffit pour supporter l\u2019absence de l\u2019homme qu\u2019elle aime. C\u2019est assez beau aussi. C\u2019est quelque chose qui m\u2019a toujours touch\u00e9e. <\/span><\/p>\n<p class=\"p1\"><span class=\"s1\"><b>Est-ce que vous savez o\u00f9 vous voulez aller, aujourd&rsquo;hui?<\/b><\/span><\/p>\n<p class=\"p1\"><span class=\"s1\">Je ne sais pas bien o\u00f9 je veux aller, mais si je choisis des choses fondamentalement en rapport avec moi, ce sera forc\u00e9ment bon. M\u00eame si l\u00e0, je suis confront\u00e9e \u00e0 des choix o\u00f9 je ne sais pas quoi faire! Moi mon objectif, ce n\u2019\u00e9tait pas de r\u00e9ussir \u00e0 la t\u00e9l\u00e9, ni m\u00eame forc\u00e9ment au cin\u00e9ma, c\u2019\u00e9tait de trouver des choses qui m\u2019animent, des gens avec lesquels j\u2019avais envie de parler. <\/span><\/p>\n<p class=\"p1\"><span class=\"s1\">Ce qui est s\u00fbr, c\u2019est que je ne voulais pas rester \u00e0 une place pr\u00e9-d\u00e9termin\u00e9e. J\u2019aime bien faire des com\u00e9dies, mais ce que je savais avant tout, c\u2019est que je voulais faire des films qui avaient des choses \u00e0 raconter, pas des coquilles vides. Il peut y avoir des films populaires qui disent de belles choses, et d\u2019autres qui racontent que c\u2019est mieux d\u2019avoir une grosse bagnole pour r\u00e9ussir sa vie, et \u00e7a \u00e7a m\u2019int\u00e9resse moins. Les sch\u00e9mas, les clich\u00e9s, je me sens mal l\u00e0-dedans, je cherche \u00e0 \u00e9viter. J\u2019ai beaucoup rencontr\u00e9 \u00e7a quand j\u2019ai commenc\u00e9 \u00e0 faire du cin\u00e9ma, et \u00e0 faire de la promotion. J\u2019avais l\u2019impression que comme je n\u2019\u00e9tais pas super belle, les gens attendaient forc\u00e9ment de moi que je sois marrante, alors je jouais les comiques. Il a fallu aussi que j\u2019accepte la m\u00e9lancolie que j\u2019avais en moi. <\/span><span class=\"s1\">Et finalement,\u00a0 chercher un endroit o\u00f9 je me sens en \u00e9veil.<\/span><\/p>\n<p class=\"p1\"><span class=\"s1\"><b>C\u2019est justement ce que vous avez ressenti en lisant <em>Continuer<\/em>?<\/b><\/span><\/p>\n<p class=\"p1\"><span class=\"s1\">En fait apr\u00e8s <em>Victoria<\/em>, quand les gens me demandaient ce que j\u2019allais faire, je disais, \u00ab\u00a0Oh, j\u2019attends qu\u2019on me propose un truc\u00a0\u00bb, mais je me sentais mal \u00e0 l\u2019aise de dire \u00e7a. Je me disais, \u00ab\u00a0Mais quoi, \u00eatre acteur, c\u2019est seulement attendre en fait?\u00a0\u00bb Je peux \u00eatre fascin\u00e9e par des muses fa\u00e7onn\u00e9es par un metteur en sc\u00e8ne, mais je ne suis clairement pas dans cette typologie. Donc il faut \u00eatre moteur, et comme je n\u2019\u00e9cris pas, passer par des adaptations litt\u00e9raires, c\u2019est vraiment une voie int\u00e9ressante. D\u00e9j\u00e0, \u00e7a permet de lire en \u00e9tant acteur de sa lecture. J\u2019ai envie d&rsquo;aller plus loin sur cette voie.<\/span><\/p>\n<p class=\"p1\"><span class=\"s1\">Apr\u00e8s, il se trouve qu\u2019on m\u2019a propos\u00e9 pas mal de choses coup sur coup. C\u2019est marrant, y\u2019a des filles \u00e0 qui on ne propose plein de trucs \u00e0 30 ans, et apr\u00e8s y\u2019a plus rien, et moi on m\u2019appelle \u00e0 40 ans! Bon, peut-\u00eatre qu\u2019\u00e0 45 ans on ne me proposera plus rien hein\u2026 L\u00e0 effectivement on m\u2019offre beaucoup de r\u00f4les tr\u00e8s complexes, tr\u00e8s ambigus. J\u2019avais l\u2019impression qu\u2019avant, on ne s\u2019adressait qu\u2019\u00e0 mon c\u00f4t\u00e9 comique, et l\u00e0, plus du tout. Ce n\u2019est pas que j\u2019ai sp\u00e9cialement envie de jouer des choses tristes, c\u2019est juste que j\u2019appr\u00e9cie de jouer des choses avec plus de contradictions. <\/span><\/p>\n<p class=\"p1\"><span class=\"s1\"><b>Vous vous sentez plus libre aujourd\u2019hui dans vos choix?<\/b><\/span><\/p>\n<p class=\"p1\"><span class=\"s1\">Disons qu\u2019il y a les choses que l\u2019on accepte, mais aussi la fa\u00e7on dont on joue certains r\u00f4les, mais je crois que oui, quand m\u00eame je suis plus libre aujourd&rsquo;hui\u2026 J\u2019ai revu un film que j\u2019avais fait il y a longtemps \u00e0 la t\u00e9l\u00e9vision, et c\u2019est horrible, on sent que j\u2019\u00e9tais p\u00e9trifi\u00e9e. C\u2019est un truc que je n\u2019aime pas chez les acteurs, quand on sent qu\u2019ils se regardent jouer, peut-\u00eatre parce qu\u2019ils ne sont pas s\u00fbrs de ce qu\u2019ils projettent. C\u2019est un truc que je ne fais plus, j\u2019en suis ravie. L\u00e0 je suis dans le moment, je ne pense pas \u00e0 la fa\u00e7on dont les choses vont \u00eatre re\u00e7ues. Et \u00e7a, c\u2019est une libert\u00e9.<\/span><\/p>\n<p class=\"p1\"><span class=\"s1\">Mais la confiance ne peut venir que des autres. C\u2019est le regard de l\u2019autre, une fois de plus, qui nous lib\u00e8re. Si les autres te disent que tu peux le faire, alors c\u2019est bon, tu peux le faire.\u00a0<\/span><span class=\"s1\">C\u2019est vrai que je re\u00e7ois plus de sc\u00e9narios aujourd&rsquo;hui, plus int\u00e9ressants. Mais c\u2019est rare d\u2019avoir \u00e7a sur le long terme. Mais c\u2019est vrai que c\u2019est une p\u00e9riode exaltante. Encore faut-il en faire quelque chose de chouette&#8230;<\/span><\/p>\n","protected":false},"excerpt":{"rendered":"<p>Rencontre avec la com\u00e9dienne Virginie Efira qui nous parle de son r\u00f4le bouleversant dans Un amour impossible de Catherine Corsini, qui sort la semaine prochaine, et du nouveau tournant qu&rsquo;est en train de prendre sa carri\u00e8re.\u00a0 Est-ce que ce film repr\u00e9sente une nouvelle \u00e9tape dans votre carri\u00e8re? J&rsquo;avais ador\u00e9 le livre de Christine Angot quand &hellip;<\/p>\n","protected":false},"author":343,"featured_media":214509,"comment_status":"closed","ping_status":"closed","sticky":false,"template":"","format":"standard","meta":{"ngg_post_thumbnail":0,"footnotes":""},"categories":[1978],"tags":[3893,1904],"class_list":["post-214508","post","type-post","status-publish","format-standard","has-post-thumbnail","","category-interviews","tag-un-amour-impossible","tag-virginie-efira"],"yoast_head":"<!-- This site is optimized with the Yoast SEO plugin v20.4 - https:\/\/yoast.com\/wordpress\/plugins\/seo\/ -->\n<title>Virginie Efira: &quot;Il a fallu que j\u2019accepte la m\u00e9lancolie que j\u2019avais en moi&quot; - We Love Cinema<\/title>\n<meta name=\"robots\" content=\"index, follow, max-snippet:-1, max-image-preview:large, max-video-preview:-1\" \/>\n<link rel=\"canonical\" href=\"https:\/\/welovecinema.be\/fr\/virginie-efira-il-a-fallu-que-jaccepte-la-melancolie-que-javais-en-moi\/\" \/>\n<meta property=\"og:locale\" content=\"fr_FR\" \/>\n<meta property=\"og:type\" content=\"article\" \/>\n<meta property=\"og:title\" content=\"Virginie Efira: &quot;Il a fallu que j\u2019accepte la m\u00e9lancolie que j\u2019avais en moi&quot; - We Love Cinema\" \/>\n<meta property=\"og:description\" content=\"Rencontre avec la com\u00e9dienne Virginie Efira qui nous parle de son r\u00f4le bouleversant dans Un amour impossible de Catherine Corsini, qui sort la semaine prochaine, et du nouveau tournant qu&rsquo;est en train de prendre sa carri\u00e8re.\u00a0 Est-ce que ce film repr\u00e9sente une nouvelle \u00e9tape dans votre carri\u00e8re? J&rsquo;avais ador\u00e9 le livre de Christine Angot quand &hellip;\" \/>\n<meta property=\"og:url\" content=\"https:\/\/welovecinema.be\/fr\/virginie-efira-il-a-fallu-que-jaccepte-la-melancolie-que-javais-en-moi\/\" \/>\n<meta property=\"og:site_name\" content=\"We Love Cinema\" \/>\n<meta property=\"article:publisher\" content=\"https:\/\/www.facebook.com\/welovecinema.be\" \/>\n<meta property=\"article:published_time\" content=\"2018-10-31T09:15:12+00:00\" \/>\n<meta property=\"article:modified_time\" content=\"2018-11-04T08:51:03+00:00\" \/>\n<meta property=\"og:image\" content=\"https:\/\/welovecinema.be\/wp-content\/uploads\/sites\/2\/2018\/10\/IMG_2697.jpeg\" \/>\n\t<meta property=\"og:image:width\" content=\"2153\" \/>\n\t<meta property=\"og:image:height\" content=\"1219\" \/>\n\t<meta property=\"og:image:type\" content=\"image\/jpeg\" \/>\n<meta name=\"author\" content=\"Aurore Engelen\" \/>\n<meta name=\"twitter:card\" content=\"summary_large_image\" \/>\n<meta name=\"twitter:label1\" content=\"\u00c9crit par\" \/>\n\t<meta name=\"twitter:data1\" content=\"Aurore Engelen\" \/>\n\t<meta name=\"twitter:label2\" content=\"Dur\u00e9e de lecture estim\u00e9e\" \/>\n\t<meta name=\"twitter:data2\" content=\"9 minutes\" \/>\n<script type=\"application\/ld+json\" class=\"yoast-schema-graph\">{\"@context\":\"https:\/\/schema.org\",\"@graph\":[{\"@type\":\"Article\",\"@id\":\"https:\/\/welovecinema.be\/fr\/virginie-efira-il-a-fallu-que-jaccepte-la-melancolie-que-javais-en-moi\/#article\",\"isPartOf\":{\"@id\":\"https:\/\/welovecinema.be\/fr\/virginie-efira-il-a-fallu-que-jaccepte-la-melancolie-que-javais-en-moi\/\"},\"author\":{\"name\":\"Aurore Engelen\",\"@id\":\"https:\/\/welovecinema.be\/nl\/#\/schema\/person\/8084b68c6b176142d073695c654dc7cf\"},\"headline\":\"Virginie Efira: \u00ab\u00a0Il a fallu que j\u2019accepte la m\u00e9lancolie que j\u2019avais en moi\u00a0\u00bb\",\"datePublished\":\"2018-10-31T09:15:12+00:00\",\"dateModified\":\"2018-11-04T08:51:03+00:00\",\"mainEntityOfPage\":{\"@id\":\"https:\/\/welovecinema.be\/fr\/virginie-efira-il-a-fallu-que-jaccepte-la-melancolie-que-javais-en-moi\/\"},\"wordCount\":1829,\"publisher\":{\"@id\":\"https:\/\/welovecinema.be\/nl\/#organization\"},\"keywords\":[\"Un amour impossible\",\"Virginie Efira\"],\"articleSection\":[\"Rencontres\"],\"inLanguage\":\"fr-FR\"},{\"@type\":\"WebPage\",\"@id\":\"https:\/\/welovecinema.be\/fr\/virginie-efira-il-a-fallu-que-jaccepte-la-melancolie-que-javais-en-moi\/\",\"url\":\"https:\/\/welovecinema.be\/fr\/virginie-efira-il-a-fallu-que-jaccepte-la-melancolie-que-javais-en-moi\/\",\"name\":\"Virginie Efira: \\\"Il a fallu que j\u2019accepte la m\u00e9lancolie que j\u2019avais en moi\\\" - We Love Cinema\",\"isPartOf\":{\"@id\":\"https:\/\/welovecinema.be\/nl\/#website\"},\"datePublished\":\"2018-10-31T09:15:12+00:00\",\"dateModified\":\"2018-11-04T08:51:03+00:00\",\"breadcrumb\":{\"@id\":\"https:\/\/welovecinema.be\/fr\/virginie-efira-il-a-fallu-que-jaccepte-la-melancolie-que-javais-en-moi\/#breadcrumb\"},\"inLanguage\":\"fr-FR\",\"potentialAction\":[{\"@type\":\"ReadAction\",\"target\":[\"https:\/\/welovecinema.be\/fr\/virginie-efira-il-a-fallu-que-jaccepte-la-melancolie-que-javais-en-moi\/\"]}]},{\"@type\":\"BreadcrumbList\",\"@id\":\"https:\/\/welovecinema.be\/fr\/virginie-efira-il-a-fallu-que-jaccepte-la-melancolie-que-javais-en-moi\/#breadcrumb\",\"itemListElement\":[{\"@type\":\"ListItem\",\"position\":1,\"name\":\"Accueil\",\"item\":\"https:\/\/welovecinema.be\/fr\/\"},{\"@type\":\"ListItem\",\"position\":2,\"name\":\"Virginie Efira: \u00ab\u00a0Il a fallu que j\u2019accepte la m\u00e9lancolie que j\u2019avais en moi\u00a0\u00bb\"}]},{\"@type\":\"WebSite\",\"@id\":\"https:\/\/welovecinema.be\/nl\/#website\",\"url\":\"https:\/\/welovecinema.be\/nl\/\",\"name\":\"We Love Cinema\",\"description\":\"Toute l\u2019information du cin\u00e9ma en Belgique\",\"publisher\":{\"@id\":\"https:\/\/welovecinema.be\/nl\/#organization\"},\"potentialAction\":[{\"@type\":\"SearchAction\",\"target\":{\"@type\":\"EntryPoint\",\"urlTemplate\":\"https:\/\/welovecinema.be\/nl\/?s={search_term_string}\"},\"query-input\":\"required name=search_term_string\"}],\"inLanguage\":\"fr-FR\"},{\"@type\":\"Organization\",\"@id\":\"https:\/\/welovecinema.be\/nl\/#organization\",\"name\":\"We Love Cinema\",\"url\":\"https:\/\/welovecinema.be\/nl\/\",\"logo\":{\"@type\":\"ImageObject\",\"inLanguage\":\"fr-FR\",\"@id\":\"https:\/\/welovecinema.be\/nl\/#\/schema\/logo\/image\/\",\"url\":\"https:\/\/welovecinema.be\/wp-content\/uploads\/sites\/2\/2023\/03\/Logo-We-Love-Cinema305x128.jpg\",\"contentUrl\":\"https:\/\/welovecinema.be\/wp-content\/uploads\/sites\/2\/2023\/03\/Logo-We-Love-Cinema305x128.jpg\",\"width\":305,\"height\":128,\"caption\":\"We Love Cinema\"},\"image\":{\"@id\":\"https:\/\/welovecinema.be\/nl\/#\/schema\/logo\/image\/\"},\"sameAs\":[\"https:\/\/www.facebook.com\/welovecinema.be\",\"https:\/\/www.youtube.com\/channel\/UCX5LYGVhnKvYauW4Nta4HJA\",\"https:\/\/www.instagram.com\/welovecinema.be\/\"]},{\"@type\":\"Person\",\"@id\":\"https:\/\/welovecinema.be\/nl\/#\/schema\/person\/8084b68c6b176142d073695c654dc7cf\",\"name\":\"Aurore Engelen\",\"url\":\"https:\/\/welovecinema.be\/fr\/author\/aurore-engelen\/\"}]}<\/script>\n<!-- \/ Yoast SEO plugin. -->","yoast_head_json":{"title":"Virginie Efira: \"Il a fallu que j\u2019accepte la m\u00e9lancolie que j\u2019avais en moi\" - We Love Cinema","robots":{"index":"index","follow":"follow","max-snippet":"max-snippet:-1","max-image-preview":"max-image-preview:large","max-video-preview":"max-video-preview:-1"},"canonical":"https:\/\/welovecinema.be\/fr\/virginie-efira-il-a-fallu-que-jaccepte-la-melancolie-que-javais-en-moi\/","og_locale":"fr_FR","og_type":"article","og_title":"Virginie Efira: \"Il a fallu que j\u2019accepte la m\u00e9lancolie que j\u2019avais en moi\" - We Love Cinema","og_description":"Rencontre avec la com\u00e9dienne Virginie Efira qui nous parle de son r\u00f4le bouleversant dans Un amour impossible de Catherine Corsini, qui sort la semaine prochaine, et du nouveau tournant qu&rsquo;est en train de prendre sa carri\u00e8re.\u00a0 Est-ce que ce film repr\u00e9sente une nouvelle \u00e9tape dans votre carri\u00e8re? J&rsquo;avais ador\u00e9 le livre de Christine Angot quand &hellip;","og_url":"https:\/\/welovecinema.be\/fr\/virginie-efira-il-a-fallu-que-jaccepte-la-melancolie-que-javais-en-moi\/","og_site_name":"We Love Cinema","article_publisher":"https:\/\/www.facebook.com\/welovecinema.be","article_published_time":"2018-10-31T09:15:12+00:00","article_modified_time":"2018-11-04T08:51:03+00:00","og_image":[{"width":2153,"height":1219,"url":"https:\/\/welovecinema.be\/wp-content\/uploads\/sites\/2\/2018\/10\/IMG_2697.jpeg","type":"image\/jpeg"}],"author":"Aurore Engelen","twitter_card":"summary_large_image","twitter_misc":{"\u00c9crit par":"Aurore Engelen","Dur\u00e9e de lecture estim\u00e9e":"9 minutes"},"schema":{"@context":"https:\/\/schema.org","@graph":[{"@type":"Article","@id":"https:\/\/welovecinema.be\/fr\/virginie-efira-il-a-fallu-que-jaccepte-la-melancolie-que-javais-en-moi\/#article","isPartOf":{"@id":"https:\/\/welovecinema.be\/fr\/virginie-efira-il-a-fallu-que-jaccepte-la-melancolie-que-javais-en-moi\/"},"author":{"name":"Aurore Engelen","@id":"https:\/\/welovecinema.be\/nl\/#\/schema\/person\/8084b68c6b176142d073695c654dc7cf"},"headline":"Virginie Efira: \u00ab\u00a0Il a fallu que j\u2019accepte la m\u00e9lancolie que j\u2019avais en moi\u00a0\u00bb","datePublished":"2018-10-31T09:15:12+00:00","dateModified":"2018-11-04T08:51:03+00:00","mainEntityOfPage":{"@id":"https:\/\/welovecinema.be\/fr\/virginie-efira-il-a-fallu-que-jaccepte-la-melancolie-que-javais-en-moi\/"},"wordCount":1829,"publisher":{"@id":"https:\/\/welovecinema.be\/nl\/#organization"},"keywords":["Un amour impossible","Virginie Efira"],"articleSection":["Rencontres"],"inLanguage":"fr-FR"},{"@type":"WebPage","@id":"https:\/\/welovecinema.be\/fr\/virginie-efira-il-a-fallu-que-jaccepte-la-melancolie-que-javais-en-moi\/","url":"https:\/\/welovecinema.be\/fr\/virginie-efira-il-a-fallu-que-jaccepte-la-melancolie-que-javais-en-moi\/","name":"Virginie Efira: \"Il a fallu que j\u2019accepte la m\u00e9lancolie que j\u2019avais en moi\" - We Love Cinema","isPartOf":{"@id":"https:\/\/welovecinema.be\/nl\/#website"},"datePublished":"2018-10-31T09:15:12+00:00","dateModified":"2018-11-04T08:51:03+00:00","breadcrumb":{"@id":"https:\/\/welovecinema.be\/fr\/virginie-efira-il-a-fallu-que-jaccepte-la-melancolie-que-javais-en-moi\/#breadcrumb"},"inLanguage":"fr-FR","potentialAction":[{"@type":"ReadAction","target":["https:\/\/welovecinema.be\/fr\/virginie-efira-il-a-fallu-que-jaccepte-la-melancolie-que-javais-en-moi\/"]}]},{"@type":"BreadcrumbList","@id":"https:\/\/welovecinema.be\/fr\/virginie-efira-il-a-fallu-que-jaccepte-la-melancolie-que-javais-en-moi\/#breadcrumb","itemListElement":[{"@type":"ListItem","position":1,"name":"Accueil","item":"https:\/\/welovecinema.be\/fr\/"},{"@type":"ListItem","position":2,"name":"Virginie Efira: \u00ab\u00a0Il a fallu que j\u2019accepte la m\u00e9lancolie que j\u2019avais en moi\u00a0\u00bb"}]},{"@type":"WebSite","@id":"https:\/\/welovecinema.be\/nl\/#website","url":"https:\/\/welovecinema.be\/nl\/","name":"We Love Cinema","description":"Toute l\u2019information du cin\u00e9ma en Belgique","publisher":{"@id":"https:\/\/welovecinema.be\/nl\/#organization"},"potentialAction":[{"@type":"SearchAction","target":{"@type":"EntryPoint","urlTemplate":"https:\/\/welovecinema.be\/nl\/?s={search_term_string}"},"query-input":"required name=search_term_string"}],"inLanguage":"fr-FR"},{"@type":"Organization","@id":"https:\/\/welovecinema.be\/nl\/#organization","name":"We Love Cinema","url":"https:\/\/welovecinema.be\/nl\/","logo":{"@type":"ImageObject","inLanguage":"fr-FR","@id":"https:\/\/welovecinema.be\/nl\/#\/schema\/logo\/image\/","url":"https:\/\/welovecinema.be\/wp-content\/uploads\/sites\/2\/2023\/03\/Logo-We-Love-Cinema305x128.jpg","contentUrl":"https:\/\/welovecinema.be\/wp-content\/uploads\/sites\/2\/2023\/03\/Logo-We-Love-Cinema305x128.jpg","width":305,"height":128,"caption":"We Love Cinema"},"image":{"@id":"https:\/\/welovecinema.be\/nl\/#\/schema\/logo\/image\/"},"sameAs":["https:\/\/www.facebook.com\/welovecinema.be","https:\/\/www.youtube.com\/channel\/UCX5LYGVhnKvYauW4Nta4HJA","https:\/\/www.instagram.com\/welovecinema.be\/"]},{"@type":"Person","@id":"https:\/\/welovecinema.be\/nl\/#\/schema\/person\/8084b68c6b176142d073695c654dc7cf","name":"Aurore Engelen","url":"https:\/\/welovecinema.be\/fr\/author\/aurore-engelen\/"}]}},"_links":{"self":[{"href":"https:\/\/welovecinema.be\/fr\/wp-json\/wp\/v2\/posts\/214508","targetHints":{"allow":["GET"]}}],"collection":[{"href":"https:\/\/welovecinema.be\/fr\/wp-json\/wp\/v2\/posts"}],"about":[{"href":"https:\/\/welovecinema.be\/fr\/wp-json\/wp\/v2\/types\/post"}],"author":[{"embeddable":true,"href":"https:\/\/welovecinema.be\/fr\/wp-json\/wp\/v2\/users\/343"}],"replies":[{"embeddable":true,"href":"https:\/\/welovecinema.be\/fr\/wp-json\/wp\/v2\/comments?post=214508"}],"version-history":[{"count":0,"href":"https:\/\/welovecinema.be\/fr\/wp-json\/wp\/v2\/posts\/214508\/revisions"}],"wp:featuredmedia":[{"embeddable":true,"href":"https:\/\/welovecinema.be\/fr\/wp-json\/wp\/v2\/media\/214509"}],"wp:attachment":[{"href":"https:\/\/welovecinema.be\/fr\/wp-json\/wp\/v2\/media?parent=214508"}],"wp:term":[{"taxonomy":"category","embeddable":true,"href":"https:\/\/welovecinema.be\/fr\/wp-json\/wp\/v2\/categories?post=214508"},{"taxonomy":"post_tag","embeddable":true,"href":"https:\/\/welovecinema.be\/fr\/wp-json\/wp\/v2\/tags?post=214508"}],"curies":[{"name":"wp","href":"https:\/\/api.w.org\/{rel}","templated":true}]}}