{"id":214340,"date":"2018-10-26T10:36:46","date_gmt":"2018-10-26T08:36:46","guid":{"rendered":"https:\/\/www.cinevox.be\/?p=214340"},"modified":"2018-10-29T10:11:55","modified_gmt":"2018-10-29T09:11:55","slug":"insyriated-et-avec-thelma-en-lice-pour-les-6e-trophees-francophones","status":"publish","type":"post","link":"https:\/\/welovecinema.be\/fr\/insyriated-et-avec-thelma-en-lice-pour-les-6e-trophees-francophones\/","title":{"rendered":"\u00ab\u00a0Insyriated\u00a0\u00bb et \u00ab\u00a0Avec Thelma\u00a0\u00bb en lice pour les 6e Troph\u00e9es Francophones"},"content":{"rendered":"<p><strong>La 6\u00e8me \u00e9dition des Troph\u00e9es Francophones du Cin\u00e9ma se d\u00e9roulera \u00e0 Saint-Louis du S\u00e9n\u00e9gal du 20 novembre au 8 d\u00e9cembre 2018<\/strong>.<\/p>\n<p>V\u00e9ritables \u00ab Oscars \u00bb des cin\u00e9matographies de la francophonie, les Troph\u00e9es Francophones du Cin\u00e9ma c\u00e9l\u00e8brent chaque ann\u00e9e la richesse et la diversit\u00e9 du cin\u00e9ma des pays de la francophonie. Cette manifestation annuelle et itin\u00e9rante a pour objectif principal d\u2019encourager la diversit\u00e9 et la libert\u00e9 de cr\u00e9ation cin\u00e9matographique au sein des pays de la francophonie, d\u2019attirer l\u2019attention des publics sur ces cin\u00e9mas, et d\u2019y stimuler le dynamisme de leur fili\u00e8re audiovisuelle.<\/p>\n<p>La Belgique y sera doublement repr\u00e9sent\u00e9e par <a href=\"https:\/\/www.cinevox.be\/fr\/insyriated-vivre-malgre\/\"><em>Insyriated<\/em><\/a> et Avec Thelma.<\/p>\n<p>Le long m\u00e9trage de Philippe Van Leeuw, qui a d\u00e9j\u00e0 derri\u00e8re lui une magnifique carri\u00e8re en festival et de tr\u00e8s nombreux prix, concourra pour la r\u00e9compense supr\u00eame, le Troph\u00e9e francophone du Meilleur long m\u00e9trage, mais aussi pour le Troph\u00e9e de la Meilleure r\u00e9alisation, et celui de la Meilleure interpr\u00e9tation f\u00e9minine pour Hiam Abbas.<\/p>\n<p>Quant \u00e0 <em>Avec Thelm<\/em>a, le film de Rapha\u00ebl Balboni et Ann Sirot, il sera bien entendu en lice pour le Troph\u00e9e du Meilleur court m\u00e9trage.<\/p>\n<p>La C\u00e9r\u00e9monie des 6e Troph\u00e9es Francophones aura lieu le 8 d\u00e9cembre.<\/p>\n<p>Notons que par le pass\u00e9, de nombreux films belges ont \u00e9t\u00e9 nomm\u00e9s pour les Troph\u00e9es, et que la Belgique a d\u00e9j\u00e0 brill\u00e9 au palmar\u00e8s.\u00a0En 2013, la com\u00e9dienne Manie Malone recevait le Troph\u00e9e du Meilleur Second r\u00f4le f\u00e9minin pour <em>Viva Riva<\/em> de Djo Munga. En 2014, Anne Paulicevich et Philippe Blasband recevait le Troph\u00e9e du Meilleur sc\u00e9nario pour <em>Tango Libre<\/em>. Enfin en 2016 <em>Le Tout Nouveau Testament<\/em> remportait deux prix, le Troph\u00e9e du Meilleur sc\u00e9nario pour Thomas Gunzig et Jaco Van Dormael, et celui du Meilleur com\u00e9dien pour Beno\u00eet Poelvoorde.<\/p>\n<p>&nbsp;<\/p>\n<p>La liste int\u00e9grale des nominations est disponible <a href=\"https:\/\/www.trophees-francophones.org\/\">ici<\/a>.<\/p>\n","protected":false},"excerpt":{"rendered":"<p>La 6\u00e8me \u00e9dition des Troph\u00e9es Francophones du Cin\u00e9ma se d\u00e9roulera \u00e0 Saint-Louis du S\u00e9n\u00e9gal du 20 novembre au 8 d\u00e9cembre 2018. V\u00e9ritables \u00ab Oscars \u00bb des cin\u00e9matographies de la francophonie, les Troph\u00e9es Francophones du Cin\u00e9ma c\u00e9l\u00e8brent chaque ann\u00e9e la richesse et la diversit\u00e9 du cin\u00e9ma des pays de la francophonie. Cette manifestation annuelle et itin\u00e9rante &hellip;<\/p>\n","protected":false},"author":343,"featured_media":214341,"comment_status":"closed","ping_status":"closed","sticky":false,"template":"","format":"standard","meta":{"ngg_post_thumbnail":0,"footnotes":""},"categories":[12],"tags":[3990,1918],"class_list":["post-214340","post","type-post","status-publish","format-standard","has-post-thumbnail","","category-awards","tag-avec-thelma","tag-insyriated"],"yoast_head":"<!-- This site is optimized with the Yoast SEO plugin v20.4 - https:\/\/yoast.com\/wordpress\/plugins\/seo\/ -->\n<title>&quot;Insyriated&quot; et &quot;Avec Thelma&quot; en lice pour les 6e Troph\u00e9es Francophones - We Love Cinema<\/title>\n<meta name=\"robots\" content=\"index, follow, max-snippet:-1, max-image-preview:large, max-video-preview:-1\" \/>\n<link rel=\"canonical\" href=\"https:\/\/welovecinema.be\/fr\/insyriated-et-avec-thelma-en-lice-pour-les-6e-trophees-francophones\/\" \/>\n<meta property=\"og:locale\" content=\"fr_FR\" \/>\n<meta property=\"og:type\" content=\"article\" \/>\n<meta property=\"og:title\" content=\"&quot;Insyriated&quot; et &quot;Avec Thelma&quot; en lice pour les 6e Troph\u00e9es Francophones - We Love Cinema\" \/>\n<meta property=\"og:description\" content=\"La 6\u00e8me \u00e9dition des Troph\u00e9es Francophones du Cin\u00e9ma se d\u00e9roulera \u00e0 Saint-Louis du S\u00e9n\u00e9gal du 20 novembre au 8 d\u00e9cembre 2018. V\u00e9ritables \u00ab Oscars \u00bb des cin\u00e9matographies de la francophonie, les Troph\u00e9es Francophones du Cin\u00e9ma c\u00e9l\u00e8brent chaque ann\u00e9e la richesse et la diversit\u00e9 du cin\u00e9ma des pays de la francophonie. Cette manifestation annuelle et itin\u00e9rante &hellip;\" \/>\n<meta property=\"og:url\" content=\"https:\/\/welovecinema.be\/fr\/insyriated-et-avec-thelma-en-lice-pour-les-6e-trophees-francophones\/\" \/>\n<meta property=\"og:site_name\" content=\"We Love Cinema\" \/>\n<meta property=\"article:publisher\" content=\"https:\/\/www.facebook.com\/welovecinema.be\" \/>\n<meta property=\"article:published_time\" content=\"2018-10-26T08:36:46+00:00\" \/>\n<meta property=\"article:modified_time\" content=\"2018-10-29T09:11:55+00:00\" \/>\n<meta property=\"og:image\" content=\"https:\/\/welovecinema.be\/wp-content\/uploads\/sites\/2\/2018\/10\/Trophees.jpg\" \/>\n\t<meta property=\"og:image:width\" content=\"2400\" \/>\n\t<meta property=\"og:image:height\" content=\"1200\" \/>\n\t<meta property=\"og:image:type\" content=\"image\/jpeg\" \/>\n<meta name=\"author\" content=\"Aurore Engelen\" \/>\n<meta name=\"twitter:card\" content=\"summary_large_image\" \/>\n<meta name=\"twitter:label1\" content=\"\u00c9crit par\" \/>\n\t<meta name=\"twitter:data1\" content=\"Aurore Engelen\" \/>\n\t<meta name=\"twitter:label2\" content=\"Dur\u00e9e de lecture estim\u00e9e\" \/>\n\t<meta name=\"twitter:data2\" content=\"2 minutes\" \/>\n<script type=\"application\/ld+json\" class=\"yoast-schema-graph\">{\"@context\":\"https:\/\/schema.org\",\"@graph\":[{\"@type\":\"Article\",\"@id\":\"https:\/\/welovecinema.be\/fr\/insyriated-et-avec-thelma-en-lice-pour-les-6e-trophees-francophones\/#article\",\"isPartOf\":{\"@id\":\"https:\/\/welovecinema.be\/fr\/insyriated-et-avec-thelma-en-lice-pour-les-6e-trophees-francophones\/\"},\"author\":{\"name\":\"Aurore Engelen\",\"@id\":\"https:\/\/welovecinema.be\/nl\/#\/schema\/person\/8084b68c6b176142d073695c654dc7cf\"},\"headline\":\"\u00ab\u00a0Insyriated\u00a0\u00bb et \u00ab\u00a0Avec Thelma\u00a0\u00bb en lice pour les 6e Troph\u00e9es Francophones\",\"datePublished\":\"2018-10-26T08:36:46+00:00\",\"dateModified\":\"2018-10-29T09:11:55+00:00\",\"mainEntityOfPage\":{\"@id\":\"https:\/\/welovecinema.be\/fr\/insyriated-et-avec-thelma-en-lice-pour-les-6e-trophees-francophones\/\"},\"wordCount\":351,\"publisher\":{\"@id\":\"https:\/\/welovecinema.be\/nl\/#organization\"},\"keywords\":[\"Avec thelma\",\"Insyriated\"],\"articleSection\":[\"Evenements\"],\"inLanguage\":\"fr-FR\"},{\"@type\":\"WebPage\",\"@id\":\"https:\/\/welovecinema.be\/fr\/insyriated-et-avec-thelma-en-lice-pour-les-6e-trophees-francophones\/\",\"url\":\"https:\/\/welovecinema.be\/fr\/insyriated-et-avec-thelma-en-lice-pour-les-6e-trophees-francophones\/\",\"name\":\"\\\"Insyriated\\\" et \\\"Avec Thelma\\\" en lice pour les 6e Troph\u00e9es Francophones - We Love Cinema\",\"isPartOf\":{\"@id\":\"https:\/\/welovecinema.be\/nl\/#website\"},\"datePublished\":\"2018-10-26T08:36:46+00:00\",\"dateModified\":\"2018-10-29T09:11:55+00:00\",\"breadcrumb\":{\"@id\":\"https:\/\/welovecinema.be\/fr\/insyriated-et-avec-thelma-en-lice-pour-les-6e-trophees-francophones\/#breadcrumb\"},\"inLanguage\":\"fr-FR\",\"potentialAction\":[{\"@type\":\"ReadAction\",\"target\":[\"https:\/\/welovecinema.be\/fr\/insyriated-et-avec-thelma-en-lice-pour-les-6e-trophees-francophones\/\"]}]},{\"@type\":\"BreadcrumbList\",\"@id\":\"https:\/\/welovecinema.be\/fr\/insyriated-et-avec-thelma-en-lice-pour-les-6e-trophees-francophones\/#breadcrumb\",\"itemListElement\":[{\"@type\":\"ListItem\",\"position\":1,\"name\":\"Accueil\",\"item\":\"https:\/\/welovecinema.be\/fr\/\"},{\"@type\":\"ListItem\",\"position\":2,\"name\":\"\u00ab\u00a0Insyriated\u00a0\u00bb et \u00ab\u00a0Avec Thelma\u00a0\u00bb en lice pour les 6e Troph\u00e9es Francophones\"}]},{\"@type\":\"WebSite\",\"@id\":\"https:\/\/welovecinema.be\/nl\/#website\",\"url\":\"https:\/\/welovecinema.be\/nl\/\",\"name\":\"We Love Cinema\",\"description\":\"Toute l\u2019information du cin\u00e9ma en Belgique\",\"publisher\":{\"@id\":\"https:\/\/welovecinema.be\/nl\/#organization\"},\"potentialAction\":[{\"@type\":\"SearchAction\",\"target\":{\"@type\":\"EntryPoint\",\"urlTemplate\":\"https:\/\/welovecinema.be\/nl\/?s={search_term_string}\"},\"query-input\":\"required name=search_term_string\"}],\"inLanguage\":\"fr-FR\"},{\"@type\":\"Organization\",\"@id\":\"https:\/\/welovecinema.be\/nl\/#organization\",\"name\":\"We Love Cinema\",\"url\":\"https:\/\/welovecinema.be\/nl\/\",\"logo\":{\"@type\":\"ImageObject\",\"inLanguage\":\"fr-FR\",\"@id\":\"https:\/\/welovecinema.be\/nl\/#\/schema\/logo\/image\/\",\"url\":\"https:\/\/welovecinema.be\/wp-content\/uploads\/sites\/2\/2023\/03\/Logo-We-Love-Cinema305x128.jpg\",\"contentUrl\":\"https:\/\/welovecinema.be\/wp-content\/uploads\/sites\/2\/2023\/03\/Logo-We-Love-Cinema305x128.jpg\",\"width\":305,\"height\":128,\"caption\":\"We Love Cinema\"},\"image\":{\"@id\":\"https:\/\/welovecinema.be\/nl\/#\/schema\/logo\/image\/\"},\"sameAs\":[\"https:\/\/www.facebook.com\/welovecinema.be\",\"https:\/\/www.youtube.com\/channel\/UCX5LYGVhnKvYauW4Nta4HJA\",\"https:\/\/www.instagram.com\/welovecinema.be\/\"]},{\"@type\":\"Person\",\"@id\":\"https:\/\/welovecinema.be\/nl\/#\/schema\/person\/8084b68c6b176142d073695c654dc7cf\",\"name\":\"Aurore Engelen\",\"url\":\"https:\/\/welovecinema.be\/fr\/author\/aurore-engelen\/\"}]}<\/script>\n<!-- \/ Yoast SEO plugin. -->","yoast_head_json":{"title":"\"Insyriated\" et \"Avec Thelma\" en lice pour les 6e Troph\u00e9es Francophones - We Love Cinema","robots":{"index":"index","follow":"follow","max-snippet":"max-snippet:-1","max-image-preview":"max-image-preview:large","max-video-preview":"max-video-preview:-1"},"canonical":"https:\/\/welovecinema.be\/fr\/insyriated-et-avec-thelma-en-lice-pour-les-6e-trophees-francophones\/","og_locale":"fr_FR","og_type":"article","og_title":"\"Insyriated\" et \"Avec Thelma\" en lice pour les 6e Troph\u00e9es Francophones - We Love Cinema","og_description":"La 6\u00e8me \u00e9dition des Troph\u00e9es Francophones du Cin\u00e9ma se d\u00e9roulera \u00e0 Saint-Louis du S\u00e9n\u00e9gal du 20 novembre au 8 d\u00e9cembre 2018. V\u00e9ritables \u00ab Oscars \u00bb des cin\u00e9matographies de la francophonie, les Troph\u00e9es Francophones du Cin\u00e9ma c\u00e9l\u00e8brent chaque ann\u00e9e la richesse et la diversit\u00e9 du cin\u00e9ma des pays de la francophonie. Cette manifestation annuelle et itin\u00e9rante &hellip;","og_url":"https:\/\/welovecinema.be\/fr\/insyriated-et-avec-thelma-en-lice-pour-les-6e-trophees-francophones\/","og_site_name":"We Love Cinema","article_publisher":"https:\/\/www.facebook.com\/welovecinema.be","article_published_time":"2018-10-26T08:36:46+00:00","article_modified_time":"2018-10-29T09:11:55+00:00","og_image":[{"width":2400,"height":1200,"url":"https:\/\/welovecinema.be\/wp-content\/uploads\/sites\/2\/2018\/10\/Trophees.jpg","type":"image\/jpeg"}],"author":"Aurore Engelen","twitter_card":"summary_large_image","twitter_misc":{"\u00c9crit par":"Aurore Engelen","Dur\u00e9e de lecture estim\u00e9e":"2 minutes"},"schema":{"@context":"https:\/\/schema.org","@graph":[{"@type":"Article","@id":"https:\/\/welovecinema.be\/fr\/insyriated-et-avec-thelma-en-lice-pour-les-6e-trophees-francophones\/#article","isPartOf":{"@id":"https:\/\/welovecinema.be\/fr\/insyriated-et-avec-thelma-en-lice-pour-les-6e-trophees-francophones\/"},"author":{"name":"Aurore Engelen","@id":"https:\/\/welovecinema.be\/nl\/#\/schema\/person\/8084b68c6b176142d073695c654dc7cf"},"headline":"\u00ab\u00a0Insyriated\u00a0\u00bb et \u00ab\u00a0Avec Thelma\u00a0\u00bb en lice pour les 6e Troph\u00e9es Francophones","datePublished":"2018-10-26T08:36:46+00:00","dateModified":"2018-10-29T09:11:55+00:00","mainEntityOfPage":{"@id":"https:\/\/welovecinema.be\/fr\/insyriated-et-avec-thelma-en-lice-pour-les-6e-trophees-francophones\/"},"wordCount":351,"publisher":{"@id":"https:\/\/welovecinema.be\/nl\/#organization"},"keywords":["Avec thelma","Insyriated"],"articleSection":["Evenements"],"inLanguage":"fr-FR"},{"@type":"WebPage","@id":"https:\/\/welovecinema.be\/fr\/insyriated-et-avec-thelma-en-lice-pour-les-6e-trophees-francophones\/","url":"https:\/\/welovecinema.be\/fr\/insyriated-et-avec-thelma-en-lice-pour-les-6e-trophees-francophones\/","name":"\"Insyriated\" et \"Avec Thelma\" en lice pour les 6e Troph\u00e9es Francophones - We Love Cinema","isPartOf":{"@id":"https:\/\/welovecinema.be\/nl\/#website"},"datePublished":"2018-10-26T08:36:46+00:00","dateModified":"2018-10-29T09:11:55+00:00","breadcrumb":{"@id":"https:\/\/welovecinema.be\/fr\/insyriated-et-avec-thelma-en-lice-pour-les-6e-trophees-francophones\/#breadcrumb"},"inLanguage":"fr-FR","potentialAction":[{"@type":"ReadAction","target":["https:\/\/welovecinema.be\/fr\/insyriated-et-avec-thelma-en-lice-pour-les-6e-trophees-francophones\/"]}]},{"@type":"BreadcrumbList","@id":"https:\/\/welovecinema.be\/fr\/insyriated-et-avec-thelma-en-lice-pour-les-6e-trophees-francophones\/#breadcrumb","itemListElement":[{"@type":"ListItem","position":1,"name":"Accueil","item":"https:\/\/welovecinema.be\/fr\/"},{"@type":"ListItem","position":2,"name":"\u00ab\u00a0Insyriated\u00a0\u00bb et \u00ab\u00a0Avec Thelma\u00a0\u00bb en lice pour les 6e Troph\u00e9es Francophones"}]},{"@type":"WebSite","@id":"https:\/\/welovecinema.be\/nl\/#website","url":"https:\/\/welovecinema.be\/nl\/","name":"We Love Cinema","description":"Toute l\u2019information du cin\u00e9ma en Belgique","publisher":{"@id":"https:\/\/welovecinema.be\/nl\/#organization"},"potentialAction":[{"@type":"SearchAction","target":{"@type":"EntryPoint","urlTemplate":"https:\/\/welovecinema.be\/nl\/?s={search_term_string}"},"query-input":"required name=search_term_string"}],"inLanguage":"fr-FR"},{"@type":"Organization","@id":"https:\/\/welovecinema.be\/nl\/#organization","name":"We Love Cinema","url":"https:\/\/welovecinema.be\/nl\/","logo":{"@type":"ImageObject","inLanguage":"fr-FR","@id":"https:\/\/welovecinema.be\/nl\/#\/schema\/logo\/image\/","url":"https:\/\/welovecinema.be\/wp-content\/uploads\/sites\/2\/2023\/03\/Logo-We-Love-Cinema305x128.jpg","contentUrl":"https:\/\/welovecinema.be\/wp-content\/uploads\/sites\/2\/2023\/03\/Logo-We-Love-Cinema305x128.jpg","width":305,"height":128,"caption":"We Love Cinema"},"image":{"@id":"https:\/\/welovecinema.be\/nl\/#\/schema\/logo\/image\/"},"sameAs":["https:\/\/www.facebook.com\/welovecinema.be","https:\/\/www.youtube.com\/channel\/UCX5LYGVhnKvYauW4Nta4HJA","https:\/\/www.instagram.com\/welovecinema.be\/"]},{"@type":"Person","@id":"https:\/\/welovecinema.be\/nl\/#\/schema\/person\/8084b68c6b176142d073695c654dc7cf","name":"Aurore Engelen","url":"https:\/\/welovecinema.be\/fr\/author\/aurore-engelen\/"}]}},"_links":{"self":[{"href":"https:\/\/welovecinema.be\/fr\/wp-json\/wp\/v2\/posts\/214340","targetHints":{"allow":["GET"]}}],"collection":[{"href":"https:\/\/welovecinema.be\/fr\/wp-json\/wp\/v2\/posts"}],"about":[{"href":"https:\/\/welovecinema.be\/fr\/wp-json\/wp\/v2\/types\/post"}],"author":[{"embeddable":true,"href":"https:\/\/welovecinema.be\/fr\/wp-json\/wp\/v2\/users\/343"}],"replies":[{"embeddable":true,"href":"https:\/\/welovecinema.be\/fr\/wp-json\/wp\/v2\/comments?post=214340"}],"version-history":[{"count":0,"href":"https:\/\/welovecinema.be\/fr\/wp-json\/wp\/v2\/posts\/214340\/revisions"}],"wp:featuredmedia":[{"embeddable":true,"href":"https:\/\/welovecinema.be\/fr\/wp-json\/wp\/v2\/media\/214341"}],"wp:attachment":[{"href":"https:\/\/welovecinema.be\/fr\/wp-json\/wp\/v2\/media?parent=214340"}],"wp:term":[{"taxonomy":"category","embeddable":true,"href":"https:\/\/welovecinema.be\/fr\/wp-json\/wp\/v2\/categories?post=214340"},{"taxonomy":"post_tag","embeddable":true,"href":"https:\/\/welovecinema.be\/fr\/wp-json\/wp\/v2\/tags?post=214340"}],"curies":[{"name":"wp","href":"https:\/\/api.w.org\/{rel}","templated":true}]}}