{"id":211190,"date":"2018-07-16T11:45:21","date_gmt":"2018-07-16T09:45:21","guid":{"rendered":"https:\/\/www.cinevox.be\/?p=211190"},"modified":"2019-04-29T11:06:21","modified_gmt":"2019-04-29T09:06:21","slug":"rencontre-avec-meryl-fortunat-rossi-et-valery-rosier","status":"publish","type":"post","link":"https:\/\/welovecinema.be\/fr\/rencontre-avec-meryl-fortunat-rossi-et-valery-rosier\/","title":{"rendered":"Rencontre avec M\u00e9ryl Fortunat-Rossi et Val\u00e9ry Rosier"},"content":{"rendered":"<p class=\"p1\"><span class=\"s1\"><b>Avec\u00a0<\/b><i>La Grand-Messe<\/i><b>, qui sort ce mercredi 1er mai en Belgique, M\u00e9ryl Fortunat-Rossi et Val\u00e9ry Rosier livrent un portrait aussi \u00e9mouvant qu\u2019amusant de ces vacanciers pass\u00e9s ma\u00eetres dans l\u2019art de passer le temps, une poign\u00e9e de fans du Tour de France s\u2019installe sur le bord de la route pour profiter au mieux du (furtif) passage des h\u00e9ros de la Grande Boucle. On a rencontr\u00e9 M\u00e9ryl Fortunat-Rossi et Val\u00e9ry Rosier (qui nous a rejoints en cours d&rsquo;entretien) lors de la pr\u00e9sentation du film pendant le dernier BRIFF.<\/b><\/span><\/p>\n<h4 class=\"p1\"><span class=\"s1\">D\u2019o\u00f9 vient l\u2019envie de suivre ceux qui attendent le Tour de France?<\/span><\/h4>\n<p class=\"p1\"><strong><span class=\"s1\">Meryl Fortunat-Rossi<\/span><\/strong><\/p>\n<p class=\"p1\"><span class=\"s1\">Nous sommes tous les deux fans de v\u00e9lo, \u00e0 l\u2019IAD, on \u00e9tait un peu les deux seuls \u00e0 aimer le sport, \u00e7a nous a toujours r\u00e9unis! On fait partie des rares gens qui comprennent le Tour, et arrivent \u00e0 s\u2019amuser en regardant des coureurs pendant des heures. On s\u2019est dit qu\u2019on pourrait mixer nos savoir-faire. Je travaille beaucoup sur le hors-champ en ce moment, et l\u00e0, on voulait prendre le temps du hors champ, avec des gens qu\u2019on ne voit jamais, \u00e0 part dans des tous petits r\u00e9sum\u00e9s \u00e0 la t\u00e9l\u00e9.<\/span><\/p>\n<p class=\"p1\"><span class=\"s1\">C\u2019est compliqu\u00e9 de filmer des gens qui attendent. On voulait se poser avec eux, et attendre.<\/span><\/p>\n<h4 class=\"p1\"><span class=\"s1\">C\u2019est un film sur le temps d\u2019avoir le temps?<\/span><\/h4>\n<p class=\"p1\"><strong><span class=\"s1\">Meryl Fortunat-Rossi<\/span><\/strong><\/p>\n<p class=\"p1\"><span class=\"s1\">Oui, et finalement, c\u2019est un film sur des gens heureux, et \u00e7a je ne m\u2019y attendais pas \u00e0 ce point-l\u00e0. Je trouvais que c\u2019\u00e9tait une belle le\u00e7on de vie. Ils ont tout le temps le sourire, juste parce qu\u2019ils sont heureux de rencontrer des gens, de partager. Il y a une forme d\u2019insouciance. M\u00eame s\u2019ils ont des probl\u00e8mes chez eux, ici les gens sont avenants, d\u00e9contract\u00e9s. C\u2019est un petit espace de libert\u00e9. <\/span><\/p>\n<p class=\"p1\"><span class=\"s1\">Ils ont tous pourtant des parcours de vie difficiles. Ils sont tous ouvriers, ont tous souffert, ils ont d\u00fb \u00e9pargner. C\u2019est peut-\u00eatre pour \u00e7a qu\u2019ils aiment le v\u00e9lo, l\u2019endurance et la pers\u00e9v\u00e9rance. Ils ont \u00e9conomis\u00e9, pendant 20 ans, pour acheter ce camping car. C\u2019est le r\u00eave d\u2019une vie! Ils en profitent enfin. <\/span><\/p>\n<p class=\"p1\"><span class=\"s1\">Plusieurs th\u00e8mes se sont d\u00e9gag\u00e9s finalement: la retraite, le travail, les ouvriers, le c\u00f4t\u00e9 vieille France. Ce qu\u2019on n\u2019avait pas anticip\u00e9, c\u2019est la place des femmes dans le film. On a h\u00e9sit\u00e9 un moment \u00e0 faire des portraits de femmes, et finalement, \u00e7a devient des portraits de couples. Ils sont tr\u00e8s beaux dans leur couple aussi.<\/span><\/p>\n<p><img loading=\"lazy\" decoding=\"async\" class=\"alignnone size-large wp-image-210592\" src=\"https:\/\/www.cinevox.be\/wp-content\/uploads\/sites\/2\/2018\/06\/LaGrandMesse-800x267.jpeg\" alt=\"\" width=\"618\" height=\"206\" srcset=\"https:\/\/welovecinema.be\/wp-content\/uploads\/sites\/2\/2018\/06\/LaGrandMesse-800x267.jpeg 800w, https:\/\/welovecinema.be\/wp-content\/uploads\/sites\/2\/2018\/06\/LaGrandMesse-480x160.jpeg 480w, https:\/\/welovecinema.be\/wp-content\/uploads\/sites\/2\/2018\/06\/LaGrandMesse-768x256.jpeg 768w\" sizes=\"auto, (max-width: 618px) 100vw, 618px\" \/><\/p>\n<h4 class=\"p1\"><span class=\"s1\"><b>C\u2019est un projet commun, o\u00f9 tout le monde trouve son compte?<\/b><\/span><\/h4>\n<p class=\"p1\"><strong><span class=\"s1\">Meryl Fortunat-Rossi<\/span><\/strong><\/p>\n<p class=\"p1\"><span class=\"s1\">Oui, d\u2019ailleurs \u00e7a parait compl\u00e8tement dingue, mais certains ne sont m\u00eame pas l\u00e0 pour le v\u00e9lo, c\u2019est accessoire pour eux! Ils sont l\u00e0 d\u2019abord pour pouvoir mettre la table au bord de la route, \u00eatre en vacances.<\/span><\/p>\n<p class=\"p1\"><span class=\"s1\">C\u2019est une g\u00e9n\u00e9ration de camping-cariste, c\u2019est li\u00e9 \u00e0 la retraite aussi. Il nous ont racont\u00e9 leurs vacances en camping-car, c\u2019est un mode de vie. Ils sont conscients du temps, et du fait que chaque seconde doit \u00eatre savour\u00e9e.<\/span><\/p>\n<p class=\"p1\"><span class=\"s1\"><b>Pourquoi retravailler ensemble aujourd\u2019hui?<\/b><\/span><\/p>\n<p class=\"p1\"><strong><span class=\"s1\">Val\u00e9ry Rosier<\/span><\/strong><\/p>\n<p class=\"p1\"><span class=\"s1\">On avait fait un court m\u00e9trage ensemble \u00e0 la sortie de l\u2019\u00e9cole, puis on a travaill\u00e9 chacun de notre c\u00f4t\u00e9, M\u00e9ryl a fait des docs, a beaucoup travaill\u00e9 avec Xavier Seron, moi j\u2019ai eu des projets solos, et on avait envie de retenter l\u2019exp\u00e9rience ensemble. En sortant de l\u2019\u00e9cole, on a fait un court m\u00e9trage, mais aussi plein de petits projets qui n\u2019ont jamais abouti. Par exemple, mon documentaire <i>Silence Radio<\/i> qui suit des personnes \u00e2g\u00e9es qui parlent des chansons qui ont marqu\u00e9 leur vie, vient au d\u00e9part d\u2019une envie avec M\u00e9ryl de faire des petites capsules pour la t\u00e9l\u00e9. On a pass\u00e9 du temps sur ce projet, que la RTBF a refus\u00e9, et que j\u2019ai transform\u00e9 en autre chose, mais c\u2019est vrai qu\u2019on a d\u00e9j\u00e0 beaucoup travaill\u00e9 ensemble, m\u00eame si \u00e7a n\u2019a pas forc\u00e9ment abouti. <\/span><\/p>\n<p class=\"p1\"><strong><span class=\"s1\">Meryl Fortunat-Rossi<\/span><\/strong><\/p>\n<p class=\"p1\"><span class=\"s1\">Le cin\u00e9ma de Val\u00e9ry, les petits vieux, les caf\u00e9s, c\u2019est quelque chose qu\u2019on partage, on a beaucoup travaill\u00e9 \u00e0 deux l\u00e0 dessus il y a longtemps. <\/span><\/p>\n<p class=\"p1\"><span class=\"s1\">Quand je travaille avec Xavier, c\u2019est un cin\u00e9ma qui s\u2019est trouv\u00e9 au milieu de nos deux univers. On fait chacun un pas de c\u00f4t\u00e9 pour se rencontrer. Mais avec Val\u00e9ry, on a deux cin\u00e9mas compl\u00e9mentaires, on sait o\u00f9 sont nos forces, et on essaie de les faire fructifier avec le m\u00eame amour des gens.<\/span><\/p>\n<p><img loading=\"lazy\" decoding=\"async\" class=\"alignnone size-full wp-image-210687\" src=\"https:\/\/www.cinevox.be\/wp-content\/uploads\/sites\/2\/2018\/06\/LaGrandMesse_STILL_1.jpg\" alt=\"LaGrandMesse_STILL_1\" width=\"576\" height=\"241\" srcset=\"https:\/\/welovecinema.be\/wp-content\/uploads\/sites\/2\/2018\/06\/LaGrandMesse_STILL_1.jpg 576w, https:\/\/welovecinema.be\/wp-content\/uploads\/sites\/2\/2018\/06\/LaGrandMesse_STILL_1-480x201.jpg 480w\" sizes=\"auto, (max-width: 576px) 100vw, 576px\" \/><\/p>\n<h4 class=\"p1\"><span class=\"s1\">Les plans a\u00e9riens offrent de vraies respirations et une contextualisation de l\u2019attente?<\/span><\/h4>\n<p class=\"p1\"><strong><span class=\"s1\">Meryl Fortunat-Rossi<\/span><\/strong><\/p>\n<p class=\"p1\"><span class=\"s1\">Ca, c\u2019est l\u2019une des bonnes id\u00e9es de Val\u00e9ry! On avait deux probl\u00e8mes, c\u2019\u00e9tait visualiser les gens dans la montagne, et montrer l\u2019affluence qui se cr\u00e9e au fur et \u00e0 mesure, l\u2019engouement qui monte.<\/span><\/p>\n<p class=\"p1\"><strong><span class=\"s1\">Val\u00e9ry Rosier<\/span><\/strong><\/p>\n<p class=\"p1\"><span class=\"s1\">A la base, j\u2019ai un ami qui fait du drone, et en discutant avec M\u00e9ryl du d\u00e9coupage, comment on allait filmer le film en plans fixes, on avait envie de faire non pas du drone en mouvement mais des plans de drone fixe, immobiles, comme si on voyait des gens de plein d\u2019axes diff\u00e9rents, dont l\u2019axe du ciel. Et puis on trouvait \u00e7a tr\u00e8s beau ces boucles de virage vues d\u2019en haut.<\/span><\/p>\n<h4 class=\"p1\"><span class=\"s1\">Pouvez-vous me parler du travail sur la musique?<\/span><\/h4>\n<p class=\"p1\"><strong><span class=\"s1\">Val\u00e9ry Rosier<\/span><\/strong><\/p>\n<p class=\"p1\"><span class=\"s1\">Il y a deux genres de musique, l\u2019une un peu religieuse, qui nous permet en autres de dresse un parall\u00e8le avec les p\u00e8lerinages, d\u2019o\u00f9 le <i>Gloria<\/i> de Vivaldi qu\u2019on adore. Quant au Bol\u00e9ro de Ravel, non seulement il est d\u00e9j\u00e0 li\u00e9 au v\u00e9lo en Belgique, mais en plus c\u2019est une musique tr\u00e8s \u00e9volutive, qui permet de faire monter la tension, tout en \u00e9tant un peu comique, ou presque. <\/span><\/p>\n<h4 class=\"p1\"><span class=\"s1\">Finalement, comment on regarde des gens qui regardent? C\u2019est un film sur des spectateurs? <\/span><\/h4>\n<p class=\"p1\"><strong><span class=\"s1\">Meryl Fortunat-Rossi<\/span><\/strong><\/p>\n<p class=\"p1\"><span class=\"s1\">Notre public voit des gens qui regardent d\u2019autres gens.\u00a0D\u2019ailleurs c\u2019est un truc qu\u2019on avait exp\u00e9riment\u00e9 avec Val\u00e9ry, on avait fait une s\u00e9rie de rush sur des gens qui regardent la t\u00e9l\u00e9, dans nos nombreux projets!<\/span><\/p>\n<p class=\"p1\"><strong><span class=\"s1\">Val\u00e9ry Rosier<\/span><\/strong><\/p>\n<p class=\"p1\"><span class=\"s1\">En fait on regardait avec eux, et puis \u00e0 un moment on s\u2019est retourn\u00e9s.<\/span><\/p>\n<p class=\"p1\">\n","protected":false},"excerpt":{"rendered":"<p>Avec\u00a0La Grand-Messe, qui sort ce mercredi 1er mai en Belgique, M\u00e9ryl Fortunat-Rossi et Val\u00e9ry Rosier livrent un portrait aussi \u00e9mouvant qu\u2019amusant de ces vacanciers pass\u00e9s ma\u00eetres dans l\u2019art de passer le temps, une poign\u00e9e de fans du Tour de France s\u2019installe sur le bord de la route pour profiter au mieux du (furtif) passage des &hellip;<\/p>\n","protected":false},"author":343,"featured_media":211192,"comment_status":"closed","ping_status":"closed","sticky":false,"template":"","format":"standard","meta":{"ngg_post_thumbnail":0,"footnotes":""},"categories":[1978],"tags":[3511,2399,4231],"class_list":["post-211190","post","type-post","status-publish","format-standard","has-post-thumbnail","","category-interviews","tag-la-grand-messe","tag-meryl-fortunat-rossi","tag-valery-rosier-2"],"yoast_head":"<!-- This site is optimized with the Yoast SEO plugin v20.4 - https:\/\/yoast.com\/wordpress\/plugins\/seo\/ -->\n<title>Rencontre avec M\u00e9ryl Fortunat-Rossi et Val\u00e9ry Rosier - We Love Cinema<\/title>\n<meta name=\"robots\" content=\"index, follow, max-snippet:-1, max-image-preview:large, max-video-preview:-1\" \/>\n<link rel=\"canonical\" href=\"https:\/\/welovecinema.be\/fr\/rencontre-avec-meryl-fortunat-rossi-et-valery-rosier\/\" \/>\n<meta property=\"og:locale\" content=\"fr_FR\" \/>\n<meta property=\"og:type\" content=\"article\" \/>\n<meta property=\"og:title\" content=\"Rencontre avec M\u00e9ryl Fortunat-Rossi et Val\u00e9ry Rosier - We Love Cinema\" \/>\n<meta property=\"og:description\" content=\"Avec\u00a0La Grand-Messe, qui sort ce mercredi 1er mai en Belgique, M\u00e9ryl Fortunat-Rossi et Val\u00e9ry Rosier livrent un portrait aussi \u00e9mouvant qu\u2019amusant de ces vacanciers pass\u00e9s ma\u00eetres dans l\u2019art de passer le temps, une poign\u00e9e de fans du Tour de France s\u2019installe sur le bord de la route pour profiter au mieux du (furtif) passage des &hellip;\" \/>\n<meta property=\"og:url\" content=\"https:\/\/welovecinema.be\/fr\/rencontre-avec-meryl-fortunat-rossi-et-valery-rosier\/\" \/>\n<meta property=\"og:site_name\" content=\"We Love Cinema\" \/>\n<meta property=\"article:publisher\" content=\"https:\/\/www.facebook.com\/welovecinema.be\" \/>\n<meta property=\"article:published_time\" content=\"2018-07-16T09:45:21+00:00\" \/>\n<meta property=\"article:modified_time\" content=\"2019-04-29T09:06:21+00:00\" \/>\n<meta property=\"og:image\" content=\"https:\/\/welovecinema.be\/wp-content\/uploads\/sites\/2\/2018\/07\/IMG_9011.jpg\" \/>\n\t<meta property=\"og:image:width\" content=\"4011\" \/>\n\t<meta property=\"og:image:height\" content=\"2008\" \/>\n\t<meta property=\"og:image:type\" content=\"image\/jpeg\" \/>\n<meta name=\"author\" content=\"Aurore Engelen\" \/>\n<meta name=\"twitter:card\" content=\"summary_large_image\" \/>\n<meta name=\"twitter:label1\" content=\"\u00c9crit par\" \/>\n\t<meta name=\"twitter:data1\" content=\"Aurore Engelen\" \/>\n\t<meta name=\"twitter:label2\" content=\"Dur\u00e9e de lecture estim\u00e9e\" \/>\n\t<meta name=\"twitter:data2\" content=\"6 minutes\" \/>\n<script type=\"application\/ld+json\" class=\"yoast-schema-graph\">{\"@context\":\"https:\/\/schema.org\",\"@graph\":[{\"@type\":\"Article\",\"@id\":\"https:\/\/welovecinema.be\/fr\/rencontre-avec-meryl-fortunat-rossi-et-valery-rosier\/#article\",\"isPartOf\":{\"@id\":\"https:\/\/welovecinema.be\/fr\/rencontre-avec-meryl-fortunat-rossi-et-valery-rosier\/\"},\"author\":{\"name\":\"Aurore Engelen\",\"@id\":\"https:\/\/welovecinema.be\/nl\/#\/schema\/person\/8084b68c6b176142d073695c654dc7cf\"},\"headline\":\"Rencontre avec M\u00e9ryl Fortunat-Rossi et Val\u00e9ry Rosier\",\"datePublished\":\"2018-07-16T09:45:21+00:00\",\"dateModified\":\"2019-04-29T09:06:21+00:00\",\"mainEntityOfPage\":{\"@id\":\"https:\/\/welovecinema.be\/fr\/rencontre-avec-meryl-fortunat-rossi-et-valery-rosier\/\"},\"wordCount\":1125,\"publisher\":{\"@id\":\"https:\/\/welovecinema.be\/nl\/#organization\"},\"keywords\":[\"La Grand-Messe\",\"M\u00e9ryl Fortunat-Rossi\",\"Val\u00e9ry Rosier\"],\"articleSection\":[\"Rencontres\"],\"inLanguage\":\"fr-FR\"},{\"@type\":\"WebPage\",\"@id\":\"https:\/\/welovecinema.be\/fr\/rencontre-avec-meryl-fortunat-rossi-et-valery-rosier\/\",\"url\":\"https:\/\/welovecinema.be\/fr\/rencontre-avec-meryl-fortunat-rossi-et-valery-rosier\/\",\"name\":\"Rencontre avec M\u00e9ryl Fortunat-Rossi et Val\u00e9ry Rosier - We Love Cinema\",\"isPartOf\":{\"@id\":\"https:\/\/welovecinema.be\/nl\/#website\"},\"datePublished\":\"2018-07-16T09:45:21+00:00\",\"dateModified\":\"2019-04-29T09:06:21+00:00\",\"breadcrumb\":{\"@id\":\"https:\/\/welovecinema.be\/fr\/rencontre-avec-meryl-fortunat-rossi-et-valery-rosier\/#breadcrumb\"},\"inLanguage\":\"fr-FR\",\"potentialAction\":[{\"@type\":\"ReadAction\",\"target\":[\"https:\/\/welovecinema.be\/fr\/rencontre-avec-meryl-fortunat-rossi-et-valery-rosier\/\"]}]},{\"@type\":\"BreadcrumbList\",\"@id\":\"https:\/\/welovecinema.be\/fr\/rencontre-avec-meryl-fortunat-rossi-et-valery-rosier\/#breadcrumb\",\"itemListElement\":[{\"@type\":\"ListItem\",\"position\":1,\"name\":\"Accueil\",\"item\":\"https:\/\/welovecinema.be\/fr\/\"},{\"@type\":\"ListItem\",\"position\":2,\"name\":\"Rencontre avec M\u00e9ryl Fortunat-Rossi et Val\u00e9ry Rosier\"}]},{\"@type\":\"WebSite\",\"@id\":\"https:\/\/welovecinema.be\/nl\/#website\",\"url\":\"https:\/\/welovecinema.be\/nl\/\",\"name\":\"We Love Cinema\",\"description\":\"Toute l\u2019information du cin\u00e9ma en Belgique\",\"publisher\":{\"@id\":\"https:\/\/welovecinema.be\/nl\/#organization\"},\"potentialAction\":[{\"@type\":\"SearchAction\",\"target\":{\"@type\":\"EntryPoint\",\"urlTemplate\":\"https:\/\/welovecinema.be\/nl\/?s={search_term_string}\"},\"query-input\":\"required name=search_term_string\"}],\"inLanguage\":\"fr-FR\"},{\"@type\":\"Organization\",\"@id\":\"https:\/\/welovecinema.be\/nl\/#organization\",\"name\":\"We Love Cinema\",\"url\":\"https:\/\/welovecinema.be\/nl\/\",\"logo\":{\"@type\":\"ImageObject\",\"inLanguage\":\"fr-FR\",\"@id\":\"https:\/\/welovecinema.be\/nl\/#\/schema\/logo\/image\/\",\"url\":\"https:\/\/welovecinema.be\/wp-content\/uploads\/sites\/2\/2023\/03\/Logo-We-Love-Cinema305x128.jpg\",\"contentUrl\":\"https:\/\/welovecinema.be\/wp-content\/uploads\/sites\/2\/2023\/03\/Logo-We-Love-Cinema305x128.jpg\",\"width\":305,\"height\":128,\"caption\":\"We Love Cinema\"},\"image\":{\"@id\":\"https:\/\/welovecinema.be\/nl\/#\/schema\/logo\/image\/\"},\"sameAs\":[\"https:\/\/www.facebook.com\/welovecinema.be\",\"https:\/\/www.youtube.com\/channel\/UCX5LYGVhnKvYauW4Nta4HJA\",\"https:\/\/www.instagram.com\/welovecinema.be\/\"]},{\"@type\":\"Person\",\"@id\":\"https:\/\/welovecinema.be\/nl\/#\/schema\/person\/8084b68c6b176142d073695c654dc7cf\",\"name\":\"Aurore Engelen\",\"url\":\"https:\/\/welovecinema.be\/fr\/author\/aurore-engelen\/\"}]}<\/script>\n<!-- \/ Yoast SEO plugin. -->","yoast_head_json":{"title":"Rencontre avec M\u00e9ryl Fortunat-Rossi et Val\u00e9ry Rosier - We Love Cinema","robots":{"index":"index","follow":"follow","max-snippet":"max-snippet:-1","max-image-preview":"max-image-preview:large","max-video-preview":"max-video-preview:-1"},"canonical":"https:\/\/welovecinema.be\/fr\/rencontre-avec-meryl-fortunat-rossi-et-valery-rosier\/","og_locale":"fr_FR","og_type":"article","og_title":"Rencontre avec M\u00e9ryl Fortunat-Rossi et Val\u00e9ry Rosier - We Love Cinema","og_description":"Avec\u00a0La Grand-Messe, qui sort ce mercredi 1er mai en Belgique, M\u00e9ryl Fortunat-Rossi et Val\u00e9ry Rosier livrent un portrait aussi \u00e9mouvant qu\u2019amusant de ces vacanciers pass\u00e9s ma\u00eetres dans l\u2019art de passer le temps, une poign\u00e9e de fans du Tour de France s\u2019installe sur le bord de la route pour profiter au mieux du (furtif) passage des &hellip;","og_url":"https:\/\/welovecinema.be\/fr\/rencontre-avec-meryl-fortunat-rossi-et-valery-rosier\/","og_site_name":"We Love Cinema","article_publisher":"https:\/\/www.facebook.com\/welovecinema.be","article_published_time":"2018-07-16T09:45:21+00:00","article_modified_time":"2019-04-29T09:06:21+00:00","og_image":[{"width":4011,"height":2008,"url":"https:\/\/welovecinema.be\/wp-content\/uploads\/sites\/2\/2018\/07\/IMG_9011.jpg","type":"image\/jpeg"}],"author":"Aurore Engelen","twitter_card":"summary_large_image","twitter_misc":{"\u00c9crit par":"Aurore Engelen","Dur\u00e9e de lecture estim\u00e9e":"6 minutes"},"schema":{"@context":"https:\/\/schema.org","@graph":[{"@type":"Article","@id":"https:\/\/welovecinema.be\/fr\/rencontre-avec-meryl-fortunat-rossi-et-valery-rosier\/#article","isPartOf":{"@id":"https:\/\/welovecinema.be\/fr\/rencontre-avec-meryl-fortunat-rossi-et-valery-rosier\/"},"author":{"name":"Aurore Engelen","@id":"https:\/\/welovecinema.be\/nl\/#\/schema\/person\/8084b68c6b176142d073695c654dc7cf"},"headline":"Rencontre avec M\u00e9ryl Fortunat-Rossi et Val\u00e9ry Rosier","datePublished":"2018-07-16T09:45:21+00:00","dateModified":"2019-04-29T09:06:21+00:00","mainEntityOfPage":{"@id":"https:\/\/welovecinema.be\/fr\/rencontre-avec-meryl-fortunat-rossi-et-valery-rosier\/"},"wordCount":1125,"publisher":{"@id":"https:\/\/welovecinema.be\/nl\/#organization"},"keywords":["La Grand-Messe","M\u00e9ryl Fortunat-Rossi","Val\u00e9ry Rosier"],"articleSection":["Rencontres"],"inLanguage":"fr-FR"},{"@type":"WebPage","@id":"https:\/\/welovecinema.be\/fr\/rencontre-avec-meryl-fortunat-rossi-et-valery-rosier\/","url":"https:\/\/welovecinema.be\/fr\/rencontre-avec-meryl-fortunat-rossi-et-valery-rosier\/","name":"Rencontre avec M\u00e9ryl Fortunat-Rossi et Val\u00e9ry Rosier - We Love Cinema","isPartOf":{"@id":"https:\/\/welovecinema.be\/nl\/#website"},"datePublished":"2018-07-16T09:45:21+00:00","dateModified":"2019-04-29T09:06:21+00:00","breadcrumb":{"@id":"https:\/\/welovecinema.be\/fr\/rencontre-avec-meryl-fortunat-rossi-et-valery-rosier\/#breadcrumb"},"inLanguage":"fr-FR","potentialAction":[{"@type":"ReadAction","target":["https:\/\/welovecinema.be\/fr\/rencontre-avec-meryl-fortunat-rossi-et-valery-rosier\/"]}]},{"@type":"BreadcrumbList","@id":"https:\/\/welovecinema.be\/fr\/rencontre-avec-meryl-fortunat-rossi-et-valery-rosier\/#breadcrumb","itemListElement":[{"@type":"ListItem","position":1,"name":"Accueil","item":"https:\/\/welovecinema.be\/fr\/"},{"@type":"ListItem","position":2,"name":"Rencontre avec M\u00e9ryl Fortunat-Rossi et Val\u00e9ry Rosier"}]},{"@type":"WebSite","@id":"https:\/\/welovecinema.be\/nl\/#website","url":"https:\/\/welovecinema.be\/nl\/","name":"We Love Cinema","description":"Toute l\u2019information du cin\u00e9ma en Belgique","publisher":{"@id":"https:\/\/welovecinema.be\/nl\/#organization"},"potentialAction":[{"@type":"SearchAction","target":{"@type":"EntryPoint","urlTemplate":"https:\/\/welovecinema.be\/nl\/?s={search_term_string}"},"query-input":"required name=search_term_string"}],"inLanguage":"fr-FR"},{"@type":"Organization","@id":"https:\/\/welovecinema.be\/nl\/#organization","name":"We Love Cinema","url":"https:\/\/welovecinema.be\/nl\/","logo":{"@type":"ImageObject","inLanguage":"fr-FR","@id":"https:\/\/welovecinema.be\/nl\/#\/schema\/logo\/image\/","url":"https:\/\/welovecinema.be\/wp-content\/uploads\/sites\/2\/2023\/03\/Logo-We-Love-Cinema305x128.jpg","contentUrl":"https:\/\/welovecinema.be\/wp-content\/uploads\/sites\/2\/2023\/03\/Logo-We-Love-Cinema305x128.jpg","width":305,"height":128,"caption":"We Love Cinema"},"image":{"@id":"https:\/\/welovecinema.be\/nl\/#\/schema\/logo\/image\/"},"sameAs":["https:\/\/www.facebook.com\/welovecinema.be","https:\/\/www.youtube.com\/channel\/UCX5LYGVhnKvYauW4Nta4HJA","https:\/\/www.instagram.com\/welovecinema.be\/"]},{"@type":"Person","@id":"https:\/\/welovecinema.be\/nl\/#\/schema\/person\/8084b68c6b176142d073695c654dc7cf","name":"Aurore Engelen","url":"https:\/\/welovecinema.be\/fr\/author\/aurore-engelen\/"}]}},"_links":{"self":[{"href":"https:\/\/welovecinema.be\/fr\/wp-json\/wp\/v2\/posts\/211190","targetHints":{"allow":["GET"]}}],"collection":[{"href":"https:\/\/welovecinema.be\/fr\/wp-json\/wp\/v2\/posts"}],"about":[{"href":"https:\/\/welovecinema.be\/fr\/wp-json\/wp\/v2\/types\/post"}],"author":[{"embeddable":true,"href":"https:\/\/welovecinema.be\/fr\/wp-json\/wp\/v2\/users\/343"}],"replies":[{"embeddable":true,"href":"https:\/\/welovecinema.be\/fr\/wp-json\/wp\/v2\/comments?post=211190"}],"version-history":[{"count":0,"href":"https:\/\/welovecinema.be\/fr\/wp-json\/wp\/v2\/posts\/211190\/revisions"}],"wp:featuredmedia":[{"embeddable":true,"href":"https:\/\/welovecinema.be\/fr\/wp-json\/wp\/v2\/media\/211192"}],"wp:attachment":[{"href":"https:\/\/welovecinema.be\/fr\/wp-json\/wp\/v2\/media?parent=211190"}],"wp:term":[{"taxonomy":"category","embeddable":true,"href":"https:\/\/welovecinema.be\/fr\/wp-json\/wp\/v2\/categories?post=211190"},{"taxonomy":"post_tag","embeddable":true,"href":"https:\/\/welovecinema.be\/fr\/wp-json\/wp\/v2\/tags?post=211190"}],"curies":[{"name":"wp","href":"https:\/\/api.w.org\/{rel}","templated":true}]}}