{"id":210708,"date":"2018-06-21T13:18:56","date_gmt":"2018-06-21T11:18:56","guid":{"rendered":"https:\/\/www.cinevox.be\/?p=210708"},"modified":"2018-06-22T09:04:10","modified_gmt":"2018-06-22T07:04:10","slug":"baloji-jouera-dans-le-film-jeune-public-belge-binti","status":"publish","type":"post","link":"https:\/\/welovecinema.be\/fr\/baloji-jouera-dans-le-film-jeune-public-belge-binti\/","title":{"rendered":"Baloji \u00e0 l&rsquo;affiche de \u00ab\u00a0Binti\u00a0\u00bb"},"content":{"rendered":"<p><strong>Apr\u00e8s <em>Rosie &amp; Moussa<\/em> <a href=\"https:\/\/www.cinevox.be\/fr\/rosie-moussa-petit-conte-de-diversite-bruxelloise\/\">dont nous vous parlions<\/a> il y a quelques mois, le cin\u00e9ma flamand s&rsquo;appr\u00eate \u00e0 offrir un nouveau film urbain et tr\u00e8s contemporain au jeune public belge.\u00a0<\/strong><\/p>\n<p>Le tournage de\u00a0<i>Binti<\/i>\u00a0, le premier long m\u00e9trage de Frederike Migom, d\u00e9butera le 16 juillet prochain.\u00a0Dans ce film destin\u00e9 au jeune public, les jeunes acteurs principaux Bebel Tshiani et Mo Bakker jouent aux c\u00f4t\u00e9s de Baloji et Joke Devynck.\u00a0<i>Binti,<\/i>\u00a0une production de Bulletproof Cupid en collaboration avec Kwassa Films et Ketnet, sortira en 2019 dans les salles belges.<\/p>\n<p><i>Binti<\/i>\u00a0raconte l&rsquo;histoire d&rsquo;une fillette de 11 ans, d&rsquo;origine congolaise, qui a v\u00e9cu toute sa vie en Belgique, et r\u00eave de devenir une vloggeuse c\u00e9l\u00e8bre gr\u00e2ce \u00e0 son vlog \u00ab\u00a0Binti&rsquo;s Bubble\u00a0\u00bb. Mais quand son p\u00e8re et elle sont menac\u00e9s d&rsquo;expulsion, elle ne voit plus qu&rsquo;une solution au probl\u00e8me: son p\u00e8re doit \u00e9pouser la m\u00e8re de son ami Elias pour pouvoir rester en Belgique. Le film revendique le droit inali\u00e9nable que devraient avoir tous les enfants de r\u00eaver.<\/p>\n<p>Frederike Migom a d\u00e9j\u00e0 r\u00e9alis\u00e9 le court documentaire\u00a0<i>Si-G et<\/i>\u00a0quelques courts m\u00e9trages:\u00a0<i>Malakim<\/i>\u00a0,\u00a0<i>Adam &amp; Everything<\/i>\u00a0et\u00a0<i>Nkosi Coiffure<\/i>.\u00a0Bebel Tshiani fait ses d\u00e9buts d&rsquo;actrice dans le r\u00f4le-titre, aux c\u00f4t\u00e9s de Mo Bakker, que l&rsquo;on verra bient\u00f4t dans Niet Schieten de\u00a0Stijn Coninx. Le musicien et cin\u00e9aste Baloji (il vient de r\u00e9aliser son premier court m\u00e9trage, Kaniama Show, et d\u00e9veloppe actuellement un long avec Versus) joue le r\u00f4le du p\u00e8re de Bebel Tshiani, qui se trouve \u00eatre sa fille \u00e0 l&rsquo;\u00e9cran comme \u00e0 la ville. Joke Devynck (<em>Le Verdict, Zot van A<\/em>) jouera quant \u00e0 elle le r\u00f4le de la m\u00e8re d&rsquo;Elias. On retrouvera \u00e9galement \u00e0 l&rsquo;affiche du film le jeune com\u00e9dien Aboubakr Bensaihi, que l&rsquo;on a vu dans les <em>Cadavres exquis<\/em> 50\/50 <a href=\"https:\/\/www.cinevox.be\/fr\/quand-les-jeunes-talents-rejouent-les-classiques-du-cinema-belge\/\">dont nous vous reparlions en d\u00e9but de semaine<\/a>, et que l&rsquo;on a d\u00e9couvert dans <em>Black<\/em>.<\/p>\n<p><i>Binti<\/i>\u00a0est produit par Bullet Proof Cupidon (\u00a0<i>Cloudboy<\/i>\u00a0,\u00a0<i>Storm .<\/i>..) en coproduction avec Kwassa Films (qui vient d&rsquo;achever le tournage de <a href=\"https:\/\/www.cinevox.be\/fr\/tournage-imminent-jumbo-1er-long-de-zoe-wittock\/\"><em>Jumbo<\/em><\/a>, le premier film de Zo\u00e9 Wittock).<\/p>\n","protected":false},"excerpt":{"rendered":"<p>Apr\u00e8s Rosie &amp; Moussa dont nous vous parlions il y a quelques mois, le cin\u00e9ma flamand s&rsquo;appr\u00eate \u00e0 offrir un nouveau film urbain et tr\u00e8s contemporain au jeune public belge.\u00a0 Le tournage de\u00a0Binti\u00a0, le premier long m\u00e9trage de Frederike Migom, d\u00e9butera le 16 juillet prochain.\u00a0Dans ce film destin\u00e9 au jeune public, les jeunes acteurs principaux &hellip;<\/p>\n","protected":false},"author":343,"featured_media":210709,"comment_status":"closed","ping_status":"closed","sticky":false,"template":"","format":"standard","meta":{"ngg_post_thumbnail":0,"footnotes":""},"categories":[53],"tags":[2359,376,3668],"class_list":["post-210708","post","type-post","status-publish","format-standard","has-post-thumbnail","","category-coming-soon","tag-binti","tag-baloji","tag-frederike-mignom"],"yoast_head":"<!-- This site is optimized with the Yoast SEO plugin v20.4 - https:\/\/yoast.com\/wordpress\/plugins\/seo\/ -->\n<title>Baloji \u00e0 l&#039;affiche de &quot;Binti&quot; - We Love Cinema<\/title>\n<meta name=\"robots\" content=\"index, follow, max-snippet:-1, max-image-preview:large, max-video-preview:-1\" \/>\n<link rel=\"canonical\" href=\"https:\/\/welovecinema.be\/fr\/baloji-jouera-dans-le-film-jeune-public-belge-binti\/\" \/>\n<meta property=\"og:locale\" content=\"fr_FR\" \/>\n<meta property=\"og:type\" content=\"article\" \/>\n<meta property=\"og:title\" content=\"Baloji \u00e0 l&#039;affiche de &quot;Binti&quot; - We Love Cinema\" \/>\n<meta property=\"og:description\" content=\"Apr\u00e8s Rosie &amp; Moussa dont nous vous parlions il y a quelques mois, le cin\u00e9ma flamand s&rsquo;appr\u00eate \u00e0 offrir un nouveau film urbain et tr\u00e8s contemporain au jeune public belge.\u00a0 Le tournage de\u00a0Binti\u00a0, le premier long m\u00e9trage de Frederike Migom, d\u00e9butera le 16 juillet prochain.\u00a0Dans ce film destin\u00e9 au jeune public, les jeunes acteurs principaux &hellip;\" \/>\n<meta property=\"og:url\" content=\"https:\/\/welovecinema.be\/fr\/baloji-jouera-dans-le-film-jeune-public-belge-binti\/\" \/>\n<meta property=\"og:site_name\" content=\"We Love Cinema\" \/>\n<meta property=\"article:publisher\" content=\"https:\/\/www.facebook.com\/welovecinema.be\" \/>\n<meta property=\"article:published_time\" content=\"2018-06-21T11:18:56+00:00\" \/>\n<meta property=\"article:modified_time\" content=\"2018-06-22T07:04:10+00:00\" \/>\n<meta property=\"og:image\" content=\"https:\/\/welovecinema.be\/wp-content\/uploads\/sites\/2\/2018\/06\/CastBinti.jpg\" \/>\n\t<meta property=\"og:image:width\" content=\"1110\" \/>\n\t<meta property=\"og:image:height\" content=\"640\" \/>\n\t<meta property=\"og:image:type\" content=\"image\/jpeg\" \/>\n<meta name=\"author\" content=\"Aurore Engelen\" \/>\n<meta name=\"twitter:card\" content=\"summary_large_image\" \/>\n<meta name=\"twitter:label1\" content=\"\u00c9crit par\" \/>\n\t<meta name=\"twitter:data1\" content=\"Aurore Engelen\" \/>\n\t<meta name=\"twitter:label2\" content=\"Dur\u00e9e de lecture estim\u00e9e\" \/>\n\t<meta name=\"twitter:data2\" content=\"2 minutes\" \/>\n<script type=\"application\/ld+json\" class=\"yoast-schema-graph\">{\"@context\":\"https:\/\/schema.org\",\"@graph\":[{\"@type\":\"Article\",\"@id\":\"https:\/\/welovecinema.be\/fr\/baloji-jouera-dans-le-film-jeune-public-belge-binti\/#article\",\"isPartOf\":{\"@id\":\"https:\/\/welovecinema.be\/fr\/baloji-jouera-dans-le-film-jeune-public-belge-binti\/\"},\"author\":{\"name\":\"Aurore Engelen\",\"@id\":\"https:\/\/welovecinema.be\/nl\/#\/schema\/person\/8084b68c6b176142d073695c654dc7cf\"},\"headline\":\"Baloji \u00e0 l&rsquo;affiche de \u00ab\u00a0Binti\u00a0\u00bb\",\"datePublished\":\"2018-06-21T11:18:56+00:00\",\"dateModified\":\"2018-06-22T07:04:10+00:00\",\"mainEntityOfPage\":{\"@id\":\"https:\/\/welovecinema.be\/fr\/baloji-jouera-dans-le-film-jeune-public-belge-binti\/\"},\"wordCount\":382,\"publisher\":{\"@id\":\"https:\/\/welovecinema.be\/nl\/#organization\"},\"keywords\":[\"'Binti'\",\"baloji\",\"Frederike Mignom\"],\"articleSection\":[\"Coming soon\"],\"inLanguage\":\"fr-FR\"},{\"@type\":\"WebPage\",\"@id\":\"https:\/\/welovecinema.be\/fr\/baloji-jouera-dans-le-film-jeune-public-belge-binti\/\",\"url\":\"https:\/\/welovecinema.be\/fr\/baloji-jouera-dans-le-film-jeune-public-belge-binti\/\",\"name\":\"Baloji \u00e0 l'affiche de \\\"Binti\\\" - We Love Cinema\",\"isPartOf\":{\"@id\":\"https:\/\/welovecinema.be\/nl\/#website\"},\"datePublished\":\"2018-06-21T11:18:56+00:00\",\"dateModified\":\"2018-06-22T07:04:10+00:00\",\"breadcrumb\":{\"@id\":\"https:\/\/welovecinema.be\/fr\/baloji-jouera-dans-le-film-jeune-public-belge-binti\/#breadcrumb\"},\"inLanguage\":\"fr-FR\",\"potentialAction\":[{\"@type\":\"ReadAction\",\"target\":[\"https:\/\/welovecinema.be\/fr\/baloji-jouera-dans-le-film-jeune-public-belge-binti\/\"]}]},{\"@type\":\"BreadcrumbList\",\"@id\":\"https:\/\/welovecinema.be\/fr\/baloji-jouera-dans-le-film-jeune-public-belge-binti\/#breadcrumb\",\"itemListElement\":[{\"@type\":\"ListItem\",\"position\":1,\"name\":\"Accueil\",\"item\":\"https:\/\/welovecinema.be\/fr\/\"},{\"@type\":\"ListItem\",\"position\":2,\"name\":\"Baloji \u00e0 l&rsquo;affiche de \u00ab\u00a0Binti\u00a0\u00bb\"}]},{\"@type\":\"WebSite\",\"@id\":\"https:\/\/welovecinema.be\/nl\/#website\",\"url\":\"https:\/\/welovecinema.be\/nl\/\",\"name\":\"We Love Cinema\",\"description\":\"Toute l\u2019information du cin\u00e9ma en Belgique\",\"publisher\":{\"@id\":\"https:\/\/welovecinema.be\/nl\/#organization\"},\"potentialAction\":[{\"@type\":\"SearchAction\",\"target\":{\"@type\":\"EntryPoint\",\"urlTemplate\":\"https:\/\/welovecinema.be\/nl\/?s={search_term_string}\"},\"query-input\":\"required name=search_term_string\"}],\"inLanguage\":\"fr-FR\"},{\"@type\":\"Organization\",\"@id\":\"https:\/\/welovecinema.be\/nl\/#organization\",\"name\":\"We Love Cinema\",\"url\":\"https:\/\/welovecinema.be\/nl\/\",\"logo\":{\"@type\":\"ImageObject\",\"inLanguage\":\"fr-FR\",\"@id\":\"https:\/\/welovecinema.be\/nl\/#\/schema\/logo\/image\/\",\"url\":\"https:\/\/welovecinema.be\/wp-content\/uploads\/sites\/2\/2023\/03\/Logo-We-Love-Cinema305x128.jpg\",\"contentUrl\":\"https:\/\/welovecinema.be\/wp-content\/uploads\/sites\/2\/2023\/03\/Logo-We-Love-Cinema305x128.jpg\",\"width\":305,\"height\":128,\"caption\":\"We Love Cinema\"},\"image\":{\"@id\":\"https:\/\/welovecinema.be\/nl\/#\/schema\/logo\/image\/\"},\"sameAs\":[\"https:\/\/www.facebook.com\/welovecinema.be\",\"https:\/\/www.youtube.com\/channel\/UCX5LYGVhnKvYauW4Nta4HJA\",\"https:\/\/www.instagram.com\/welovecinema.be\/\"]},{\"@type\":\"Person\",\"@id\":\"https:\/\/welovecinema.be\/nl\/#\/schema\/person\/8084b68c6b176142d073695c654dc7cf\",\"name\":\"Aurore Engelen\",\"url\":\"https:\/\/welovecinema.be\/fr\/author\/aurore-engelen\/\"}]}<\/script>\n<!-- \/ Yoast SEO plugin. -->","yoast_head_json":{"title":"Baloji \u00e0 l'affiche de \"Binti\" - We Love Cinema","robots":{"index":"index","follow":"follow","max-snippet":"max-snippet:-1","max-image-preview":"max-image-preview:large","max-video-preview":"max-video-preview:-1"},"canonical":"https:\/\/welovecinema.be\/fr\/baloji-jouera-dans-le-film-jeune-public-belge-binti\/","og_locale":"fr_FR","og_type":"article","og_title":"Baloji \u00e0 l'affiche de \"Binti\" - We Love Cinema","og_description":"Apr\u00e8s Rosie &amp; Moussa dont nous vous parlions il y a quelques mois, le cin\u00e9ma flamand s&rsquo;appr\u00eate \u00e0 offrir un nouveau film urbain et tr\u00e8s contemporain au jeune public belge.\u00a0 Le tournage de\u00a0Binti\u00a0, le premier long m\u00e9trage de Frederike Migom, d\u00e9butera le 16 juillet prochain.\u00a0Dans ce film destin\u00e9 au jeune public, les jeunes acteurs principaux &hellip;","og_url":"https:\/\/welovecinema.be\/fr\/baloji-jouera-dans-le-film-jeune-public-belge-binti\/","og_site_name":"We Love Cinema","article_publisher":"https:\/\/www.facebook.com\/welovecinema.be","article_published_time":"2018-06-21T11:18:56+00:00","article_modified_time":"2018-06-22T07:04:10+00:00","og_image":[{"width":1110,"height":640,"url":"https:\/\/welovecinema.be\/wp-content\/uploads\/sites\/2\/2018\/06\/CastBinti.jpg","type":"image\/jpeg"}],"author":"Aurore Engelen","twitter_card":"summary_large_image","twitter_misc":{"\u00c9crit par":"Aurore Engelen","Dur\u00e9e de lecture estim\u00e9e":"2 minutes"},"schema":{"@context":"https:\/\/schema.org","@graph":[{"@type":"Article","@id":"https:\/\/welovecinema.be\/fr\/baloji-jouera-dans-le-film-jeune-public-belge-binti\/#article","isPartOf":{"@id":"https:\/\/welovecinema.be\/fr\/baloji-jouera-dans-le-film-jeune-public-belge-binti\/"},"author":{"name":"Aurore Engelen","@id":"https:\/\/welovecinema.be\/nl\/#\/schema\/person\/8084b68c6b176142d073695c654dc7cf"},"headline":"Baloji \u00e0 l&rsquo;affiche de \u00ab\u00a0Binti\u00a0\u00bb","datePublished":"2018-06-21T11:18:56+00:00","dateModified":"2018-06-22T07:04:10+00:00","mainEntityOfPage":{"@id":"https:\/\/welovecinema.be\/fr\/baloji-jouera-dans-le-film-jeune-public-belge-binti\/"},"wordCount":382,"publisher":{"@id":"https:\/\/welovecinema.be\/nl\/#organization"},"keywords":["'Binti'","baloji","Frederike Mignom"],"articleSection":["Coming soon"],"inLanguage":"fr-FR"},{"@type":"WebPage","@id":"https:\/\/welovecinema.be\/fr\/baloji-jouera-dans-le-film-jeune-public-belge-binti\/","url":"https:\/\/welovecinema.be\/fr\/baloji-jouera-dans-le-film-jeune-public-belge-binti\/","name":"Baloji \u00e0 l'affiche de \"Binti\" - We Love Cinema","isPartOf":{"@id":"https:\/\/welovecinema.be\/nl\/#website"},"datePublished":"2018-06-21T11:18:56+00:00","dateModified":"2018-06-22T07:04:10+00:00","breadcrumb":{"@id":"https:\/\/welovecinema.be\/fr\/baloji-jouera-dans-le-film-jeune-public-belge-binti\/#breadcrumb"},"inLanguage":"fr-FR","potentialAction":[{"@type":"ReadAction","target":["https:\/\/welovecinema.be\/fr\/baloji-jouera-dans-le-film-jeune-public-belge-binti\/"]}]},{"@type":"BreadcrumbList","@id":"https:\/\/welovecinema.be\/fr\/baloji-jouera-dans-le-film-jeune-public-belge-binti\/#breadcrumb","itemListElement":[{"@type":"ListItem","position":1,"name":"Accueil","item":"https:\/\/welovecinema.be\/fr\/"},{"@type":"ListItem","position":2,"name":"Baloji \u00e0 l&rsquo;affiche de \u00ab\u00a0Binti\u00a0\u00bb"}]},{"@type":"WebSite","@id":"https:\/\/welovecinema.be\/nl\/#website","url":"https:\/\/welovecinema.be\/nl\/","name":"We Love Cinema","description":"Toute l\u2019information du cin\u00e9ma en Belgique","publisher":{"@id":"https:\/\/welovecinema.be\/nl\/#organization"},"potentialAction":[{"@type":"SearchAction","target":{"@type":"EntryPoint","urlTemplate":"https:\/\/welovecinema.be\/nl\/?s={search_term_string}"},"query-input":"required name=search_term_string"}],"inLanguage":"fr-FR"},{"@type":"Organization","@id":"https:\/\/welovecinema.be\/nl\/#organization","name":"We Love Cinema","url":"https:\/\/welovecinema.be\/nl\/","logo":{"@type":"ImageObject","inLanguage":"fr-FR","@id":"https:\/\/welovecinema.be\/nl\/#\/schema\/logo\/image\/","url":"https:\/\/welovecinema.be\/wp-content\/uploads\/sites\/2\/2023\/03\/Logo-We-Love-Cinema305x128.jpg","contentUrl":"https:\/\/welovecinema.be\/wp-content\/uploads\/sites\/2\/2023\/03\/Logo-We-Love-Cinema305x128.jpg","width":305,"height":128,"caption":"We Love Cinema"},"image":{"@id":"https:\/\/welovecinema.be\/nl\/#\/schema\/logo\/image\/"},"sameAs":["https:\/\/www.facebook.com\/welovecinema.be","https:\/\/www.youtube.com\/channel\/UCX5LYGVhnKvYauW4Nta4HJA","https:\/\/www.instagram.com\/welovecinema.be\/"]},{"@type":"Person","@id":"https:\/\/welovecinema.be\/nl\/#\/schema\/person\/8084b68c6b176142d073695c654dc7cf","name":"Aurore Engelen","url":"https:\/\/welovecinema.be\/fr\/author\/aurore-engelen\/"}]}},"_links":{"self":[{"href":"https:\/\/welovecinema.be\/fr\/wp-json\/wp\/v2\/posts\/210708","targetHints":{"allow":["GET"]}}],"collection":[{"href":"https:\/\/welovecinema.be\/fr\/wp-json\/wp\/v2\/posts"}],"about":[{"href":"https:\/\/welovecinema.be\/fr\/wp-json\/wp\/v2\/types\/post"}],"author":[{"embeddable":true,"href":"https:\/\/welovecinema.be\/fr\/wp-json\/wp\/v2\/users\/343"}],"replies":[{"embeddable":true,"href":"https:\/\/welovecinema.be\/fr\/wp-json\/wp\/v2\/comments?post=210708"}],"version-history":[{"count":0,"href":"https:\/\/welovecinema.be\/fr\/wp-json\/wp\/v2\/posts\/210708\/revisions"}],"wp:featuredmedia":[{"embeddable":true,"href":"https:\/\/welovecinema.be\/fr\/wp-json\/wp\/v2\/media\/210709"}],"wp:attachment":[{"href":"https:\/\/welovecinema.be\/fr\/wp-json\/wp\/v2\/media?parent=210708"}],"wp:term":[{"taxonomy":"category","embeddable":true,"href":"https:\/\/welovecinema.be\/fr\/wp-json\/wp\/v2\/categories?post=210708"},{"taxonomy":"post_tag","embeddable":true,"href":"https:\/\/welovecinema.be\/fr\/wp-json\/wp\/v2\/tags?post=210708"}],"curies":[{"name":"wp","href":"https:\/\/api.w.org\/{rel}","templated":true}]}}