{"id":210492,"date":"2018-06-12T11:59:04","date_gmt":"2018-06-12T09:59:04","guid":{"rendered":"http:\/\/www.cinevox.be\/?p=210492"},"modified":"2018-06-12T11:59:04","modified_gmt":"2018-06-12T09:59:04","slug":"tout-court-programme-du-mardi-12-juin","status":"publish","type":"post","link":"https:\/\/welovecinema.be\/fr\/tout-court-programme-du-mardi-12-juin\/","title":{"rendered":"Tout Court, programme du mardi 12 juin"},"content":{"rendered":"<p><strong>Au programme de <em>Tout Court<\/em> cette semaine, deux in\u00e9dits: <em>Brainstorm (Remue-m\u00e9ninges)<\/em> de Christophe Clin et <em>Le Marcheur<\/em> de Fr\u00e9d\u00e9ric Hainaut, Meilleur film d&rsquo;animation francophone au festival de Clermont-Ferrand en f\u00e9vrier dernier.<\/strong><\/p>\n<hr \/>\n<h4><em><strong>Brainstorm (Remue-m\u00e9ninges)<\/strong> <\/em>de Christophe Clin<\/h4>\n<p>Que se passe-t-il dans la t\u00eate de quelqu&rsquo;un qui s&rsquo;appr\u00eate \u00e0 croiser quelqu&rsquo;un d&rsquo;autre dans la rue ? De l&rsquo;angoisse, des pr\u00e9jug\u00e9s, de l&rsquo;attente, de la surprise, de la d\u00e9ception, ou encore d&rsquo;autres \u00e9motions. Ces quelques instants tr\u00e8s brefs sont le nid d&rsquo;un v\u00e9ritable remue-m\u00e9ninges&#8230;<\/p>\n<p><em>Avec C\u00e9cile Delberghe et Jean-Jacques Rausin<\/em><\/p>\n<p>https:\/\/vimeo.com\/216407822<\/p>\n<hr \/>\n<h4><em><strong>Le Marcheur<\/strong> <\/em>de Fr\u00e9d\u00e9ric Hainaut<\/h4>\n<div class=\"main\" role=\"main\">\n<div class=\"inner typography\">\n<div id=\"content\">\n<section id=\"contenu\" class=\"content-container large Film\">\n<div id=\"info_texte\">\n<div id=\"synopsis\" class=\"texte\">\n<p>Le marcheur travaille dans une usine aviaire. Il consid\u00e8re ses conditions de travail abjectes. Il sature, il p\u00e8te les plombs. Malgr\u00e9 lui, il trouve refuge parmi les indign\u00e9s. Suite \u00e0 une manifestation qui tourne mal, il se lie avec Miguel. Couch\u00e9 aupr\u00e8s de lui sur la place d&rsquo;une petite ville, dans le campement des indign\u00e9s, il est plong\u00e9 dans ses pens\u00e9es. C\u2019est un errant, un \u00e9chou\u00e9, un \u00ab\u00a0flottant\u00a0\u00bb.<\/p>\n<p><em>Animation<\/em><\/p>\n<p><iframe loading=\"lazy\" src=\"https:\/\/www.rtc.be\/playerjs\/embed.php?id=1497613\" width=\"560\" height=\"315\" frameborder=\"0\" allowfullscreen=\"allowfullscreen\"><\/iframe><\/p>\n<hr \/>\n<h4><em><strong>Les Dauphines<\/strong><\/em>\u00a0de Juliette Klinke<\/h4>\n<p><em>Avec\u00a0Elisa Echevarria,\u00a0Elise Havelange,\u00a0Evelyne Demaude<\/em><\/p>\n<div class=\"clip_details iris_divider--dark iris_divider-top iris_divider-top--m iris_divider-bot iris_divider-bot--m\">\n<div class=\"iris_grid-content\">\n<div class=\"clip_details-description description-wrapper iris_desc\">\n<div class=\"iris_desc-content description-content\" dir=\"auto\">\n<p><span style=\"color: #333333;\">B\u00e9a, sans emploi, sous-loue son appartement pour finir les fin de mois. Ce weekend elle emm\u00e8ne ses deux filles \u00e0 un concours de miss auquel la plus jeune participe. B\u00e9a va alors projeter son besoin de r\u00e9ussite sur sa fille \u00e0 travers ce concours.<\/span><\/p>\n<\/div>\n<p><iframe loading=\"lazy\" title=\"LES DAUPHINES de Juliette Klinke\" width=\"618\" height=\"348\" src=\"https:\/\/www.youtube.com\/embed\/tW-0AS_F6xo?feature=oembed\" frameborder=\"0\" allow=\"accelerometer; autoplay; clipboard-write; encrypted-media; gyroscope; picture-in-picture; web-share\" referrerpolicy=\"strict-origin-when-cross-origin\" allowfullscreen><\/iframe><\/p>\n<div class=\"iris_desc-content description-content\" dir=\"auto\">\n<hr \/>\n<h4><em>M\u00e9moires S\u00e9lectives<\/em> de Pauline Etienne et Rafaella Houlstan-Hasaerts<\/h4>\n<p>Au cr\u00e9puscule de leurs vies, Alice et Jean auront \u00e9t\u00e9 amants, parents et grands-parents. Mais si ce cycle s\u2019ach\u00e8ve paisiblement pour Alice, Jean, lui, exp\u00e9rimente la lente perte de ses moyens physiques et mentaux. Cette situation a des r\u00e9percussions sur la vie de ce couple d\u2019octog\u00e9naires mais aussi sur celle de leur famille. Une courte immersion dans cette histoire conjugale et familiale laisse entrevoir la lourde teneur de la promesse : pour le meilleur et pour le pire\u00bb.<\/p>\n<p><em>Avec\u00a0Fran\u00e7oise Lebrun, Fran\u00e7ois Marthouret, Fabrizio Rongione, Marie Sohna- Conde, Muriel Bersy, Ambre Grouwels<\/em><\/p>\n<p><iframe loading=\"lazy\" title=\"Me\u0301moires Se\u0301lectives\" width=\"618\" height=\"348\" src=\"https:\/\/www.youtube.com\/embed\/PtmfXzEbceM?feature=oembed\" frameborder=\"0\" allow=\"accelerometer; autoplay; clipboard-write; encrypted-media; gyroscope; picture-in-picture; web-share\" referrerpolicy=\"strict-origin-when-cross-origin\" allowfullscreen><\/iframe><\/p>\n<hr \/>\n<h4><em><strong>Totems<\/strong><\/em> de Paul Jadoul<\/h4>\n<div class=\"article-top \">\n<div class=\"teaser-text field-descshort field-article-teaser-text\">\n<div class=\"inner\">Un b\u00fbcheron qui travaille en for\u00eat d\u00e9rape, et tombe avec sa tron\u00e7onneuse. Un arbre s\u2019\u00e9crase sur sa jambe et l\u2019immobilise. La d\u00e9tresse r\u00e9veille alors l\u2019animal cach\u00e9 en lui. Progressivement, il se transforme en diverses b\u00eates sauvages pour tenter de se d\u00e9gager.<\/div>\n<div><\/div>\n<\/div>\n<\/div>\n<div class=\"article-featured \">\n<div class=\"article-video\">\n<p><iframe loading=\"lazy\" src=\"https:\/\/www.youtube.com\/embed\/tGLcab5uXkc\" width=\"560\" height=\"315\" frameborder=\"0\" allowfullscreen=\"allowfullscreen\" data-mce-fragment=\"1\"><\/iframe><\/p>\n<hr \/>\n<h4>On r\u00e9capitule?<\/h4>\n<ul>\n<li><em><strong>Brainstorm (Remue-m\u00e9ninges)<\/strong> <\/em>de Christophe Clin \u00e0 22h45<\/li>\n<li><em><strong>Le Marcheur<\/strong> <\/em>de Fr\u00e9d\u00e9ric Hainaut \u00e0 23h<\/li>\n<li><em><strong>Les Dauphines<\/strong><\/em>\u00a0de Juliette Klinke \u00e0 23h15<\/li>\n<li><strong><em>M\u00e9moires S\u00e9lectives<\/em><\/strong> de Pauline Etienne et Rafaella Houlstan-Hasaerts \u00e0 23h30<\/li>\n<li><em><strong>Totems<\/strong><\/em> de Paul Jadoul \u00e0 23h50<\/li>\n<\/ul>\n<\/div>\n<\/div>\n<\/div>\n<\/div>\n<\/div>\n<\/div>\n<\/div>\n<\/div>\n<\/section>\n<\/div>\n<\/div>\n<\/div>\n","protected":false},"excerpt":{"rendered":"<p>Au programme de Tout Court cette semaine, deux in\u00e9dits: Brainstorm (Remue-m\u00e9ninges) de Christophe Clin et Le Marcheur de Fr\u00e9d\u00e9ric Hainaut, Meilleur film d&rsquo;animation francophone au festival de Clermont-Ferrand en f\u00e9vrier dernier. Brainstorm (Remue-m\u00e9ninges) de Christophe Clin Que se passe-t-il dans la t\u00eate de quelqu&rsquo;un qui s&rsquo;appr\u00eate \u00e0 croiser quelqu&rsquo;un d&rsquo;autre dans la rue ? De &hellip;<\/p>\n","protected":false},"author":343,"featured_media":210494,"comment_status":"closed","ping_status":"closed","sticky":false,"template":"","format":"standard","meta":{"ngg_post_thumbnail":0,"footnotes":""},"categories":[14],"tags":[],"class_list":["post-210492","post","type-post","status-publish","format-standard","has-post-thumbnail","","category-home-cinema"],"yoast_head":"<!-- This site is optimized with the Yoast SEO plugin v20.4 - https:\/\/yoast.com\/wordpress\/plugins\/seo\/ -->\n<title>Tout Court, programme du mardi 12 juin - We Love Cinema<\/title>\n<meta name=\"robots\" content=\"index, follow, max-snippet:-1, max-image-preview:large, max-video-preview:-1\" \/>\n<link rel=\"canonical\" href=\"https:\/\/welovecinema.be\/fr\/tout-court-programme-du-mardi-12-juin\/\" \/>\n<meta property=\"og:locale\" content=\"fr_FR\" \/>\n<meta property=\"og:type\" content=\"article\" \/>\n<meta property=\"og:title\" content=\"Tout Court, programme du mardi 12 juin - We Love Cinema\" \/>\n<meta property=\"og:description\" content=\"Au programme de Tout Court cette semaine, deux in\u00e9dits: Brainstorm (Remue-m\u00e9ninges) de Christophe Clin et Le Marcheur de Fr\u00e9d\u00e9ric Hainaut, Meilleur film d&rsquo;animation francophone au festival de Clermont-Ferrand en f\u00e9vrier dernier. Brainstorm (Remue-m\u00e9ninges) de Christophe Clin Que se passe-t-il dans la t\u00eate de quelqu&rsquo;un qui s&rsquo;appr\u00eate \u00e0 croiser quelqu&rsquo;un d&rsquo;autre dans la rue ? De &hellip;\" \/>\n<meta property=\"og:url\" content=\"https:\/\/welovecinema.be\/fr\/tout-court-programme-du-mardi-12-juin\/\" \/>\n<meta property=\"og:site_name\" content=\"We Love Cinema\" \/>\n<meta property=\"article:publisher\" content=\"https:\/\/www.facebook.com\/welovecinema.be\" \/>\n<meta property=\"article:published_time\" content=\"2018-06-12T09:59:04+00:00\" \/>\n<meta property=\"og:image\" content=\"https:\/\/welovecinema.be\/wp-content\/uploads\/sites\/2\/2018\/06\/ToutCourt12juin.jpg\" \/>\n\t<meta property=\"og:image:width\" content=\"2400\" \/>\n\t<meta property=\"og:image:height\" content=\"1200\" \/>\n\t<meta property=\"og:image:type\" content=\"image\/jpeg\" \/>\n<meta name=\"author\" content=\"Aurore Engelen\" \/>\n<meta name=\"twitter:card\" content=\"summary_large_image\" \/>\n<meta name=\"twitter:label1\" content=\"\u00c9crit par\" \/>\n\t<meta name=\"twitter:data1\" content=\"Aurore Engelen\" \/>\n\t<meta name=\"twitter:label2\" content=\"Dur\u00e9e de lecture estim\u00e9e\" \/>\n\t<meta name=\"twitter:data2\" content=\"2 minutes\" \/>\n<script type=\"application\/ld+json\" class=\"yoast-schema-graph\">{\"@context\":\"https:\/\/schema.org\",\"@graph\":[{\"@type\":\"Article\",\"@id\":\"https:\/\/welovecinema.be\/fr\/tout-court-programme-du-mardi-12-juin\/#article\",\"isPartOf\":{\"@id\":\"https:\/\/welovecinema.be\/fr\/tout-court-programme-du-mardi-12-juin\/\"},\"author\":{\"name\":\"Aurore Engelen\",\"@id\":\"https:\/\/welovecinema.be\/nl\/#\/schema\/person\/8084b68c6b176142d073695c654dc7cf\"},\"headline\":\"Tout Court, programme du mardi 12 juin\",\"datePublished\":\"2018-06-12T09:59:04+00:00\",\"dateModified\":\"2018-06-12T09:59:04+00:00\",\"mainEntityOfPage\":{\"@id\":\"https:\/\/welovecinema.be\/fr\/tout-court-programme-du-mardi-12-juin\/\"},\"wordCount\":479,\"publisher\":{\"@id\":\"https:\/\/welovecinema.be\/nl\/#organization\"},\"articleSection\":[\"Plateau t\u00e9l\u00e9\"],\"inLanguage\":\"fr-FR\"},{\"@type\":\"WebPage\",\"@id\":\"https:\/\/welovecinema.be\/fr\/tout-court-programme-du-mardi-12-juin\/\",\"url\":\"https:\/\/welovecinema.be\/fr\/tout-court-programme-du-mardi-12-juin\/\",\"name\":\"Tout Court, programme du mardi 12 juin - We Love Cinema\",\"isPartOf\":{\"@id\":\"https:\/\/welovecinema.be\/nl\/#website\"},\"datePublished\":\"2018-06-12T09:59:04+00:00\",\"dateModified\":\"2018-06-12T09:59:04+00:00\",\"breadcrumb\":{\"@id\":\"https:\/\/welovecinema.be\/fr\/tout-court-programme-du-mardi-12-juin\/#breadcrumb\"},\"inLanguage\":\"fr-FR\",\"potentialAction\":[{\"@type\":\"ReadAction\",\"target\":[\"https:\/\/welovecinema.be\/fr\/tout-court-programme-du-mardi-12-juin\/\"]}]},{\"@type\":\"BreadcrumbList\",\"@id\":\"https:\/\/welovecinema.be\/fr\/tout-court-programme-du-mardi-12-juin\/#breadcrumb\",\"itemListElement\":[{\"@type\":\"ListItem\",\"position\":1,\"name\":\"Accueil\",\"item\":\"https:\/\/welovecinema.be\/fr\/\"},{\"@type\":\"ListItem\",\"position\":2,\"name\":\"Tout Court, programme du mardi 12 juin\"}]},{\"@type\":\"WebSite\",\"@id\":\"https:\/\/welovecinema.be\/nl\/#website\",\"url\":\"https:\/\/welovecinema.be\/nl\/\",\"name\":\"We Love Cinema\",\"description\":\"Toute l\u2019information du cin\u00e9ma en Belgique\",\"publisher\":{\"@id\":\"https:\/\/welovecinema.be\/nl\/#organization\"},\"potentialAction\":[{\"@type\":\"SearchAction\",\"target\":{\"@type\":\"EntryPoint\",\"urlTemplate\":\"https:\/\/welovecinema.be\/nl\/?s={search_term_string}\"},\"query-input\":\"required name=search_term_string\"}],\"inLanguage\":\"fr-FR\"},{\"@type\":\"Organization\",\"@id\":\"https:\/\/welovecinema.be\/nl\/#organization\",\"name\":\"We Love Cinema\",\"url\":\"https:\/\/welovecinema.be\/nl\/\",\"logo\":{\"@type\":\"ImageObject\",\"inLanguage\":\"fr-FR\",\"@id\":\"https:\/\/welovecinema.be\/nl\/#\/schema\/logo\/image\/\",\"url\":\"https:\/\/welovecinema.be\/wp-content\/uploads\/sites\/2\/2023\/03\/Logo-We-Love-Cinema305x128.jpg\",\"contentUrl\":\"https:\/\/welovecinema.be\/wp-content\/uploads\/sites\/2\/2023\/03\/Logo-We-Love-Cinema305x128.jpg\",\"width\":305,\"height\":128,\"caption\":\"We Love Cinema\"},\"image\":{\"@id\":\"https:\/\/welovecinema.be\/nl\/#\/schema\/logo\/image\/\"},\"sameAs\":[\"https:\/\/www.facebook.com\/welovecinema.be\",\"https:\/\/www.youtube.com\/channel\/UCX5LYGVhnKvYauW4Nta4HJA\",\"https:\/\/www.instagram.com\/welovecinema.be\/\"]},{\"@type\":\"Person\",\"@id\":\"https:\/\/welovecinema.be\/nl\/#\/schema\/person\/8084b68c6b176142d073695c654dc7cf\",\"name\":\"Aurore Engelen\",\"url\":\"https:\/\/welovecinema.be\/fr\/author\/aurore-engelen\/\"}]}<\/script>\n<!-- \/ Yoast SEO plugin. -->","yoast_head_json":{"title":"Tout Court, programme du mardi 12 juin - We Love Cinema","robots":{"index":"index","follow":"follow","max-snippet":"max-snippet:-1","max-image-preview":"max-image-preview:large","max-video-preview":"max-video-preview:-1"},"canonical":"https:\/\/welovecinema.be\/fr\/tout-court-programme-du-mardi-12-juin\/","og_locale":"fr_FR","og_type":"article","og_title":"Tout Court, programme du mardi 12 juin - We Love Cinema","og_description":"Au programme de Tout Court cette semaine, deux in\u00e9dits: Brainstorm (Remue-m\u00e9ninges) de Christophe Clin et Le Marcheur de Fr\u00e9d\u00e9ric Hainaut, Meilleur film d&rsquo;animation francophone au festival de Clermont-Ferrand en f\u00e9vrier dernier. Brainstorm (Remue-m\u00e9ninges) de Christophe Clin Que se passe-t-il dans la t\u00eate de quelqu&rsquo;un qui s&rsquo;appr\u00eate \u00e0 croiser quelqu&rsquo;un d&rsquo;autre dans la rue ? De &hellip;","og_url":"https:\/\/welovecinema.be\/fr\/tout-court-programme-du-mardi-12-juin\/","og_site_name":"We Love Cinema","article_publisher":"https:\/\/www.facebook.com\/welovecinema.be","article_published_time":"2018-06-12T09:59:04+00:00","og_image":[{"width":2400,"height":1200,"url":"https:\/\/welovecinema.be\/wp-content\/uploads\/sites\/2\/2018\/06\/ToutCourt12juin.jpg","type":"image\/jpeg"}],"author":"Aurore Engelen","twitter_card":"summary_large_image","twitter_misc":{"\u00c9crit par":"Aurore Engelen","Dur\u00e9e de lecture estim\u00e9e":"2 minutes"},"schema":{"@context":"https:\/\/schema.org","@graph":[{"@type":"Article","@id":"https:\/\/welovecinema.be\/fr\/tout-court-programme-du-mardi-12-juin\/#article","isPartOf":{"@id":"https:\/\/welovecinema.be\/fr\/tout-court-programme-du-mardi-12-juin\/"},"author":{"name":"Aurore Engelen","@id":"https:\/\/welovecinema.be\/nl\/#\/schema\/person\/8084b68c6b176142d073695c654dc7cf"},"headline":"Tout Court, programme du mardi 12 juin","datePublished":"2018-06-12T09:59:04+00:00","dateModified":"2018-06-12T09:59:04+00:00","mainEntityOfPage":{"@id":"https:\/\/welovecinema.be\/fr\/tout-court-programme-du-mardi-12-juin\/"},"wordCount":479,"publisher":{"@id":"https:\/\/welovecinema.be\/nl\/#organization"},"articleSection":["Plateau t\u00e9l\u00e9"],"inLanguage":"fr-FR"},{"@type":"WebPage","@id":"https:\/\/welovecinema.be\/fr\/tout-court-programme-du-mardi-12-juin\/","url":"https:\/\/welovecinema.be\/fr\/tout-court-programme-du-mardi-12-juin\/","name":"Tout Court, programme du mardi 12 juin - We Love Cinema","isPartOf":{"@id":"https:\/\/welovecinema.be\/nl\/#website"},"datePublished":"2018-06-12T09:59:04+00:00","dateModified":"2018-06-12T09:59:04+00:00","breadcrumb":{"@id":"https:\/\/welovecinema.be\/fr\/tout-court-programme-du-mardi-12-juin\/#breadcrumb"},"inLanguage":"fr-FR","potentialAction":[{"@type":"ReadAction","target":["https:\/\/welovecinema.be\/fr\/tout-court-programme-du-mardi-12-juin\/"]}]},{"@type":"BreadcrumbList","@id":"https:\/\/welovecinema.be\/fr\/tout-court-programme-du-mardi-12-juin\/#breadcrumb","itemListElement":[{"@type":"ListItem","position":1,"name":"Accueil","item":"https:\/\/welovecinema.be\/fr\/"},{"@type":"ListItem","position":2,"name":"Tout Court, programme du mardi 12 juin"}]},{"@type":"WebSite","@id":"https:\/\/welovecinema.be\/nl\/#website","url":"https:\/\/welovecinema.be\/nl\/","name":"We Love Cinema","description":"Toute l\u2019information du cin\u00e9ma en Belgique","publisher":{"@id":"https:\/\/welovecinema.be\/nl\/#organization"},"potentialAction":[{"@type":"SearchAction","target":{"@type":"EntryPoint","urlTemplate":"https:\/\/welovecinema.be\/nl\/?s={search_term_string}"},"query-input":"required name=search_term_string"}],"inLanguage":"fr-FR"},{"@type":"Organization","@id":"https:\/\/welovecinema.be\/nl\/#organization","name":"We Love Cinema","url":"https:\/\/welovecinema.be\/nl\/","logo":{"@type":"ImageObject","inLanguage":"fr-FR","@id":"https:\/\/welovecinema.be\/nl\/#\/schema\/logo\/image\/","url":"https:\/\/welovecinema.be\/wp-content\/uploads\/sites\/2\/2023\/03\/Logo-We-Love-Cinema305x128.jpg","contentUrl":"https:\/\/welovecinema.be\/wp-content\/uploads\/sites\/2\/2023\/03\/Logo-We-Love-Cinema305x128.jpg","width":305,"height":128,"caption":"We Love Cinema"},"image":{"@id":"https:\/\/welovecinema.be\/nl\/#\/schema\/logo\/image\/"},"sameAs":["https:\/\/www.facebook.com\/welovecinema.be","https:\/\/www.youtube.com\/channel\/UCX5LYGVhnKvYauW4Nta4HJA","https:\/\/www.instagram.com\/welovecinema.be\/"]},{"@type":"Person","@id":"https:\/\/welovecinema.be\/nl\/#\/schema\/person\/8084b68c6b176142d073695c654dc7cf","name":"Aurore Engelen","url":"https:\/\/welovecinema.be\/fr\/author\/aurore-engelen\/"}]}},"_links":{"self":[{"href":"https:\/\/welovecinema.be\/fr\/wp-json\/wp\/v2\/posts\/210492","targetHints":{"allow":["GET"]}}],"collection":[{"href":"https:\/\/welovecinema.be\/fr\/wp-json\/wp\/v2\/posts"}],"about":[{"href":"https:\/\/welovecinema.be\/fr\/wp-json\/wp\/v2\/types\/post"}],"author":[{"embeddable":true,"href":"https:\/\/welovecinema.be\/fr\/wp-json\/wp\/v2\/users\/343"}],"replies":[{"embeddable":true,"href":"https:\/\/welovecinema.be\/fr\/wp-json\/wp\/v2\/comments?post=210492"}],"version-history":[{"count":0,"href":"https:\/\/welovecinema.be\/fr\/wp-json\/wp\/v2\/posts\/210492\/revisions"}],"wp:featuredmedia":[{"embeddable":true,"href":"https:\/\/welovecinema.be\/fr\/wp-json\/wp\/v2\/media\/210494"}],"wp:attachment":[{"href":"https:\/\/welovecinema.be\/fr\/wp-json\/wp\/v2\/media?parent=210492"}],"wp:term":[{"taxonomy":"category","embeddable":true,"href":"https:\/\/welovecinema.be\/fr\/wp-json\/wp\/v2\/categories?post=210492"},{"taxonomy":"post_tag","embeddable":true,"href":"https:\/\/welovecinema.be\/fr\/wp-json\/wp\/v2\/tags?post=210492"}],"curies":[{"name":"wp","href":"https:\/\/api.w.org\/{rel}","templated":true}]}}