{"id":210466,"date":"2018-06-10T10:43:10","date_gmt":"2018-06-10T08:43:10","guid":{"rendered":"http:\/\/www.cinevox.be\/?p=210466"},"modified":"2018-06-11T10:12:35","modified_gmt":"2018-06-11T08:12:35","slug":"adieu-la-chair-remporte-le-grand-prix-du-jury-au-court-en-dit-long","status":"publish","type":"post","link":"https:\/\/welovecinema.be\/fr\/adieu-la-chair-remporte-le-grand-prix-du-jury-au-court-en-dit-long\/","title":{"rendered":"\u00ab\u00a0Adieu la chair!\u00a0\u00bb remporte le Grand Prix du Jury au Court en dit long"},"content":{"rendered":"<p><strong>C&rsquo;est donc le court m\u00e9trage de Yohan Guignard, qui suit l&rsquo;initiation tr\u00e8s physique d&rsquo;un jeune joueur de rugby, qui a remport\u00e9 samedi soir le Grand Prix du Jury du festival parisien Le court en dit long, consacr\u00e9 aux courts m\u00e9trages belges.<\/strong><\/p>\n<p>Le jury, c<span class=\"s1\">ompos\u00e9 de Lucia Sanchez (actrice et r\u00e9alisatrice), Tatiana Vialle (directrice de casting, sc\u00e9nariste et r\u00e9alisatrice), Sara Wikler (responsable de la coordination artistique des d\u00e9veloppements de long m\u00e9trage \u00e0 Studiocanal), Jonas Bloquet (acteur et r\u00e9alisateur) et Antoine Leclerc (d\u00e9l\u00e9gu\u00e9 g\u00e9n\u00e9ral du Festival Itin\u00e9rances \u00e0 Al\u00e8s et du Carrefour des festivals) a donc choisi d&rsquo;attribuer son Grand Prix \u00e0 ce premier court m\u00e9trage, tandis qu&rsquo;une mention \u00e9tait d\u00e9cern\u00e9e \u00e0 <em>Tiny Big<\/em> de Lia Bertels.\u00a0<\/span><\/p>\n<p class=\"p1\"><span class=\"s1\">Le Prix de la Mise en Sc\u00e8ne a \u00e9t\u00e9 remis ex-aequo\u00a0\u00e0 <em>Vihta<\/em><\/span><span class=\"s2\"><i>\u00a0<\/i>de Fran\u00e7ois Bierry<\/span><span class=\"s1\">\u00a0et <\/span><span class=\"s3\"><i>Les Corps Purs<\/i><\/span><span class=\"s1\"> de <\/span><span class=\"s3\">B\u00e9rang\u00e8re Mc Neese et Guillaume de Ginestel, deux films d\u00e9j\u00e0 prim\u00e9s dans de nombreux festivals (notamment Clermont-Ferrand pour le premier, le Festival de Namur pour le second). Une mention a \u00e9galement \u00e9t\u00e9 d\u00e9cern\u00e9e au film de R\u00e9mi Allier <em>Les Petites Mains<\/em>.<\/span><\/p>\n<blockquote class=\"instagram-media\" style=\"background: #FFF; border: 0; border-radius: 3px; box-shadow: 0 0 1px 0 rgba(0,0,0,0.5),0 1px 10px 0 rgba(0,0,0,0.15); margin: 1px; max-width: 658px; padding: 0; width: calc(100% - 2px);\" data-instgrm-captioned=\"\" data-instgrm-permalink=\"https:\/\/www.instagram.com\/p\/Bj0diBGgVCO\/\" data-instgrm-version=\"8\">\n<div style=\"padding: 8px;\">\n<div style=\"background: #F8F8F8; line-height: 0; margin-top: 40px; padding: 50.0% 0; text-align: center; width: 100%;\">\n<div style=\"background: url(data:image\/png; base64,ivborw0kggoaaaansuheugaaacwaaaascamaaaapwqozaaaabgdbtueaalgpc\/xhbqaaaafzukdcak7ohokaaaamuexurczmzpf399fx1+bm5mzy9amaaadisurbvdjlvzxbesmgces5\/p8\/t9furvcrmu73jwlzosgsiizurcjo\/ad+eqjjb4hv8bft+idpqocx1wjosbfhh2xssxeiyn3uli\/6mnree07uiwjev8ueowds88ly97kqytlijkktuybbruayvh5wohixmpi5we58ek028czwyuqdlkpg1bkb4nnm+veanfhqn1k4+gpt6ugqcvu2h2ovuif\/gwufyy8owepdyzsa3avcqpvovvzzz2vtnn2wu8qzvjddeto90gsy9mvlqtgysy231mxry6i2ggqjrty0l8fxcxfcbbhwrsyyaaaaaelftksuqmcc); display: block; height: 44px; margin: 0 auto -44px; position: relative; top: -22px; width: 44px;\"><\/div>\n<\/div>\n<p style=\"margin: 8px 0 0 0; padding: 0 4px;\"><a style=\"color: #000; font-family: Arial,sans-serif; font-size: 14px; font-style: normal; font-weight: normal; line-height: 17px; text-decoration: none; word-wrap: break-word;\" href=\"https:\/\/www.instagram.com\/p\/Bj0diBGgVCO\/\" target=\"_blank\" rel=\"noopener\">Les Corps Purs remporte le Prix de la Mise en sc\u00e8ne ce soir au festival #lecourtenditlong ! Merci au festival, au jury, au @cwb_paris et \u00e0 la @sabamofficial !<\/a><\/p>\n<p style=\"color: #c9c8cd; font-family: Arial,sans-serif; font-size: 14px; line-height: 17px; margin-bottom: 0; margin-top: 8px; overflow: hidden; padding: 8px 0 7px; text-align: center; text-overflow: ellipsis; white-space: nowrap;\">Une publication partag\u00e9e par <a style=\"color: #c9c8cd; font-family: Arial,sans-serif; font-size: 14px; font-style: normal; font-weight: normal; line-height: 17px;\" href=\"https:\/\/www.instagram.com\/berangeremcn\/\" target=\"_blank\" rel=\"noopener\"> B\u00e9rang\u00e8re McNeese<\/a> (@berangeremcn) le <time style=\"font-family: Arial,sans-serif; font-size: 14px; line-height: 17px;\" datetime=\"2018-06-09T21:53:36+00:00\">9 Juin 2018 \u00e0 2\u00a0:53 PDT<\/time><\/p>\n<\/div>\n<\/blockquote>\n<p><script async defer src=\"\/\/www.instagram.com\/embed.js\"><\/script><\/p>\n<p><span class=\"s1\">Le Prix du Sc\u00e9nario a quant \u00e0 lui \u00e9t\u00e9 remis \u00e0\u00a0<\/span><span class=\"s2\">Sergio Guataquira Sarmiento et Maud Carpentier pour <i>Pablo<\/i>\u00a0de Sergio Guataquira Sarmiento.<\/span><\/p>\n<p>Les prix d&rsquo;interpr\u00e9tation sont venus confirmer les prestations remarqu\u00e9es de com\u00e9diens d\u00e9j\u00e0 prim\u00e9s pour ces films. Ingrid Heiderscheidt a ainsi re\u00e7u une nouvelle r\u00e9compense pour sa prestation m\u00e9morable dans <em>Calamity<\/em> de S\u00e9verine de Streyker et Maxime Feyers, et l&rsquo;efficace duo form\u00e9 par\u00a0<span class=\"s1\">Yassine Fadel et Ilias Bouanane s&rsquo;est vu une nouvelle fois salu\u00e9 pour sa performance\u00a0dans <i>Etat d\u2019alerte sa m\u00e8re\u00a0!<span class=\"Apple-converted-space\">\u00a0 <\/span><\/i>de S\u00e9bastien Petretti.<\/span><b><\/b><\/p>\n<blockquote class=\"instagram-media\" style=\"background: #FFF; border: 0; border-radius: 3px; box-shadow: 0 0 1px 0 rgba(0,0,0,0.5),0 1px 10px 0 rgba(0,0,0,0.15); margin: 1px; max-width: 658px; padding: 0; width: calc(100% - 2px);\" data-instgrm-captioned=\"\" data-instgrm-permalink=\"https:\/\/www.instagram.com\/p\/Bj0XLDyAi-_\/\" data-instgrm-version=\"8\">\n<div style=\"padding: 8px;\">\n<div style=\"background: #F8F8F8; line-height: 0; margin-top: 40px; padding: 62.5% 0; text-align: center; width: 100%;\">\n<div style=\"background: url(data:image\/png; base64,ivborw0kggoaaaansuheugaaacwaaaascamaaaapwqozaaaabgdbtueaalgpc\/xhbqaaaafzukdcak7ohokaaaamuexurczmzpf399fx1+bm5mzy9amaaadisurbvdjlvzxbesmgces5\/p8\/t9furvcrmu73jwlzosgsiizurcjo\/ad+eqjjb4hv8bft+idpqocx1wjosbfhh2xssxeiyn3uli\/6mnree07uiwjev8ueowds88ly97kqytlijkktuybbruayvh5wohixmpi5we58ek028czwyuqdlkpg1bkb4nnm+veanfhqn1k4+gpt6ugqcvu2h2ovuif\/gwufyy8owepdyzsa3avcqpvovvzzz2vtnn2wu8qzvjddeto90gsy9mvlqtgysy231mxry6i2ggqjrty0l8fxcxfcbbhwrsyyaaaaaelftksuqmcc); display: block; height: 44px; margin: 0 auto -44px; position: relative; top: -22px; width: 44px;\"><\/div>\n<\/div>\n<p style=\"margin: 8px 0 0 0; padding: 0 4px;\"><a style=\"color: #000; font-family: Arial,sans-serif; font-size: 14px; font-style: normal; font-weight: normal; line-height: 17px; text-decoration: none; word-wrap: break-word;\" href=\"https:\/\/www.instagram.com\/p\/Bj0XLDyAi-_\/\" target=\"_blank\" rel=\"noopener\">We made it&#8230; #bestactors #yassinefadel #iliasbouanane #cwb<\/a><\/p>\n<p style=\"color: #c9c8cd; font-family: Arial,sans-serif; font-size: 14px; line-height: 17px; margin-bottom: 0; margin-top: 8px; overflow: hidden; padding: 8px 0 7px; text-align: center; text-overflow: ellipsis; white-space: nowrap;\">Une publication partag\u00e9e par <a style=\"color: #c9c8cd; font-family: Arial,sans-serif; font-size: 14px; font-style: normal; font-weight: normal; line-height: 17px;\" href=\"https:\/\/www.instagram.com\/yassinefadel19\/\" target=\"_blank\" rel=\"noopener\"> Yassine Fadel<\/a> (@yassinefadel19) le <time style=\"font-family: Arial,sans-serif; font-size: 14px; line-height: 17px;\" datetime=\"2018-06-09T20:58:02+00:00\">9 Juin 2018 \u00e0 1\u00a0:58 PDT<\/time><\/p>\n<\/div>\n<\/blockquote>\n<p><script async defer src=\"\/\/www.instagram.com\/embed.js\"><\/script><\/p>\n<p>Notons enfin que l<span class=\"s1\">e Prix du Public est revenu \u00e0 <em>Calamity<\/em>\u00a0<\/span><span class=\"s2\">de S\u00e9verine de Streyker et Maxime Feyers, le\u00a0<\/span><span class=\"s1\">Prix Coup de C\u0153ur RTBF \u00e0 <em>La Parcelle<\/em><\/span><span class=\"s2\"><i>\u00a0<\/i>de Micha\u00ebl Guerraz et le<\/span><span class=\"s1\">\u00a0Prix Coup de C\u0153ur BeTV \u00e0 <em>Rikishi<\/em><\/span><span class=\"s2\"><i>\u00a0<\/i>de Julien Menanteau.<\/span><\/p>\n<p>&nbsp;<\/p>\n","protected":false},"excerpt":{"rendered":"<p>C&rsquo;est donc le court m\u00e9trage de Yohan Guignard, qui suit l&rsquo;initiation tr\u00e8s physique d&rsquo;un jeune joueur de rugby, qui a remport\u00e9 samedi soir le Grand Prix du Jury du festival parisien Le court en dit long, consacr\u00e9 aux courts m\u00e9trages belges. Le jury, compos\u00e9 de Lucia Sanchez (actrice et r\u00e9alisatrice), Tatiana Vialle (directrice de casting, &hellip;<\/p>\n","protected":false},"author":343,"featured_media":210467,"comment_status":"closed","ping_status":"closed","sticky":false,"template":"","format":"standard","meta":{"ngg_post_thumbnail":0,"footnotes":""},"categories":[12],"tags":[1895],"class_list":["post-210466","post","type-post","status-publish","format-standard","has-post-thumbnail","","category-awards","tag-court-metrage"],"yoast_head":"<!-- This site is optimized with the Yoast SEO plugin v20.4 - https:\/\/yoast.com\/wordpress\/plugins\/seo\/ -->\n<title>&quot;Adieu la chair!&quot; remporte le Grand Prix du Jury au Court en dit long - We Love Cinema<\/title>\n<meta name=\"robots\" content=\"index, follow, max-snippet:-1, max-image-preview:large, max-video-preview:-1\" \/>\n<link rel=\"canonical\" href=\"https:\/\/welovecinema.be\/fr\/adieu-la-chair-remporte-le-grand-prix-du-jury-au-court-en-dit-long\/\" \/>\n<meta property=\"og:locale\" content=\"fr_FR\" \/>\n<meta property=\"og:type\" content=\"article\" \/>\n<meta property=\"og:title\" content=\"&quot;Adieu la chair!&quot; remporte le Grand Prix du Jury au Court en dit long - We Love Cinema\" \/>\n<meta property=\"og:description\" content=\"C&rsquo;est donc le court m\u00e9trage de Yohan Guignard, qui suit l&rsquo;initiation tr\u00e8s physique d&rsquo;un jeune joueur de rugby, qui a remport\u00e9 samedi soir le Grand Prix du Jury du festival parisien Le court en dit long, consacr\u00e9 aux courts m\u00e9trages belges. Le jury, compos\u00e9 de Lucia Sanchez (actrice et r\u00e9alisatrice), Tatiana Vialle (directrice de casting, &hellip;\" \/>\n<meta property=\"og:url\" content=\"https:\/\/welovecinema.be\/fr\/adieu-la-chair-remporte-le-grand-prix-du-jury-au-court-en-dit-long\/\" \/>\n<meta property=\"og:site_name\" content=\"We Love Cinema\" \/>\n<meta property=\"article:publisher\" content=\"https:\/\/www.facebook.com\/welovecinema.be\" \/>\n<meta property=\"article:published_time\" content=\"2018-06-10T08:43:10+00:00\" \/>\n<meta property=\"article:modified_time\" content=\"2018-06-11T08:12:35+00:00\" \/>\n<meta property=\"og:image\" content=\"https:\/\/welovecinema.be\/wp-content\/uploads\/sites\/2\/2018\/06\/ALC_01_670.jpg\" \/>\n\t<meta property=\"og:image:width\" content=\"670\" \/>\n\t<meta property=\"og:image:height\" content=\"279\" \/>\n\t<meta property=\"og:image:type\" content=\"image\/jpeg\" \/>\n<meta name=\"author\" content=\"Aurore Engelen\" \/>\n<meta name=\"twitter:card\" content=\"summary_large_image\" \/>\n<meta name=\"twitter:label1\" content=\"\u00c9crit par\" \/>\n\t<meta name=\"twitter:data1\" content=\"Aurore Engelen\" \/>\n\t<meta name=\"twitter:label2\" content=\"Dur\u00e9e de lecture estim\u00e9e\" \/>\n\t<meta name=\"twitter:data2\" content=\"2 minutes\" \/>\n<script type=\"application\/ld+json\" class=\"yoast-schema-graph\">{\"@context\":\"https:\/\/schema.org\",\"@graph\":[{\"@type\":\"Article\",\"@id\":\"https:\/\/welovecinema.be\/fr\/adieu-la-chair-remporte-le-grand-prix-du-jury-au-court-en-dit-long\/#article\",\"isPartOf\":{\"@id\":\"https:\/\/welovecinema.be\/fr\/adieu-la-chair-remporte-le-grand-prix-du-jury-au-court-en-dit-long\/\"},\"author\":{\"name\":\"Aurore Engelen\",\"@id\":\"https:\/\/welovecinema.be\/nl\/#\/schema\/person\/8084b68c6b176142d073695c654dc7cf\"},\"headline\":\"\u00ab\u00a0Adieu la chair!\u00a0\u00bb remporte le Grand Prix du Jury au Court en dit long\",\"datePublished\":\"2018-06-10T08:43:10+00:00\",\"dateModified\":\"2018-06-11T08:12:35+00:00\",\"mainEntityOfPage\":{\"@id\":\"https:\/\/welovecinema.be\/fr\/adieu-la-chair-remporte-le-grand-prix-du-jury-au-court-en-dit-long\/\"},\"wordCount\":422,\"publisher\":{\"@id\":\"https:\/\/welovecinema.be\/nl\/#organization\"},\"keywords\":[\"Court m\u00e9trage\"],\"articleSection\":[\"Evenements\"],\"inLanguage\":\"fr-FR\"},{\"@type\":\"WebPage\",\"@id\":\"https:\/\/welovecinema.be\/fr\/adieu-la-chair-remporte-le-grand-prix-du-jury-au-court-en-dit-long\/\",\"url\":\"https:\/\/welovecinema.be\/fr\/adieu-la-chair-remporte-le-grand-prix-du-jury-au-court-en-dit-long\/\",\"name\":\"\\\"Adieu la chair!\\\" remporte le Grand Prix du Jury au Court en dit long - We Love Cinema\",\"isPartOf\":{\"@id\":\"https:\/\/welovecinema.be\/nl\/#website\"},\"datePublished\":\"2018-06-10T08:43:10+00:00\",\"dateModified\":\"2018-06-11T08:12:35+00:00\",\"breadcrumb\":{\"@id\":\"https:\/\/welovecinema.be\/fr\/adieu-la-chair-remporte-le-grand-prix-du-jury-au-court-en-dit-long\/#breadcrumb\"},\"inLanguage\":\"fr-FR\",\"potentialAction\":[{\"@type\":\"ReadAction\",\"target\":[\"https:\/\/welovecinema.be\/fr\/adieu-la-chair-remporte-le-grand-prix-du-jury-au-court-en-dit-long\/\"]}]},{\"@type\":\"BreadcrumbList\",\"@id\":\"https:\/\/welovecinema.be\/fr\/adieu-la-chair-remporte-le-grand-prix-du-jury-au-court-en-dit-long\/#breadcrumb\",\"itemListElement\":[{\"@type\":\"ListItem\",\"position\":1,\"name\":\"Accueil\",\"item\":\"https:\/\/welovecinema.be\/fr\/\"},{\"@type\":\"ListItem\",\"position\":2,\"name\":\"\u00ab\u00a0Adieu la chair!\u00a0\u00bb remporte le Grand Prix du Jury au Court en dit long\"}]},{\"@type\":\"WebSite\",\"@id\":\"https:\/\/welovecinema.be\/nl\/#website\",\"url\":\"https:\/\/welovecinema.be\/nl\/\",\"name\":\"We Love Cinema\",\"description\":\"Toute l\u2019information du cin\u00e9ma en Belgique\",\"publisher\":{\"@id\":\"https:\/\/welovecinema.be\/nl\/#organization\"},\"potentialAction\":[{\"@type\":\"SearchAction\",\"target\":{\"@type\":\"EntryPoint\",\"urlTemplate\":\"https:\/\/welovecinema.be\/nl\/?s={search_term_string}\"},\"query-input\":\"required name=search_term_string\"}],\"inLanguage\":\"fr-FR\"},{\"@type\":\"Organization\",\"@id\":\"https:\/\/welovecinema.be\/nl\/#organization\",\"name\":\"We Love Cinema\",\"url\":\"https:\/\/welovecinema.be\/nl\/\",\"logo\":{\"@type\":\"ImageObject\",\"inLanguage\":\"fr-FR\",\"@id\":\"https:\/\/welovecinema.be\/nl\/#\/schema\/logo\/image\/\",\"url\":\"https:\/\/welovecinema.be\/wp-content\/uploads\/sites\/2\/2023\/03\/Logo-We-Love-Cinema305x128.jpg\",\"contentUrl\":\"https:\/\/welovecinema.be\/wp-content\/uploads\/sites\/2\/2023\/03\/Logo-We-Love-Cinema305x128.jpg\",\"width\":305,\"height\":128,\"caption\":\"We Love Cinema\"},\"image\":{\"@id\":\"https:\/\/welovecinema.be\/nl\/#\/schema\/logo\/image\/\"},\"sameAs\":[\"https:\/\/www.facebook.com\/welovecinema.be\",\"https:\/\/www.youtube.com\/channel\/UCX5LYGVhnKvYauW4Nta4HJA\",\"https:\/\/www.instagram.com\/welovecinema.be\/\"]},{\"@type\":\"Person\",\"@id\":\"https:\/\/welovecinema.be\/nl\/#\/schema\/person\/8084b68c6b176142d073695c654dc7cf\",\"name\":\"Aurore Engelen\",\"url\":\"https:\/\/welovecinema.be\/fr\/author\/aurore-engelen\/\"}]}<\/script>\n<!-- \/ Yoast SEO plugin. -->","yoast_head_json":{"title":"\"Adieu la chair!\" remporte le Grand Prix du Jury au Court en dit long - We Love Cinema","robots":{"index":"index","follow":"follow","max-snippet":"max-snippet:-1","max-image-preview":"max-image-preview:large","max-video-preview":"max-video-preview:-1"},"canonical":"https:\/\/welovecinema.be\/fr\/adieu-la-chair-remporte-le-grand-prix-du-jury-au-court-en-dit-long\/","og_locale":"fr_FR","og_type":"article","og_title":"\"Adieu la chair!\" remporte le Grand Prix du Jury au Court en dit long - We Love Cinema","og_description":"C&rsquo;est donc le court m\u00e9trage de Yohan Guignard, qui suit l&rsquo;initiation tr\u00e8s physique d&rsquo;un jeune joueur de rugby, qui a remport\u00e9 samedi soir le Grand Prix du Jury du festival parisien Le court en dit long, consacr\u00e9 aux courts m\u00e9trages belges. Le jury, compos\u00e9 de Lucia Sanchez (actrice et r\u00e9alisatrice), Tatiana Vialle (directrice de casting, &hellip;","og_url":"https:\/\/welovecinema.be\/fr\/adieu-la-chair-remporte-le-grand-prix-du-jury-au-court-en-dit-long\/","og_site_name":"We Love Cinema","article_publisher":"https:\/\/www.facebook.com\/welovecinema.be","article_published_time":"2018-06-10T08:43:10+00:00","article_modified_time":"2018-06-11T08:12:35+00:00","og_image":[{"width":670,"height":279,"url":"https:\/\/welovecinema.be\/wp-content\/uploads\/sites\/2\/2018\/06\/ALC_01_670.jpg","type":"image\/jpeg"}],"author":"Aurore Engelen","twitter_card":"summary_large_image","twitter_misc":{"\u00c9crit par":"Aurore Engelen","Dur\u00e9e de lecture estim\u00e9e":"2 minutes"},"schema":{"@context":"https:\/\/schema.org","@graph":[{"@type":"Article","@id":"https:\/\/welovecinema.be\/fr\/adieu-la-chair-remporte-le-grand-prix-du-jury-au-court-en-dit-long\/#article","isPartOf":{"@id":"https:\/\/welovecinema.be\/fr\/adieu-la-chair-remporte-le-grand-prix-du-jury-au-court-en-dit-long\/"},"author":{"name":"Aurore Engelen","@id":"https:\/\/welovecinema.be\/nl\/#\/schema\/person\/8084b68c6b176142d073695c654dc7cf"},"headline":"\u00ab\u00a0Adieu la chair!\u00a0\u00bb remporte le Grand Prix du Jury au Court en dit long","datePublished":"2018-06-10T08:43:10+00:00","dateModified":"2018-06-11T08:12:35+00:00","mainEntityOfPage":{"@id":"https:\/\/welovecinema.be\/fr\/adieu-la-chair-remporte-le-grand-prix-du-jury-au-court-en-dit-long\/"},"wordCount":422,"publisher":{"@id":"https:\/\/welovecinema.be\/nl\/#organization"},"keywords":["Court m\u00e9trage"],"articleSection":["Evenements"],"inLanguage":"fr-FR"},{"@type":"WebPage","@id":"https:\/\/welovecinema.be\/fr\/adieu-la-chair-remporte-le-grand-prix-du-jury-au-court-en-dit-long\/","url":"https:\/\/welovecinema.be\/fr\/adieu-la-chair-remporte-le-grand-prix-du-jury-au-court-en-dit-long\/","name":"\"Adieu la chair!\" remporte le Grand Prix du Jury au Court en dit long - We Love Cinema","isPartOf":{"@id":"https:\/\/welovecinema.be\/nl\/#website"},"datePublished":"2018-06-10T08:43:10+00:00","dateModified":"2018-06-11T08:12:35+00:00","breadcrumb":{"@id":"https:\/\/welovecinema.be\/fr\/adieu-la-chair-remporte-le-grand-prix-du-jury-au-court-en-dit-long\/#breadcrumb"},"inLanguage":"fr-FR","potentialAction":[{"@type":"ReadAction","target":["https:\/\/welovecinema.be\/fr\/adieu-la-chair-remporte-le-grand-prix-du-jury-au-court-en-dit-long\/"]}]},{"@type":"BreadcrumbList","@id":"https:\/\/welovecinema.be\/fr\/adieu-la-chair-remporte-le-grand-prix-du-jury-au-court-en-dit-long\/#breadcrumb","itemListElement":[{"@type":"ListItem","position":1,"name":"Accueil","item":"https:\/\/welovecinema.be\/fr\/"},{"@type":"ListItem","position":2,"name":"\u00ab\u00a0Adieu la chair!\u00a0\u00bb remporte le Grand Prix du Jury au Court en dit long"}]},{"@type":"WebSite","@id":"https:\/\/welovecinema.be\/nl\/#website","url":"https:\/\/welovecinema.be\/nl\/","name":"We Love Cinema","description":"Toute l\u2019information du cin\u00e9ma en Belgique","publisher":{"@id":"https:\/\/welovecinema.be\/nl\/#organization"},"potentialAction":[{"@type":"SearchAction","target":{"@type":"EntryPoint","urlTemplate":"https:\/\/welovecinema.be\/nl\/?s={search_term_string}"},"query-input":"required name=search_term_string"}],"inLanguage":"fr-FR"},{"@type":"Organization","@id":"https:\/\/welovecinema.be\/nl\/#organization","name":"We Love Cinema","url":"https:\/\/welovecinema.be\/nl\/","logo":{"@type":"ImageObject","inLanguage":"fr-FR","@id":"https:\/\/welovecinema.be\/nl\/#\/schema\/logo\/image\/","url":"https:\/\/welovecinema.be\/wp-content\/uploads\/sites\/2\/2023\/03\/Logo-We-Love-Cinema305x128.jpg","contentUrl":"https:\/\/welovecinema.be\/wp-content\/uploads\/sites\/2\/2023\/03\/Logo-We-Love-Cinema305x128.jpg","width":305,"height":128,"caption":"We Love Cinema"},"image":{"@id":"https:\/\/welovecinema.be\/nl\/#\/schema\/logo\/image\/"},"sameAs":["https:\/\/www.facebook.com\/welovecinema.be","https:\/\/www.youtube.com\/channel\/UCX5LYGVhnKvYauW4Nta4HJA","https:\/\/www.instagram.com\/welovecinema.be\/"]},{"@type":"Person","@id":"https:\/\/welovecinema.be\/nl\/#\/schema\/person\/8084b68c6b176142d073695c654dc7cf","name":"Aurore Engelen","url":"https:\/\/welovecinema.be\/fr\/author\/aurore-engelen\/"}]}},"_links":{"self":[{"href":"https:\/\/welovecinema.be\/fr\/wp-json\/wp\/v2\/posts\/210466","targetHints":{"allow":["GET"]}}],"collection":[{"href":"https:\/\/welovecinema.be\/fr\/wp-json\/wp\/v2\/posts"}],"about":[{"href":"https:\/\/welovecinema.be\/fr\/wp-json\/wp\/v2\/types\/post"}],"author":[{"embeddable":true,"href":"https:\/\/welovecinema.be\/fr\/wp-json\/wp\/v2\/users\/343"}],"replies":[{"embeddable":true,"href":"https:\/\/welovecinema.be\/fr\/wp-json\/wp\/v2\/comments?post=210466"}],"version-history":[{"count":0,"href":"https:\/\/welovecinema.be\/fr\/wp-json\/wp\/v2\/posts\/210466\/revisions"}],"wp:featuredmedia":[{"embeddable":true,"href":"https:\/\/welovecinema.be\/fr\/wp-json\/wp\/v2\/media\/210467"}],"wp:attachment":[{"href":"https:\/\/welovecinema.be\/fr\/wp-json\/wp\/v2\/media?parent=210466"}],"wp:term":[{"taxonomy":"category","embeddable":true,"href":"https:\/\/welovecinema.be\/fr\/wp-json\/wp\/v2\/categories?post=210466"},{"taxonomy":"post_tag","embeddable":true,"href":"https:\/\/welovecinema.be\/fr\/wp-json\/wp\/v2\/tags?post=210466"}],"curies":[{"name":"wp","href":"https:\/\/api.w.org\/{rel}","templated":true}]}}