{"id":210463,"date":"2018-06-11T14:00:22","date_gmt":"2018-06-11T12:00:22","guid":{"rendered":"http:\/\/www.cinevox.be\/?p=210463"},"modified":"2018-06-12T09:06:26","modified_gmt":"2018-06-12T07:06:26","slug":"bouli-lanners-ca-minteressait-de-faire-tomber-les-cliches","status":"publish","type":"post","link":"https:\/\/welovecinema.be\/fr\/bouli-lanners-ca-minteressait-de-faire-tomber-les-cliches\/","title":{"rendered":"Bouli Lanners: \u00ab\u00a0Ca m\u2019int\u00e9ressait de faire tomber les clich\u00e9s\u00a0\u00bb"},"content":{"rendered":"<p><strong>Alors que l&rsquo;on rencontrait r\u00e9cemment Bouli Lanners dans son jardin pour <a href=\"http:\/\/www.cinevox.be\/fr\/capsule-71-mai-juin-2018-petites-confidences-bouli\/\">une capsule exceptionnelle<\/a>, nous en avons profit\u00e9 pour lui poser quelques questions sur son r\u00f4le dans le 3e film de David Lambert, <a href=\"http:\/\/www.cinevox.be\/fr\/troisiemes-noces-deuxiemes-chances\/\"><em>Troisi\u00e8mes Noces<\/em><\/a>, qui sort ce mercredi 13 juin en Belgique.\u00a0<\/strong><\/p>\n<h4 class=\"p1\"><strong><span class=\"s1\">Pouvez-vous nous parler du film en quelques mots?<\/span><\/strong><\/h4>\n<p class=\"p1\"><span class=\"s1\">C&rsquo;est l&rsquo;histoire d\u2019un homosexuel qui vient de perdre son compagnon. Non seulement il est d\u00e9vast\u00e9, mais en plus financi\u00e8rement, cela va \u00eatre dur pour lui. Alors pour pouvoir payer les traites de sa maison, il accepte un march\u00e9 pas tr\u00e8s glorieux: \u00e9pouser une jeune africaine pour qu\u2019elle obtienne ses papiers. Le film raconte l\u2019histoire de cette relation.<\/span><\/p>\n<h4 class=\"p1\"><span class=\"s1\">Et votre personnage?<\/span><\/h4>\n<p class=\"p1\"><span class=\"s1\">Martin est un homosexuel bourru, un ours. Son \u00e9quilibre venait de son compagnon, et il n\u2019est pas tr\u00e8s sociable. En plus de \u00e7a il est tr\u00e8s bord\u00e9lique. Il peine \u00e0 se remettre de ce deuil.\u00a0<\/span><span class=\"s1\">C\u2019est une histoire de veuvage, et de transmission, comment un personnage bourru et peu ouvert au monde peut s\u2019ouvrir au don et \u00e0 la g\u00e9n\u00e9rosit\u00e9 par la gr\u00e2ce d\u2019une rencontre improbable. <\/span><\/p>\n<h4 class=\"p1\"><span class=\"s1\">Qu&rsquo;est-ce que vous a pouss\u00e9 \u00e0 accepter ce projet?<\/span><\/h4>\n<p class=\"p1\"><span class=\"s1\">Je n\u2019avais jamais interpr\u00e9ter de personnage homosexuel, et \u00e7a m\u2019int\u00e9ressait de le faire sans tomber dans les clich\u00e9s qu\u2019on conna\u00eet. Ca faisait aussi ressortir une part un peu f\u00e9minine chez moi, ce que j&rsquo;aime bien. Et puis j\u2019aimais bien l\u2019histoire, et la personnalit\u00e9 de David Lambert.<\/span><\/p>\n<h4 class=\"p1\"><span class=\"s1\">C&rsquo;est aussi un questionnement sur la masculinit\u00e9?<\/span><\/h4>\n<p class=\"p1\"><span class=\"s1\">Ce sont des questions que je me pose r\u00e9guli\u00e8rement. J\u2019aimais bien me mettre de ce c\u00f4t\u00e9-l\u00e0 de la barri\u00e8re. Ce qui est bien quand on est com\u00e9dien, c\u2019est de se mettre de l\u2019autre c\u00f4t\u00e9 de la barri\u00e8re, d\u2019adopter le point de vue d\u2019un personnage qu\u2019on n\u2019est pas. Un homo bourru, de plus de 50 ans, la douleur du deuil. Ca me touchait particuli\u00e8rement. Ca m\u2019a beaucoup fait r\u00e9fl\u00e9chir \u00e0 propos deuil, de faire un vrai travail sur moi.<\/span><\/p>\n<p><img loading=\"lazy\" decoding=\"async\" class=\"alignnone size-large wp-image-209114\" src=\"http:\/\/www.cinevox.be\/wp-content\/uploads\/sites\/2\/2018\/04\/troisiemes_noces-800x375.jpg\" alt=\"troisiemes_noces\" width=\"618\" height=\"290\" srcset=\"https:\/\/welovecinema.be\/wp-content\/uploads\/sites\/2\/2018\/04\/troisiemes_noces-800x375.jpg 800w, https:\/\/welovecinema.be\/wp-content\/uploads\/sites\/2\/2018\/04\/troisiemes_noces-480x225.jpg 480w, https:\/\/welovecinema.be\/wp-content\/uploads\/sites\/2\/2018\/04\/troisiemes_noces-768x360.jpg 768w, https:\/\/welovecinema.be\/wp-content\/uploads\/sites\/2\/2018\/04\/troisiemes_noces.jpg 1600w\" sizes=\"auto, (max-width: 618px) 100vw, 618px\" \/><\/p>\n<h4 class=\"p1\"><span class=\"s1\">Et l\u2019histoire d\u2019une collision culturelle?<\/span><\/h4>\n<p class=\"p1\"><span class=\"s1\">Martin et Tamara sont le jour et la nuit. Une jeune Congolaise tout juste d\u00e9barqu\u00e9e, et un vieux p\u00e9d\u00e9 bruxellois triste et aigri. C\u2019est s\u00fbr qu&rsquo;on est aux antipodes du spectre! <\/span><span class=\"s1\">C\u2019est un film que Th\u00e9o Francken devrait voir, qui recoupe l\u2019actualit\u00e9, et dit bien des choses, autrement, sur les r\u00e9fugi\u00e9s. Ce n\u2019est pas un film qui s\u2019inscrit dans une mouvance politique, mais c\u2019est un film qui humanise, et qui offre une autre grille de lecture.\u00a0<\/span><\/p>\n<h4 class=\"p1\"><span class=\"s1\">Et travailler avec David Lambert, c&rsquo;\u00e9tait comment?<\/span><\/h4>\n<p class=\"p1\"><span class=\"s1\">C\u2019est un vrai personnage, il est dr\u00f4le, il assume compl\u00e8tement son homosexualit\u00e9, avec panache. Il est tr\u00e8s dr\u00f4le, et tr\u00e8s doux sur les tournages. C\u2019\u00e9tait un tournage sans conflit, et tr\u00e8s agr\u00e9able, alors m\u00eame que je d\u00e9teste les tournages en studio.<\/span><\/p>\n<p>&nbsp;<\/p>\n<p class=\"p1\"><strong><em>Troisi\u00e8mes Noces<\/em> sort ce mercredi 13 juin en Belgique.<\/strong><\/p>\n","protected":false},"excerpt":{"rendered":"<p>Alors que l&rsquo;on rencontrait r\u00e9cemment Bouli Lanners dans son jardin pour une capsule exceptionnelle, nous en avons profit\u00e9 pour lui poser quelques questions sur son r\u00f4le dans le 3e film de David Lambert, Troisi\u00e8mes Noces, qui sort ce mercredi 13 juin en Belgique.\u00a0 Pouvez-vous nous parler du film en quelques mots? C&rsquo;est l&rsquo;histoire d\u2019un homosexuel &hellip;<\/p>\n","protected":false},"author":343,"featured_media":210464,"comment_status":"closed","ping_status":"closed","sticky":false,"template":"","format":"standard","meta":{"ngg_post_thumbnail":0,"footnotes":""},"categories":[1978],"tags":[425,1912,1943],"class_list":["post-210463","post","type-post","status-publish","format-standard","has-post-thumbnail","","category-interviews","tag-bouli-lanners","tag-david-lambert","tag-troisiemes-noces"],"yoast_head":"<!-- This site is optimized with the Yoast SEO plugin v20.4 - https:\/\/yoast.com\/wordpress\/plugins\/seo\/ -->\n<title>Bouli Lanners: &quot;Ca m\u2019int\u00e9ressait de faire tomber les clich\u00e9s&quot; - We Love Cinema<\/title>\n<meta name=\"robots\" content=\"index, follow, max-snippet:-1, max-image-preview:large, max-video-preview:-1\" \/>\n<link rel=\"canonical\" href=\"https:\/\/welovecinema.be\/fr\/bouli-lanners-ca-minteressait-de-faire-tomber-les-cliches\/\" \/>\n<meta property=\"og:locale\" content=\"fr_FR\" \/>\n<meta property=\"og:type\" content=\"article\" \/>\n<meta property=\"og:title\" content=\"Bouli Lanners: &quot;Ca m\u2019int\u00e9ressait de faire tomber les clich\u00e9s&quot; - We Love Cinema\" \/>\n<meta property=\"og:description\" content=\"Alors que l&rsquo;on rencontrait r\u00e9cemment Bouli Lanners dans son jardin pour une capsule exceptionnelle, nous en avons profit\u00e9 pour lui poser quelques questions sur son r\u00f4le dans le 3e film de David Lambert, Troisi\u00e8mes Noces, qui sort ce mercredi 13 juin en Belgique.\u00a0 Pouvez-vous nous parler du film en quelques mots? C&rsquo;est l&rsquo;histoire d\u2019un homosexuel &hellip;\" \/>\n<meta property=\"og:url\" content=\"https:\/\/welovecinema.be\/fr\/bouli-lanners-ca-minteressait-de-faire-tomber-les-cliches\/\" \/>\n<meta property=\"og:site_name\" content=\"We Love Cinema\" \/>\n<meta property=\"article:publisher\" content=\"https:\/\/www.facebook.com\/welovecinema.be\" \/>\n<meta property=\"article:published_time\" content=\"2018-06-11T12:00:22+00:00\" \/>\n<meta property=\"article:modified_time\" content=\"2018-06-12T07:06:26+00:00\" \/>\n<meta property=\"og:image\" content=\"https:\/\/welovecinema.be\/wp-content\/uploads\/sites\/2\/2018\/06\/BouliLannersCinevox.jpg\" \/>\n\t<meta property=\"og:image:width\" content=\"4032\" \/>\n\t<meta property=\"og:image:height\" content=\"3024\" \/>\n\t<meta property=\"og:image:type\" content=\"image\/jpeg\" \/>\n<meta name=\"author\" content=\"Aurore Engelen\" \/>\n<meta name=\"twitter:card\" content=\"summary_large_image\" \/>\n<meta name=\"twitter:label1\" content=\"\u00c9crit par\" \/>\n\t<meta name=\"twitter:data1\" content=\"Aurore Engelen\" \/>\n\t<meta name=\"twitter:label2\" content=\"Dur\u00e9e de lecture estim\u00e9e\" \/>\n\t<meta name=\"twitter:data2\" content=\"3 minutes\" \/>\n<script type=\"application\/ld+json\" class=\"yoast-schema-graph\">{\"@context\":\"https:\/\/schema.org\",\"@graph\":[{\"@type\":\"Article\",\"@id\":\"https:\/\/welovecinema.be\/fr\/bouli-lanners-ca-minteressait-de-faire-tomber-les-cliches\/#article\",\"isPartOf\":{\"@id\":\"https:\/\/welovecinema.be\/fr\/bouli-lanners-ca-minteressait-de-faire-tomber-les-cliches\/\"},\"author\":{\"name\":\"Aurore Engelen\",\"@id\":\"https:\/\/welovecinema.be\/nl\/#\/schema\/person\/8084b68c6b176142d073695c654dc7cf\"},\"headline\":\"Bouli Lanners: \u00ab\u00a0Ca m\u2019int\u00e9ressait de faire tomber les clich\u00e9s\u00a0\u00bb\",\"datePublished\":\"2018-06-11T12:00:22+00:00\",\"dateModified\":\"2018-06-12T07:06:26+00:00\",\"mainEntityOfPage\":{\"@id\":\"https:\/\/welovecinema.be\/fr\/bouli-lanners-ca-minteressait-de-faire-tomber-les-cliches\/\"},\"wordCount\":544,\"publisher\":{\"@id\":\"https:\/\/welovecinema.be\/nl\/#organization\"},\"keywords\":[\"Bouli Lanners\",\"David Lambert\",\"Troisi\u00e8mes Noces\"],\"articleSection\":[\"Rencontres\"],\"inLanguage\":\"fr-FR\"},{\"@type\":\"WebPage\",\"@id\":\"https:\/\/welovecinema.be\/fr\/bouli-lanners-ca-minteressait-de-faire-tomber-les-cliches\/\",\"url\":\"https:\/\/welovecinema.be\/fr\/bouli-lanners-ca-minteressait-de-faire-tomber-les-cliches\/\",\"name\":\"Bouli Lanners: \\\"Ca m\u2019int\u00e9ressait de faire tomber les clich\u00e9s\\\" - We Love Cinema\",\"isPartOf\":{\"@id\":\"https:\/\/welovecinema.be\/nl\/#website\"},\"datePublished\":\"2018-06-11T12:00:22+00:00\",\"dateModified\":\"2018-06-12T07:06:26+00:00\",\"breadcrumb\":{\"@id\":\"https:\/\/welovecinema.be\/fr\/bouli-lanners-ca-minteressait-de-faire-tomber-les-cliches\/#breadcrumb\"},\"inLanguage\":\"fr-FR\",\"potentialAction\":[{\"@type\":\"ReadAction\",\"target\":[\"https:\/\/welovecinema.be\/fr\/bouli-lanners-ca-minteressait-de-faire-tomber-les-cliches\/\"]}]},{\"@type\":\"BreadcrumbList\",\"@id\":\"https:\/\/welovecinema.be\/fr\/bouli-lanners-ca-minteressait-de-faire-tomber-les-cliches\/#breadcrumb\",\"itemListElement\":[{\"@type\":\"ListItem\",\"position\":1,\"name\":\"Accueil\",\"item\":\"https:\/\/welovecinema.be\/fr\/\"},{\"@type\":\"ListItem\",\"position\":2,\"name\":\"Bouli Lanners: \u00ab\u00a0Ca m\u2019int\u00e9ressait de faire tomber les clich\u00e9s\u00a0\u00bb\"}]},{\"@type\":\"WebSite\",\"@id\":\"https:\/\/welovecinema.be\/nl\/#website\",\"url\":\"https:\/\/welovecinema.be\/nl\/\",\"name\":\"We Love Cinema\",\"description\":\"Toute l\u2019information du cin\u00e9ma en Belgique\",\"publisher\":{\"@id\":\"https:\/\/welovecinema.be\/nl\/#organization\"},\"potentialAction\":[{\"@type\":\"SearchAction\",\"target\":{\"@type\":\"EntryPoint\",\"urlTemplate\":\"https:\/\/welovecinema.be\/nl\/?s={search_term_string}\"},\"query-input\":\"required name=search_term_string\"}],\"inLanguage\":\"fr-FR\"},{\"@type\":\"Organization\",\"@id\":\"https:\/\/welovecinema.be\/nl\/#organization\",\"name\":\"We Love Cinema\",\"url\":\"https:\/\/welovecinema.be\/nl\/\",\"logo\":{\"@type\":\"ImageObject\",\"inLanguage\":\"fr-FR\",\"@id\":\"https:\/\/welovecinema.be\/nl\/#\/schema\/logo\/image\/\",\"url\":\"https:\/\/welovecinema.be\/wp-content\/uploads\/sites\/2\/2023\/03\/Logo-We-Love-Cinema305x128.jpg\",\"contentUrl\":\"https:\/\/welovecinema.be\/wp-content\/uploads\/sites\/2\/2023\/03\/Logo-We-Love-Cinema305x128.jpg\",\"width\":305,\"height\":128,\"caption\":\"We Love Cinema\"},\"image\":{\"@id\":\"https:\/\/welovecinema.be\/nl\/#\/schema\/logo\/image\/\"},\"sameAs\":[\"https:\/\/www.facebook.com\/welovecinema.be\",\"https:\/\/www.youtube.com\/channel\/UCX5LYGVhnKvYauW4Nta4HJA\",\"https:\/\/www.instagram.com\/welovecinema.be\/\"]},{\"@type\":\"Person\",\"@id\":\"https:\/\/welovecinema.be\/nl\/#\/schema\/person\/8084b68c6b176142d073695c654dc7cf\",\"name\":\"Aurore Engelen\",\"url\":\"https:\/\/welovecinema.be\/fr\/author\/aurore-engelen\/\"}]}<\/script>\n<!-- \/ Yoast SEO plugin. -->","yoast_head_json":{"title":"Bouli Lanners: \"Ca m\u2019int\u00e9ressait de faire tomber les clich\u00e9s\" - We Love Cinema","robots":{"index":"index","follow":"follow","max-snippet":"max-snippet:-1","max-image-preview":"max-image-preview:large","max-video-preview":"max-video-preview:-1"},"canonical":"https:\/\/welovecinema.be\/fr\/bouli-lanners-ca-minteressait-de-faire-tomber-les-cliches\/","og_locale":"fr_FR","og_type":"article","og_title":"Bouli Lanners: \"Ca m\u2019int\u00e9ressait de faire tomber les clich\u00e9s\" - We Love Cinema","og_description":"Alors que l&rsquo;on rencontrait r\u00e9cemment Bouli Lanners dans son jardin pour une capsule exceptionnelle, nous en avons profit\u00e9 pour lui poser quelques questions sur son r\u00f4le dans le 3e film de David Lambert, Troisi\u00e8mes Noces, qui sort ce mercredi 13 juin en Belgique.\u00a0 Pouvez-vous nous parler du film en quelques mots? C&rsquo;est l&rsquo;histoire d\u2019un homosexuel &hellip;","og_url":"https:\/\/welovecinema.be\/fr\/bouli-lanners-ca-minteressait-de-faire-tomber-les-cliches\/","og_site_name":"We Love Cinema","article_publisher":"https:\/\/www.facebook.com\/welovecinema.be","article_published_time":"2018-06-11T12:00:22+00:00","article_modified_time":"2018-06-12T07:06:26+00:00","og_image":[{"width":4032,"height":3024,"url":"https:\/\/welovecinema.be\/wp-content\/uploads\/sites\/2\/2018\/06\/BouliLannersCinevox.jpg","type":"image\/jpeg"}],"author":"Aurore Engelen","twitter_card":"summary_large_image","twitter_misc":{"\u00c9crit par":"Aurore Engelen","Dur\u00e9e de lecture estim\u00e9e":"3 minutes"},"schema":{"@context":"https:\/\/schema.org","@graph":[{"@type":"Article","@id":"https:\/\/welovecinema.be\/fr\/bouli-lanners-ca-minteressait-de-faire-tomber-les-cliches\/#article","isPartOf":{"@id":"https:\/\/welovecinema.be\/fr\/bouli-lanners-ca-minteressait-de-faire-tomber-les-cliches\/"},"author":{"name":"Aurore Engelen","@id":"https:\/\/welovecinema.be\/nl\/#\/schema\/person\/8084b68c6b176142d073695c654dc7cf"},"headline":"Bouli Lanners: \u00ab\u00a0Ca m\u2019int\u00e9ressait de faire tomber les clich\u00e9s\u00a0\u00bb","datePublished":"2018-06-11T12:00:22+00:00","dateModified":"2018-06-12T07:06:26+00:00","mainEntityOfPage":{"@id":"https:\/\/welovecinema.be\/fr\/bouli-lanners-ca-minteressait-de-faire-tomber-les-cliches\/"},"wordCount":544,"publisher":{"@id":"https:\/\/welovecinema.be\/nl\/#organization"},"keywords":["Bouli Lanners","David Lambert","Troisi\u00e8mes Noces"],"articleSection":["Rencontres"],"inLanguage":"fr-FR"},{"@type":"WebPage","@id":"https:\/\/welovecinema.be\/fr\/bouli-lanners-ca-minteressait-de-faire-tomber-les-cliches\/","url":"https:\/\/welovecinema.be\/fr\/bouli-lanners-ca-minteressait-de-faire-tomber-les-cliches\/","name":"Bouli Lanners: \"Ca m\u2019int\u00e9ressait de faire tomber les clich\u00e9s\" - We Love Cinema","isPartOf":{"@id":"https:\/\/welovecinema.be\/nl\/#website"},"datePublished":"2018-06-11T12:00:22+00:00","dateModified":"2018-06-12T07:06:26+00:00","breadcrumb":{"@id":"https:\/\/welovecinema.be\/fr\/bouli-lanners-ca-minteressait-de-faire-tomber-les-cliches\/#breadcrumb"},"inLanguage":"fr-FR","potentialAction":[{"@type":"ReadAction","target":["https:\/\/welovecinema.be\/fr\/bouli-lanners-ca-minteressait-de-faire-tomber-les-cliches\/"]}]},{"@type":"BreadcrumbList","@id":"https:\/\/welovecinema.be\/fr\/bouli-lanners-ca-minteressait-de-faire-tomber-les-cliches\/#breadcrumb","itemListElement":[{"@type":"ListItem","position":1,"name":"Accueil","item":"https:\/\/welovecinema.be\/fr\/"},{"@type":"ListItem","position":2,"name":"Bouli Lanners: \u00ab\u00a0Ca m\u2019int\u00e9ressait de faire tomber les clich\u00e9s\u00a0\u00bb"}]},{"@type":"WebSite","@id":"https:\/\/welovecinema.be\/nl\/#website","url":"https:\/\/welovecinema.be\/nl\/","name":"We Love Cinema","description":"Toute l\u2019information du cin\u00e9ma en Belgique","publisher":{"@id":"https:\/\/welovecinema.be\/nl\/#organization"},"potentialAction":[{"@type":"SearchAction","target":{"@type":"EntryPoint","urlTemplate":"https:\/\/welovecinema.be\/nl\/?s={search_term_string}"},"query-input":"required name=search_term_string"}],"inLanguage":"fr-FR"},{"@type":"Organization","@id":"https:\/\/welovecinema.be\/nl\/#organization","name":"We Love Cinema","url":"https:\/\/welovecinema.be\/nl\/","logo":{"@type":"ImageObject","inLanguage":"fr-FR","@id":"https:\/\/welovecinema.be\/nl\/#\/schema\/logo\/image\/","url":"https:\/\/welovecinema.be\/wp-content\/uploads\/sites\/2\/2023\/03\/Logo-We-Love-Cinema305x128.jpg","contentUrl":"https:\/\/welovecinema.be\/wp-content\/uploads\/sites\/2\/2023\/03\/Logo-We-Love-Cinema305x128.jpg","width":305,"height":128,"caption":"We Love Cinema"},"image":{"@id":"https:\/\/welovecinema.be\/nl\/#\/schema\/logo\/image\/"},"sameAs":["https:\/\/www.facebook.com\/welovecinema.be","https:\/\/www.youtube.com\/channel\/UCX5LYGVhnKvYauW4Nta4HJA","https:\/\/www.instagram.com\/welovecinema.be\/"]},{"@type":"Person","@id":"https:\/\/welovecinema.be\/nl\/#\/schema\/person\/8084b68c6b176142d073695c654dc7cf","name":"Aurore Engelen","url":"https:\/\/welovecinema.be\/fr\/author\/aurore-engelen\/"}]}},"_links":{"self":[{"href":"https:\/\/welovecinema.be\/fr\/wp-json\/wp\/v2\/posts\/210463","targetHints":{"allow":["GET"]}}],"collection":[{"href":"https:\/\/welovecinema.be\/fr\/wp-json\/wp\/v2\/posts"}],"about":[{"href":"https:\/\/welovecinema.be\/fr\/wp-json\/wp\/v2\/types\/post"}],"author":[{"embeddable":true,"href":"https:\/\/welovecinema.be\/fr\/wp-json\/wp\/v2\/users\/343"}],"replies":[{"embeddable":true,"href":"https:\/\/welovecinema.be\/fr\/wp-json\/wp\/v2\/comments?post=210463"}],"version-history":[{"count":0,"href":"https:\/\/welovecinema.be\/fr\/wp-json\/wp\/v2\/posts\/210463\/revisions"}],"wp:featuredmedia":[{"embeddable":true,"href":"https:\/\/welovecinema.be\/fr\/wp-json\/wp\/v2\/media\/210464"}],"wp:attachment":[{"href":"https:\/\/welovecinema.be\/fr\/wp-json\/wp\/v2\/media?parent=210463"}],"wp:term":[{"taxonomy":"category","embeddable":true,"href":"https:\/\/welovecinema.be\/fr\/wp-json\/wp\/v2\/categories?post=210463"},{"taxonomy":"post_tag","embeddable":true,"href":"https:\/\/welovecinema.be\/fr\/wp-json\/wp\/v2\/tags?post=210463"}],"curies":[{"name":"wp","href":"https:\/\/api.w.org\/{rel}","templated":true}]}}