{"id":21045,"date":"2012-05-16T13:46:50","date_gmt":"2012-05-16T13:46:50","guid":{"rendered":"http:\/\/www.cinevox.be\/?p=21045"},"modified":"2013-05-30T06:21:12","modified_gmt":"2013-05-30T06:21:12","slug":"de-rouille-et-dos-extrait-n1","status":"publish","type":"post","link":"https:\/\/welovecinema.be\/fr\/de-rouille-et-dos-extrait-n1\/","title":{"rendered":"De Rouille et d&rsquo;Os &#8211; Extrait n\u00b01"},"content":{"rendered":"<p>Ali (Alain) quitte notre pays avec son m\u00f4me. Sam a cinq ans et sa m\u00e8re vient de l&rsquo;abandonner. Sans le sou, \u00e0 bout de course et \u00e0 court d\u2019id\u00e9es, Ali rejoint sa s\u0153ur \u00e0 Antibes, dans le Sud. Elle accepte de les h\u00e9berger dans le sous-sol du pavillon miteux qu&rsquo;elle occupe. Alors qu&rsquo;il bosse comme videur dans une bo\u00eete de nuit, il va faire la connaissance de St\u00e9phanie, une femme p\u00e9tillante avec un m\u00e9tier \u00e9tonnant : elle est dresseuse d\u2019orques au Parc Aquatique d\u2019Antibes.\u00a0Le conte de f\u00e9es pourrait d\u00e9marrer l\u00e0. Mais la malchance et un mammif\u00e8re marin de 7 tonnes vont en d\u00e9cider autrement.<\/p>\n<p><em>De Rouille et d&rsquo;Os<\/em>, \u00a0sixi\u00e8me long m\u00e9trage de<strong> Jacques Audiard<\/strong> r\u00e9unit notamment<strong>Marion Cotillard, Matthias Schoenaerts <\/strong>et\u00a0<strong>Bouli Lanners.<\/strong><br \/>\nCe film coproduit en Belgique par\u00a0<em>Les Films du Fleuv<\/em>e sort en Belgique et en France le 17 mai 2012.<\/p>\n<p>Il est\u00a0pr\u00e9sent\u00e9\u00a0le m\u00eame jour au Festival de\u00a0Cannes\u00a0en comp\u00e9tition officielle.<\/p>\n<p>&nbsp;<\/p>\n<p>&nbsp;<\/p>\n","protected":false},"excerpt":{"rendered":"<p>Ali (Alain) quitte notre pays avec son m\u00f4me. Sam a cinq ans et sa m\u00e8re vient de l&rsquo;abandonner. Sans le sou, \u00e0 bout de course et \u00e0 court d\u2019id\u00e9es, Ali rejoint sa s\u0153ur \u00e0 Antibes, dans le Sud. Elle accepte de les h\u00e9berger dans le sous-sol du pavillon miteux qu&rsquo;elle occupe. Alors qu&rsquo;il bosse comme &hellip;<\/p>\n","protected":false},"author":7,"featured_media":21046,"comment_status":"closed","ping_status":"closed","sticky":false,"template":"","format":"standard","meta":{"ngg_post_thumbnail":0,"footnotes":""},"categories":[1923],"tags":[],"class_list":["post-21045","post","type-post","status-publish","format-standard","has-post-thumbnail","","category-en-bref"],"yoast_head":"<!-- This site is optimized with the Yoast SEO plugin v20.4 - https:\/\/yoast.com\/wordpress\/plugins\/seo\/ -->\n<title>De Rouille et d&#039;Os - Extrait n\u00b01 - We Love Cinema<\/title>\n<meta name=\"robots\" content=\"index, follow, max-snippet:-1, max-image-preview:large, max-video-preview:-1\" \/>\n<link rel=\"canonical\" href=\"https:\/\/welovecinema.be\/fr\/de-rouille-et-dos-extrait-n1\/\" \/>\n<meta property=\"og:locale\" content=\"fr_FR\" \/>\n<meta property=\"og:type\" content=\"article\" \/>\n<meta property=\"og:title\" content=\"De Rouille et d&#039;Os - Extrait n\u00b01 - We Love Cinema\" \/>\n<meta property=\"og:description\" content=\"Ali (Alain) quitte notre pays avec son m\u00f4me. Sam a cinq ans et sa m\u00e8re vient de l&rsquo;abandonner. Sans le sou, \u00e0 bout de course et \u00e0 court d\u2019id\u00e9es, Ali rejoint sa s\u0153ur \u00e0 Antibes, dans le Sud. Elle accepte de les h\u00e9berger dans le sous-sol du pavillon miteux qu&rsquo;elle occupe. Alors qu&rsquo;il bosse comme &hellip;\" \/>\n<meta property=\"og:url\" content=\"https:\/\/welovecinema.be\/fr\/de-rouille-et-dos-extrait-n1\/\" \/>\n<meta property=\"og:site_name\" content=\"We Love Cinema\" \/>\n<meta property=\"article:publisher\" content=\"https:\/\/www.facebook.com\/welovecinema.be\" \/>\n<meta property=\"article:published_time\" content=\"2012-05-16T13:46:50+00:00\" \/>\n<meta property=\"article:modified_time\" content=\"2013-05-30T06:21:12+00:00\" \/>\n<meta property=\"og:image\" content=\"https:\/\/welovecinema.be\/wp-content\/uploads\/sites\/2\/2012\/05\/1-De-Rouille-et-dOs-14041.jpg\" \/>\n\t<meta property=\"og:image:width\" content=\"1200\" \/>\n\t<meta property=\"og:image:height\" content=\"802\" \/>\n\t<meta property=\"og:image:type\" content=\"image\/jpeg\" \/>\n<meta name=\"author\" content=\"Philippe.Pierquin\" \/>\n<meta name=\"twitter:card\" content=\"summary_large_image\" \/>\n<meta name=\"twitter:label1\" content=\"\u00c9crit par\" \/>\n\t<meta name=\"twitter:data1\" content=\"Philippe.Pierquin\" \/>\n\t<meta name=\"twitter:label2\" content=\"Dur\u00e9e de lecture estim\u00e9e\" \/>\n\t<meta name=\"twitter:data2\" content=\"1 minute\" \/>\n<script type=\"application\/ld+json\" class=\"yoast-schema-graph\">{\"@context\":\"https:\/\/schema.org\",\"@graph\":[{\"@type\":\"Article\",\"@id\":\"https:\/\/welovecinema.be\/fr\/de-rouille-et-dos-extrait-n1\/#article\",\"isPartOf\":{\"@id\":\"https:\/\/welovecinema.be\/fr\/de-rouille-et-dos-extrait-n1\/\"},\"author\":{\"name\":\"Philippe.Pierquin\",\"@id\":\"https:\/\/welovecinema.be\/nl\/#\/schema\/person\/4b9b1d857f0943453a38a7c2859ef756\"},\"headline\":\"De Rouille et d&rsquo;Os &#8211; Extrait n\u00b01\",\"datePublished\":\"2012-05-16T13:46:50+00:00\",\"dateModified\":\"2013-05-30T06:21:12+00:00\",\"mainEntityOfPage\":{\"@id\":\"https:\/\/welovecinema.be\/fr\/de-rouille-et-dos-extrait-n1\/\"},\"wordCount\":185,\"publisher\":{\"@id\":\"https:\/\/welovecinema.be\/nl\/#organization\"},\"articleSection\":[\"En bref\"],\"inLanguage\":\"fr-FR\"},{\"@type\":\"WebPage\",\"@id\":\"https:\/\/welovecinema.be\/fr\/de-rouille-et-dos-extrait-n1\/\",\"url\":\"https:\/\/welovecinema.be\/fr\/de-rouille-et-dos-extrait-n1\/\",\"name\":\"De Rouille et d'Os - Extrait n\u00b01 - We Love Cinema\",\"isPartOf\":{\"@id\":\"https:\/\/welovecinema.be\/nl\/#website\"},\"datePublished\":\"2012-05-16T13:46:50+00:00\",\"dateModified\":\"2013-05-30T06:21:12+00:00\",\"breadcrumb\":{\"@id\":\"https:\/\/welovecinema.be\/fr\/de-rouille-et-dos-extrait-n1\/#breadcrumb\"},\"inLanguage\":\"fr-FR\",\"potentialAction\":[{\"@type\":\"ReadAction\",\"target\":[\"https:\/\/welovecinema.be\/fr\/de-rouille-et-dos-extrait-n1\/\"]}]},{\"@type\":\"BreadcrumbList\",\"@id\":\"https:\/\/welovecinema.be\/fr\/de-rouille-et-dos-extrait-n1\/#breadcrumb\",\"itemListElement\":[{\"@type\":\"ListItem\",\"position\":1,\"name\":\"Accueil\",\"item\":\"https:\/\/welovecinema.be\/fr\/\"},{\"@type\":\"ListItem\",\"position\":2,\"name\":\"De Rouille et d&rsquo;Os &#8211; Extrait n\u00b01\"}]},{\"@type\":\"WebSite\",\"@id\":\"https:\/\/welovecinema.be\/nl\/#website\",\"url\":\"https:\/\/welovecinema.be\/nl\/\",\"name\":\"We Love Cinema\",\"description\":\"Toute l\u2019information du cin\u00e9ma en Belgique\",\"publisher\":{\"@id\":\"https:\/\/welovecinema.be\/nl\/#organization\"},\"potentialAction\":[{\"@type\":\"SearchAction\",\"target\":{\"@type\":\"EntryPoint\",\"urlTemplate\":\"https:\/\/welovecinema.be\/nl\/?s={search_term_string}\"},\"query-input\":\"required name=search_term_string\"}],\"inLanguage\":\"fr-FR\"},{\"@type\":\"Organization\",\"@id\":\"https:\/\/welovecinema.be\/nl\/#organization\",\"name\":\"We Love Cinema\",\"url\":\"https:\/\/welovecinema.be\/nl\/\",\"logo\":{\"@type\":\"ImageObject\",\"inLanguage\":\"fr-FR\",\"@id\":\"https:\/\/welovecinema.be\/nl\/#\/schema\/logo\/image\/\",\"url\":\"https:\/\/welovecinema.be\/wp-content\/uploads\/sites\/2\/2023\/03\/Logo-We-Love-Cinema305x128.jpg\",\"contentUrl\":\"https:\/\/welovecinema.be\/wp-content\/uploads\/sites\/2\/2023\/03\/Logo-We-Love-Cinema305x128.jpg\",\"width\":305,\"height\":128,\"caption\":\"We Love Cinema\"},\"image\":{\"@id\":\"https:\/\/welovecinema.be\/nl\/#\/schema\/logo\/image\/\"},\"sameAs\":[\"https:\/\/www.facebook.com\/welovecinema.be\",\"https:\/\/www.youtube.com\/channel\/UCX5LYGVhnKvYauW4Nta4HJA\",\"https:\/\/www.instagram.com\/welovecinema.be\/\"]},{\"@type\":\"Person\",\"@id\":\"https:\/\/welovecinema.be\/nl\/#\/schema\/person\/4b9b1d857f0943453a38a7c2859ef756\",\"name\":\"Philippe.Pierquin\",\"url\":\"https:\/\/welovecinema.be\/fr\/author\/philippe-pierquin\/\"}]}<\/script>\n<!-- \/ Yoast SEO plugin. -->","yoast_head_json":{"title":"De Rouille et d'Os - Extrait n\u00b01 - We Love Cinema","robots":{"index":"index","follow":"follow","max-snippet":"max-snippet:-1","max-image-preview":"max-image-preview:large","max-video-preview":"max-video-preview:-1"},"canonical":"https:\/\/welovecinema.be\/fr\/de-rouille-et-dos-extrait-n1\/","og_locale":"fr_FR","og_type":"article","og_title":"De Rouille et d'Os - Extrait n\u00b01 - We Love Cinema","og_description":"Ali (Alain) quitte notre pays avec son m\u00f4me. Sam a cinq ans et sa m\u00e8re vient de l&rsquo;abandonner. Sans le sou, \u00e0 bout de course et \u00e0 court d\u2019id\u00e9es, Ali rejoint sa s\u0153ur \u00e0 Antibes, dans le Sud. Elle accepte de les h\u00e9berger dans le sous-sol du pavillon miteux qu&rsquo;elle occupe. Alors qu&rsquo;il bosse comme &hellip;","og_url":"https:\/\/welovecinema.be\/fr\/de-rouille-et-dos-extrait-n1\/","og_site_name":"We Love Cinema","article_publisher":"https:\/\/www.facebook.com\/welovecinema.be","article_published_time":"2012-05-16T13:46:50+00:00","article_modified_time":"2013-05-30T06:21:12+00:00","og_image":[{"width":"1200","height":"802","url":"https:\/\/welovecinema.be\/wp-content\/uploads\/sites\/2\/2012\/05\/1-De-Rouille-et-dOs-14041.jpg","type":"image\/jpeg"}],"author":"Philippe.Pierquin","twitter_card":"summary_large_image","twitter_misc":{"\u00c9crit par":"Philippe.Pierquin","Dur\u00e9e de lecture estim\u00e9e":"1 minute"},"schema":{"@context":"https:\/\/schema.org","@graph":[{"@type":"Article","@id":"https:\/\/welovecinema.be\/fr\/de-rouille-et-dos-extrait-n1\/#article","isPartOf":{"@id":"https:\/\/welovecinema.be\/fr\/de-rouille-et-dos-extrait-n1\/"},"author":{"name":"Philippe.Pierquin","@id":"https:\/\/welovecinema.be\/nl\/#\/schema\/person\/4b9b1d857f0943453a38a7c2859ef756"},"headline":"De Rouille et d&rsquo;Os &#8211; Extrait n\u00b01","datePublished":"2012-05-16T13:46:50+00:00","dateModified":"2013-05-30T06:21:12+00:00","mainEntityOfPage":{"@id":"https:\/\/welovecinema.be\/fr\/de-rouille-et-dos-extrait-n1\/"},"wordCount":185,"publisher":{"@id":"https:\/\/welovecinema.be\/nl\/#organization"},"articleSection":["En bref"],"inLanguage":"fr-FR"},{"@type":"WebPage","@id":"https:\/\/welovecinema.be\/fr\/de-rouille-et-dos-extrait-n1\/","url":"https:\/\/welovecinema.be\/fr\/de-rouille-et-dos-extrait-n1\/","name":"De Rouille et d'Os - Extrait n\u00b01 - We Love Cinema","isPartOf":{"@id":"https:\/\/welovecinema.be\/nl\/#website"},"datePublished":"2012-05-16T13:46:50+00:00","dateModified":"2013-05-30T06:21:12+00:00","breadcrumb":{"@id":"https:\/\/welovecinema.be\/fr\/de-rouille-et-dos-extrait-n1\/#breadcrumb"},"inLanguage":"fr-FR","potentialAction":[{"@type":"ReadAction","target":["https:\/\/welovecinema.be\/fr\/de-rouille-et-dos-extrait-n1\/"]}]},{"@type":"BreadcrumbList","@id":"https:\/\/welovecinema.be\/fr\/de-rouille-et-dos-extrait-n1\/#breadcrumb","itemListElement":[{"@type":"ListItem","position":1,"name":"Accueil","item":"https:\/\/welovecinema.be\/fr\/"},{"@type":"ListItem","position":2,"name":"De Rouille et d&rsquo;Os &#8211; Extrait n\u00b01"}]},{"@type":"WebSite","@id":"https:\/\/welovecinema.be\/nl\/#website","url":"https:\/\/welovecinema.be\/nl\/","name":"We Love Cinema","description":"Toute l\u2019information du cin\u00e9ma en Belgique","publisher":{"@id":"https:\/\/welovecinema.be\/nl\/#organization"},"potentialAction":[{"@type":"SearchAction","target":{"@type":"EntryPoint","urlTemplate":"https:\/\/welovecinema.be\/nl\/?s={search_term_string}"},"query-input":"required name=search_term_string"}],"inLanguage":"fr-FR"},{"@type":"Organization","@id":"https:\/\/welovecinema.be\/nl\/#organization","name":"We Love Cinema","url":"https:\/\/welovecinema.be\/nl\/","logo":{"@type":"ImageObject","inLanguage":"fr-FR","@id":"https:\/\/welovecinema.be\/nl\/#\/schema\/logo\/image\/","url":"https:\/\/welovecinema.be\/wp-content\/uploads\/sites\/2\/2023\/03\/Logo-We-Love-Cinema305x128.jpg","contentUrl":"https:\/\/welovecinema.be\/wp-content\/uploads\/sites\/2\/2023\/03\/Logo-We-Love-Cinema305x128.jpg","width":305,"height":128,"caption":"We Love Cinema"},"image":{"@id":"https:\/\/welovecinema.be\/nl\/#\/schema\/logo\/image\/"},"sameAs":["https:\/\/www.facebook.com\/welovecinema.be","https:\/\/www.youtube.com\/channel\/UCX5LYGVhnKvYauW4Nta4HJA","https:\/\/www.instagram.com\/welovecinema.be\/"]},{"@type":"Person","@id":"https:\/\/welovecinema.be\/nl\/#\/schema\/person\/4b9b1d857f0943453a38a7c2859ef756","name":"Philippe.Pierquin","url":"https:\/\/welovecinema.be\/fr\/author\/philippe-pierquin\/"}]}},"_links":{"self":[{"href":"https:\/\/welovecinema.be\/fr\/wp-json\/wp\/v2\/posts\/21045","targetHints":{"allow":["GET"]}}],"collection":[{"href":"https:\/\/welovecinema.be\/fr\/wp-json\/wp\/v2\/posts"}],"about":[{"href":"https:\/\/welovecinema.be\/fr\/wp-json\/wp\/v2\/types\/post"}],"author":[{"embeddable":true,"href":"https:\/\/welovecinema.be\/fr\/wp-json\/wp\/v2\/users\/7"}],"replies":[{"embeddable":true,"href":"https:\/\/welovecinema.be\/fr\/wp-json\/wp\/v2\/comments?post=21045"}],"version-history":[{"count":0,"href":"https:\/\/welovecinema.be\/fr\/wp-json\/wp\/v2\/posts\/21045\/revisions"}],"wp:featuredmedia":[{"embeddable":true,"href":"https:\/\/welovecinema.be\/fr\/wp-json\/wp\/v2\/media\/21046"}],"wp:attachment":[{"href":"https:\/\/welovecinema.be\/fr\/wp-json\/wp\/v2\/media?parent=21045"}],"wp:term":[{"taxonomy":"category","embeddable":true,"href":"https:\/\/welovecinema.be\/fr\/wp-json\/wp\/v2\/categories?post=21045"},{"taxonomy":"post_tag","embeddable":true,"href":"https:\/\/welovecinema.be\/fr\/wp-json\/wp\/v2\/tags?post=21045"}],"curies":[{"name":"wp","href":"https:\/\/api.w.org\/{rel}","templated":true}]}}