{"id":210441,"date":"2018-06-12T08:56:58","date_gmt":"2018-06-12T06:56:58","guid":{"rendered":"http:\/\/www.cinevox.be\/?p=210441"},"modified":"2018-06-13T08:45:06","modified_gmt":"2018-06-13T06:45:06","slug":"david-lambert-limposture-permet-declairer-le-reel","status":"publish","type":"post","link":"https:\/\/welovecinema.be\/fr\/david-lambert-limposture-permet-declairer-le-reel\/","title":{"rendered":"David Lambert: \u00ab\u00a0L&rsquo;imposture permet d&rsquo;\u00e9clairer le r\u00e9el.\u00a0\u00bb"},"content":{"rendered":"<p class=\"p1\"><strong><span class=\"s1\">Rencontre avec le r\u00e9alisateur et sc\u00e9nariste belge David Lambert, alors que son troisi\u00e8me long m\u00e9trage, <a href=\"http:\/\/www.cinevox.be\/fr\/troisiemes-noces-deuxiemes-chances\/\"><em>Troisi\u00e8mes Noces<\/em><\/a>, sort ce mercredi sur les \u00e9crans belges.\u00a0<\/span><\/strong><\/p>\n<p class=\"p1\"><span class=\"s1\"><b>Quelles sont les origines du projet?\u00a0<\/b><\/span><\/p>\n<p class=\"p1\"><span class=\"s1\">J&rsquo;ai lu le texte de Tom Lanoye \u00e0 un moment o\u00f9 il faisait \u00e9cho \u00e0 ce que je vivais dans ma propre vie. Je l\u2019ai d\u00e9couvert gr\u00e2ce au Festival de l\u2019intime de Beno\u00eet Poelvoorde. J\u2019ai pass\u00e9 un week-end \u00e0 le lire, j\u2019\u00e9tais mort de rire et en m\u00eame temps tr\u00e8s \u00e9mu. Le texte d\u00e9crivait toute une s\u00e9rie de situations que j\u2019avais connues, enqu\u00eate de police comprise! Deux mois apr\u00e8s je rencontrais Tom Lanoye au Festival de Gand \u00e0 l&rsquo;occasion de l&rsquo;avant-premi\u00e8re de <em>Je suis \u00e0 toi<\/em> pour lui demander qu\u2019il me fasse confiance, ce qu&rsquo;il a accept\u00e9 d&#8217;embl\u00e9e. <\/span><\/p>\n<p class=\"p1\"><span class=\"s1\"><b>Comment s\u2019est faite l\u2019adaptation? <\/b><\/span><\/p>\n<p class=\"p1\"><span class=\"s1\">Tom et moi, nous voulions faire un film qui d\u00e9passe les fronti\u00e8res linguistiques, toucher les deux communaut\u00e9s.<\/span><span class=\"s1\"> Je lui ai dit que j\u2019allais le trahir mais le respecter, car je devais faire mon film. C\u2019est vraiment une lecture du texte, pas une adaptation pas \u00e0 pas.\u00a0<\/span><\/p>\n<p class=\"p1\"><span class=\"s1\">J\u2019avais d\u00e9j\u00e0 essayer d\u2019adapter un autre texte mais cela n\u2019avait pas abouti. Il y a parfois des choses qui s\u2019imposent \u00e0 vous, vous lisez un texte, et puis c\u2019est tellement g\u00e9nial, vous voyez d\u00e9j\u00e0 tellement le film d\u00e8s la lecture\u2026 J\u2019ai toujours beaucoup lu, j\u2019ai fait des \u00e9tudes de lettres, c\u2019est la premi\u00e8re fois que je m\u2019empare d\u2019un texte, et c\u2019est un sentiment tr\u00e8s jouissif. <\/span><\/p>\n<p class=\"p1\"><span class=\"s1\">Bizarrement, c\u2019est mon film le moins autobiographique, mes deux autres films puisaient plus dans mon v\u00e9cu, et pourtant le plus personnel, ce qui est un dr\u00f4le de sentiment.\u00a0<\/span><\/p>\n<p>\u00a0<img loading=\"lazy\" decoding=\"async\" class=\"alignnone size-large wp-image-210456\" src=\"http:\/\/www.cinevox.be\/wp-content\/uploads\/sites\/2\/2018\/06\/troisemes_noces_paperjam.jpeg\" alt=\"\" width=\"618\" height=\"412\" srcset=\"https:\/\/welovecinema.be\/wp-content\/uploads\/sites\/2\/2018\/06\/troisemes_noces_paperjam.jpeg 640w, https:\/\/welovecinema.be\/wp-content\/uploads\/sites\/2\/2018\/06\/troisemes_noces_paperjam-405x270.jpeg 405w\" sizes=\"auto, (max-width: 618px) 100vw, 618px\" \/><\/p>\n<p class=\"p1\"><span class=\"s1\"><b>Qu\u2019est-ce qui r\u00e9side au coeur du film selon vous?<\/b><\/span><\/p>\n<p class=\"p1\"><span class=\"s1\">C\u2019est l&rsquo;histoire d&rsquo;un personnage qui en plein deuil qui se donne une deuxi\u00e8me chance, un sursaut de vie. En m\u00eame temps, il donne une deuxi\u00e8me chance \u00e0 Tamara. <\/span><span class=\"s2\">En fait tous les personnages du film sont dans la deuxi\u00e8me chance quand on y regarde de plus pr\u00e8s.\u00a0<\/span><span class=\"s1\">Peut-on survivre \u00e0 la perte de l\u2019amour de sa vie, et si on y survit, qu\u2019est-ce qu\u2019on fait avec la vie qu\u2019on a en mains. Qu\u2019est-ce qu\u2019on va laisser aux g\u00e9n\u00e9rations futures? Et tout \u00e7a est une com\u00e9die, bien s\u00fbr! (rires)<\/span><\/p>\n<p class=\"p1\"><span class=\"s1\"><b>C&rsquo;est justement un changement de ton pour vous, comment l&rsquo;avez-vous abord\u00e9?<\/b><\/span><\/p>\n<p class=\"p1\"><span class=\"s1\">C\u2019est une com\u00e9die certes, mais une com\u00e9die dramatique. Tendre et dramatique. La com\u00e9die, c\u2019est un long parcours pour moi, quelque chose de presque difficile \u00e0 assumer. D\u00e8s la projection de <em>Hors les murs<\/em> \u00e0 la Semaine de la Critique, pendant la premi\u00e8re partie du film, les gens ont beaucoup ri, parfois \u00e0 gorge d\u00e9ploy\u00e9e. Evidemment, le film devient beaucoup plus dramatique dans sa deuxi\u00e8me partie. Pareil avec <em>Je suis \u00e0 toi<\/em> lors de la projection \u00e0 Karlovy Vary, les gens riaient \u00e0 des moments pour le moins inattendus. Et beaucoup de gens me disaient: \u00ab\u00a0David, tu as un vrai sens comique, vas-y!\u00a0\u00bb Alors j\u2019ai d\u00e9cid\u00e9 d\u2019assumer la com\u00e9die. <\/span><span class=\"s2\">C\u2019est plus difficile \u00e0 faire, mais \u00e7a fait du bien au gens. Essayer de garder la complexit\u00e9 du propos et de construire de vrais personnages, tout en faisant rire, c\u2019\u00e9tait le d\u00e9fi.<\/span><\/p>\n<p class=\"p1\"><span class=\"s1\"><b>Bouli Lanners, c&rsquo;\u00e9tait une \u00e9vidence?<\/b><\/span><\/p>\n<p class=\"p1\"><span class=\"s1\">Dans la premi\u00e8re version du sc\u00e9nario, mon personnage n\u2019\u00e9tait pas un ours, mais en rencontrant Bouli, j\u2019ai d\u00e9cid\u00e9 de retailler un costume sur mesure au personnage. Je trouvais que c\u2019\u00e9tait un beau challenge, \u00e0 l\u2019\u00e9criture pour moi, et au jeu pour lui. On a jamais jou\u00e9 le truc comme une grosse com\u00e9die, on a fait exister des situations, et un personnage. On a fait confiance aux situations pour faire rire. On essayait d\u2019\u00eatre justes, un peu d\u00e9cal\u00e9s, mais jamais poussifs.<\/span><\/p>\n<p><img loading=\"lazy\" decoding=\"async\" class=\"alignnone size-large wp-image-210418\" src=\"http:\/\/www.cinevox.be\/wp-content\/uploads\/sites\/2\/2018\/06\/3emes_noces_photos-800x450.jpg\" alt=\"3emes_noces_photos\" width=\"618\" height=\"348\" srcset=\"https:\/\/welovecinema.be\/wp-content\/uploads\/sites\/2\/2018\/06\/3emes_noces_photos-800x450.jpg 800w, https:\/\/welovecinema.be\/wp-content\/uploads\/sites\/2\/2018\/06\/3emes_noces_photos-200x113.jpg 200w, https:\/\/welovecinema.be\/wp-content\/uploads\/sites\/2\/2018\/06\/3emes_noces_photos-480x270.jpg 480w, https:\/\/welovecinema.be\/wp-content\/uploads\/sites\/2\/2018\/06\/3emes_noces_photos-768x432.jpg 768w, https:\/\/welovecinema.be\/wp-content\/uploads\/sites\/2\/2018\/06\/3emes_noces_photos-599x337.jpg 599w\" sizes=\"auto, (max-width: 618px) 100vw, 618px\" \/><\/p>\n<p class=\"p1\"><span class=\"s1\">Rachel Mwanza, je l\u2019avais vue dans <em>Rebelle<\/em>. J\u2019avais \u00e9t\u00e9 scotch\u00e9 par sa performance. Je connaissais un peu son histoire, et j\u2019ai vite pens\u00e9 \u00e0 elle en lisant le livre. Je voulais une actrice qui ne sorte pas du conservatoire, mais de la vie. C\u2019\u00e9tait son deuxi\u00e8me r\u00f4le, elle \u00e9tait encore fort dans la spontan\u00e9it\u00e9. Sur le papier, c\u2019est un couple improbable, mais je fais \u00e7a dans tous mes films, j<\/span><span class=\"s2\">\u2019essaie d\u2019opposer deux \u00e9nergies de jeu qui \u00e0 la base ne devraient pas \u00eatre conciliables. Les personnages qui se rencontrent dans mes trois premiers films ne devraient pas se rencontrer, <\/span><span class=\"s1\">et sont oblig\u00e9s de vivre ensemble. Les dynamiques de jeu d\u2019acteurs sont tr\u00e8s diff\u00e9rentes aussi. C\u2019est tr\u00e8s int\u00e9ressant en terme de mise en sc\u00e8ne, de confronter ces deux polarit\u00e9s. <\/span><\/p>\n<p class=\"p1\"><span class=\"s1\">Le reste s&rsquo;est fait de mani\u00e8re assez naturelle. Jean-Luc Couchard, c\u2019\u00e9tait une \u00e9vidence pour moi.\u00a0<\/span><span class=\"s1\">Virginie Hocq, je connaissais un peu son travail, j&rsquo;avais beaucoup ri en voyant ses sketches, et quand j\u2019ai fait le casting j\u2019y ai repens\u00e9<\/span><span class=\"s1\">. J\u2019ai cru qu\u2019elle allait refuser, parce que ce n\u2019\u00e9tait pas un grand r\u00f4le, mais elle a tout de suite accept\u00e9. Jean-Beno\u00eet Ugeux je l\u2019avais vu au th\u00e9\u00e2tre,<span class=\"Apple-converted-space\">\u00a0 <\/span>et dans ce couple de flics \u00e7a d\u00e9pareillait bien, \u00e7a cr\u00e9ait une belle tension. Et Eric Kabongo, je l\u2019ai rencontr\u00e9 au moment o\u00f9 il \u00e9tait en train de devenir une star en Allemagne avec <em>Bienvenue chez les Hartman<\/em>. Je l\u2019ai rencontr\u00e9 juste \u00e0 temps, au moment charni\u00e8re. <\/span><\/p>\n<p class=\"p1\"><span class=\"s1\"><b>La maison est quasiment un personnage du film\u2026<\/b><\/span><\/p>\n<p class=\"p1\"><span class=\"s1\">C&rsquo;\u00e9tait un gros d\u00e9fi, faire vivre la maison de Martin, une antre, une caverne d\u2019ours, d&rsquo;autant qu&rsquo;il y avait presque cette dimension de mise en abyme, vu qu\u2019il est d\u00e9corateur de cin\u00e9ma. On a tout travaill\u00e9 en studio, avec Andr\u00e9 Fonsny. C\u2019\u00e9tait vraiment une \u00e9criture \u00e0 deux avec le chef d\u00e9corateur. On s&rsquo;est demand\u00e9 comment le d\u00e9cor pouvait incarner le personnage. C\u2019est une maison endeuill\u00e9e, remplie de d\u00e9tails qui attrapent l\u2019oeil. <\/span><span class=\"s2\">Le d\u00e9cor a une importance pr\u00e9pond\u00e9rante, et participe de l\u2019\u00e9criture du personnage.<\/span><\/p>\n<p class=\"p1\">Et puis\u00a0il y a une guerre de territoire et de coexistence entre les deux protagonistes, sans oublier le fant\u00f4me de Jan. Et cette maison est aussi au coeur de la question de la transmission&#8230;<\/p>\n<p><img loading=\"lazy\" decoding=\"async\" class=\"alignnone size-large wp-image-210455\" src=\"http:\/\/www.cinevox.be\/wp-content\/uploads\/sites\/2\/2018\/06\/TN_08-800x432.jpg\" alt=\"\" width=\"618\" height=\"334\" srcset=\"https:\/\/welovecinema.be\/wp-content\/uploads\/sites\/2\/2018\/06\/TN_08-800x432.jpg 800w, https:\/\/welovecinema.be\/wp-content\/uploads\/sites\/2\/2018\/06\/TN_08-480x259.jpg 480w, https:\/\/welovecinema.be\/wp-content\/uploads\/sites\/2\/2018\/06\/TN_08-768x415.jpg 768w\" sizes=\"auto, (max-width: 618px) 100vw, 618px\" \/><\/p>\n<p class=\"p1\"><span class=\"s1\"><b>Faire un film sur un faux couple, c\u2019est aussi un bon moyen de parler du couple?<\/b><\/span><\/p>\n<p class=\"p3\"><span class=\"s1\">Oui, l\u2019imposture permet d\u2019\u00e9clairer le r\u00e9el, une fois qu\u2019on y est, on se met en sc\u00e8ne de mani\u00e8re fantasm\u00e9e, ce qui parle de ce dont on a vraiment envie, de nos frustrations et de nos espoirs. <\/span><\/p>\n<p class=\"p1\"><span class=\"s1\">Ca parle de couple, comme mes deux premiers films. Il y a une continuit\u00e9 th\u00e9matique. J\u2019ai l\u2019impression d\u2019avoir termin\u00e9 un cycle avec ces trois films. C\u2019est comme si je cl\u00f4turais une trilogie sur le couple et la coexistence que je n\u2019avais jamais commenc\u00e9e. Comment exister, \u00eatre soi aupr\u00e8s de quelqu\u2019un d\u2019autre. <\/span><\/p>\n<p class=\"p1\"><span class=\"s1\"><b>Il y a aussi un message en filigrane sur l\u2019immigration.<\/b><\/span><\/p>\n<p class=\"p1\"><span class=\"s1\">Ma volont\u00e9 \u00e9tait de cr\u00e9er de vrais personnages et pas des migrants caricaturaux en souffrance parce qu\u2019ils n\u2019ont pas de papiers. <\/span><span class=\"s2\">Je voulais d\u00e9passer la statistique, et cr\u00e9er des personnages de migrants qui ne soient pas forc\u00e9ment trait\u00e9s comme des migrants. <\/span><span class=\"s1\">Qui ont le droit d\u2019\u00eatre dans un vaudeville, d\u2019avoir de l\u2019humour, de la ruse, des moments de d\u00e9sespoir pas toujours li\u00e9s \u00e0 leurs probl\u00e8mes de papiers. Je voulais offrir \u00e7a \u00e0 ces personnages, parce que je pense que c\u2019est important. Au cin\u00e9ma, d\u00e8s qu\u2019il y a un personnage de migrant, m\u00eame avec les meilleures intentions du monde, il devient LA figure du migrant. Mais tous ces migrants ont des pr\u00e9noms, des dates de naissance, des sp\u00e9cificit\u00e9s qui devraient les extraire de la caricature. Ce sont avant tout des \u00eatres de chair et de sang, qui ont droit \u00e0 de vraies fictions, qui d\u00e9passent le stigmate de leur absence de papiers. C\u2019\u00e9tait au fondement des personnages de Tamara et Philippe.<\/span><\/p>\n<p><img loading=\"lazy\" decoding=\"async\" class=\"alignnone size-full wp-image-210457\" src=\"http:\/\/www.cinevox.be\/wp-content\/uploads\/sites\/2\/2018\/06\/troisiemes-noces_20180606035552.jpg\" alt=\"\" width=\"600\" height=\"450\" srcset=\"https:\/\/welovecinema.be\/wp-content\/uploads\/sites\/2\/2018\/06\/troisiemes-noces_20180606035552.jpg 600w, https:\/\/welovecinema.be\/wp-content\/uploads\/sites\/2\/2018\/06\/troisiemes-noces_20180606035552-360x270.jpg 360w\" sizes=\"auto, (max-width: 600px) 100vw, 600px\" \/><\/p>\n<p class=\"p1\"><span class=\"s1\"><b>Finalement, est-ce qu\u2019on peut vivre seul, dans la vie?<\/b><\/span><\/p>\n<p class=\"p1\"><span class=\"s1\">Non, et Martin le d\u00e9montre bien. Je suis pas toujours d\u2019accord avec lui, mais quand il dit \u00e0 Tamara \u00ab\u00a0On peut pas vivre seul\u00a0\u00bb, je le suis. Notre soci\u00e9t\u00e9 loue l\u2019autonomie, l\u2019ind\u00e9pendance. Au final, les notions de partage et de g\u00e9n\u00e9rosit\u00e9 deviennent tr\u00e8s cul-cul. Chacun doit faire sa propre vie. <\/span><span class=\"s2\">Mais ce film raconte \u00e7a aussi, la g\u00e9n\u00e9rosit\u00e9, la transmission, un don qui n\u2019attend pas le contre-don<\/span><span class=\"s1\">. Des choses qui ont l\u2019air mi\u00e8vres, mais sont importantes \u00e0 mettre en sc\u00e8ne.<\/span><\/p>\n<p class=\"p1\"><span class=\"s1\"><b>Est-ce que c\u2019est particuli\u00e8rement difficile de produire une com\u00e9die en Belgique? <\/b><\/span><\/p>\n<p class=\"p1\"><span class=\"s1\">C\u2019est toujours difficile de faire un film, mais l\u00e0 les partenaires ont vite \u00e9t\u00e9 convaincus. Par contre apr\u00e8s, on a parfois eu des retours \u00e9tranges: c\u2019est pas assez s\u00e9rieux, pas assez \u00ab\u00a0festival\u00a0\u00bb. Ca me chagrine un peu. <\/span><span class=\"s2\">Il y a une sorte d\u2019acad\u00e9misme du film de festival, <\/span><span class=\"s1\">comme il y a un acad\u00e9misme de la grosse com\u00e9die<span class=\"Apple-converted-space\">\u00a0 <\/span>fran\u00e7aise un peu vulgaire, et j\u2019esp\u00e8re sinc\u00e8rement qu\u2019il y a moyen de faire quelque chose au milieu, qui trouve un public. Un film ouvert, qui fasse rire, \u00e9meuve, raconte des choses int\u00e9ressantes avec une forme int\u00e9ressante. Mais peut-\u00eatre que j\u2019essaie de faire des synth\u00e8ses un peu complexes, de r\u00e9concilier des choses irr\u00e9conciliables, comme mes personnages, c\u2019est sans doute mon utopie!<\/span><\/p>\n","protected":false},"excerpt":{"rendered":"<p>Rencontre avec le r\u00e9alisateur et sc\u00e9nariste belge David Lambert, alors que son troisi\u00e8me long m\u00e9trage, Troisi\u00e8mes Noces, sort ce mercredi sur les \u00e9crans belges.\u00a0 Quelles sont les origines du projet?\u00a0 J&rsquo;ai lu le texte de Tom Lanoye \u00e0 un moment o\u00f9 il faisait \u00e9cho \u00e0 ce que je vivais dans ma propre vie. Je l\u2019ai &hellip;<\/p>\n","protected":false},"author":343,"featured_media":210445,"comment_status":"closed","ping_status":"closed","sticky":false,"template":"","format":"standard","meta":{"ngg_post_thumbnail":0,"footnotes":""},"categories":[1978],"tags":[],"class_list":["post-210441","post","type-post","status-publish","format-standard","has-post-thumbnail","","category-interviews"],"yoast_head":"<!-- This site is optimized with the Yoast SEO plugin v20.4 - https:\/\/yoast.com\/wordpress\/plugins\/seo\/ -->\n<title>David Lambert: &quot;L&#039;imposture permet d&#039;\u00e9clairer le r\u00e9el.&quot; - We Love Cinema<\/title>\n<meta name=\"robots\" content=\"index, follow, max-snippet:-1, max-image-preview:large, max-video-preview:-1\" \/>\n<link rel=\"canonical\" href=\"https:\/\/welovecinema.be\/fr\/david-lambert-limposture-permet-declairer-le-reel\/\" \/>\n<meta property=\"og:locale\" content=\"fr_FR\" \/>\n<meta property=\"og:type\" content=\"article\" \/>\n<meta property=\"og:title\" content=\"David Lambert: &quot;L&#039;imposture permet d&#039;\u00e9clairer le r\u00e9el.&quot; - We Love Cinema\" \/>\n<meta property=\"og:description\" content=\"Rencontre avec le r\u00e9alisateur et sc\u00e9nariste belge David Lambert, alors que son troisi\u00e8me long m\u00e9trage, Troisi\u00e8mes Noces, sort ce mercredi sur les \u00e9crans belges.\u00a0 Quelles sont les origines du projet?\u00a0 J&rsquo;ai lu le texte de Tom Lanoye \u00e0 un moment o\u00f9 il faisait \u00e9cho \u00e0 ce que je vivais dans ma propre vie. Je l\u2019ai &hellip;\" \/>\n<meta property=\"og:url\" content=\"https:\/\/welovecinema.be\/fr\/david-lambert-limposture-permet-declairer-le-reel\/\" \/>\n<meta property=\"og:site_name\" content=\"We Love Cinema\" \/>\n<meta property=\"article:publisher\" content=\"https:\/\/www.facebook.com\/welovecinema.be\" \/>\n<meta property=\"article:published_time\" content=\"2018-06-12T06:56:58+00:00\" \/>\n<meta property=\"article:modified_time\" content=\"2018-06-13T06:45:06+00:00\" \/>\n<meta property=\"og:image\" content=\"https:\/\/welovecinema.be\/wp-content\/uploads\/sites\/2\/2018\/06\/DavidLambertCinevox.jpg\" \/>\n\t<meta property=\"og:image:width\" content=\"4032\" \/>\n\t<meta property=\"og:image:height\" content=\"3024\" \/>\n\t<meta property=\"og:image:type\" content=\"image\/jpeg\" \/>\n<meta name=\"author\" content=\"Aurore Engelen\" \/>\n<meta name=\"twitter:card\" content=\"summary_large_image\" \/>\n<meta name=\"twitter:label1\" content=\"\u00c9crit par\" \/>\n\t<meta name=\"twitter:data1\" content=\"Aurore Engelen\" \/>\n\t<meta name=\"twitter:label2\" content=\"Dur\u00e9e de lecture estim\u00e9e\" \/>\n\t<meta name=\"twitter:data2\" content=\"8 minutes\" \/>\n<script type=\"application\/ld+json\" class=\"yoast-schema-graph\">{\"@context\":\"https:\/\/schema.org\",\"@graph\":[{\"@type\":\"Article\",\"@id\":\"https:\/\/welovecinema.be\/fr\/david-lambert-limposture-permet-declairer-le-reel\/#article\",\"isPartOf\":{\"@id\":\"https:\/\/welovecinema.be\/fr\/david-lambert-limposture-permet-declairer-le-reel\/\"},\"author\":{\"name\":\"Aurore Engelen\",\"@id\":\"https:\/\/welovecinema.be\/nl\/#\/schema\/person\/8084b68c6b176142d073695c654dc7cf\"},\"headline\":\"David Lambert: \u00ab\u00a0L&rsquo;imposture permet d&rsquo;\u00e9clairer le r\u00e9el.\u00a0\u00bb\",\"datePublished\":\"2018-06-12T06:56:58+00:00\",\"dateModified\":\"2018-06-13T06:45:06+00:00\",\"mainEntityOfPage\":{\"@id\":\"https:\/\/welovecinema.be\/fr\/david-lambert-limposture-permet-declairer-le-reel\/\"},\"wordCount\":1691,\"publisher\":{\"@id\":\"https:\/\/welovecinema.be\/nl\/#organization\"},\"articleSection\":[\"Rencontres\"],\"inLanguage\":\"fr-FR\"},{\"@type\":\"WebPage\",\"@id\":\"https:\/\/welovecinema.be\/fr\/david-lambert-limposture-permet-declairer-le-reel\/\",\"url\":\"https:\/\/welovecinema.be\/fr\/david-lambert-limposture-permet-declairer-le-reel\/\",\"name\":\"David Lambert: \\\"L'imposture permet d'\u00e9clairer le r\u00e9el.\\\" - We Love Cinema\",\"isPartOf\":{\"@id\":\"https:\/\/welovecinema.be\/nl\/#website\"},\"datePublished\":\"2018-06-12T06:56:58+00:00\",\"dateModified\":\"2018-06-13T06:45:06+00:00\",\"breadcrumb\":{\"@id\":\"https:\/\/welovecinema.be\/fr\/david-lambert-limposture-permet-declairer-le-reel\/#breadcrumb\"},\"inLanguage\":\"fr-FR\",\"potentialAction\":[{\"@type\":\"ReadAction\",\"target\":[\"https:\/\/welovecinema.be\/fr\/david-lambert-limposture-permet-declairer-le-reel\/\"]}]},{\"@type\":\"BreadcrumbList\",\"@id\":\"https:\/\/welovecinema.be\/fr\/david-lambert-limposture-permet-declairer-le-reel\/#breadcrumb\",\"itemListElement\":[{\"@type\":\"ListItem\",\"position\":1,\"name\":\"Accueil\",\"item\":\"https:\/\/welovecinema.be\/fr\/\"},{\"@type\":\"ListItem\",\"position\":2,\"name\":\"David Lambert: \u00ab\u00a0L&rsquo;imposture permet d&rsquo;\u00e9clairer le r\u00e9el.\u00a0\u00bb\"}]},{\"@type\":\"WebSite\",\"@id\":\"https:\/\/welovecinema.be\/nl\/#website\",\"url\":\"https:\/\/welovecinema.be\/nl\/\",\"name\":\"We Love Cinema\",\"description\":\"Toute l\u2019information du cin\u00e9ma en Belgique\",\"publisher\":{\"@id\":\"https:\/\/welovecinema.be\/nl\/#organization\"},\"potentialAction\":[{\"@type\":\"SearchAction\",\"target\":{\"@type\":\"EntryPoint\",\"urlTemplate\":\"https:\/\/welovecinema.be\/nl\/?s={search_term_string}\"},\"query-input\":\"required name=search_term_string\"}],\"inLanguage\":\"fr-FR\"},{\"@type\":\"Organization\",\"@id\":\"https:\/\/welovecinema.be\/nl\/#organization\",\"name\":\"We Love Cinema\",\"url\":\"https:\/\/welovecinema.be\/nl\/\",\"logo\":{\"@type\":\"ImageObject\",\"inLanguage\":\"fr-FR\",\"@id\":\"https:\/\/welovecinema.be\/nl\/#\/schema\/logo\/image\/\",\"url\":\"https:\/\/welovecinema.be\/wp-content\/uploads\/sites\/2\/2023\/03\/Logo-We-Love-Cinema305x128.jpg\",\"contentUrl\":\"https:\/\/welovecinema.be\/wp-content\/uploads\/sites\/2\/2023\/03\/Logo-We-Love-Cinema305x128.jpg\",\"width\":305,\"height\":128,\"caption\":\"We Love Cinema\"},\"image\":{\"@id\":\"https:\/\/welovecinema.be\/nl\/#\/schema\/logo\/image\/\"},\"sameAs\":[\"https:\/\/www.facebook.com\/welovecinema.be\",\"https:\/\/www.youtube.com\/channel\/UCX5LYGVhnKvYauW4Nta4HJA\",\"https:\/\/www.instagram.com\/welovecinema.be\/\"]},{\"@type\":\"Person\",\"@id\":\"https:\/\/welovecinema.be\/nl\/#\/schema\/person\/8084b68c6b176142d073695c654dc7cf\",\"name\":\"Aurore Engelen\",\"url\":\"https:\/\/welovecinema.be\/fr\/author\/aurore-engelen\/\"}]}<\/script>\n<!-- \/ Yoast SEO plugin. -->","yoast_head_json":{"title":"David Lambert: \"L'imposture permet d'\u00e9clairer le r\u00e9el.\" - We Love Cinema","robots":{"index":"index","follow":"follow","max-snippet":"max-snippet:-1","max-image-preview":"max-image-preview:large","max-video-preview":"max-video-preview:-1"},"canonical":"https:\/\/welovecinema.be\/fr\/david-lambert-limposture-permet-declairer-le-reel\/","og_locale":"fr_FR","og_type":"article","og_title":"David Lambert: \"L'imposture permet d'\u00e9clairer le r\u00e9el.\" - We Love Cinema","og_description":"Rencontre avec le r\u00e9alisateur et sc\u00e9nariste belge David Lambert, alors que son troisi\u00e8me long m\u00e9trage, Troisi\u00e8mes Noces, sort ce mercredi sur les \u00e9crans belges.\u00a0 Quelles sont les origines du projet?\u00a0 J&rsquo;ai lu le texte de Tom Lanoye \u00e0 un moment o\u00f9 il faisait \u00e9cho \u00e0 ce que je vivais dans ma propre vie. Je l\u2019ai &hellip;","og_url":"https:\/\/welovecinema.be\/fr\/david-lambert-limposture-permet-declairer-le-reel\/","og_site_name":"We Love Cinema","article_publisher":"https:\/\/www.facebook.com\/welovecinema.be","article_published_time":"2018-06-12T06:56:58+00:00","article_modified_time":"2018-06-13T06:45:06+00:00","og_image":[{"width":4032,"height":3024,"url":"https:\/\/welovecinema.be\/wp-content\/uploads\/sites\/2\/2018\/06\/DavidLambertCinevox.jpg","type":"image\/jpeg"}],"author":"Aurore Engelen","twitter_card":"summary_large_image","twitter_misc":{"\u00c9crit par":"Aurore Engelen","Dur\u00e9e de lecture estim\u00e9e":"8 minutes"},"schema":{"@context":"https:\/\/schema.org","@graph":[{"@type":"Article","@id":"https:\/\/welovecinema.be\/fr\/david-lambert-limposture-permet-declairer-le-reel\/#article","isPartOf":{"@id":"https:\/\/welovecinema.be\/fr\/david-lambert-limposture-permet-declairer-le-reel\/"},"author":{"name":"Aurore Engelen","@id":"https:\/\/welovecinema.be\/nl\/#\/schema\/person\/8084b68c6b176142d073695c654dc7cf"},"headline":"David Lambert: \u00ab\u00a0L&rsquo;imposture permet d&rsquo;\u00e9clairer le r\u00e9el.\u00a0\u00bb","datePublished":"2018-06-12T06:56:58+00:00","dateModified":"2018-06-13T06:45:06+00:00","mainEntityOfPage":{"@id":"https:\/\/welovecinema.be\/fr\/david-lambert-limposture-permet-declairer-le-reel\/"},"wordCount":1691,"publisher":{"@id":"https:\/\/welovecinema.be\/nl\/#organization"},"articleSection":["Rencontres"],"inLanguage":"fr-FR"},{"@type":"WebPage","@id":"https:\/\/welovecinema.be\/fr\/david-lambert-limposture-permet-declairer-le-reel\/","url":"https:\/\/welovecinema.be\/fr\/david-lambert-limposture-permet-declairer-le-reel\/","name":"David Lambert: \"L'imposture permet d'\u00e9clairer le r\u00e9el.\" - We Love Cinema","isPartOf":{"@id":"https:\/\/welovecinema.be\/nl\/#website"},"datePublished":"2018-06-12T06:56:58+00:00","dateModified":"2018-06-13T06:45:06+00:00","breadcrumb":{"@id":"https:\/\/welovecinema.be\/fr\/david-lambert-limposture-permet-declairer-le-reel\/#breadcrumb"},"inLanguage":"fr-FR","potentialAction":[{"@type":"ReadAction","target":["https:\/\/welovecinema.be\/fr\/david-lambert-limposture-permet-declairer-le-reel\/"]}]},{"@type":"BreadcrumbList","@id":"https:\/\/welovecinema.be\/fr\/david-lambert-limposture-permet-declairer-le-reel\/#breadcrumb","itemListElement":[{"@type":"ListItem","position":1,"name":"Accueil","item":"https:\/\/welovecinema.be\/fr\/"},{"@type":"ListItem","position":2,"name":"David Lambert: \u00ab\u00a0L&rsquo;imposture permet d&rsquo;\u00e9clairer le r\u00e9el.\u00a0\u00bb"}]},{"@type":"WebSite","@id":"https:\/\/welovecinema.be\/nl\/#website","url":"https:\/\/welovecinema.be\/nl\/","name":"We Love Cinema","description":"Toute l\u2019information du cin\u00e9ma en Belgique","publisher":{"@id":"https:\/\/welovecinema.be\/nl\/#organization"},"potentialAction":[{"@type":"SearchAction","target":{"@type":"EntryPoint","urlTemplate":"https:\/\/welovecinema.be\/nl\/?s={search_term_string}"},"query-input":"required name=search_term_string"}],"inLanguage":"fr-FR"},{"@type":"Organization","@id":"https:\/\/welovecinema.be\/nl\/#organization","name":"We Love Cinema","url":"https:\/\/welovecinema.be\/nl\/","logo":{"@type":"ImageObject","inLanguage":"fr-FR","@id":"https:\/\/welovecinema.be\/nl\/#\/schema\/logo\/image\/","url":"https:\/\/welovecinema.be\/wp-content\/uploads\/sites\/2\/2023\/03\/Logo-We-Love-Cinema305x128.jpg","contentUrl":"https:\/\/welovecinema.be\/wp-content\/uploads\/sites\/2\/2023\/03\/Logo-We-Love-Cinema305x128.jpg","width":305,"height":128,"caption":"We Love Cinema"},"image":{"@id":"https:\/\/welovecinema.be\/nl\/#\/schema\/logo\/image\/"},"sameAs":["https:\/\/www.facebook.com\/welovecinema.be","https:\/\/www.youtube.com\/channel\/UCX5LYGVhnKvYauW4Nta4HJA","https:\/\/www.instagram.com\/welovecinema.be\/"]},{"@type":"Person","@id":"https:\/\/welovecinema.be\/nl\/#\/schema\/person\/8084b68c6b176142d073695c654dc7cf","name":"Aurore Engelen","url":"https:\/\/welovecinema.be\/fr\/author\/aurore-engelen\/"}]}},"_links":{"self":[{"href":"https:\/\/welovecinema.be\/fr\/wp-json\/wp\/v2\/posts\/210441","targetHints":{"allow":["GET"]}}],"collection":[{"href":"https:\/\/welovecinema.be\/fr\/wp-json\/wp\/v2\/posts"}],"about":[{"href":"https:\/\/welovecinema.be\/fr\/wp-json\/wp\/v2\/types\/post"}],"author":[{"embeddable":true,"href":"https:\/\/welovecinema.be\/fr\/wp-json\/wp\/v2\/users\/343"}],"replies":[{"embeddable":true,"href":"https:\/\/welovecinema.be\/fr\/wp-json\/wp\/v2\/comments?post=210441"}],"version-history":[{"count":0,"href":"https:\/\/welovecinema.be\/fr\/wp-json\/wp\/v2\/posts\/210441\/revisions"}],"wp:featuredmedia":[{"embeddable":true,"href":"https:\/\/welovecinema.be\/fr\/wp-json\/wp\/v2\/media\/210445"}],"wp:attachment":[{"href":"https:\/\/welovecinema.be\/fr\/wp-json\/wp\/v2\/media?parent=210441"}],"wp:term":[{"taxonomy":"category","embeddable":true,"href":"https:\/\/welovecinema.be\/fr\/wp-json\/wp\/v2\/categories?post=210441"},{"taxonomy":"post_tag","embeddable":true,"href":"https:\/\/welovecinema.be\/fr\/wp-json\/wp\/v2\/tags?post=210441"}],"curies":[{"name":"wp","href":"https:\/\/api.w.org\/{rel}","templated":true}]}}