{"id":210337,"date":"2018-06-05T10:54:36","date_gmt":"2018-06-05T08:54:36","guid":{"rendered":"http:\/\/www.cinevox.be\/?p=210337"},"modified":"2018-06-05T10:54:36","modified_gmt":"2018-06-05T08:54:36","slug":"tout-court-programme-du-mardi-5-juin-2018","status":"publish","type":"post","link":"https:\/\/welovecinema.be\/fr\/tout-court-programme-du-mardi-5-juin-2018\/","title":{"rendered":"\u00ab\u00a0Tout court\u00a0\u00bb, programme du mardi 5 juin 2018"},"content":{"rendered":"<p><strong>Au programme de \u00ab\u00a0Tout Court\u00a0\u00bb, l&rsquo;\u00e9mission consacr\u00e9e au court m\u00e9trage belge, un in\u00e9dit, <em>Ruines<\/em> d&rsquo;Oph\u00e9lie Pruvost.<\/strong><\/p>\n<hr \/>\n<h4><em><strong>Ruines<\/strong><\/em> d&rsquo;Oph\u00e9lie Pruvost<\/h4>\n<p>Aline, 16 ans, doit faire face \u00e0 une soudaine absence : son p\u00e8re est incarc\u00e9r\u00e9 depuis peu, et refuse de la voir. Elle tente malgr\u00e9 tout de l\u2019atteindre, mais se heurte \u00e0 sa m\u00e8re et aux r\u00e8gles p\u00e9nitentiaires. Pour finalement heurter &#8211; au sens propre &#8211; un gar\u00e7on de son \u00e2ge, en qui elle voit un ultime moyen de se rapprocher de son p\u00e8re.<\/p>\n<p>Avec\u00a0Lizie Weltin, Sacha Capelluto, Garance Clavel, Tha\u00efs Acchione<\/p>\n<p><iframe loading=\"lazy\" title=\"Ruines - Teaser\" src=\"https:\/\/player.vimeo.com\/video\/222794245?dnt=1&amp;app_id=122963\" width=\"618\" height=\"348\" frameborder=\"0\" allow=\"autoplay; fullscreen; picture-in-picture; clipboard-write; encrypted-media\"><\/iframe><\/p>\n<hr \/>\n<div>\n<h4><em><strong>Projection sur canap\u00e9<\/strong><\/em> de Violette Delvoye<\/h4>\n<\/div>\n<div class=\"has-video has-image\">\u00a0Soir\u00e9e cin\u00e9ma \u00e0 la maison. A l&rsquo;issue du film, Lucie et Manu s&rsquo;engagent dans une conversation autour de l&rsquo;id\u00e9e du voyage. Au fil des cigarettes et verres de vin, elles s&rsquo;exposent leurs envies, leurs besoins, leurs attentes.<\/div>\n<div><\/div>\n<div>\n<div class=\"information-blocks\">\n<div class=\"row\">\n<div class=\"col-sm-12\">\u00a0<img loading=\"lazy\" decoding=\"async\" class=\"alignnone wp-image-207413 size-large\" src=\"http:\/\/www.cinevox.be\/wp-content\/uploads\/sites\/2\/2018\/02\/Projectionsurcanape2-1-800x450.jpg\" alt=\"Projectionsurcanape2-1\" width=\"618\" height=\"348\" srcset=\"https:\/\/welovecinema.be\/wp-content\/uploads\/sites\/2\/2018\/02\/Projectionsurcanape2-1-800x450.jpg 800w, https:\/\/welovecinema.be\/wp-content\/uploads\/sites\/2\/2018\/02\/Projectionsurcanape2-1-200x113.jpg 200w, https:\/\/welovecinema.be\/wp-content\/uploads\/sites\/2\/2018\/02\/Projectionsurcanape2-1-480x270.jpg 480w, https:\/\/welovecinema.be\/wp-content\/uploads\/sites\/2\/2018\/02\/Projectionsurcanape2-1-768x432.jpg 768w, https:\/\/welovecinema.be\/wp-content\/uploads\/sites\/2\/2018\/02\/Projectionsurcanape2-1.jpg 1200w\" sizes=\"auto, (max-width: 618px) 100vw, 618px\" \/><\/div>\n<div>\n<hr \/>\n<h4><em><strong>Betelgeuse<\/strong><\/em> de Bruno Tracq<\/h4>\n<p>Et si c&rsquo;\u00e9tait la fin ? La supernova Betelgeuse va mourir, et ses rayons gamma pourraient balayer la vie sur Terre. Tandis que les scientifiques restent divis\u00e9s, la rumeur se r\u00e9pand. Sarah, astrophysicienne belge bas\u00e9e au Nouveau-Mexique, passe ses journ\u00e9es \u00e0 refaire les calculs et les th\u00e9ories sur l&rsquo;explosion de l&rsquo;\u00e9toile. Depuis que son coll\u00e8gue et amant Elliot est mort dans un accident de voiture, elle vit enferm\u00e9e chez elle pour \u00e9viter les crises de panique qui la foudroient d\u00e8s qu&rsquo;elle passe sa porte. Sarah d\u00e9cide qu&rsquo;il est temps de mettre un terme \u00e0 cette situation impossible. Mais un fant\u00f4me du pass\u00e9 la convainc de faire une derni\u00e8re chose : si elle doit se tuer, elle devra le faire au milieu des montagnes, l\u00e0 o\u00f9 elle a rencontr\u00e9 son amour perdu. Le jour vient. Betelgeuse est sur le point d&rsquo;exploser&#8230;<\/p>\n<p><em>Avec Lubna Azabal et John Flanders<\/em><\/p>\n<p><iframe loading=\"lazy\" title=\"Betelgeuse - Trailer\" src=\"https:\/\/player.vimeo.com\/video\/174087785?dnt=1&amp;app_id=122963\" width=\"618\" height=\"259\" frameborder=\"0\" allow=\"autoplay; fullscreen; picture-in-picture; clipboard-write; encrypted-media\"><\/iframe><\/p>\n<hr \/>\n<h4>On r\u00e9capitule?<\/h4>\n<ul>\n<li><em><strong>Ruines<\/strong><\/em> d&rsquo;Oph\u00e9lie Pruvost \u00e0 23h<\/li>\n<li><em><strong>Projection sur canap\u00e9<\/strong><\/em> de Violette Delvoye \u00e0 23h20<\/li>\n<li><em><strong>Betelgeuse<\/strong><\/em> de Bruno Tracq \u00e0 23h25<\/li>\n<\/ul>\n<\/div>\n<\/div>\n<\/div>\n<\/div>\n","protected":false},"excerpt":{"rendered":"<p>Au programme de \u00ab\u00a0Tout Court\u00a0\u00bb, l&rsquo;\u00e9mission consacr\u00e9e au court m\u00e9trage belge, un in\u00e9dit, Ruines d&rsquo;Oph\u00e9lie Pruvost. Ruines d&rsquo;Oph\u00e9lie Pruvost Aline, 16 ans, doit faire face \u00e0 une soudaine absence : son p\u00e8re est incarc\u00e9r\u00e9 depuis peu, et refuse de la voir. Elle tente malgr\u00e9 tout de l\u2019atteindre, mais se heurte \u00e0 sa m\u00e8re et aux &hellip;<\/p>\n","protected":false},"author":343,"featured_media":210340,"comment_status":"closed","ping_status":"closed","sticky":false,"template":"","format":"standard","meta":{"ngg_post_thumbnail":0,"footnotes":""},"categories":[14],"tags":[],"class_list":["post-210337","post","type-post","status-publish","format-standard","has-post-thumbnail","","category-home-cinema"],"yoast_head":"<!-- This site is optimized with the Yoast SEO plugin v20.4 - https:\/\/yoast.com\/wordpress\/plugins\/seo\/ -->\n<title>&quot;Tout court&quot;, programme du mardi 5 juin 2018 - We Love Cinema<\/title>\n<meta name=\"robots\" content=\"index, follow, max-snippet:-1, max-image-preview:large, max-video-preview:-1\" \/>\n<link rel=\"canonical\" href=\"https:\/\/welovecinema.be\/fr\/tout-court-programme-du-mardi-5-juin-2018\/\" \/>\n<meta property=\"og:locale\" content=\"fr_FR\" \/>\n<meta property=\"og:type\" content=\"article\" \/>\n<meta property=\"og:title\" content=\"&quot;Tout court&quot;, programme du mardi 5 juin 2018 - We Love Cinema\" \/>\n<meta property=\"og:description\" content=\"Au programme de \u00ab\u00a0Tout Court\u00a0\u00bb, l&rsquo;\u00e9mission consacr\u00e9e au court m\u00e9trage belge, un in\u00e9dit, Ruines d&rsquo;Oph\u00e9lie Pruvost. Ruines d&rsquo;Oph\u00e9lie Pruvost Aline, 16 ans, doit faire face \u00e0 une soudaine absence : son p\u00e8re est incarc\u00e9r\u00e9 depuis peu, et refuse de la voir. Elle tente malgr\u00e9 tout de l\u2019atteindre, mais se heurte \u00e0 sa m\u00e8re et aux &hellip;\" \/>\n<meta property=\"og:url\" content=\"https:\/\/welovecinema.be\/fr\/tout-court-programme-du-mardi-5-juin-2018\/\" \/>\n<meta property=\"og:site_name\" content=\"We Love Cinema\" \/>\n<meta property=\"article:publisher\" content=\"https:\/\/www.facebook.com\/welovecinema.be\" \/>\n<meta property=\"article:published_time\" content=\"2018-06-05T08:54:36+00:00\" \/>\n<meta property=\"og:image\" content=\"https:\/\/welovecinema.be\/wp-content\/uploads\/sites\/2\/2018\/06\/RuinesOpheliePruvost.jpg\" \/>\n\t<meta property=\"og:image:width\" content=\"590\" \/>\n\t<meta property=\"og:image:height\" content=\"245\" \/>\n\t<meta property=\"og:image:type\" content=\"image\/jpeg\" \/>\n<meta name=\"author\" content=\"Aurore Engelen\" \/>\n<meta name=\"twitter:card\" content=\"summary_large_image\" \/>\n<meta name=\"twitter:label1\" content=\"\u00c9crit par\" \/>\n\t<meta name=\"twitter:data1\" content=\"Aurore Engelen\" \/>\n\t<meta name=\"twitter:label2\" content=\"Dur\u00e9e de lecture estim\u00e9e\" \/>\n\t<meta name=\"twitter:data2\" content=\"2 minutes\" \/>\n<script type=\"application\/ld+json\" class=\"yoast-schema-graph\">{\"@context\":\"https:\/\/schema.org\",\"@graph\":[{\"@type\":\"Article\",\"@id\":\"https:\/\/welovecinema.be\/fr\/tout-court-programme-du-mardi-5-juin-2018\/#article\",\"isPartOf\":{\"@id\":\"https:\/\/welovecinema.be\/fr\/tout-court-programme-du-mardi-5-juin-2018\/\"},\"author\":{\"name\":\"Aurore Engelen\",\"@id\":\"https:\/\/welovecinema.be\/nl\/#\/schema\/person\/8084b68c6b176142d073695c654dc7cf\"},\"headline\":\"\u00ab\u00a0Tout court\u00a0\u00bb, programme du mardi 5 juin 2018\",\"datePublished\":\"2018-06-05T08:54:36+00:00\",\"dateModified\":\"2018-06-05T08:54:36+00:00\",\"mainEntityOfPage\":{\"@id\":\"https:\/\/welovecinema.be\/fr\/tout-court-programme-du-mardi-5-juin-2018\/\"},\"wordCount\":350,\"publisher\":{\"@id\":\"https:\/\/welovecinema.be\/nl\/#organization\"},\"articleSection\":[\"Plateau t\u00e9l\u00e9\"],\"inLanguage\":\"fr-FR\"},{\"@type\":\"WebPage\",\"@id\":\"https:\/\/welovecinema.be\/fr\/tout-court-programme-du-mardi-5-juin-2018\/\",\"url\":\"https:\/\/welovecinema.be\/fr\/tout-court-programme-du-mardi-5-juin-2018\/\",\"name\":\"\\\"Tout court\\\", programme du mardi 5 juin 2018 - We Love Cinema\",\"isPartOf\":{\"@id\":\"https:\/\/welovecinema.be\/nl\/#website\"},\"datePublished\":\"2018-06-05T08:54:36+00:00\",\"dateModified\":\"2018-06-05T08:54:36+00:00\",\"breadcrumb\":{\"@id\":\"https:\/\/welovecinema.be\/fr\/tout-court-programme-du-mardi-5-juin-2018\/#breadcrumb\"},\"inLanguage\":\"fr-FR\",\"potentialAction\":[{\"@type\":\"ReadAction\",\"target\":[\"https:\/\/welovecinema.be\/fr\/tout-court-programme-du-mardi-5-juin-2018\/\"]}]},{\"@type\":\"BreadcrumbList\",\"@id\":\"https:\/\/welovecinema.be\/fr\/tout-court-programme-du-mardi-5-juin-2018\/#breadcrumb\",\"itemListElement\":[{\"@type\":\"ListItem\",\"position\":1,\"name\":\"Accueil\",\"item\":\"https:\/\/welovecinema.be\/fr\/\"},{\"@type\":\"ListItem\",\"position\":2,\"name\":\"\u00ab\u00a0Tout court\u00a0\u00bb, programme du mardi 5 juin 2018\"}]},{\"@type\":\"WebSite\",\"@id\":\"https:\/\/welovecinema.be\/nl\/#website\",\"url\":\"https:\/\/welovecinema.be\/nl\/\",\"name\":\"We Love Cinema\",\"description\":\"Toute l\u2019information du cin\u00e9ma en Belgique\",\"publisher\":{\"@id\":\"https:\/\/welovecinema.be\/nl\/#organization\"},\"potentialAction\":[{\"@type\":\"SearchAction\",\"target\":{\"@type\":\"EntryPoint\",\"urlTemplate\":\"https:\/\/welovecinema.be\/nl\/?s={search_term_string}\"},\"query-input\":\"required name=search_term_string\"}],\"inLanguage\":\"fr-FR\"},{\"@type\":\"Organization\",\"@id\":\"https:\/\/welovecinema.be\/nl\/#organization\",\"name\":\"We Love Cinema\",\"url\":\"https:\/\/welovecinema.be\/nl\/\",\"logo\":{\"@type\":\"ImageObject\",\"inLanguage\":\"fr-FR\",\"@id\":\"https:\/\/welovecinema.be\/nl\/#\/schema\/logo\/image\/\",\"url\":\"https:\/\/welovecinema.be\/wp-content\/uploads\/sites\/2\/2023\/03\/Logo-We-Love-Cinema305x128.jpg\",\"contentUrl\":\"https:\/\/welovecinema.be\/wp-content\/uploads\/sites\/2\/2023\/03\/Logo-We-Love-Cinema305x128.jpg\",\"width\":305,\"height\":128,\"caption\":\"We Love Cinema\"},\"image\":{\"@id\":\"https:\/\/welovecinema.be\/nl\/#\/schema\/logo\/image\/\"},\"sameAs\":[\"https:\/\/www.facebook.com\/welovecinema.be\",\"https:\/\/www.youtube.com\/channel\/UCX5LYGVhnKvYauW4Nta4HJA\",\"https:\/\/www.instagram.com\/welovecinema.be\/\"]},{\"@type\":\"Person\",\"@id\":\"https:\/\/welovecinema.be\/nl\/#\/schema\/person\/8084b68c6b176142d073695c654dc7cf\",\"name\":\"Aurore Engelen\",\"url\":\"https:\/\/welovecinema.be\/fr\/author\/aurore-engelen\/\"}]}<\/script>\n<!-- \/ Yoast SEO plugin. -->","yoast_head_json":{"title":"\"Tout court\", programme du mardi 5 juin 2018 - We Love Cinema","robots":{"index":"index","follow":"follow","max-snippet":"max-snippet:-1","max-image-preview":"max-image-preview:large","max-video-preview":"max-video-preview:-1"},"canonical":"https:\/\/welovecinema.be\/fr\/tout-court-programme-du-mardi-5-juin-2018\/","og_locale":"fr_FR","og_type":"article","og_title":"\"Tout court\", programme du mardi 5 juin 2018 - We Love Cinema","og_description":"Au programme de \u00ab\u00a0Tout Court\u00a0\u00bb, l&rsquo;\u00e9mission consacr\u00e9e au court m\u00e9trage belge, un in\u00e9dit, Ruines d&rsquo;Oph\u00e9lie Pruvost. Ruines d&rsquo;Oph\u00e9lie Pruvost Aline, 16 ans, doit faire face \u00e0 une soudaine absence : son p\u00e8re est incarc\u00e9r\u00e9 depuis peu, et refuse de la voir. Elle tente malgr\u00e9 tout de l\u2019atteindre, mais se heurte \u00e0 sa m\u00e8re et aux &hellip;","og_url":"https:\/\/welovecinema.be\/fr\/tout-court-programme-du-mardi-5-juin-2018\/","og_site_name":"We Love Cinema","article_publisher":"https:\/\/www.facebook.com\/welovecinema.be","article_published_time":"2018-06-05T08:54:36+00:00","og_image":[{"width":590,"height":245,"url":"https:\/\/welovecinema.be\/wp-content\/uploads\/sites\/2\/2018\/06\/RuinesOpheliePruvost.jpg","type":"image\/jpeg"}],"author":"Aurore Engelen","twitter_card":"summary_large_image","twitter_misc":{"\u00c9crit par":"Aurore Engelen","Dur\u00e9e de lecture estim\u00e9e":"2 minutes"},"schema":{"@context":"https:\/\/schema.org","@graph":[{"@type":"Article","@id":"https:\/\/welovecinema.be\/fr\/tout-court-programme-du-mardi-5-juin-2018\/#article","isPartOf":{"@id":"https:\/\/welovecinema.be\/fr\/tout-court-programme-du-mardi-5-juin-2018\/"},"author":{"name":"Aurore Engelen","@id":"https:\/\/welovecinema.be\/nl\/#\/schema\/person\/8084b68c6b176142d073695c654dc7cf"},"headline":"\u00ab\u00a0Tout court\u00a0\u00bb, programme du mardi 5 juin 2018","datePublished":"2018-06-05T08:54:36+00:00","dateModified":"2018-06-05T08:54:36+00:00","mainEntityOfPage":{"@id":"https:\/\/welovecinema.be\/fr\/tout-court-programme-du-mardi-5-juin-2018\/"},"wordCount":350,"publisher":{"@id":"https:\/\/welovecinema.be\/nl\/#organization"},"articleSection":["Plateau t\u00e9l\u00e9"],"inLanguage":"fr-FR"},{"@type":"WebPage","@id":"https:\/\/welovecinema.be\/fr\/tout-court-programme-du-mardi-5-juin-2018\/","url":"https:\/\/welovecinema.be\/fr\/tout-court-programme-du-mardi-5-juin-2018\/","name":"\"Tout court\", programme du mardi 5 juin 2018 - We Love Cinema","isPartOf":{"@id":"https:\/\/welovecinema.be\/nl\/#website"},"datePublished":"2018-06-05T08:54:36+00:00","dateModified":"2018-06-05T08:54:36+00:00","breadcrumb":{"@id":"https:\/\/welovecinema.be\/fr\/tout-court-programme-du-mardi-5-juin-2018\/#breadcrumb"},"inLanguage":"fr-FR","potentialAction":[{"@type":"ReadAction","target":["https:\/\/welovecinema.be\/fr\/tout-court-programme-du-mardi-5-juin-2018\/"]}]},{"@type":"BreadcrumbList","@id":"https:\/\/welovecinema.be\/fr\/tout-court-programme-du-mardi-5-juin-2018\/#breadcrumb","itemListElement":[{"@type":"ListItem","position":1,"name":"Accueil","item":"https:\/\/welovecinema.be\/fr\/"},{"@type":"ListItem","position":2,"name":"\u00ab\u00a0Tout court\u00a0\u00bb, programme du mardi 5 juin 2018"}]},{"@type":"WebSite","@id":"https:\/\/welovecinema.be\/nl\/#website","url":"https:\/\/welovecinema.be\/nl\/","name":"We Love Cinema","description":"Toute l\u2019information du cin\u00e9ma en Belgique","publisher":{"@id":"https:\/\/welovecinema.be\/nl\/#organization"},"potentialAction":[{"@type":"SearchAction","target":{"@type":"EntryPoint","urlTemplate":"https:\/\/welovecinema.be\/nl\/?s={search_term_string}"},"query-input":"required name=search_term_string"}],"inLanguage":"fr-FR"},{"@type":"Organization","@id":"https:\/\/welovecinema.be\/nl\/#organization","name":"We Love Cinema","url":"https:\/\/welovecinema.be\/nl\/","logo":{"@type":"ImageObject","inLanguage":"fr-FR","@id":"https:\/\/welovecinema.be\/nl\/#\/schema\/logo\/image\/","url":"https:\/\/welovecinema.be\/wp-content\/uploads\/sites\/2\/2023\/03\/Logo-We-Love-Cinema305x128.jpg","contentUrl":"https:\/\/welovecinema.be\/wp-content\/uploads\/sites\/2\/2023\/03\/Logo-We-Love-Cinema305x128.jpg","width":305,"height":128,"caption":"We Love Cinema"},"image":{"@id":"https:\/\/welovecinema.be\/nl\/#\/schema\/logo\/image\/"},"sameAs":["https:\/\/www.facebook.com\/welovecinema.be","https:\/\/www.youtube.com\/channel\/UCX5LYGVhnKvYauW4Nta4HJA","https:\/\/www.instagram.com\/welovecinema.be\/"]},{"@type":"Person","@id":"https:\/\/welovecinema.be\/nl\/#\/schema\/person\/8084b68c6b176142d073695c654dc7cf","name":"Aurore Engelen","url":"https:\/\/welovecinema.be\/fr\/author\/aurore-engelen\/"}]}},"_links":{"self":[{"href":"https:\/\/welovecinema.be\/fr\/wp-json\/wp\/v2\/posts\/210337","targetHints":{"allow":["GET"]}}],"collection":[{"href":"https:\/\/welovecinema.be\/fr\/wp-json\/wp\/v2\/posts"}],"about":[{"href":"https:\/\/welovecinema.be\/fr\/wp-json\/wp\/v2\/types\/post"}],"author":[{"embeddable":true,"href":"https:\/\/welovecinema.be\/fr\/wp-json\/wp\/v2\/users\/343"}],"replies":[{"embeddable":true,"href":"https:\/\/welovecinema.be\/fr\/wp-json\/wp\/v2\/comments?post=210337"}],"version-history":[{"count":0,"href":"https:\/\/welovecinema.be\/fr\/wp-json\/wp\/v2\/posts\/210337\/revisions"}],"wp:featuredmedia":[{"embeddable":true,"href":"https:\/\/welovecinema.be\/fr\/wp-json\/wp\/v2\/media\/210340"}],"wp:attachment":[{"href":"https:\/\/welovecinema.be\/fr\/wp-json\/wp\/v2\/media?parent=210337"}],"wp:term":[{"taxonomy":"category","embeddable":true,"href":"https:\/\/welovecinema.be\/fr\/wp-json\/wp\/v2\/categories?post=210337"},{"taxonomy":"post_tag","embeddable":true,"href":"https:\/\/welovecinema.be\/fr\/wp-json\/wp\/v2\/tags?post=210337"}],"curies":[{"name":"wp","href":"https:\/\/api.w.org\/{rel}","templated":true}]}}