{"id":210163,"date":"2018-06-06T09:35:06","date_gmt":"2018-06-06T07:35:06","guid":{"rendered":"http:\/\/www.cinevox.be\/?p=210163"},"modified":"2020-04-11T09:14:12","modified_gmt":"2020-04-11T07:14:12","slug":"sur-le-tournage-de-la-frontiere","status":"publish","type":"post","link":"https:\/\/welovecinema.be\/fr\/sur-le-tournage-de-la-frontiere\/","title":{"rendered":"Sur le tournage de&#8230; \u00ab\u00a0Filles de joie\u00a0\u00bb"},"content":{"rendered":"<p><strong>Vendredi 25 mai 2018. Apr\u00e8s 30 jours denses et intenses, Fr\u00e9d\u00e9ric Fonteyne et son \u00e9quipe abordent avec \u00e9motion, enthousiasme, et un peu de soulagement le dernier jour de tournage de <em>La Fronti\u00e8re<\/em>, le 5e long m\u00e9trage du r\u00e9alisateur belge. L&rsquo;atmosph\u00e8re oscille entre extr\u00eame concentration, et franche rigolade, ambiance fin de colonie de vacances. Une partie de l&rsquo;\u00e9quipe joue les figurants de luxe aujourd&rsquo;hui. Sur le parking d&rsquo;une grande surface \u00e0 l&rsquo;entr\u00e9e de Waterloo chauff\u00e9 \u00e0 bloc par un soleil de plomb, pelleteuses et b\u00e9tonni\u00e8res tournent au ralenti, comme accabl\u00e9es par la chaleur. Dr\u00f4le d&rsquo;endroit pour un tournage. Mais c&rsquo;est que le sc\u00e9nario l&rsquo;exige. Aujourd&rsquo;hui, on coule du b\u00e9ton&#8230;<\/strong><\/p>\n<h4>L&rsquo;histoire<\/h4>\n<p>Retour sur la premi\u00e8re sc\u00e8ne du film, que nous expose le producteur, Jacques-Henri Bronckart: <em>\u00ab\u00a0<span class=\"s1\">Le film commence la nuit, l\u2019\u00e9t\u00e9, la canicule. Trois femmes coule un corps dans du b\u00e9ton, sous l\u2019orage. Puis on op\u00e8re un f<\/span><span class=\"s1\">lashback, on suit ses trois femmes avant l\u2019instant fatidique. Sara Forestier travaille comme serveuse, vit avec sa m\u00e8re, elle a trois enfants mais elle est s\u00e9par\u00e9e de leur p\u00e8re (Nicolas Cazal\u00e9) avec lequel c&rsquo;est compliqu\u00e9. Annabelle Lengronne, une belle jeune femme noire de 30 ans, vit dans le m\u00eame immeuble, elle est un peu na\u00efve, cherche encore le Prince Charmant, au point d&rsquo;y croire un peu trop avec son amant (Jonas Bloquet) pourtant peut motiv\u00e9. No\u00e9mie Lvovsky quant \u00e0 elle vit dans une petite maison dans la m\u00eame cit\u00e9. Elle est en couple avec Sergi Lopez, ch\u00f4meur de longue dur\u00e9e, avec qui elle a deux grands ados. Aucune de ces trois femmes n\u2019arrive \u00e0 joindre les deux bouts. Toutes trois sont contraintes de passer la fronti\u00e8re pour aller se prostituer en Belgique.\u00a0\u00bb<\/span><\/em><\/p>\n<figure id=\"attachment_210368\" aria-describedby=\"caption-attachment-210368\" style=\"width: 618px\" class=\"wp-caption alignnone\"><img loading=\"lazy\" decoding=\"async\" class=\"size-large wp-image-210368\" src=\"http:\/\/www.cinevox.be\/wp-content\/uploads\/sites\/2\/2018\/06\/La-Frontiere-Versus-production-c-Charles-Paulicevich-800x535.jpg\" alt=\"La Frontiere - Versus production (c) Charles Paulicevich\" width=\"618\" height=\"413\" srcset=\"https:\/\/welovecinema.be\/wp-content\/uploads\/sites\/2\/2018\/06\/La-Frontiere-Versus-production-c-Charles-Paulicevich-800x535.jpg 800w, https:\/\/welovecinema.be\/wp-content\/uploads\/sites\/2\/2018\/06\/La-Frontiere-Versus-production-c-Charles-Paulicevich-404x270.jpg 404w, https:\/\/welovecinema.be\/wp-content\/uploads\/sites\/2\/2018\/06\/La-Frontiere-Versus-production-c-Charles-Paulicevich-768x513.jpg 768w, https:\/\/welovecinema.be\/wp-content\/uploads\/sites\/2\/2018\/06\/La-Frontiere-Versus-production-c-Charles-Paulicevich-110x75.jpg 110w, https:\/\/welovecinema.be\/wp-content\/uploads\/sites\/2\/2018\/06\/La-Frontiere-Versus-production-c-Charles-Paulicevich.jpg 1772w\" sizes=\"auto, (max-width: 618px) 100vw, 618px\" \/><figcaption id=\"caption-attachment-210368\" class=\"wp-caption-text\">Nicolas Cazal\u00e9 et Sara Forestier &#8211; \u00ab\u00a0La Fronti\u00e8re\u00a0\u00bb &#8211; Versus production (c) Charles Paulicevich<\/figcaption><\/figure>\n<h4>Aider les autres pour s&rsquo;en sortir<\/h4>\n<p>Aujourd&rsquo;hui, c&rsquo;est justement la derni\u00e8re sc\u00e8ne du film que l&rsquo;on tourne. On y retrouve les trois femmes, attabl\u00e9es \u00e0 la terrasse d&rsquo;un food-truck devant le chantier o\u00f9 elle se sont d\u00e9barrass\u00e9 du fameux corps. Alors que les premi\u00e8res notes de <em>Soleil de volt<\/em> de Baloji s&rsquo;\u00e9l\u00e8vent d\u00e9barque un groupe d&rsquo;ouvriers qui vient s\u00e9duire et faire sourire les trois h\u00e9ro\u00efnes&#8230; Une sc\u00e8ne toute en l\u00e9g\u00e8ret\u00e9, mais o\u00f9 l&rsquo;on sent poindre le lien profond qui unit les trois femmes. Un lien tacite mais ind\u00e9fectible, \u00e0 la vie, \u00e0 la mort.<\/p>\n<p><em>\u00ab\u00a0Ces t<\/em><span class=\"s1\"><em>rois femmes sont dans une impasse absolue,<\/em> nous confie Fr\u00e9d\u00e9ric Fonteyne \u00e0 la fin de la prise, <em>mais le fait de tomber sur l\u2019impasse de l\u2019autre finit par cr\u00e9er une solidarit\u00e9. Mais pas une solidarit\u00e9 mi\u00e8vre. Une solidarit\u00e9 inattendue, qui vient d&rsquo;un d\u00e9raillement, une solidarit\u00e9 presque clandestine. Aujourd\u2019hui, on ne nous demande pas d\u2019\u00eatre solidaires, mais d\u2019\u00eatre les uns contre les autres. On est compl\u00e8tement renferm\u00e9s sur nos probl\u00e8mes et puis finalement, ce sont les probl\u00e8mes des autres qui nous font sortir de nos propres probl\u00e8mes. C&rsquo;est cette envie d&rsquo;aider l&rsquo;autre \u00e0 s&rsquo;en sortir qui va les sauver.\u00a0\u00bb<\/em><\/span><\/p>\n<h4>Un film de femme, r\u00e9alis\u00e9 par un homme<\/h4>\n<p>Dominique est l&rsquo;a\u00een\u00e9e des trois. Elle est incarn\u00e9e par la com\u00e9dienne et cin\u00e9aste No\u00e9mie Lvovsky. Elle revient sur l&rsquo;intensit\u00e9 d&rsquo;un tournage court mais extr\u00eamement charg\u00e9 \u00e9motionnellement, o\u00f9 chaque sc\u00e8ne les a transport\u00e9es \u00e0 la fronti\u00e8re d&rsquo;elles-m\u00eames. <em><span class=\"s1\">\u00ab\u00a0J\u2019ai l\u2019impression d\u2019avoir compos\u00e9 un personnage tr\u00e8s sensible \u00e0 tout, mais qui absorbe sans broncher. Mais quand je bronche, je bronche tr\u00e8s fort.\u00a0\u00bb\u00a0<\/span><\/em><span class=\"s1\"> Pour incarner Dominique, elle s&rsquo;est inspir\u00e9e&#8230; du r\u00e9alisateur! <em>\u00ab\u00a0<\/em><\/span><em><span class=\"s1\">Souvent sur le plateau, je regardais Fred, et je me disais que Dominique \u00e9tait la femme que Fred aurait pu \u00eatre. En g\u00e9n\u00e9ral quand je joue, ma premi\u00e8re source d\u2019inspiration c\u2019est le r\u00e9alisateur. Avant tout ce que je peux imaginer du personnage, comment m\u00eame je peux le ramener \u00e0 moi, c\u2019est le r\u00e9alisateur qui m\u2019inspire. Et ce n\u2019est pas seulement intellectuel, c\u2019est aussi dans la fa\u00e7on d\u2019\u00eatre. Et Fred m\u2019a beaucoup inspir\u00e9e. Il est ultra sensible, et en m\u00eame temps il absorbe les choses, il prend sur lui.\u00a0\u00bb <\/span><\/em><span class=\"s1\">Elle revient \u00e9galement sur une particularit\u00e9 frappante du projet: <em>\u00ab\u00a0<\/em>La Fronti\u00e8re<em>, c<\/em><\/span><em><span class=\"s1\">\u2019est un film de femme, mais r\u00e9alis\u00e9 par un homme! A certains moments je me suis dit que Fred, sur le plateau, \u00e9tait presque comme une femme.\u00a0\u00bb<\/span><\/em><\/p>\n<figure id=\"attachment_210369\" aria-describedby=\"caption-attachment-210369\" style=\"width: 618px\" class=\"wp-caption alignnone\"><img loading=\"lazy\" decoding=\"async\" class=\"size-large wp-image-210369\" src=\"http:\/\/www.cinevox.be\/wp-content\/uploads\/sites\/2\/2018\/06\/la-frontiere-Versus-production-Frederic-Fonteyne-c-Charles-Paulicevich-800x535.jpg\" alt=\"la frontiere - Versus production - Frederic Fonteyne (c) Charles Paulicevich\" width=\"618\" height=\"413\" srcset=\"https:\/\/welovecinema.be\/wp-content\/uploads\/sites\/2\/2018\/06\/la-frontiere-Versus-production-Frederic-Fonteyne-c-Charles-Paulicevich-800x535.jpg 800w, https:\/\/welovecinema.be\/wp-content\/uploads\/sites\/2\/2018\/06\/la-frontiere-Versus-production-Frederic-Fonteyne-c-Charles-Paulicevich-404x270.jpg 404w, https:\/\/welovecinema.be\/wp-content\/uploads\/sites\/2\/2018\/06\/la-frontiere-Versus-production-Frederic-Fonteyne-c-Charles-Paulicevich-768x514.jpg 768w, https:\/\/welovecinema.be\/wp-content\/uploads\/sites\/2\/2018\/06\/la-frontiere-Versus-production-Frederic-Fonteyne-c-Charles-Paulicevich-110x75.jpg 110w, https:\/\/welovecinema.be\/wp-content\/uploads\/sites\/2\/2018\/06\/la-frontiere-Versus-production-Frederic-Fonteyne-c-Charles-Paulicevich.jpg 1772w\" sizes=\"auto, (max-width: 618px) 100vw, 618px\" \/><figcaption id=\"caption-attachment-210369\" class=\"wp-caption-text\">Fr\u00e9d\u00e9ric Fonteyne sur le tournage de \u00ab\u00a0La Fronti\u00e8re\u00a0\u00bb &#8211; Versus production (c) Charles Paulicevich<\/figcaption><\/figure>\n<h4>Cr\u00e9ation bic\u00e9phale<\/h4>\n<p><span class=\"s1\">De fait, <em>La Fronti\u00e8re<\/em> est le fruit d&rsquo;une r\u00e9flexion bic\u00e9phale, men\u00e9e par Fr\u00e9d\u00e9ric Fonteyne, et par Anne Paulic\u00e9vich, sc\u00e9nariste et directrice artistique du film.\u00a0<\/span>No\u00e9mie Lvosky loue le travail d&rsquo;Anne Paulic\u00e9vich, sc\u00e9nariste, mais aussi directrice artistique du film. Cette derni\u00e8re est omnipr\u00e9sente sur le plateau, elle gravite de poste en poste, du comptoir du food-truck \u00e0 la tente maquillage, en passant par le combo de contr\u00f4le. Elle est \u00e0 l&rsquo;origine du projet, des recherches, et \u00e0 l&rsquo;\u00e9coute des actrices. Fr\u00e9d\u00e9ric Fonteyne nous le dit d&#8217;embl\u00e9e: <em>\u00ab\u00a0<span class=\"s1\">C\u2019est un film que je veux signer \u00e0 deux, un film \u00e9crit par Anne Paulic\u00e9vich, r\u00e9alis\u00e9 par Fr\u00e9d\u00e9ric Fonteyne. Il y a eu une entraide incroyable sur le tournage, pendant la pr\u00e9paration. Tout seul, je ne sais pas si j\u2019y serai arriv\u00e9.\u00a0\u00bb<\/span><\/em><\/p>\n<p>No\u00e9mie Lvovsky souligne la double tension entre impression de r\u00e9el et romanesque qui sous-tend le film. \u00ab\u00a0<span class=\"s1\"><em>Anne<\/em>\u00a0<em>Paulic\u00e9vich\u00a0a enqu\u00eat\u00e9 pendant un an pour \u00e9crire le film. Puis avec les com\u00e9diennes nous avons rencontr\u00e9 les prostitu\u00e9es et la g\u00e9rante du bordel dont elle s&rsquo;est inspir\u00e9e. C\u2019est une enqu\u00eate journalistique, le sc\u00e9nario \u00e9tait tr\u00e8s nourri de r\u00e9alit\u00e9, et avait en m\u00eame temps quelque chose d\u2019\u00e9minemment fictionnel. Il y a un m\u00e9lange que j\u2019adore de choses tr\u00e8s documentaires, et de choses tr\u00e8s fictionnelles. C&rsquo;est un travail tr\u00e8s fin, tr\u00e8s particulier \u00e0 l\u2019image. Je sens que les sc\u00e8nes ont des couleurs,\u00a0<\/em><\/span><em><span class=\"s1\">des atmosph\u00e8res tr\u00e8s fortes, tr\u00e8s travaill\u00e9es. Et pourtant sur le plateau<\/span><span class=\"s1\">, il y avait de la place pour l\u2019improvisation.\u00a0\u00bb<\/span><\/em><\/p>\n<h4>Surtout ne pas emp\u00eacher la vie<\/h4>\n<p>Cette sensation de vie sur le plateau est au coeur de la d\u00e9marche de Fr\u00e9d\u00e9ric Fonteyne.\u00a0<em><span class=\"s1\">\u00ab\u00a0Souvent dans le cin\u00e9ma, il y a plein de choses qui emp\u00eachent la vie. On fait des raccords, on fignole, et au final, il reste quoi, 2% de vie? L\u00e0, avec Sara, No\u00e9mie et Annabelle, je me suis battu pour que ce soit la vie qui prime. Pour pousser la vie dans le cin\u00e9ma, et pas que le cin\u00e9ma la bouffe. Conserver la puissance de vie qui se d\u00e9gage de ces femmes. C\u2019est tellement dur le m\u00e9tier qu\u2019elles font, que pour survivre, il faut \u00eatre plus vivantes que vivantes. Si elles sont juste dans un \u00e9tat normal, elles s\u2019effondrent. C\u2019est une vie d\u00e9cupl\u00e9e.\u00a0\u00bb<\/span><\/em><\/p>\n<p>Le cin\u00e9aste nous parle des laboratoires de jeu qu&rsquo;il organise r\u00e9guli\u00e8rement avec des com\u00e9diens, o\u00f9 il trouve la l\u00e9g\u00e8ret\u00e9 et le temps qui manquent souvent sur les plateaux. Pour lui c&rsquo;\u00e9tait une \u00e9vidence: pour incarner ces femmes et leur pulsion de vie, il fallait soit de vraies prostitu\u00e9es, soit des actrices d&rsquo;un calibre exceptionnel. Et leur offrir le cadre qui leur permettrait de s&rsquo;exprimer. <em>\u00ab\u00a0<span class=\"s1\">Pour garder la vie avec de telles actrices, il faut leur donner de la libert\u00e9, laisser tourner. Il y a des jours o\u00f9 on a fait 4h30 de rush pour 3 minutes de film. Elles m\u2019ont propos\u00e9 \u00e9norm\u00e9ment de choses. Elles m\u2019\u00e9tonnaient \u00e0 chaque nouvelle prise. On est all\u00e9s \u00e0 des endroits dont je n\u2019osais pas r\u00eaver. Plus loin parfois que je ne pouvais l\u2019imaginer. On a fait b<\/span><span class=\"s1\">eaucoup de plans s\u00e9quences tr\u00e8s compliqu\u00e9s dans ce film, o\u00f9 la cam\u00e9ra tourne dans tous les sens. Juliette Van Dormael a fait un travail incroyable \u00e0 la lumi\u00e8re d\u2019ailleurs. J\u2019ai pu retrouver cette folie, cette libert\u00e9 des laboratoires de jeu, avec la dramaturgie d\u2019un long m\u00e9trage.\u00a0\u00bb<\/span><\/em><\/p>\n<figure id=\"attachment_210370\" aria-describedby=\"caption-attachment-210370\" style=\"width: 618px\" class=\"wp-caption alignnone\"><img loading=\"lazy\" decoding=\"async\" class=\"size-large wp-image-210370\" src=\"http:\/\/www.cinevox.be\/wp-content\/uploads\/sites\/2\/2018\/06\/La-Frontiere-Versus-product-ion-c-Laurent-Thurin-Nal-800x450.jpg\" alt=\"&quot;La Frontiere&quot; - Versus production (c) Laurent ThurinNal\" width=\"618\" height=\"348\" srcset=\"https:\/\/welovecinema.be\/wp-content\/uploads\/sites\/2\/2018\/06\/La-Frontiere-Versus-product-ion-c-Laurent-Thurin-Nal-800x450.jpg 800w, https:\/\/welovecinema.be\/wp-content\/uploads\/sites\/2\/2018\/06\/La-Frontiere-Versus-product-ion-c-Laurent-Thurin-Nal-200x113.jpg 200w, https:\/\/welovecinema.be\/wp-content\/uploads\/sites\/2\/2018\/06\/La-Frontiere-Versus-product-ion-c-Laurent-Thurin-Nal-480x270.jpg 480w, https:\/\/welovecinema.be\/wp-content\/uploads\/sites\/2\/2018\/06\/La-Frontiere-Versus-product-ion-c-Laurent-Thurin-Nal-768x432.jpg 768w, https:\/\/welovecinema.be\/wp-content\/uploads\/sites\/2\/2018\/06\/La-Frontiere-Versus-product-ion-c-Laurent-Thurin-Nal-599x337.jpg 599w, https:\/\/welovecinema.be\/wp-content\/uploads\/sites\/2\/2018\/06\/La-Frontiere-Versus-product-ion-c-Laurent-Thurin-Nal.jpg 960w\" sizes=\"auto, (max-width: 618px) 100vw, 618px\" \/><figcaption id=\"caption-attachment-210370\" class=\"wp-caption-text\">\u00ab\u00a0La Frontiere\u00a0\u00bb &#8211; Versus production (c) Laurent ThurinNal<\/figcaption><\/figure>\n<h4>Un film de rupture<\/h4>\n<p>Avec ce film, Fr\u00e9d\u00e9ric Fonteyne op\u00e8re une vraie rupture, dans le ton et dans la forme. Il s&rsquo;est d&rsquo;ailleurs entour\u00e9, en changeant de producteur, d&rsquo;une \u00e9quipe renouvel\u00e9e. <em>\u00ab\u00a0<\/em><span class=\"s1\"><em>C\u2019est assez diff\u00e9rent de ce qu\u2019il a pu faire avant<\/em>, nous dit donc son nouveau producteur Jacques-Henri Bronckart. <em>J\u2019aime bien cette mise en danger, la fa\u00e7on dont il s&rsquo;est impliqu\u00e9 et immerg\u00e9 corps et \u00e2me, l&rsquo;\u00e9nergie d\u00e9ploy\u00e9e. J&rsquo;y crois beaucoup, \u00e7a va \u00eatre tr\u00e8s payant.\u00a0\u00bb<\/em>\u00a0<\/span><\/p>\n<p class=\"p1\"><span class=\"s1\"><em>\u00ab\u00a0C\u2019est un peu un nouveau d\u00e9part,<\/em> confirme le r\u00e9alisateur. <em>J\u2019avais besoin de me remettre en question. Tourner un film, parfois c\u2019est un peu chamanique. Ici c\u2019est presque mystique ce qui se passe avec les actrices!\u00a0<\/em><\/span><em><span class=\"s1\">Un film r\u00e9ussi, je crois que c\u2019est toujours au bord du ratage. Alors si on veut trouver quelque chose de pr\u00e9cieux, il faut aller l\u00e0 o\u00f9 c\u2019est le plus dangereux.\u00a0\u00bb<\/span><\/em><\/p>\n<p>Et le danger est surement dans l&rsquo;approche d\u00e9complex\u00e9e du sujet qu&rsquo;ont su imposer Anne Paulic\u00e9vich et Fr\u00e9d\u00e9ric Fonteyne. <em>\u00ab\u00a0<\/em><span class=\"s1\"><em>Il y a quelque chose de tr\u00e8s document\u00e9, tr\u00e8s r\u00e9aliste, avec pour autant un humour tr\u00e8s noir, quelque chose de tr\u00e8s anglo-saxon, qui a d\u2019ailleurs beaucoup d\u00e9stabilis\u00e9 les Fran\u00e7ais quand on a voulu chercher des partenaires,<\/em> rench\u00e9rit Jaques-Henri Bronckart. <em>Le sujet est dur, de nombreuses sc\u00e8nes le sont aussi. Mais il y a de l\u2019humour, un langage direct, et c\u2019est incroyablement incarn\u00e9 par ces trois com\u00e9diennes. L\u2019effet de v\u00e9rit\u00e9 joue \u00e0 plein.\u00a0\u00bb <\/em>Le r\u00e9alisateur explique qu&rsquo;il se sont inspir\u00e9s, avec sa chef op\u00e9ratrice, d&rsquo;un certain aspect surr\u00e9aliste du cin\u00e9ma mexicain:<em> \u00ab\u00a0Ce ne sera<\/em><\/span><span class=\"s2\">\u00a0pas <em>un film naturaliste, mais un film qui va \u00e0 la fronti\u00e8re de la violence, de l\u2019humour, de la gr\u00e2ce, de la beaut\u00e9.\u00a0\u00bb<\/em><\/span><\/p>\n<h4>La suite<\/h4>\n<p>C&rsquo;est donc parti pour quelques semaines de montage qui s&rsquo;annoncent denses et intenses, au vu de la riche mati\u00e8re d\u00e9j\u00e0 d\u00e9rush\u00e9e par le r\u00e9alisateur et sa monteuse. Versus Production esp\u00e8re pouvoir montrer le film au cours du premier semestre 2019, et pourquoi pas entamer sa carri\u00e8re avec une belle s\u00e9lection en festival.<\/p>\n<p>On laissera le mot de la fin \u00e0 No\u00e9mie Lvovsky: <em>\u00ab\u00a0I<span class=\"s1\">l y a beaucoup de bont\u00e9 dans l&rsquo;air. C\u2019est une histoire tr\u00e8s violente, racont\u00e9e par des gens qui ont l\u2019amour au coeur. Ils sont tr\u00e8s, tr\u00e8s aimants Anne et Fr\u00e9d\u00e9ric. Ils d\u00e9ploient avec coeur une vraie compassion pour nos fr\u00e8res humains.\u00a0\u00bb<\/span><\/em><\/p>\n","protected":false},"excerpt":{"rendered":"<p>Vendredi 25 mai 2018. Apr\u00e8s 30 jours denses et intenses, Fr\u00e9d\u00e9ric Fonteyne et son \u00e9quipe abordent avec \u00e9motion, enthousiasme, et un peu de soulagement le dernier jour de tournage de La Fronti\u00e8re, le 5e long m\u00e9trage du r\u00e9alisateur belge. L&rsquo;atmosph\u00e8re oscille entre extr\u00eame concentration, et franche rigolade, ambiance fin de colonie de vacances. Une partie &hellip;<\/p>\n","protected":false},"author":343,"featured_media":210367,"comment_status":"closed","ping_status":"closed","sticky":false,"template":"","format":"standard","meta":{"ngg_post_thumbnail":0,"footnotes":""},"categories":[11],"tags":[3610,4776,3404],"class_list":["post-210163","post","type-post","status-publish","format-standard","has-post-thumbnail","","category-tournages","tag-anne-paulicevich","tag-frederic-fonteyne-2","tag-la-frontiere"],"yoast_head":"<!-- This site is optimized with the Yoast SEO plugin v20.4 - https:\/\/yoast.com\/wordpress\/plugins\/seo\/ -->\n<title>Sur le tournage de... &quot;Filles de joie&quot; - We Love Cinema<\/title>\n<meta name=\"robots\" content=\"index, follow, max-snippet:-1, max-image-preview:large, max-video-preview:-1\" \/>\n<link rel=\"canonical\" href=\"https:\/\/welovecinema.be\/fr\/sur-le-tournage-de-la-frontiere\/\" \/>\n<meta property=\"og:locale\" content=\"fr_FR\" \/>\n<meta property=\"og:type\" content=\"article\" \/>\n<meta property=\"og:title\" content=\"Sur le tournage de... &quot;Filles de joie&quot; - We Love Cinema\" \/>\n<meta property=\"og:description\" content=\"Vendredi 25 mai 2018. Apr\u00e8s 30 jours denses et intenses, Fr\u00e9d\u00e9ric Fonteyne et son \u00e9quipe abordent avec \u00e9motion, enthousiasme, et un peu de soulagement le dernier jour de tournage de La Fronti\u00e8re, le 5e long m\u00e9trage du r\u00e9alisateur belge. L&rsquo;atmosph\u00e8re oscille entre extr\u00eame concentration, et franche rigolade, ambiance fin de colonie de vacances. Une partie &hellip;\" \/>\n<meta property=\"og:url\" content=\"https:\/\/welovecinema.be\/fr\/sur-le-tournage-de-la-frontiere\/\" \/>\n<meta property=\"og:site_name\" content=\"We Love Cinema\" \/>\n<meta property=\"article:publisher\" content=\"https:\/\/www.facebook.com\/welovecinema.be\" \/>\n<meta property=\"article:published_time\" content=\"2018-06-06T07:35:06+00:00\" \/>\n<meta property=\"article:modified_time\" content=\"2020-04-11T07:14:12+00:00\" \/>\n<meta property=\"og:image\" content=\"https:\/\/welovecinema.be\/wp-content\/uploads\/sites\/2\/2018\/05\/LA-FRONTIERE-clap-dernier-jour.jpg\" \/>\n\t<meta property=\"og:image:width\" content=\"1504\" \/>\n\t<meta property=\"og:image:height\" content=\"937\" \/>\n\t<meta property=\"og:image:type\" content=\"image\/jpeg\" \/>\n<meta name=\"author\" content=\"Aurore Engelen\" \/>\n<meta name=\"twitter:card\" content=\"summary_large_image\" \/>\n<meta name=\"twitter:label1\" content=\"\u00c9crit par\" \/>\n\t<meta name=\"twitter:data1\" content=\"Aurore Engelen\" \/>\n\t<meta name=\"twitter:label2\" content=\"Dur\u00e9e de lecture estim\u00e9e\" \/>\n\t<meta name=\"twitter:data2\" content=\"10 minutes\" \/>\n<script type=\"application\/ld+json\" class=\"yoast-schema-graph\">{\"@context\":\"https:\/\/schema.org\",\"@graph\":[{\"@type\":\"Article\",\"@id\":\"https:\/\/welovecinema.be\/fr\/sur-le-tournage-de-la-frontiere\/#article\",\"isPartOf\":{\"@id\":\"https:\/\/welovecinema.be\/fr\/sur-le-tournage-de-la-frontiere\/\"},\"author\":{\"name\":\"Aurore Engelen\",\"@id\":\"https:\/\/welovecinema.be\/nl\/#\/schema\/person\/8084b68c6b176142d073695c654dc7cf\"},\"headline\":\"Sur le tournage de&#8230; \u00ab\u00a0Filles de joie\u00a0\u00bb\",\"datePublished\":\"2018-06-06T07:35:06+00:00\",\"dateModified\":\"2020-04-11T07:14:12+00:00\",\"mainEntityOfPage\":{\"@id\":\"https:\/\/welovecinema.be\/fr\/sur-le-tournage-de-la-frontiere\/\"},\"wordCount\":1960,\"publisher\":{\"@id\":\"https:\/\/welovecinema.be\/nl\/#organization\"},\"keywords\":[\"Anne Paulicevich\",\"Frederic Fonteyne\",\"La Fronti\u00e8re\"],\"articleSection\":[\"Tournages\"],\"inLanguage\":\"fr-FR\"},{\"@type\":\"WebPage\",\"@id\":\"https:\/\/welovecinema.be\/fr\/sur-le-tournage-de-la-frontiere\/\",\"url\":\"https:\/\/welovecinema.be\/fr\/sur-le-tournage-de-la-frontiere\/\",\"name\":\"Sur le tournage de... \\\"Filles de joie\\\" - We Love Cinema\",\"isPartOf\":{\"@id\":\"https:\/\/welovecinema.be\/nl\/#website\"},\"datePublished\":\"2018-06-06T07:35:06+00:00\",\"dateModified\":\"2020-04-11T07:14:12+00:00\",\"breadcrumb\":{\"@id\":\"https:\/\/welovecinema.be\/fr\/sur-le-tournage-de-la-frontiere\/#breadcrumb\"},\"inLanguage\":\"fr-FR\",\"potentialAction\":[{\"@type\":\"ReadAction\",\"target\":[\"https:\/\/welovecinema.be\/fr\/sur-le-tournage-de-la-frontiere\/\"]}]},{\"@type\":\"BreadcrumbList\",\"@id\":\"https:\/\/welovecinema.be\/fr\/sur-le-tournage-de-la-frontiere\/#breadcrumb\",\"itemListElement\":[{\"@type\":\"ListItem\",\"position\":1,\"name\":\"Accueil\",\"item\":\"https:\/\/welovecinema.be\/fr\/\"},{\"@type\":\"ListItem\",\"position\":2,\"name\":\"Sur le tournage de&#8230; \u00ab\u00a0Filles de joie\u00a0\u00bb\"}]},{\"@type\":\"WebSite\",\"@id\":\"https:\/\/welovecinema.be\/nl\/#website\",\"url\":\"https:\/\/welovecinema.be\/nl\/\",\"name\":\"We Love Cinema\",\"description\":\"Toute l\u2019information du cin\u00e9ma en Belgique\",\"publisher\":{\"@id\":\"https:\/\/welovecinema.be\/nl\/#organization\"},\"potentialAction\":[{\"@type\":\"SearchAction\",\"target\":{\"@type\":\"EntryPoint\",\"urlTemplate\":\"https:\/\/welovecinema.be\/nl\/?s={search_term_string}\"},\"query-input\":\"required name=search_term_string\"}],\"inLanguage\":\"fr-FR\"},{\"@type\":\"Organization\",\"@id\":\"https:\/\/welovecinema.be\/nl\/#organization\",\"name\":\"We Love Cinema\",\"url\":\"https:\/\/welovecinema.be\/nl\/\",\"logo\":{\"@type\":\"ImageObject\",\"inLanguage\":\"fr-FR\",\"@id\":\"https:\/\/welovecinema.be\/nl\/#\/schema\/logo\/image\/\",\"url\":\"https:\/\/welovecinema.be\/wp-content\/uploads\/sites\/2\/2023\/03\/Logo-We-Love-Cinema305x128.jpg\",\"contentUrl\":\"https:\/\/welovecinema.be\/wp-content\/uploads\/sites\/2\/2023\/03\/Logo-We-Love-Cinema305x128.jpg\",\"width\":305,\"height\":128,\"caption\":\"We Love Cinema\"},\"image\":{\"@id\":\"https:\/\/welovecinema.be\/nl\/#\/schema\/logo\/image\/\"},\"sameAs\":[\"https:\/\/www.facebook.com\/welovecinema.be\",\"https:\/\/www.youtube.com\/channel\/UCX5LYGVhnKvYauW4Nta4HJA\",\"https:\/\/www.instagram.com\/welovecinema.be\/\"]},{\"@type\":\"Person\",\"@id\":\"https:\/\/welovecinema.be\/nl\/#\/schema\/person\/8084b68c6b176142d073695c654dc7cf\",\"name\":\"Aurore Engelen\",\"url\":\"https:\/\/welovecinema.be\/fr\/author\/aurore-engelen\/\"}]}<\/script>\n<!-- \/ Yoast SEO plugin. -->","yoast_head_json":{"title":"Sur le tournage de... \"Filles de joie\" - We Love Cinema","robots":{"index":"index","follow":"follow","max-snippet":"max-snippet:-1","max-image-preview":"max-image-preview:large","max-video-preview":"max-video-preview:-1"},"canonical":"https:\/\/welovecinema.be\/fr\/sur-le-tournage-de-la-frontiere\/","og_locale":"fr_FR","og_type":"article","og_title":"Sur le tournage de... \"Filles de joie\" - We Love Cinema","og_description":"Vendredi 25 mai 2018. Apr\u00e8s 30 jours denses et intenses, Fr\u00e9d\u00e9ric Fonteyne et son \u00e9quipe abordent avec \u00e9motion, enthousiasme, et un peu de soulagement le dernier jour de tournage de La Fronti\u00e8re, le 5e long m\u00e9trage du r\u00e9alisateur belge. L&rsquo;atmosph\u00e8re oscille entre extr\u00eame concentration, et franche rigolade, ambiance fin de colonie de vacances. Une partie &hellip;","og_url":"https:\/\/welovecinema.be\/fr\/sur-le-tournage-de-la-frontiere\/","og_site_name":"We Love Cinema","article_publisher":"https:\/\/www.facebook.com\/welovecinema.be","article_published_time":"2018-06-06T07:35:06+00:00","article_modified_time":"2020-04-11T07:14:12+00:00","og_image":[{"width":1504,"height":937,"url":"https:\/\/welovecinema.be\/wp-content\/uploads\/sites\/2\/2018\/05\/LA-FRONTIERE-clap-dernier-jour.jpg","type":"image\/jpeg"}],"author":"Aurore Engelen","twitter_card":"summary_large_image","twitter_misc":{"\u00c9crit par":"Aurore Engelen","Dur\u00e9e de lecture estim\u00e9e":"10 minutes"},"schema":{"@context":"https:\/\/schema.org","@graph":[{"@type":"Article","@id":"https:\/\/welovecinema.be\/fr\/sur-le-tournage-de-la-frontiere\/#article","isPartOf":{"@id":"https:\/\/welovecinema.be\/fr\/sur-le-tournage-de-la-frontiere\/"},"author":{"name":"Aurore Engelen","@id":"https:\/\/welovecinema.be\/nl\/#\/schema\/person\/8084b68c6b176142d073695c654dc7cf"},"headline":"Sur le tournage de&#8230; \u00ab\u00a0Filles de joie\u00a0\u00bb","datePublished":"2018-06-06T07:35:06+00:00","dateModified":"2020-04-11T07:14:12+00:00","mainEntityOfPage":{"@id":"https:\/\/welovecinema.be\/fr\/sur-le-tournage-de-la-frontiere\/"},"wordCount":1960,"publisher":{"@id":"https:\/\/welovecinema.be\/nl\/#organization"},"keywords":["Anne Paulicevich","Frederic Fonteyne","La Fronti\u00e8re"],"articleSection":["Tournages"],"inLanguage":"fr-FR"},{"@type":"WebPage","@id":"https:\/\/welovecinema.be\/fr\/sur-le-tournage-de-la-frontiere\/","url":"https:\/\/welovecinema.be\/fr\/sur-le-tournage-de-la-frontiere\/","name":"Sur le tournage de... \"Filles de joie\" - We Love Cinema","isPartOf":{"@id":"https:\/\/welovecinema.be\/nl\/#website"},"datePublished":"2018-06-06T07:35:06+00:00","dateModified":"2020-04-11T07:14:12+00:00","breadcrumb":{"@id":"https:\/\/welovecinema.be\/fr\/sur-le-tournage-de-la-frontiere\/#breadcrumb"},"inLanguage":"fr-FR","potentialAction":[{"@type":"ReadAction","target":["https:\/\/welovecinema.be\/fr\/sur-le-tournage-de-la-frontiere\/"]}]},{"@type":"BreadcrumbList","@id":"https:\/\/welovecinema.be\/fr\/sur-le-tournage-de-la-frontiere\/#breadcrumb","itemListElement":[{"@type":"ListItem","position":1,"name":"Accueil","item":"https:\/\/welovecinema.be\/fr\/"},{"@type":"ListItem","position":2,"name":"Sur le tournage de&#8230; \u00ab\u00a0Filles de joie\u00a0\u00bb"}]},{"@type":"WebSite","@id":"https:\/\/welovecinema.be\/nl\/#website","url":"https:\/\/welovecinema.be\/nl\/","name":"We Love Cinema","description":"Toute l\u2019information du cin\u00e9ma en Belgique","publisher":{"@id":"https:\/\/welovecinema.be\/nl\/#organization"},"potentialAction":[{"@type":"SearchAction","target":{"@type":"EntryPoint","urlTemplate":"https:\/\/welovecinema.be\/nl\/?s={search_term_string}"},"query-input":"required name=search_term_string"}],"inLanguage":"fr-FR"},{"@type":"Organization","@id":"https:\/\/welovecinema.be\/nl\/#organization","name":"We Love Cinema","url":"https:\/\/welovecinema.be\/nl\/","logo":{"@type":"ImageObject","inLanguage":"fr-FR","@id":"https:\/\/welovecinema.be\/nl\/#\/schema\/logo\/image\/","url":"https:\/\/welovecinema.be\/wp-content\/uploads\/sites\/2\/2023\/03\/Logo-We-Love-Cinema305x128.jpg","contentUrl":"https:\/\/welovecinema.be\/wp-content\/uploads\/sites\/2\/2023\/03\/Logo-We-Love-Cinema305x128.jpg","width":305,"height":128,"caption":"We Love Cinema"},"image":{"@id":"https:\/\/welovecinema.be\/nl\/#\/schema\/logo\/image\/"},"sameAs":["https:\/\/www.facebook.com\/welovecinema.be","https:\/\/www.youtube.com\/channel\/UCX5LYGVhnKvYauW4Nta4HJA","https:\/\/www.instagram.com\/welovecinema.be\/"]},{"@type":"Person","@id":"https:\/\/welovecinema.be\/nl\/#\/schema\/person\/8084b68c6b176142d073695c654dc7cf","name":"Aurore Engelen","url":"https:\/\/welovecinema.be\/fr\/author\/aurore-engelen\/"}]}},"_links":{"self":[{"href":"https:\/\/welovecinema.be\/fr\/wp-json\/wp\/v2\/posts\/210163","targetHints":{"allow":["GET"]}}],"collection":[{"href":"https:\/\/welovecinema.be\/fr\/wp-json\/wp\/v2\/posts"}],"about":[{"href":"https:\/\/welovecinema.be\/fr\/wp-json\/wp\/v2\/types\/post"}],"author":[{"embeddable":true,"href":"https:\/\/welovecinema.be\/fr\/wp-json\/wp\/v2\/users\/343"}],"replies":[{"embeddable":true,"href":"https:\/\/welovecinema.be\/fr\/wp-json\/wp\/v2\/comments?post=210163"}],"version-history":[{"count":0,"href":"https:\/\/welovecinema.be\/fr\/wp-json\/wp\/v2\/posts\/210163\/revisions"}],"wp:featuredmedia":[{"embeddable":true,"href":"https:\/\/welovecinema.be\/fr\/wp-json\/wp\/v2\/media\/210367"}],"wp:attachment":[{"href":"https:\/\/welovecinema.be\/fr\/wp-json\/wp\/v2\/media?parent=210163"}],"wp:term":[{"taxonomy":"category","embeddable":true,"href":"https:\/\/welovecinema.be\/fr\/wp-json\/wp\/v2\/categories?post=210163"},{"taxonomy":"post_tag","embeddable":true,"href":"https:\/\/welovecinema.be\/fr\/wp-json\/wp\/v2\/tags?post=210163"}],"curies":[{"name":"wp","href":"https:\/\/api.w.org\/{rel}","templated":true}]}}