{"id":209997,"date":"2018-05-22T12:47:32","date_gmt":"2018-05-22T10:47:32","guid":{"rendered":"http:\/\/www.cinevox.be\/?p=209997"},"modified":"2018-05-22T12:50:08","modified_gmt":"2018-05-22T10:50:08","slug":"209997","status":"publish","type":"post","link":"https:\/\/welovecinema.be\/fr\/209997\/","title":{"rendered":"Trailer bien dense, bien noir pour le tout nouveau Jean-Claude Van Damme, \u00ab\u00a0Lukas\u00a0\u00bb"},"content":{"rendered":"<p><strong>Jean-Claude Van Damme est de retour dans <em>Lukas <\/em>(aka <em>The Bouncer<\/em>), un thriller bien dense et bien noir de Julien Leclercq,\u00a0 avec notamment au g\u00e9n\u00e9rique\u00a0Sveva Alviti, Sami Bouajila, Kaaris, Kevin Janssens, Sam Louwyck, et de nombreux autres com\u00e9diens belges. Le film, en grande partie tourn\u00e9 en Belgique, est coproduit par la nouvelle soci\u00e9t\u00e9 de production de Nabil Ben Yadir et Beno\u00eet Roland, 1080 films, d\u00e9j\u00e0 au g\u00e9n\u00e9rique de <em>Patser <\/em>et Umedia<em>.<\/em><\/strong><\/p>\n<p>Sortie France annonc\u00e9e le 22 ao\u00fbt prochain.<\/p>\n<p><img loading=\"lazy\" decoding=\"async\" class=\"alignnone size-large wp-image-209998\" src=\"http:\/\/www.cinevox.be\/wp-content\/uploads\/sites\/2\/2018\/05\/PosterTeaserLukas-277x600.jpg\" alt=\"PosterTeaserLukas\" width=\"277\" height=\"600\" srcset=\"https:\/\/welovecinema.be\/wp-content\/uploads\/sites\/2\/2018\/05\/PosterTeaserLukas-277x600.jpg 277w, https:\/\/welovecinema.be\/wp-content\/uploads\/sites\/2\/2018\/05\/PosterTeaserLukas-125x270.jpg 125w, https:\/\/welovecinema.be\/wp-content\/uploads\/sites\/2\/2018\/05\/PosterTeaserLukas.jpg 443w\" sizes=\"auto, (max-width: 277px) 100vw, 277px\" \/><\/p>\n","protected":false},"excerpt":{"rendered":"<p>Jean-Claude Van Damme est de retour dans Lukas (aka The Bouncer), un thriller bien dense et bien noir de Julien Leclercq,\u00a0 avec notamment au g\u00e9n\u00e9rique\u00a0Sveva Alviti, Sami Bouajila, Kaaris, Kevin Janssens, Sam Louwyck, et de nombreux autres com\u00e9diens belges. Le film, en grande partie tourn\u00e9 en Belgique, est coproduit par la nouvelle soci\u00e9t\u00e9 de production &hellip;<\/p>\n","protected":false},"author":343,"featured_media":209999,"comment_status":"closed","ping_status":"closed","sticky":false,"template":"","format":"standard","meta":{"ngg_post_thumbnail":0,"footnotes":""},"categories":[53],"tags":[3301,3037],"class_list":["post-209997","post","type-post","status-publish","format-standard","has-post-thumbnail","","category-coming-soon","tag-jean-claude-van-damme","tag-lukas"],"yoast_head":"<!-- This site is optimized with the Yoast SEO plugin v20.4 - https:\/\/yoast.com\/wordpress\/plugins\/seo\/ -->\n<title>Trailer bien dense, bien noir pour le tout nouveau Jean-Claude Van Damme, &quot;Lukas&quot; - We Love Cinema<\/title>\n<meta name=\"robots\" content=\"index, follow, max-snippet:-1, max-image-preview:large, max-video-preview:-1\" \/>\n<link rel=\"canonical\" href=\"https:\/\/welovecinema.be\/fr\/209997\/\" \/>\n<meta property=\"og:locale\" content=\"fr_FR\" \/>\n<meta property=\"og:type\" content=\"article\" \/>\n<meta property=\"og:title\" content=\"Trailer bien dense, bien noir pour le tout nouveau Jean-Claude Van Damme, &quot;Lukas&quot; - We Love Cinema\" \/>\n<meta property=\"og:description\" content=\"Jean-Claude Van Damme est de retour dans Lukas (aka The Bouncer), un thriller bien dense et bien noir de Julien Leclercq,\u00a0 avec notamment au g\u00e9n\u00e9rique\u00a0Sveva Alviti, Sami Bouajila, Kaaris, Kevin Janssens, Sam Louwyck, et de nombreux autres com\u00e9diens belges. Le film, en grande partie tourn\u00e9 en Belgique, est coproduit par la nouvelle soci\u00e9t\u00e9 de production &hellip;\" \/>\n<meta property=\"og:url\" content=\"https:\/\/welovecinema.be\/fr\/209997\/\" \/>\n<meta property=\"og:site_name\" content=\"We Love Cinema\" \/>\n<meta property=\"article:publisher\" content=\"https:\/\/www.facebook.com\/welovecinema.be\" \/>\n<meta property=\"article:published_time\" content=\"2018-05-22T10:47:32+00:00\" \/>\n<meta property=\"article:modified_time\" content=\"2018-05-22T10:50:08+00:00\" \/>\n<meta property=\"og:image\" content=\"https:\/\/welovecinema.be\/wp-content\/uploads\/sites\/2\/2018\/05\/Lukas.jpg\" \/>\n\t<meta property=\"og:image:width\" content=\"1280\" \/>\n\t<meta property=\"og:image:height\" content=\"512\" \/>\n\t<meta property=\"og:image:type\" content=\"image\/jpeg\" \/>\n<meta name=\"author\" content=\"Aurore Engelen\" \/>\n<meta name=\"twitter:card\" content=\"summary_large_image\" \/>\n<meta name=\"twitter:label1\" content=\"\u00c9crit par\" \/>\n\t<meta name=\"twitter:data1\" content=\"Aurore Engelen\" \/>\n<script type=\"application\/ld+json\" class=\"yoast-schema-graph\">{\"@context\":\"https:\/\/schema.org\",\"@graph\":[{\"@type\":\"Article\",\"@id\":\"https:\/\/welovecinema.be\/fr\/209997\/#article\",\"isPartOf\":{\"@id\":\"https:\/\/welovecinema.be\/fr\/209997\/\"},\"author\":{\"name\":\"Aurore Engelen\",\"@id\":\"https:\/\/welovecinema.be\/nl\/#\/schema\/person\/8084b68c6b176142d073695c654dc7cf\"},\"headline\":\"Trailer bien dense, bien noir pour le tout nouveau Jean-Claude Van Damme, \u00ab\u00a0Lukas\u00a0\u00bb\",\"datePublished\":\"2018-05-22T10:47:32+00:00\",\"dateModified\":\"2018-05-22T10:50:08+00:00\",\"mainEntityOfPage\":{\"@id\":\"https:\/\/welovecinema.be\/fr\/209997\/\"},\"wordCount\":100,\"publisher\":{\"@id\":\"https:\/\/welovecinema.be\/nl\/#organization\"},\"keywords\":[\"Jean-Claude Van Damme\",\"Lukas\"],\"articleSection\":[\"Coming soon\"],\"inLanguage\":\"fr-FR\"},{\"@type\":\"WebPage\",\"@id\":\"https:\/\/welovecinema.be\/fr\/209997\/\",\"url\":\"https:\/\/welovecinema.be\/fr\/209997\/\",\"name\":\"Trailer bien dense, bien noir pour le tout nouveau Jean-Claude Van Damme, \\\"Lukas\\\" - We Love Cinema\",\"isPartOf\":{\"@id\":\"https:\/\/welovecinema.be\/nl\/#website\"},\"datePublished\":\"2018-05-22T10:47:32+00:00\",\"dateModified\":\"2018-05-22T10:50:08+00:00\",\"breadcrumb\":{\"@id\":\"https:\/\/welovecinema.be\/fr\/209997\/#breadcrumb\"},\"inLanguage\":\"fr-FR\",\"potentialAction\":[{\"@type\":\"ReadAction\",\"target\":[\"https:\/\/welovecinema.be\/fr\/209997\/\"]}]},{\"@type\":\"BreadcrumbList\",\"@id\":\"https:\/\/welovecinema.be\/fr\/209997\/#breadcrumb\",\"itemListElement\":[{\"@type\":\"ListItem\",\"position\":1,\"name\":\"Accueil\",\"item\":\"https:\/\/welovecinema.be\/fr\/\"},{\"@type\":\"ListItem\",\"position\":2,\"name\":\"Trailer bien dense, bien noir pour le tout nouveau Jean-Claude Van Damme, \u00ab\u00a0Lukas\u00a0\u00bb\"}]},{\"@type\":\"WebSite\",\"@id\":\"https:\/\/welovecinema.be\/nl\/#website\",\"url\":\"https:\/\/welovecinema.be\/nl\/\",\"name\":\"We Love Cinema\",\"description\":\"Toute l\u2019information du cin\u00e9ma en Belgique\",\"publisher\":{\"@id\":\"https:\/\/welovecinema.be\/nl\/#organization\"},\"potentialAction\":[{\"@type\":\"SearchAction\",\"target\":{\"@type\":\"EntryPoint\",\"urlTemplate\":\"https:\/\/welovecinema.be\/nl\/?s={search_term_string}\"},\"query-input\":\"required name=search_term_string\"}],\"inLanguage\":\"fr-FR\"},{\"@type\":\"Organization\",\"@id\":\"https:\/\/welovecinema.be\/nl\/#organization\",\"name\":\"We Love Cinema\",\"url\":\"https:\/\/welovecinema.be\/nl\/\",\"logo\":{\"@type\":\"ImageObject\",\"inLanguage\":\"fr-FR\",\"@id\":\"https:\/\/welovecinema.be\/nl\/#\/schema\/logo\/image\/\",\"url\":\"https:\/\/welovecinema.be\/wp-content\/uploads\/sites\/2\/2023\/03\/Logo-We-Love-Cinema305x128.jpg\",\"contentUrl\":\"https:\/\/welovecinema.be\/wp-content\/uploads\/sites\/2\/2023\/03\/Logo-We-Love-Cinema305x128.jpg\",\"width\":305,\"height\":128,\"caption\":\"We Love Cinema\"},\"image\":{\"@id\":\"https:\/\/welovecinema.be\/nl\/#\/schema\/logo\/image\/\"},\"sameAs\":[\"https:\/\/www.facebook.com\/welovecinema.be\",\"https:\/\/www.youtube.com\/channel\/UCX5LYGVhnKvYauW4Nta4HJA\",\"https:\/\/www.instagram.com\/welovecinema.be\/\"]},{\"@type\":\"Person\",\"@id\":\"https:\/\/welovecinema.be\/nl\/#\/schema\/person\/8084b68c6b176142d073695c654dc7cf\",\"name\":\"Aurore Engelen\",\"url\":\"https:\/\/welovecinema.be\/fr\/author\/aurore-engelen\/\"}]}<\/script>\n<!-- \/ Yoast SEO plugin. -->","yoast_head_json":{"title":"Trailer bien dense, bien noir pour le tout nouveau Jean-Claude Van Damme, \"Lukas\" - We Love Cinema","robots":{"index":"index","follow":"follow","max-snippet":"max-snippet:-1","max-image-preview":"max-image-preview:large","max-video-preview":"max-video-preview:-1"},"canonical":"https:\/\/welovecinema.be\/fr\/209997\/","og_locale":"fr_FR","og_type":"article","og_title":"Trailer bien dense, bien noir pour le tout nouveau Jean-Claude Van Damme, \"Lukas\" - We Love Cinema","og_description":"Jean-Claude Van Damme est de retour dans Lukas (aka The Bouncer), un thriller bien dense et bien noir de Julien Leclercq,\u00a0 avec notamment au g\u00e9n\u00e9rique\u00a0Sveva Alviti, Sami Bouajila, Kaaris, Kevin Janssens, Sam Louwyck, et de nombreux autres com\u00e9diens belges. Le film, en grande partie tourn\u00e9 en Belgique, est coproduit par la nouvelle soci\u00e9t\u00e9 de production &hellip;","og_url":"https:\/\/welovecinema.be\/fr\/209997\/","og_site_name":"We Love Cinema","article_publisher":"https:\/\/www.facebook.com\/welovecinema.be","article_published_time":"2018-05-22T10:47:32+00:00","article_modified_time":"2018-05-22T10:50:08+00:00","og_image":[{"width":1280,"height":512,"url":"https:\/\/welovecinema.be\/wp-content\/uploads\/sites\/2\/2018\/05\/Lukas.jpg","type":"image\/jpeg"}],"author":"Aurore Engelen","twitter_card":"summary_large_image","twitter_misc":{"\u00c9crit par":"Aurore Engelen"},"schema":{"@context":"https:\/\/schema.org","@graph":[{"@type":"Article","@id":"https:\/\/welovecinema.be\/fr\/209997\/#article","isPartOf":{"@id":"https:\/\/welovecinema.be\/fr\/209997\/"},"author":{"name":"Aurore Engelen","@id":"https:\/\/welovecinema.be\/nl\/#\/schema\/person\/8084b68c6b176142d073695c654dc7cf"},"headline":"Trailer bien dense, bien noir pour le tout nouveau Jean-Claude Van Damme, \u00ab\u00a0Lukas\u00a0\u00bb","datePublished":"2018-05-22T10:47:32+00:00","dateModified":"2018-05-22T10:50:08+00:00","mainEntityOfPage":{"@id":"https:\/\/welovecinema.be\/fr\/209997\/"},"wordCount":100,"publisher":{"@id":"https:\/\/welovecinema.be\/nl\/#organization"},"keywords":["Jean-Claude Van Damme","Lukas"],"articleSection":["Coming soon"],"inLanguage":"fr-FR"},{"@type":"WebPage","@id":"https:\/\/welovecinema.be\/fr\/209997\/","url":"https:\/\/welovecinema.be\/fr\/209997\/","name":"Trailer bien dense, bien noir pour le tout nouveau Jean-Claude Van Damme, \"Lukas\" - We Love Cinema","isPartOf":{"@id":"https:\/\/welovecinema.be\/nl\/#website"},"datePublished":"2018-05-22T10:47:32+00:00","dateModified":"2018-05-22T10:50:08+00:00","breadcrumb":{"@id":"https:\/\/welovecinema.be\/fr\/209997\/#breadcrumb"},"inLanguage":"fr-FR","potentialAction":[{"@type":"ReadAction","target":["https:\/\/welovecinema.be\/fr\/209997\/"]}]},{"@type":"BreadcrumbList","@id":"https:\/\/welovecinema.be\/fr\/209997\/#breadcrumb","itemListElement":[{"@type":"ListItem","position":1,"name":"Accueil","item":"https:\/\/welovecinema.be\/fr\/"},{"@type":"ListItem","position":2,"name":"Trailer bien dense, bien noir pour le tout nouveau Jean-Claude Van Damme, \u00ab\u00a0Lukas\u00a0\u00bb"}]},{"@type":"WebSite","@id":"https:\/\/welovecinema.be\/nl\/#website","url":"https:\/\/welovecinema.be\/nl\/","name":"We Love Cinema","description":"Toute l\u2019information du cin\u00e9ma en Belgique","publisher":{"@id":"https:\/\/welovecinema.be\/nl\/#organization"},"potentialAction":[{"@type":"SearchAction","target":{"@type":"EntryPoint","urlTemplate":"https:\/\/welovecinema.be\/nl\/?s={search_term_string}"},"query-input":"required name=search_term_string"}],"inLanguage":"fr-FR"},{"@type":"Organization","@id":"https:\/\/welovecinema.be\/nl\/#organization","name":"We Love Cinema","url":"https:\/\/welovecinema.be\/nl\/","logo":{"@type":"ImageObject","inLanguage":"fr-FR","@id":"https:\/\/welovecinema.be\/nl\/#\/schema\/logo\/image\/","url":"https:\/\/welovecinema.be\/wp-content\/uploads\/sites\/2\/2023\/03\/Logo-We-Love-Cinema305x128.jpg","contentUrl":"https:\/\/welovecinema.be\/wp-content\/uploads\/sites\/2\/2023\/03\/Logo-We-Love-Cinema305x128.jpg","width":305,"height":128,"caption":"We Love Cinema"},"image":{"@id":"https:\/\/welovecinema.be\/nl\/#\/schema\/logo\/image\/"},"sameAs":["https:\/\/www.facebook.com\/welovecinema.be","https:\/\/www.youtube.com\/channel\/UCX5LYGVhnKvYauW4Nta4HJA","https:\/\/www.instagram.com\/welovecinema.be\/"]},{"@type":"Person","@id":"https:\/\/welovecinema.be\/nl\/#\/schema\/person\/8084b68c6b176142d073695c654dc7cf","name":"Aurore Engelen","url":"https:\/\/welovecinema.be\/fr\/author\/aurore-engelen\/"}]}},"_links":{"self":[{"href":"https:\/\/welovecinema.be\/fr\/wp-json\/wp\/v2\/posts\/209997","targetHints":{"allow":["GET"]}}],"collection":[{"href":"https:\/\/welovecinema.be\/fr\/wp-json\/wp\/v2\/posts"}],"about":[{"href":"https:\/\/welovecinema.be\/fr\/wp-json\/wp\/v2\/types\/post"}],"author":[{"embeddable":true,"href":"https:\/\/welovecinema.be\/fr\/wp-json\/wp\/v2\/users\/343"}],"replies":[{"embeddable":true,"href":"https:\/\/welovecinema.be\/fr\/wp-json\/wp\/v2\/comments?post=209997"}],"version-history":[{"count":0,"href":"https:\/\/welovecinema.be\/fr\/wp-json\/wp\/v2\/posts\/209997\/revisions"}],"wp:featuredmedia":[{"embeddable":true,"href":"https:\/\/welovecinema.be\/fr\/wp-json\/wp\/v2\/media\/209999"}],"wp:attachment":[{"href":"https:\/\/welovecinema.be\/fr\/wp-json\/wp\/v2\/media?parent=209997"}],"wp:term":[{"taxonomy":"category","embeddable":true,"href":"https:\/\/welovecinema.be\/fr\/wp-json\/wp\/v2\/categories?post=209997"},{"taxonomy":"post_tag","embeddable":true,"href":"https:\/\/welovecinema.be\/fr\/wp-json\/wp\/v2\/tags?post=209997"}],"curies":[{"name":"wp","href":"https:\/\/api.w.org\/{rel}","templated":true}]}}