{"id":209157,"date":"2018-04-17T09:53:28","date_gmt":"2018-04-17T07:53:28","guid":{"rendered":"http:\/\/www.cinevox.be\/?p=209157"},"modified":"2018-04-18T09:43:52","modified_gmt":"2018-04-18T07:43:52","slug":"seule-a-mariage-de-marta-bergman-a-lacid","status":"publish","type":"post","link":"https:\/\/welovecinema.be\/fr\/seule-a-mariage-de-marta-bergman-a-lacid\/","title":{"rendered":"\u00ab\u00a0Seule \u00e0 mon mariage\u00a0\u00bb de Marta Bergman \u00e0 l\u2019ACID"},"content":{"rendered":"<p class=\"p3\"><span class=\"s1\"><b>Le film belge <i>Seule \u00e0 mon mariage<\/i> de Marta Bergman fera partie de la programmation des cin\u00e9astes ACID (Association pour le cin\u00e9ma ind\u00e9pendant et sa diffusion) du Festival International du Film de Cannes. <\/b><\/span><\/p>\n<h4>L&rsquo;histoire<\/h4>\n<p class=\"p3\"><span class=\"s1\"><i>Seule \u00e0 mon mariage<\/i> est l\u2019histoire de Pamela. Insolente, spontan\u00e9e, dr\u00f4le, cette jeune Rom, ne ressemble \u00e0 aucune fille de sa communaut\u00e9. Elle vit seule avec sa grand-m\u00e8re et son b\u00e9b\u00e9 dans une cahute o\u00f9 elles partagent le m\u00eame lit. \u00a0Mais que faire avec une enfant de deux ans quand on r\u00eave d&rsquo;\u00eatre libre?\u00a0 Pamela s\u2019embarque vers l\u2019inconnu, rompant avec les traditions qui l\u2019\u00e9touffent. \u00ab\u00a0Lapin, pizza, amour\u00a0\u00bb, trois mots de fran\u00e7ais et l\u2019espoir d\u2019un mariage pour changer son destin et celui de sa fille.<\/span><\/p>\n<p><img loading=\"lazy\" decoding=\"async\" class=\"alignnone size-large wp-image-209159\" src=\"http:\/\/www.cinevox.be\/wp-content\/uploads\/sites\/2\/2018\/04\/SeuleAmonmariage1-800x334.jpg\" alt=\"SeuleAmonmariage1\" width=\"618\" height=\"258\" srcset=\"https:\/\/welovecinema.be\/wp-content\/uploads\/sites\/2\/2018\/04\/SeuleAmonmariage1-800x334.jpg 800w, https:\/\/welovecinema.be\/wp-content\/uploads\/sites\/2\/2018\/04\/SeuleAmonmariage1-480x201.jpg 480w, https:\/\/welovecinema.be\/wp-content\/uploads\/sites\/2\/2018\/04\/SeuleAmonmariage1-768x321.jpg 768w, https:\/\/welovecinema.be\/wp-content\/uploads\/sites\/2\/2018\/04\/SeuleAmonmariage1.jpg 2048w\" sizes=\"auto, (max-width: 618px) 100vw, 618px\" \/><\/p>\n<p>&nbsp;<\/p>\n<h4>Premier long pour Marta Bergman<\/h4>\n<p class=\"p3\"><span class=\"s1\"><i>Seule \u00e0 mon mariage<\/i> est la premi\u00e8re fiction de Marta Bergman, dipl\u00f4m\u00e9e de l\u2019Insas. Cette r\u00e9alisatrice n\u00e9e \u00e0 Bucarest s\u2019est tr\u00e8s rapidement tourn\u00e9e vers le documentaire. Elle y explore la Roumanie et plus sp\u00e9cifiquement les communaut\u00e9s Rom. Ses documentaires ont \u00e9t\u00e9 montr\u00e9s dans de prestigieux festivals tels que Visions du r\u00e9el ou le Leipzig Film Festival.\u00a0On lui doit des films comme\u00a0<em>Clejani, Heureux S\u00e9jour<\/em>, ou\u00a0<em>Un jour mon prince viendra<\/em>, qui suit la qu\u00eate de trois jeunes filles roumaines qui cherchent un homme occidental \u2013 et une meilleure vie. On retrouve d\u00e9j\u00e0 les germes fictionnels de\u00a0<em>Seule \u00e0 mon mariage<\/em>, qu\u2019elle a co-\u00e9crit avec Laurent Brandenbourger (r\u00e9alisateur du film\u00a0<em>Petites Mis\u00e8res<\/em>, et qui a notamment co-\u00e9crit avec Nabil Ben Yadir\u00a0<em>Dode Hoek<\/em>\u00a0ou\u00a0<em>Les Barons<\/em>).<\/span><\/p>\n<p>&nbsp;<\/p>\n<h4>Le casting<\/h4>\n<p class=\"p3\"><span class=\"s1\">Alina Serban, n\u00e9e dans une famille Rom en Roumanie, incarne le r\u00f4le de Pamela. Com\u00e9dienne et metteuse en sc\u00e8ne, ses \u00e9tudes d\u2019art dramatique l\u2019am\u00e8nent de Bucarest \u00e0 la Royal Academy of Dramatic Art de Londres ainsi qu\u2019\u00e0 la Tisch School of the Arts \u00e0 New York. Tr\u00e8s engag\u00e9e pour la cause de la communaut\u00e9 Rom, elle s\u2019est fait conna\u00eetre au th\u00e9\u00e2tre \u00e0 travers le one woman show <i>I Declare at My Own Risk<\/i> dont elle est \u00e0 la fois l\u2019auteur et l\u2019interpr\u00e8te et qu\u2019elle a d\u00e9j\u00e0 jou\u00e9 sur de nombreuses sc\u00e8nes europ\u00e9ennes. <i>Seule \u00e0 mon mariage<\/i> est son premier r\u00f4le dans un long m\u00e9trage.<\/span><\/p>\n<p><img loading=\"lazy\" decoding=\"async\" class=\"alignnone size-full wp-image-197136\" src=\"http:\/\/www.cinevox.be\/wp-content\/uploads\/sites\/2\/2017\/02\/alinaserban.jpg\" alt=\"\" width=\"627\" height=\"468\" srcset=\"https:\/\/welovecinema.be\/wp-content\/uploads\/sites\/2\/2017\/02\/alinaserban.jpg 627w, https:\/\/welovecinema.be\/wp-content\/uploads\/sites\/2\/2017\/02\/alinaserban-362x270.jpg 362w\" sizes=\"auto, (max-width: 627px) 100vw, 627px\" \/><\/p>\n<p>&nbsp;<\/p>\n<p class=\"p3\"><span class=\"s1\">Tom Vermeir a une longue carri\u00e8re de musicien et acteur de th\u00e9\u00e2tre derri\u00e8re lui. Il a \u00e9galement jou\u00e9 dans de nombreuses s\u00e9ries pour la t\u00e9l\u00e9vision flamande. Au cin\u00e9ma on a pu le voir dans le film de Felix van Groeningen pr\u00e9sent\u00e9 \u00e0 Sundance, <i>Belgica<\/i>.<\/span><\/p>\n<p><img loading=\"lazy\" decoding=\"async\" class=\"alignnone size-large wp-image-199541\" src=\"http:\/\/www.cinevox.be\/wp-content\/uploads\/sites\/2\/2017\/05\/Tom-Vermeir-6-2-800x500.jpg\" alt=\"\" width=\"618\" height=\"386\" srcset=\"https:\/\/welovecinema.be\/wp-content\/uploads\/sites\/2\/2017\/05\/Tom-Vermeir-6-2-800x500.jpg 800w, https:\/\/welovecinema.be\/wp-content\/uploads\/sites\/2\/2017\/05\/Tom-Vermeir-6-2-432x270.jpg 432w, https:\/\/welovecinema.be\/wp-content\/uploads\/sites\/2\/2017\/05\/Tom-Vermeir-6-2-768x480.jpg 768w, https:\/\/welovecinema.be\/wp-content\/uploads\/sites\/2\/2017\/05\/Tom-Vermeir-6-2.jpg 1440w\" sizes=\"auto, (max-width: 618px) 100vw, 618px\" \/><\/p>\n<p class=\"p1\">A leurs c\u00f4t\u00e9s,\u00a0<span class=\"s1\">le cast se partage entre des acteurs roumains (Viorica Tudor, Marian Samu), et un solide cast belge, au rang desquels\u00a0Jonas Bloquet\u00a0(nomm\u00e9 pour le C\u00e9sar du Meilleur espoir masculin pour sa performance dans\u00a0<em>Elle<\/em>\u00a0de Paul Verhoeven),\u00a0Johan Leysen\u00a0(vu r\u00e9cemment dans\u00a0<em>Le Pass\u00e9 devant nous, Souvenir, Le Tout Nouveau Testament<\/em>, et dont la carri\u00e8re se d\u00e9veloppe \u00e9galement \u00e0 l\u2019international avec des s\u00e9ries comme\u00a0<em>The Spiral, The Missing, Jeune &amp; Jolie<\/em>\u00a0de Fran\u00e7ois Ozon, ou encore\u00a0<em>The American<\/em>\u00a0d\u2019Anton Corbijn avec Georges Clooney), ou\u00a0Achille Ridolfi\u00a0(Magritte du Meilleur Espoir en 2013 pour\u00a0<em>Au nom du fils<\/em>, et que l\u2019on a aussi vu dans\u00a0<em>Je suis \u00e0 toi<\/em>\u00a0de David Lambert, et il y a quelques mois dans\u00a0<em>Trepalium<\/em>, la s\u00e9rie r\u00e9alis\u00e9e par Vincent Lannoo pour Arte). On retrouve \u00e9galement au g\u00e9n\u00e9rique l\u2019actrice fran\u00e7aise\u00a0Marie Denarnaud\u00a0(<em>La Taularde, Respire, Les Liens du Sang<\/em>).<\/span><\/p>\n<p>&nbsp;<\/p>\n<h4>Premi\u00e8re mondiale, et nouvelle s\u00e9lection pour Frakas<\/h4>\n<p class=\"p3\"><span class=\"s1\">Le film sera pr\u00e9sent\u00e9 \u00e0 Cannes en premi\u00e8re mondiale dans le cadre de la<span class=\"Apple-converted-space\">\u00a0 <\/span>programmation ACID. Il est produit par\u00a0<\/span><span class=\"s1\">Frakas, \u00e9galement coproducteur de <a href=\"http:\/\/www.cinevox.be\/fr\/cannes-2018-girl-de-lukas-dhont-a-certain-regard-premiers-noms-belges\/\"><em>Girl<\/em><\/a> de Lukas Dhont, s\u00e9lectionn\u00e9 \u00e0 Un certain regard, qui d\u00e9veloppe actuellement\u00a0les premiers longs-m\u00e9trages de Banu Akseki et Christophe Hermans, ainsi que le prochain, prochain long m\u00e9trage de Fabrice du Welz (apr\u00e8s <em>Adoration<\/em>), <em>Inexorable<\/em>.\u00a0<\/span><\/p>\n","protected":false},"excerpt":{"rendered":"<p>Le film belge Seule \u00e0 mon mariage de Marta Bergman fera partie de la programmation des cin\u00e9astes ACID (Association pour le cin\u00e9ma ind\u00e9pendant et sa diffusion) du Festival International du Film de Cannes. L&rsquo;histoire Seule \u00e0 mon mariage est l\u2019histoire de Pamela. Insolente, spontan\u00e9e, dr\u00f4le, cette jeune Rom, ne ressemble \u00e0 aucune fille de sa &hellip;<\/p>\n","protected":false},"author":343,"featured_media":209195,"comment_status":"closed","ping_status":"closed","sticky":false,"template":"","format":"standard","meta":{"ngg_post_thumbnail":0,"footnotes":""},"categories":[12],"tags":[1932,1933],"class_list":["post-209157","post","type-post","status-publish","format-standard","has-post-thumbnail","","category-awards","tag-marta-bergman","tag-seule-a-mon-mariage"],"yoast_head":"<!-- This site is optimized with the Yoast SEO plugin v20.4 - https:\/\/yoast.com\/wordpress\/plugins\/seo\/ -->\n<title>&quot;Seule \u00e0 mon mariage&quot; de Marta Bergman \u00e0 l\u2019ACID - We Love Cinema<\/title>\n<meta name=\"robots\" content=\"index, follow, max-snippet:-1, max-image-preview:large, max-video-preview:-1\" \/>\n<link rel=\"canonical\" href=\"https:\/\/welovecinema.be\/fr\/seule-a-mariage-de-marta-bergman-a-lacid\/\" \/>\n<meta property=\"og:locale\" content=\"fr_FR\" \/>\n<meta property=\"og:type\" content=\"article\" \/>\n<meta property=\"og:title\" content=\"&quot;Seule \u00e0 mon mariage&quot; de Marta Bergman \u00e0 l\u2019ACID - We Love Cinema\" \/>\n<meta property=\"og:description\" content=\"Le film belge Seule \u00e0 mon mariage de Marta Bergman fera partie de la programmation des cin\u00e9astes ACID (Association pour le cin\u00e9ma ind\u00e9pendant et sa diffusion) du Festival International du Film de Cannes. L&rsquo;histoire Seule \u00e0 mon mariage est l\u2019histoire de Pamela. Insolente, spontan\u00e9e, dr\u00f4le, cette jeune Rom, ne ressemble \u00e0 aucune fille de sa &hellip;\" \/>\n<meta property=\"og:url\" content=\"https:\/\/welovecinema.be\/fr\/seule-a-mariage-de-marta-bergman-a-lacid\/\" \/>\n<meta property=\"og:site_name\" content=\"We Love Cinema\" \/>\n<meta property=\"article:publisher\" content=\"https:\/\/www.facebook.com\/welovecinema.be\" \/>\n<meta property=\"article:published_time\" content=\"2018-04-17T07:53:28+00:00\" \/>\n<meta property=\"article:modified_time\" content=\"2018-04-18T07:43:52+00:00\" \/>\n<meta property=\"og:image\" content=\"https:\/\/welovecinema.be\/wp-content\/uploads\/sites\/2\/2018\/04\/SeuleAMonMariageOK-800x533.jpg\" \/>\n\t<meta property=\"og:image:width\" content=\"800\" \/>\n\t<meta property=\"og:image:height\" content=\"533\" \/>\n\t<meta property=\"og:image:type\" content=\"image\/jpeg\" \/>\n<meta name=\"author\" content=\"Aurore Engelen\" \/>\n<meta name=\"twitter:card\" content=\"summary_large_image\" \/>\n<meta name=\"twitter:label1\" content=\"\u00c9crit par\" \/>\n\t<meta name=\"twitter:data1\" content=\"Aurore Engelen\" \/>\n\t<meta name=\"twitter:label2\" content=\"Dur\u00e9e de lecture estim\u00e9e\" \/>\n\t<meta name=\"twitter:data2\" content=\"3 minutes\" \/>\n<script type=\"application\/ld+json\" class=\"yoast-schema-graph\">{\"@context\":\"https:\/\/schema.org\",\"@graph\":[{\"@type\":\"Article\",\"@id\":\"https:\/\/welovecinema.be\/fr\/seule-a-mariage-de-marta-bergman-a-lacid\/#article\",\"isPartOf\":{\"@id\":\"https:\/\/welovecinema.be\/fr\/seule-a-mariage-de-marta-bergman-a-lacid\/\"},\"author\":{\"name\":\"Aurore Engelen\",\"@id\":\"https:\/\/welovecinema.be\/nl\/#\/schema\/person\/8084b68c6b176142d073695c654dc7cf\"},\"headline\":\"\u00ab\u00a0Seule \u00e0 mon mariage\u00a0\u00bb de Marta Bergman \u00e0 l\u2019ACID\",\"datePublished\":\"2018-04-17T07:53:28+00:00\",\"dateModified\":\"2018-04-18T07:43:52+00:00\",\"mainEntityOfPage\":{\"@id\":\"https:\/\/welovecinema.be\/fr\/seule-a-mariage-de-marta-bergman-a-lacid\/\"},\"wordCount\":701,\"publisher\":{\"@id\":\"https:\/\/welovecinema.be\/nl\/#organization\"},\"keywords\":[\"Marta Bergman\",\"Seule \u00e0 mon mariage\"],\"articleSection\":[\"Evenements\"],\"inLanguage\":\"fr-FR\"},{\"@type\":\"WebPage\",\"@id\":\"https:\/\/welovecinema.be\/fr\/seule-a-mariage-de-marta-bergman-a-lacid\/\",\"url\":\"https:\/\/welovecinema.be\/fr\/seule-a-mariage-de-marta-bergman-a-lacid\/\",\"name\":\"\\\"Seule \u00e0 mon mariage\\\" de Marta Bergman \u00e0 l\u2019ACID - We Love Cinema\",\"isPartOf\":{\"@id\":\"https:\/\/welovecinema.be\/nl\/#website\"},\"datePublished\":\"2018-04-17T07:53:28+00:00\",\"dateModified\":\"2018-04-18T07:43:52+00:00\",\"breadcrumb\":{\"@id\":\"https:\/\/welovecinema.be\/fr\/seule-a-mariage-de-marta-bergman-a-lacid\/#breadcrumb\"},\"inLanguage\":\"fr-FR\",\"potentialAction\":[{\"@type\":\"ReadAction\",\"target\":[\"https:\/\/welovecinema.be\/fr\/seule-a-mariage-de-marta-bergman-a-lacid\/\"]}]},{\"@type\":\"BreadcrumbList\",\"@id\":\"https:\/\/welovecinema.be\/fr\/seule-a-mariage-de-marta-bergman-a-lacid\/#breadcrumb\",\"itemListElement\":[{\"@type\":\"ListItem\",\"position\":1,\"name\":\"Accueil\",\"item\":\"https:\/\/welovecinema.be\/fr\/\"},{\"@type\":\"ListItem\",\"position\":2,\"name\":\"\u00ab\u00a0Seule \u00e0 mon mariage\u00a0\u00bb de Marta Bergman \u00e0 l\u2019ACID\"}]},{\"@type\":\"WebSite\",\"@id\":\"https:\/\/welovecinema.be\/nl\/#website\",\"url\":\"https:\/\/welovecinema.be\/nl\/\",\"name\":\"We Love Cinema\",\"description\":\"Toute l\u2019information du cin\u00e9ma en Belgique\",\"publisher\":{\"@id\":\"https:\/\/welovecinema.be\/nl\/#organization\"},\"potentialAction\":[{\"@type\":\"SearchAction\",\"target\":{\"@type\":\"EntryPoint\",\"urlTemplate\":\"https:\/\/welovecinema.be\/nl\/?s={search_term_string}\"},\"query-input\":\"required name=search_term_string\"}],\"inLanguage\":\"fr-FR\"},{\"@type\":\"Organization\",\"@id\":\"https:\/\/welovecinema.be\/nl\/#organization\",\"name\":\"We Love Cinema\",\"url\":\"https:\/\/welovecinema.be\/nl\/\",\"logo\":{\"@type\":\"ImageObject\",\"inLanguage\":\"fr-FR\",\"@id\":\"https:\/\/welovecinema.be\/nl\/#\/schema\/logo\/image\/\",\"url\":\"https:\/\/welovecinema.be\/wp-content\/uploads\/sites\/2\/2023\/03\/Logo-We-Love-Cinema305x128.jpg\",\"contentUrl\":\"https:\/\/welovecinema.be\/wp-content\/uploads\/sites\/2\/2023\/03\/Logo-We-Love-Cinema305x128.jpg\",\"width\":305,\"height\":128,\"caption\":\"We Love Cinema\"},\"image\":{\"@id\":\"https:\/\/welovecinema.be\/nl\/#\/schema\/logo\/image\/\"},\"sameAs\":[\"https:\/\/www.facebook.com\/welovecinema.be\",\"https:\/\/www.youtube.com\/channel\/UCX5LYGVhnKvYauW4Nta4HJA\",\"https:\/\/www.instagram.com\/welovecinema.be\/\"]},{\"@type\":\"Person\",\"@id\":\"https:\/\/welovecinema.be\/nl\/#\/schema\/person\/8084b68c6b176142d073695c654dc7cf\",\"name\":\"Aurore Engelen\",\"url\":\"https:\/\/welovecinema.be\/fr\/author\/aurore-engelen\/\"}]}<\/script>\n<!-- \/ Yoast SEO plugin. -->","yoast_head_json":{"title":"\"Seule \u00e0 mon mariage\" de Marta Bergman \u00e0 l\u2019ACID - We Love Cinema","robots":{"index":"index","follow":"follow","max-snippet":"max-snippet:-1","max-image-preview":"max-image-preview:large","max-video-preview":"max-video-preview:-1"},"canonical":"https:\/\/welovecinema.be\/fr\/seule-a-mariage-de-marta-bergman-a-lacid\/","og_locale":"fr_FR","og_type":"article","og_title":"\"Seule \u00e0 mon mariage\" de Marta Bergman \u00e0 l\u2019ACID - We Love Cinema","og_description":"Le film belge Seule \u00e0 mon mariage de Marta Bergman fera partie de la programmation des cin\u00e9astes ACID (Association pour le cin\u00e9ma ind\u00e9pendant et sa diffusion) du Festival International du Film de Cannes. L&rsquo;histoire Seule \u00e0 mon mariage est l\u2019histoire de Pamela. Insolente, spontan\u00e9e, dr\u00f4le, cette jeune Rom, ne ressemble \u00e0 aucune fille de sa &hellip;","og_url":"https:\/\/welovecinema.be\/fr\/seule-a-mariage-de-marta-bergman-a-lacid\/","og_site_name":"We Love Cinema","article_publisher":"https:\/\/www.facebook.com\/welovecinema.be","article_published_time":"2018-04-17T07:53:28+00:00","article_modified_time":"2018-04-18T07:43:52+00:00","og_image":[{"width":800,"height":533,"url":"https:\/\/welovecinema.be\/wp-content\/uploads\/sites\/2\/2018\/04\/SeuleAMonMariageOK-800x533.jpg","type":"image\/jpeg"}],"author":"Aurore Engelen","twitter_card":"summary_large_image","twitter_misc":{"\u00c9crit par":"Aurore Engelen","Dur\u00e9e de lecture estim\u00e9e":"3 minutes"},"schema":{"@context":"https:\/\/schema.org","@graph":[{"@type":"Article","@id":"https:\/\/welovecinema.be\/fr\/seule-a-mariage-de-marta-bergman-a-lacid\/#article","isPartOf":{"@id":"https:\/\/welovecinema.be\/fr\/seule-a-mariage-de-marta-bergman-a-lacid\/"},"author":{"name":"Aurore Engelen","@id":"https:\/\/welovecinema.be\/nl\/#\/schema\/person\/8084b68c6b176142d073695c654dc7cf"},"headline":"\u00ab\u00a0Seule \u00e0 mon mariage\u00a0\u00bb de Marta Bergman \u00e0 l\u2019ACID","datePublished":"2018-04-17T07:53:28+00:00","dateModified":"2018-04-18T07:43:52+00:00","mainEntityOfPage":{"@id":"https:\/\/welovecinema.be\/fr\/seule-a-mariage-de-marta-bergman-a-lacid\/"},"wordCount":701,"publisher":{"@id":"https:\/\/welovecinema.be\/nl\/#organization"},"keywords":["Marta Bergman","Seule \u00e0 mon mariage"],"articleSection":["Evenements"],"inLanguage":"fr-FR"},{"@type":"WebPage","@id":"https:\/\/welovecinema.be\/fr\/seule-a-mariage-de-marta-bergman-a-lacid\/","url":"https:\/\/welovecinema.be\/fr\/seule-a-mariage-de-marta-bergman-a-lacid\/","name":"\"Seule \u00e0 mon mariage\" de Marta Bergman \u00e0 l\u2019ACID - We Love Cinema","isPartOf":{"@id":"https:\/\/welovecinema.be\/nl\/#website"},"datePublished":"2018-04-17T07:53:28+00:00","dateModified":"2018-04-18T07:43:52+00:00","breadcrumb":{"@id":"https:\/\/welovecinema.be\/fr\/seule-a-mariage-de-marta-bergman-a-lacid\/#breadcrumb"},"inLanguage":"fr-FR","potentialAction":[{"@type":"ReadAction","target":["https:\/\/welovecinema.be\/fr\/seule-a-mariage-de-marta-bergman-a-lacid\/"]}]},{"@type":"BreadcrumbList","@id":"https:\/\/welovecinema.be\/fr\/seule-a-mariage-de-marta-bergman-a-lacid\/#breadcrumb","itemListElement":[{"@type":"ListItem","position":1,"name":"Accueil","item":"https:\/\/welovecinema.be\/fr\/"},{"@type":"ListItem","position":2,"name":"\u00ab\u00a0Seule \u00e0 mon mariage\u00a0\u00bb de Marta Bergman \u00e0 l\u2019ACID"}]},{"@type":"WebSite","@id":"https:\/\/welovecinema.be\/nl\/#website","url":"https:\/\/welovecinema.be\/nl\/","name":"We Love Cinema","description":"Toute l\u2019information du cin\u00e9ma en Belgique","publisher":{"@id":"https:\/\/welovecinema.be\/nl\/#organization"},"potentialAction":[{"@type":"SearchAction","target":{"@type":"EntryPoint","urlTemplate":"https:\/\/welovecinema.be\/nl\/?s={search_term_string}"},"query-input":"required name=search_term_string"}],"inLanguage":"fr-FR"},{"@type":"Organization","@id":"https:\/\/welovecinema.be\/nl\/#organization","name":"We Love Cinema","url":"https:\/\/welovecinema.be\/nl\/","logo":{"@type":"ImageObject","inLanguage":"fr-FR","@id":"https:\/\/welovecinema.be\/nl\/#\/schema\/logo\/image\/","url":"https:\/\/welovecinema.be\/wp-content\/uploads\/sites\/2\/2023\/03\/Logo-We-Love-Cinema305x128.jpg","contentUrl":"https:\/\/welovecinema.be\/wp-content\/uploads\/sites\/2\/2023\/03\/Logo-We-Love-Cinema305x128.jpg","width":305,"height":128,"caption":"We Love Cinema"},"image":{"@id":"https:\/\/welovecinema.be\/nl\/#\/schema\/logo\/image\/"},"sameAs":["https:\/\/www.facebook.com\/welovecinema.be","https:\/\/www.youtube.com\/channel\/UCX5LYGVhnKvYauW4Nta4HJA","https:\/\/www.instagram.com\/welovecinema.be\/"]},{"@type":"Person","@id":"https:\/\/welovecinema.be\/nl\/#\/schema\/person\/8084b68c6b176142d073695c654dc7cf","name":"Aurore Engelen","url":"https:\/\/welovecinema.be\/fr\/author\/aurore-engelen\/"}]}},"_links":{"self":[{"href":"https:\/\/welovecinema.be\/fr\/wp-json\/wp\/v2\/posts\/209157","targetHints":{"allow":["GET"]}}],"collection":[{"href":"https:\/\/welovecinema.be\/fr\/wp-json\/wp\/v2\/posts"}],"about":[{"href":"https:\/\/welovecinema.be\/fr\/wp-json\/wp\/v2\/types\/post"}],"author":[{"embeddable":true,"href":"https:\/\/welovecinema.be\/fr\/wp-json\/wp\/v2\/users\/343"}],"replies":[{"embeddable":true,"href":"https:\/\/welovecinema.be\/fr\/wp-json\/wp\/v2\/comments?post=209157"}],"version-history":[{"count":0,"href":"https:\/\/welovecinema.be\/fr\/wp-json\/wp\/v2\/posts\/209157\/revisions"}],"wp:featuredmedia":[{"embeddable":true,"href":"https:\/\/welovecinema.be\/fr\/wp-json\/wp\/v2\/media\/209195"}],"wp:attachment":[{"href":"https:\/\/welovecinema.be\/fr\/wp-json\/wp\/v2\/media?parent=209157"}],"wp:term":[{"taxonomy":"category","embeddable":true,"href":"https:\/\/welovecinema.be\/fr\/wp-json\/wp\/v2\/categories?post=209157"},{"taxonomy":"post_tag","embeddable":true,"href":"https:\/\/welovecinema.be\/fr\/wp-json\/wp\/v2\/tags?post=209157"}],"curies":[{"name":"wp","href":"https:\/\/api.w.org\/{rel}","templated":true}]}}