{"id":20866,"date":"2012-05-17T06:23:43","date_gmt":"2012-05-17T06:23:43","guid":{"rendered":"http:\/\/www.cinevox.be\/?p=20866"},"modified":"2012-05-16T08:20:35","modified_gmt":"2012-05-16T08:20:35","slug":"cinevox-et-cannes-17-280-minutes-inside","status":"publish","type":"post","link":"https:\/\/welovecinema.be\/fr\/cinevox-et-cannes-17-280-minutes-inside\/","title":{"rendered":"Cinevox et Cannes <br> 17.280 minutes inside !"},"content":{"rendered":"<p>Pour son deuxi\u00e8me festival de Cannes, <strong>Cinevox <\/strong>a tout mis en \u0153uvre pour\u00a0 vous offrir une couverture originale et tr\u00e8s compl\u00e8te. Intensit\u00e9 maximale pendant onze jours. \u00a0Elle se focalisera sur les films belges, bien s\u00fbr, mais aussi sur l&rsquo;odyss\u00e9e cannoise de quelques-uns de nos repr\u00e9sentants les plus enthousiastes.<\/p>\n<p><!--more--><\/p>\n<p>&nbsp;<\/p>\n<p>&nbsp;<\/p>\n<p>&nbsp;<\/p>\n<p><strong>Matthieu Reynaert<\/strong>, qui a cosc\u00e9naris\u00e9 <em>\u00c0 Perdre la raison<\/em> avec <em>Joachim Lafosse<\/em> nous offrira un journal quotidien pendant toute la dur\u00e9e de son s\u00e9jour sur la Croisette. Matthieu conna\u00eet les lieux, mais il les abordera pour la premi\u00e8re fois en tant qu&rsquo;artiste et nous confiera ses impressions, nous parlera de son stress, de la projection et des rencontres qu&rsquo;il fera l\u00e0-bas. Ce sera notre insider de luxe et vous pouvez compter sur la fulgurance de sa plume caustique pour nous amuser et nous divertir.<br \/>\nSon t\u00e9moignage sera publi\u00e9 dans la rubrique \u00ab\u00a0Exclusif\u00a0\u00bb \u00e0 la mani\u00e8re d&rsquo;un blog qui formera au bout du compte un formidable r\u00e9cit de cette exp\u00e9rience forc\u00e9ment unique.<\/p>\n<p>&nbsp;<\/p>\n<p style=\"text-align: right;\"><a rel=\"attachment wp-att-20867\" href=\"http:\/\/www.cinevox.be\/cinevox-et-cannes-17-280-minutes-inside\/_man8706-2\/\"><img loading=\"lazy\" decoding=\"async\" class=\"aligncenter size-full wp-image-20867\" title=\"_MAN8706\" src=\"http:\/\/www.cinevox.be\/wp-content\/uploads\/sites\/2\/2012\/05\/MAN8706.jpg\" alt=\"\" width=\"1200\" height=\"798\" srcset=\"https:\/\/welovecinema.be\/wp-content\/uploads\/sites\/2\/2012\/05\/MAN8706.jpg 1200w, https:\/\/welovecinema.be\/wp-content\/uploads\/sites\/2\/2012\/05\/MAN8706-406x270.jpg 406w, https:\/\/welovecinema.be\/wp-content\/uploads\/sites\/2\/2012\/05\/MAN8706-800x532.jpg 800w\" sizes=\"auto, (max-width: 1200px) 100vw, 1200px\" \/><\/a><em>[David Lambert par Marianne Grimont]<\/em><\/p>\n<p>&nbsp;<\/p>\n<p>Nous suivrons aussi tout particuli\u00e8rement le voyage cannois de l&rsquo;\u00e9quipe de <em>Hors les Murs<\/em>. Depuis des mois, nous suivons le film avec attention et nous sommes tr\u00e8s curieux de voir comment <strong>David Lambert <\/strong>va vivre la pr\u00e9sentation de son premier long m\u00e9trage. Nous donnerons \u00e9galement \u00a0la parole \u00e0 son producteur, le tr\u00e8s sympathique <strong>Jean-Yves Roubin<\/strong> qui sait qu&rsquo;il joue gros pendant cette quinzaine.<\/p>\n<p>&nbsp;<\/p>\n<p><a rel=\"attachment wp-att-20868\" href=\"http:\/\/www.cinevox.be\/cinevox-et-cannes-17-280-minutes-inside\/amelie-2\/\"><img loading=\"lazy\" decoding=\"async\" class=\"alignright size-large wp-image-20868\" title=\"Amelie\" src=\"http:\/\/www.cinevox.be\/wp-content\/uploads\/sites\/2\/2012\/05\/Amelie-789x600.jpg\" alt=\"\" width=\"448\" height=\"340\" srcset=\"https:\/\/welovecinema.be\/wp-content\/uploads\/sites\/2\/2012\/05\/Amelie-789x600.jpg 789w, https:\/\/welovecinema.be\/wp-content\/uploads\/sites\/2\/2012\/05\/Amelie-355x270.jpg 355w\" sizes=\"auto, (max-width: 448px) 100vw, 448px\" \/><\/a>Depuis que nous avons eu vent de son existence, nous sommes baba devant la folle aventure de la Namuroise <strong>Am\u00e9lie van Elmbt<\/strong> qui a tourn\u00e9 son long m\u00e9trage <em>La T\u00eate la Premi\u00e8re<\/em> sans aide financi\u00e8re. Elle nous a accord\u00e9 une interview que nous publierons pendant le festival. Comme celle de son acteur principal, le volcanique <strong>David Murgia<\/strong> dont nous pr\u00e9tendons sans l&rsquo;ombre d&rsquo;une h\u00e9sitation qu&rsquo;il sera la grande star belge des prochaines ann\u00e9es. Nous prendrons bien s\u00fbr des nouvelles de leur s\u00e9jour sur la Croisette, car \u00e0 l&rsquo;Acid, il devrait se passer d&rsquo;excellentes choses pour eux.<\/p>\n<p>&nbsp;<\/p>\n<p>Et puis, naturellement, nous verrons avec <strong>Thomas Doret<\/strong> si la Croisette a beaucoup chang\u00e9 depuis l&rsquo;an dernier et sa premi\u00e8re apparition dans <em>Le Gamin au V\u00e9lo<\/em>.<\/p>\n<p>Mais Cannes, ce sont aussi des r\u00e9alisateurs, des producteurs, des acteurs qui s&rsquo;y rendent pour nouer des contacts. <strong>Vanja d&rsquo;Alcantara<\/strong> (<em>Beyond The Steppes<\/em>) y sera par exemple et nous racontera son voyage. Idem pour <strong>Sylvain Goldberg<\/strong> le producteur de <em>Dead Man Talking<\/em> qui va chercher des distributeurs \u00e9trangers pour le formidable long m\u00e9trage de Patrick Ridremont.<\/p>\n<p>&nbsp;<\/p>\n<p style=\"text-align: center;\"><a rel=\"attachment wp-att-20869\" href=\"http:\/\/www.cinevox.be\/cinevox-et-cannes-17-280-minutes-inside\/cinevox-5-2012-e-dequenne-2-2\/\"><img loading=\"lazy\" decoding=\"async\" class=\"size-large wp-image-20869 aligncenter\" title=\"Cinevox 5 2012 E Dequenne 2\" src=\"http:\/\/www.cinevox.be\/wp-content\/uploads\/sites\/2\/2012\/05\/Cinevox-5-2012-E-Dequenne-21-800x432.jpg\" alt=\"\" width=\"640\" height=\"345\" srcset=\"https:\/\/welovecinema.be\/wp-content\/uploads\/sites\/2\/2012\/05\/Cinevox-5-2012-E-Dequenne-21-800x432.jpg 800w, https:\/\/welovecinema.be\/wp-content\/uploads\/sites\/2\/2012\/05\/Cinevox-5-2012-E-Dequenne-21-480x259.jpg 480w, https:\/\/welovecinema.be\/wp-content\/uploads\/sites\/2\/2012\/05\/Cinevox-5-2012-E-Dequenne-21.jpg 1737w\" sizes=\"auto, (max-width: 640px) 100vw, 640px\" \/><\/a><\/p>\n<p>&nbsp;<\/p>\n<p>\u00c0 c\u00f4t\u00e9 de cela, nous vous pr\u00e9senterons les films que nous avons vus et scannerons la presse internationale pour d\u00e9couvrir ce que la critique en a pens\u00e9. Pendant tout le mois de mai, vous aurez droit \u00e0 des interviews vid\u00e9o d&rsquo;<strong>\u00c9milie Dequenne <\/strong>et <strong>Matthias Schoenaerts<\/strong> qui ont \u00e9t\u00e9 tr\u00e8s r\u00e9cemment r\u00e9alis\u00e9es.<\/p>\n<p>&nbsp;<\/p>\n<p>Et si en cours de route nos repr\u00e9sentants d\u00e9crochent quelques prix, comptez sur nous pour vous le faire savoir.<\/p>\n<p>&nbsp;<\/p>\n<p>&nbsp;<\/p>\n","protected":false},"excerpt":{"rendered":"<p>Pour son deuxi\u00e8me festival de Cannes, Cinevox a tout mis en \u0153uvre pour\u00a0 vous offrir une couverture originale et tr\u00e8s compl\u00e8te. Intensit\u00e9 maximale pendant onze jours. \u00a0Elle se focalisera sur les films belges, bien s\u00fbr, mais aussi sur l&rsquo;odyss\u00e9e cannoise de quelques-uns de nos repr\u00e9sentants les plus enthousiastes.<\/p>\n","protected":false},"author":7,"featured_media":20916,"comment_status":"closed","ping_status":"closed","sticky":false,"template":"","format":"standard","meta":{"ngg_post_thumbnail":0,"footnotes":""},"categories":[10,7],"tags":[],"class_list":["post-20866","post","type-post","status-publish","format-standard","has-post-thumbnail","","category-a-l-affiche","category-actualites"],"yoast_head":"<!-- This site is optimized with the Yoast SEO plugin v20.4 - https:\/\/yoast.com\/wordpress\/plugins\/seo\/ -->\n<title>Cinevox et Cannes  17.280 minutes inside ! - We Love Cinema<\/title>\n<meta name=\"robots\" content=\"index, follow, max-snippet:-1, max-image-preview:large, max-video-preview:-1\" \/>\n<link rel=\"canonical\" href=\"https:\/\/welovecinema.be\/fr\/cinevox-et-cannes-17-280-minutes-inside\/\" \/>\n<meta property=\"og:locale\" content=\"fr_FR\" \/>\n<meta property=\"og:type\" content=\"article\" \/>\n<meta property=\"og:title\" content=\"Cinevox et Cannes  17.280 minutes inside ! - We Love Cinema\" \/>\n<meta property=\"og:description\" content=\"Pour son deuxi\u00e8me festival de Cannes, Cinevox a tout mis en \u0153uvre pour\u00a0 vous offrir une couverture originale et tr\u00e8s compl\u00e8te. Intensit\u00e9 maximale pendant onze jours. \u00a0Elle se focalisera sur les films belges, bien s\u00fbr, mais aussi sur l&rsquo;odyss\u00e9e cannoise de quelques-uns de nos repr\u00e9sentants les plus enthousiastes.\" \/>\n<meta property=\"og:url\" content=\"https:\/\/welovecinema.be\/fr\/cinevox-et-cannes-17-280-minutes-inside\/\" \/>\n<meta property=\"og:site_name\" content=\"We Love Cinema\" \/>\n<meta property=\"article:publisher\" content=\"https:\/\/www.facebook.com\/welovecinema.be\" \/>\n<meta property=\"article:published_time\" content=\"2012-05-17T06:23:43+00:00\" \/>\n<meta property=\"article:modified_time\" content=\"2012-05-16T08:20:35+00:00\" \/>\n<meta property=\"og:image\" content=\"https:\/\/welovecinema.be\/wp-content\/uploads\/sites\/2\/2012\/05\/179976_3704779851529_1036490916_32549095_75572376_n.jpg\" \/>\n\t<meta property=\"og:image:width\" content=\"906\" \/>\n\t<meta property=\"og:image:height\" content=\"478\" \/>\n\t<meta property=\"og:image:type\" content=\"image\/jpeg\" \/>\n<meta name=\"author\" content=\"Philippe.Pierquin\" \/>\n<meta name=\"twitter:card\" content=\"summary_large_image\" \/>\n<meta name=\"twitter:label1\" content=\"\u00c9crit par\" \/>\n\t<meta name=\"twitter:data1\" content=\"Philippe.Pierquin\" \/>\n\t<meta name=\"twitter:label2\" content=\"Dur\u00e9e de lecture estim\u00e9e\" \/>\n\t<meta name=\"twitter:data2\" content=\"3 minutes\" \/>\n<script type=\"application\/ld+json\" class=\"yoast-schema-graph\">{\"@context\":\"https:\/\/schema.org\",\"@graph\":[{\"@type\":\"Article\",\"@id\":\"https:\/\/welovecinema.be\/fr\/cinevox-et-cannes-17-280-minutes-inside\/#article\",\"isPartOf\":{\"@id\":\"https:\/\/welovecinema.be\/fr\/cinevox-et-cannes-17-280-minutes-inside\/\"},\"author\":{\"name\":\"Philippe.Pierquin\",\"@id\":\"https:\/\/welovecinema.be\/nl\/#\/schema\/person\/4b9b1d857f0943453a38a7c2859ef756\"},\"headline\":\"Cinevox et Cannes 17.280 minutes inside !\",\"datePublished\":\"2012-05-17T06:23:43+00:00\",\"dateModified\":\"2012-05-16T08:20:35+00:00\",\"mainEntityOfPage\":{\"@id\":\"https:\/\/welovecinema.be\/fr\/cinevox-et-cannes-17-280-minutes-inside\/\"},\"wordCount\":547,\"publisher\":{\"@id\":\"https:\/\/welovecinema.be\/nl\/#organization\"},\"articleSection\":[\"A l'affiche\",\"News\"],\"inLanguage\":\"fr-FR\"},{\"@type\":\"WebPage\",\"@id\":\"https:\/\/welovecinema.be\/fr\/cinevox-et-cannes-17-280-minutes-inside\/\",\"url\":\"https:\/\/welovecinema.be\/fr\/cinevox-et-cannes-17-280-minutes-inside\/\",\"name\":\"Cinevox et Cannes 17.280 minutes inside ! - We Love Cinema\",\"isPartOf\":{\"@id\":\"https:\/\/welovecinema.be\/nl\/#website\"},\"datePublished\":\"2012-05-17T06:23:43+00:00\",\"dateModified\":\"2012-05-16T08:20:35+00:00\",\"breadcrumb\":{\"@id\":\"https:\/\/welovecinema.be\/fr\/cinevox-et-cannes-17-280-minutes-inside\/#breadcrumb\"},\"inLanguage\":\"fr-FR\",\"potentialAction\":[{\"@type\":\"ReadAction\",\"target\":[\"https:\/\/welovecinema.be\/fr\/cinevox-et-cannes-17-280-minutes-inside\/\"]}]},{\"@type\":\"BreadcrumbList\",\"@id\":\"https:\/\/welovecinema.be\/fr\/cinevox-et-cannes-17-280-minutes-inside\/#breadcrumb\",\"itemListElement\":[{\"@type\":\"ListItem\",\"position\":1,\"name\":\"Accueil\",\"item\":\"https:\/\/welovecinema.be\/fr\/\"},{\"@type\":\"ListItem\",\"position\":2,\"name\":\"Cinevox et Cannes 17.280 minutes inside !\"}]},{\"@type\":\"WebSite\",\"@id\":\"https:\/\/welovecinema.be\/nl\/#website\",\"url\":\"https:\/\/welovecinema.be\/nl\/\",\"name\":\"We Love Cinema\",\"description\":\"Toute l\u2019information du cin\u00e9ma en Belgique\",\"publisher\":{\"@id\":\"https:\/\/welovecinema.be\/nl\/#organization\"},\"potentialAction\":[{\"@type\":\"SearchAction\",\"target\":{\"@type\":\"EntryPoint\",\"urlTemplate\":\"https:\/\/welovecinema.be\/nl\/?s={search_term_string}\"},\"query-input\":\"required name=search_term_string\"}],\"inLanguage\":\"fr-FR\"},{\"@type\":\"Organization\",\"@id\":\"https:\/\/welovecinema.be\/nl\/#organization\",\"name\":\"We Love Cinema\",\"url\":\"https:\/\/welovecinema.be\/nl\/\",\"logo\":{\"@type\":\"ImageObject\",\"inLanguage\":\"fr-FR\",\"@id\":\"https:\/\/welovecinema.be\/nl\/#\/schema\/logo\/image\/\",\"url\":\"https:\/\/welovecinema.be\/wp-content\/uploads\/sites\/2\/2023\/03\/Logo-We-Love-Cinema305x128.jpg\",\"contentUrl\":\"https:\/\/welovecinema.be\/wp-content\/uploads\/sites\/2\/2023\/03\/Logo-We-Love-Cinema305x128.jpg\",\"width\":305,\"height\":128,\"caption\":\"We Love Cinema\"},\"image\":{\"@id\":\"https:\/\/welovecinema.be\/nl\/#\/schema\/logo\/image\/\"},\"sameAs\":[\"https:\/\/www.facebook.com\/welovecinema.be\",\"https:\/\/www.youtube.com\/channel\/UCX5LYGVhnKvYauW4Nta4HJA\",\"https:\/\/www.instagram.com\/welovecinema.be\/\"]},{\"@type\":\"Person\",\"@id\":\"https:\/\/welovecinema.be\/nl\/#\/schema\/person\/4b9b1d857f0943453a38a7c2859ef756\",\"name\":\"Philippe.Pierquin\",\"url\":\"https:\/\/welovecinema.be\/fr\/author\/philippe-pierquin\/\"}]}<\/script>\n<!-- \/ Yoast SEO plugin. -->","yoast_head_json":{"title":"Cinevox et Cannes  17.280 minutes inside ! - We Love Cinema","robots":{"index":"index","follow":"follow","max-snippet":"max-snippet:-1","max-image-preview":"max-image-preview:large","max-video-preview":"max-video-preview:-1"},"canonical":"https:\/\/welovecinema.be\/fr\/cinevox-et-cannes-17-280-minutes-inside\/","og_locale":"fr_FR","og_type":"article","og_title":"Cinevox et Cannes  17.280 minutes inside ! - We Love Cinema","og_description":"Pour son deuxi\u00e8me festival de Cannes, Cinevox a tout mis en \u0153uvre pour\u00a0 vous offrir une couverture originale et tr\u00e8s compl\u00e8te. Intensit\u00e9 maximale pendant onze jours. \u00a0Elle se focalisera sur les films belges, bien s\u00fbr, mais aussi sur l&rsquo;odyss\u00e9e cannoise de quelques-uns de nos repr\u00e9sentants les plus enthousiastes.","og_url":"https:\/\/welovecinema.be\/fr\/cinevox-et-cannes-17-280-minutes-inside\/","og_site_name":"We Love Cinema","article_publisher":"https:\/\/www.facebook.com\/welovecinema.be","article_published_time":"2012-05-17T06:23:43+00:00","article_modified_time":"2012-05-16T08:20:35+00:00","og_image":[{"width":"906","height":"478","url":"https:\/\/welovecinema.be\/wp-content\/uploads\/sites\/2\/2012\/05\/179976_3704779851529_1036490916_32549095_75572376_n.jpg","type":"image\/jpeg"}],"author":"Philippe.Pierquin","twitter_card":"summary_large_image","twitter_misc":{"\u00c9crit par":"Philippe.Pierquin","Dur\u00e9e de lecture estim\u00e9e":"3 minutes"},"schema":{"@context":"https:\/\/schema.org","@graph":[{"@type":"Article","@id":"https:\/\/welovecinema.be\/fr\/cinevox-et-cannes-17-280-minutes-inside\/#article","isPartOf":{"@id":"https:\/\/welovecinema.be\/fr\/cinevox-et-cannes-17-280-minutes-inside\/"},"author":{"name":"Philippe.Pierquin","@id":"https:\/\/welovecinema.be\/nl\/#\/schema\/person\/4b9b1d857f0943453a38a7c2859ef756"},"headline":"Cinevox et Cannes 17.280 minutes inside !","datePublished":"2012-05-17T06:23:43+00:00","dateModified":"2012-05-16T08:20:35+00:00","mainEntityOfPage":{"@id":"https:\/\/welovecinema.be\/fr\/cinevox-et-cannes-17-280-minutes-inside\/"},"wordCount":547,"publisher":{"@id":"https:\/\/welovecinema.be\/nl\/#organization"},"articleSection":["A l'affiche","News"],"inLanguage":"fr-FR"},{"@type":"WebPage","@id":"https:\/\/welovecinema.be\/fr\/cinevox-et-cannes-17-280-minutes-inside\/","url":"https:\/\/welovecinema.be\/fr\/cinevox-et-cannes-17-280-minutes-inside\/","name":"Cinevox et Cannes 17.280 minutes inside ! - We Love Cinema","isPartOf":{"@id":"https:\/\/welovecinema.be\/nl\/#website"},"datePublished":"2012-05-17T06:23:43+00:00","dateModified":"2012-05-16T08:20:35+00:00","breadcrumb":{"@id":"https:\/\/welovecinema.be\/fr\/cinevox-et-cannes-17-280-minutes-inside\/#breadcrumb"},"inLanguage":"fr-FR","potentialAction":[{"@type":"ReadAction","target":["https:\/\/welovecinema.be\/fr\/cinevox-et-cannes-17-280-minutes-inside\/"]}]},{"@type":"BreadcrumbList","@id":"https:\/\/welovecinema.be\/fr\/cinevox-et-cannes-17-280-minutes-inside\/#breadcrumb","itemListElement":[{"@type":"ListItem","position":1,"name":"Accueil","item":"https:\/\/welovecinema.be\/fr\/"},{"@type":"ListItem","position":2,"name":"Cinevox et Cannes 17.280 minutes inside !"}]},{"@type":"WebSite","@id":"https:\/\/welovecinema.be\/nl\/#website","url":"https:\/\/welovecinema.be\/nl\/","name":"We Love Cinema","description":"Toute l\u2019information du cin\u00e9ma en Belgique","publisher":{"@id":"https:\/\/welovecinema.be\/nl\/#organization"},"potentialAction":[{"@type":"SearchAction","target":{"@type":"EntryPoint","urlTemplate":"https:\/\/welovecinema.be\/nl\/?s={search_term_string}"},"query-input":"required name=search_term_string"}],"inLanguage":"fr-FR"},{"@type":"Organization","@id":"https:\/\/welovecinema.be\/nl\/#organization","name":"We Love Cinema","url":"https:\/\/welovecinema.be\/nl\/","logo":{"@type":"ImageObject","inLanguage":"fr-FR","@id":"https:\/\/welovecinema.be\/nl\/#\/schema\/logo\/image\/","url":"https:\/\/welovecinema.be\/wp-content\/uploads\/sites\/2\/2023\/03\/Logo-We-Love-Cinema305x128.jpg","contentUrl":"https:\/\/welovecinema.be\/wp-content\/uploads\/sites\/2\/2023\/03\/Logo-We-Love-Cinema305x128.jpg","width":305,"height":128,"caption":"We Love Cinema"},"image":{"@id":"https:\/\/welovecinema.be\/nl\/#\/schema\/logo\/image\/"},"sameAs":["https:\/\/www.facebook.com\/welovecinema.be","https:\/\/www.youtube.com\/channel\/UCX5LYGVhnKvYauW4Nta4HJA","https:\/\/www.instagram.com\/welovecinema.be\/"]},{"@type":"Person","@id":"https:\/\/welovecinema.be\/nl\/#\/schema\/person\/4b9b1d857f0943453a38a7c2859ef756","name":"Philippe.Pierquin","url":"https:\/\/welovecinema.be\/fr\/author\/philippe-pierquin\/"}]}},"_links":{"self":[{"href":"https:\/\/welovecinema.be\/fr\/wp-json\/wp\/v2\/posts\/20866","targetHints":{"allow":["GET"]}}],"collection":[{"href":"https:\/\/welovecinema.be\/fr\/wp-json\/wp\/v2\/posts"}],"about":[{"href":"https:\/\/welovecinema.be\/fr\/wp-json\/wp\/v2\/types\/post"}],"author":[{"embeddable":true,"href":"https:\/\/welovecinema.be\/fr\/wp-json\/wp\/v2\/users\/7"}],"replies":[{"embeddable":true,"href":"https:\/\/welovecinema.be\/fr\/wp-json\/wp\/v2\/comments?post=20866"}],"version-history":[{"count":0,"href":"https:\/\/welovecinema.be\/fr\/wp-json\/wp\/v2\/posts\/20866\/revisions"}],"wp:featuredmedia":[{"embeddable":true,"href":"https:\/\/welovecinema.be\/fr\/wp-json\/wp\/v2\/media\/20916"}],"wp:attachment":[{"href":"https:\/\/welovecinema.be\/fr\/wp-json\/wp\/v2\/media?parent=20866"}],"wp:term":[{"taxonomy":"category","embeddable":true,"href":"https:\/\/welovecinema.be\/fr\/wp-json\/wp\/v2\/categories?post=20866"},{"taxonomy":"post_tag","embeddable":true,"href":"https:\/\/welovecinema.be\/fr\/wp-json\/wp\/v2\/tags?post=20866"}],"curies":[{"name":"wp","href":"https:\/\/api.w.org\/{rel}","templated":true}]}}