{"id":208336,"date":"2018-03-16T11:27:34","date_gmt":"2018-03-16T10:27:34","guid":{"rendered":"http:\/\/www.cinevox.be\/?p=208336"},"modified":"2018-03-21T17:45:57","modified_gmt":"2018-03-21T16:45:57","slug":"francois-vincentelli-a-deux-amours","status":"publish","type":"post","link":"https:\/\/welovecinema.be\/fr\/francois-vincentelli-a-deux-amours\/","title":{"rendered":"Fran\u00e7ois Vincentelli a deux amours&#8230;"},"content":{"rendered":"<p><strong>Fran\u00e7ois Vincentelli m\u00e8ne le trio amoureux pop et moderne de <em>J&rsquo;ai deux amours<\/em>, la nouvelle mini-s\u00e9rie et com\u00e9die romantique d&rsquo;Arte d\u00e9sormais disponible!<\/strong><\/p>\n<p>On le dit et on le redit: les acteurs belges ont plus que jamais le vent en poupe \u00e0 la t\u00e9l\u00e9 fran\u00e7aise! Astrid Whettnall, Patrick R\u00e9simont, Jean-Luc Couchard et Erika Sainte \u00e0 l&rsquo;affiche de <em>Baron Noir<\/em> saison 2 actuellement diffus\u00e9 sur Be TV, la m\u00eame Erika Sainte que l&rsquo;on attend bient\u00f4t dans l&rsquo;adaptation des <em>Rivi\u00e8res Pourpres<\/em> avec Lubna Azabal que l&rsquo;on verra bient\u00f4t dans <em>Nox<\/em>,\u00a0 et Guillaume Kerbusch, Jonathan Zacca\u00ef et Pauline Etienne dans <em>Le Bureau des L\u00e9gendes<\/em>, Natacha R\u00e9gnier dans <em>Les Bracelets Rouges<\/em> ET <em>Marseille<\/em>,, et bient\u00f4t Marie Gillain dans <em>Speakerine<\/em>, Jean-Henri Comp\u00e8re, Tania Garbarski et Charlie Dupont dans <em>Papa ou maman&#8230;\u00a0<\/em><\/p>\n<p>C&rsquo;est sur Arte que l&rsquo;on retrouve donc le com\u00e9dien belge Fran\u00e7ois Vincentelli (vu r\u00e9cemment dans <em>Les Chamoi<\/em>s aux c\u00f4t\u00e9s de St\u00e9phanie Crayencour), h\u00e9ros de <em>J&rsquo;ai deux amours<\/em>, mini-s\u00e9rie romantique o\u00f9 l&rsquo;on suit les h\u00e9sitations d&rsquo;Hector.\u00a0A 40 ans, il vient de retrouver Louise, son premier amour d\u2019adolescence et d\u2019en tomber \u00e0 nouveau amoureux. Mais il est en couple avec J\u00e9r\u00e9mie, qu\u2019il aime depuis de nombreuses ann\u00e9es. Ensemble, ils ont un projet d\u2019enfant\u2026 Toutes les certitudes d\u2019Hector sont boulevers\u00e9es. Bient\u00f4t, il comprend qu\u2019entre ses deux amours, il ne veut pas choisir. Combien de temps pourra-t-il garder le secret de sa double vie qui le rend heureux et l\u2019oppresse \u00e0 la fois ?<\/p>\n<p><img loading=\"lazy\" decoding=\"async\" class=\"alignnone size-large wp-image-208339\" src=\"http:\/\/www.cinevox.be\/wp-content\/uploads\/sites\/2\/2018\/03\/ob_4aaba0_jai-deux-amours-800x581.jpg\" alt=\"\" width=\"618\" height=\"449\" srcset=\"https:\/\/welovecinema.be\/wp-content\/uploads\/sites\/2\/2018\/03\/ob_4aaba0_jai-deux-amours.jpg 800w, https:\/\/welovecinema.be\/wp-content\/uploads\/sites\/2\/2018\/03\/ob_4aaba0_jai-deux-amours-372x270.jpg 372w, https:\/\/welovecinema.be\/wp-content\/uploads\/sites\/2\/2018\/03\/ob_4aaba0_jai-deux-amours-768x558.jpg 768w, https:\/\/welovecinema.be\/wp-content\/uploads\/sites\/2\/2018\/03\/ob_4aaba0_jai-deux-amours-100x72.jpg 100w\" sizes=\"auto, (max-width: 618px) 100vw, 618px\" \/><\/p>\n<p>Une s\u00e9rie pop et fra\u00eeche sur un trio amoureux un peu d\u00e9jant\u00e9, entre m\u00e9nage \u00e0 trois, polyamour, homoparentalit\u00e9 et bisexualit\u00e9&#8230; Les moeurs changent, et la t\u00e9l\u00e9 aussi. Au casting, on retrouve \u00e9galement la com\u00e9dienne Catherine Sal\u00e9e, en p\u00e9tillante coll\u00e8gue du h\u00e9ros, qui s&rsquo;offre une belle sc\u00e8ne d&rsquo;ouverture!<\/p>\n<p><img loading=\"lazy\" decoding=\"async\" class=\"alignnone wp-image-208338 size-medium\" src=\"http:\/\/www.cinevox.be\/wp-content\/uploads\/sites\/2\/2018\/03\/CatherineSaleeJaiDeuxAmours-392x270.jpg\" alt=\"\" width=\"392\" height=\"270\" srcset=\"https:\/\/welovecinema.be\/wp-content\/uploads\/sites\/2\/2018\/03\/CatherineSaleeJaiDeuxAmours-392x270.jpg 392w, https:\/\/welovecinema.be\/wp-content\/uploads\/sites\/2\/2018\/03\/CatherineSaleeJaiDeuxAmours-768x528.jpg 768w, https:\/\/welovecinema.be\/wp-content\/uploads\/sites\/2\/2018\/03\/CatherineSaleeJaiDeuxAmours-800x550.jpg 800w, https:\/\/welovecinema.be\/wp-content\/uploads\/sites\/2\/2018\/03\/CatherineSaleeJaiDeuxAmours-110x75.jpg 110w, https:\/\/welovecinema.be\/wp-content\/uploads\/sites\/2\/2018\/03\/CatherineSaleeJaiDeuxAmours.jpg 955w\" sizes=\"auto, (max-width: 392px) 100vw, 392px\" \/><\/p>\n<p>Et vous savez quoi? Les trois \u00e9pisodes sont visibles jusqu&rsquo;au 20 avril prochain <a href=\"https:\/\/www.arte.tv\/player\/v3\/index.php?json_url=https%3A%2F%2Fapi.arte.tv%2Fapi%2Fplayer%2Fv1%2Fconfig%2Ffr%2F072396-001-A%3Fautostart%3D1%26lifeCycle%3D1&amp;config=arte_nude&amp;lang=fr_FR\">sur le site d&rsquo;Arte<\/a>.<\/p>\n<div class=\"stats-numbers-row stats-numbers-seriespage\">\n<div class=\"stats-numbers-row-item\"><\/div>\n<\/div>\n","protected":false},"excerpt":{"rendered":"<p>Fran\u00e7ois Vincentelli m\u00e8ne le trio amoureux pop et moderne de J&rsquo;ai deux amours, la nouvelle mini-s\u00e9rie et com\u00e9die romantique d&rsquo;Arte d\u00e9sormais disponible! On le dit et on le redit: les acteurs belges ont plus que jamais le vent en poupe \u00e0 la t\u00e9l\u00e9 fran\u00e7aise! Astrid Whettnall, Patrick R\u00e9simont, Jean-Luc Couchard et Erika Sainte \u00e0 l&rsquo;affiche &hellip;<\/p>\n","protected":false},"author":343,"featured_media":208337,"comment_status":"closed","ping_status":"closed","sticky":false,"template":"","format":"standard","meta":{"ngg_post_thumbnail":0,"footnotes":""},"categories":[14],"tags":[3331],"class_list":["post-208336","post","type-post","status-publish","format-standard","has-post-thumbnail","","category-home-cinema","tag-francois-vincentelli"],"yoast_head":"<!-- This site is optimized with the Yoast SEO plugin v20.4 - https:\/\/yoast.com\/wordpress\/plugins\/seo\/ -->\n<title>Fran\u00e7ois Vincentelli a deux amours... - We Love Cinema<\/title>\n<meta name=\"robots\" content=\"index, follow, max-snippet:-1, max-image-preview:large, max-video-preview:-1\" \/>\n<link rel=\"canonical\" href=\"https:\/\/welovecinema.be\/fr\/francois-vincentelli-a-deux-amours\/\" \/>\n<meta property=\"og:locale\" content=\"fr_FR\" \/>\n<meta property=\"og:type\" content=\"article\" \/>\n<meta property=\"og:title\" content=\"Fran\u00e7ois Vincentelli a deux amours... - We Love Cinema\" \/>\n<meta property=\"og:description\" content=\"Fran\u00e7ois Vincentelli m\u00e8ne le trio amoureux pop et moderne de J&rsquo;ai deux amours, la nouvelle mini-s\u00e9rie et com\u00e9die romantique d&rsquo;Arte d\u00e9sormais disponible! On le dit et on le redit: les acteurs belges ont plus que jamais le vent en poupe \u00e0 la t\u00e9l\u00e9 fran\u00e7aise! Astrid Whettnall, Patrick R\u00e9simont, Jean-Luc Couchard et Erika Sainte \u00e0 l&rsquo;affiche &hellip;\" \/>\n<meta property=\"og:url\" content=\"https:\/\/welovecinema.be\/fr\/francois-vincentelli-a-deux-amours\/\" \/>\n<meta property=\"og:site_name\" content=\"We Love Cinema\" \/>\n<meta property=\"article:publisher\" content=\"https:\/\/www.facebook.com\/welovecinema.be\" \/>\n<meta property=\"article:published_time\" content=\"2018-03-16T10:27:34+00:00\" \/>\n<meta property=\"article:modified_time\" content=\"2018-03-21T16:45:57+00:00\" \/>\n<meta property=\"og:image\" content=\"https:\/\/welovecinema.be\/wp-content\/uploads\/sites\/2\/2018\/03\/JaiDeuxAmours.jpg\" \/>\n\t<meta property=\"og:image:width\" content=\"2040\" \/>\n\t<meta property=\"og:image:height\" content=\"1215\" \/>\n\t<meta property=\"og:image:type\" content=\"image\/jpeg\" \/>\n<meta name=\"author\" content=\"Aurore Engelen\" \/>\n<meta name=\"twitter:card\" content=\"summary_large_image\" \/>\n<meta name=\"twitter:label1\" content=\"\u00c9crit par\" \/>\n\t<meta name=\"twitter:data1\" content=\"Aurore Engelen\" \/>\n\t<meta name=\"twitter:label2\" content=\"Dur\u00e9e de lecture estim\u00e9e\" \/>\n\t<meta name=\"twitter:data2\" content=\"2 minutes\" \/>\n<script type=\"application\/ld+json\" class=\"yoast-schema-graph\">{\"@context\":\"https:\/\/schema.org\",\"@graph\":[{\"@type\":\"Article\",\"@id\":\"https:\/\/welovecinema.be\/fr\/francois-vincentelli-a-deux-amours\/#article\",\"isPartOf\":{\"@id\":\"https:\/\/welovecinema.be\/fr\/francois-vincentelli-a-deux-amours\/\"},\"author\":{\"name\":\"Aurore Engelen\",\"@id\":\"https:\/\/welovecinema.be\/nl\/#\/schema\/person\/8084b68c6b176142d073695c654dc7cf\"},\"headline\":\"Fran\u00e7ois Vincentelli a deux amours&#8230;\",\"datePublished\":\"2018-03-16T10:27:34+00:00\",\"dateModified\":\"2018-03-21T16:45:57+00:00\",\"mainEntityOfPage\":{\"@id\":\"https:\/\/welovecinema.be\/fr\/francois-vincentelli-a-deux-amours\/\"},\"wordCount\":360,\"publisher\":{\"@id\":\"https:\/\/welovecinema.be\/nl\/#organization\"},\"keywords\":[\"Fran\u00e7ois Vincentelli\"],\"articleSection\":[\"Plateau t\u00e9l\u00e9\"],\"inLanguage\":\"fr-FR\"},{\"@type\":\"WebPage\",\"@id\":\"https:\/\/welovecinema.be\/fr\/francois-vincentelli-a-deux-amours\/\",\"url\":\"https:\/\/welovecinema.be\/fr\/francois-vincentelli-a-deux-amours\/\",\"name\":\"Fran\u00e7ois Vincentelli a deux amours... - We Love Cinema\",\"isPartOf\":{\"@id\":\"https:\/\/welovecinema.be\/nl\/#website\"},\"datePublished\":\"2018-03-16T10:27:34+00:00\",\"dateModified\":\"2018-03-21T16:45:57+00:00\",\"breadcrumb\":{\"@id\":\"https:\/\/welovecinema.be\/fr\/francois-vincentelli-a-deux-amours\/#breadcrumb\"},\"inLanguage\":\"fr-FR\",\"potentialAction\":[{\"@type\":\"ReadAction\",\"target\":[\"https:\/\/welovecinema.be\/fr\/francois-vincentelli-a-deux-amours\/\"]}]},{\"@type\":\"BreadcrumbList\",\"@id\":\"https:\/\/welovecinema.be\/fr\/francois-vincentelli-a-deux-amours\/#breadcrumb\",\"itemListElement\":[{\"@type\":\"ListItem\",\"position\":1,\"name\":\"Accueil\",\"item\":\"https:\/\/welovecinema.be\/fr\/\"},{\"@type\":\"ListItem\",\"position\":2,\"name\":\"Fran\u00e7ois Vincentelli a deux amours&#8230;\"}]},{\"@type\":\"WebSite\",\"@id\":\"https:\/\/welovecinema.be\/nl\/#website\",\"url\":\"https:\/\/welovecinema.be\/nl\/\",\"name\":\"We Love Cinema\",\"description\":\"Toute l\u2019information du cin\u00e9ma en Belgique\",\"publisher\":{\"@id\":\"https:\/\/welovecinema.be\/nl\/#organization\"},\"potentialAction\":[{\"@type\":\"SearchAction\",\"target\":{\"@type\":\"EntryPoint\",\"urlTemplate\":\"https:\/\/welovecinema.be\/nl\/?s={search_term_string}\"},\"query-input\":\"required name=search_term_string\"}],\"inLanguage\":\"fr-FR\"},{\"@type\":\"Organization\",\"@id\":\"https:\/\/welovecinema.be\/nl\/#organization\",\"name\":\"We Love Cinema\",\"url\":\"https:\/\/welovecinema.be\/nl\/\",\"logo\":{\"@type\":\"ImageObject\",\"inLanguage\":\"fr-FR\",\"@id\":\"https:\/\/welovecinema.be\/nl\/#\/schema\/logo\/image\/\",\"url\":\"https:\/\/welovecinema.be\/wp-content\/uploads\/sites\/2\/2023\/03\/Logo-We-Love-Cinema305x128.jpg\",\"contentUrl\":\"https:\/\/welovecinema.be\/wp-content\/uploads\/sites\/2\/2023\/03\/Logo-We-Love-Cinema305x128.jpg\",\"width\":305,\"height\":128,\"caption\":\"We Love Cinema\"},\"image\":{\"@id\":\"https:\/\/welovecinema.be\/nl\/#\/schema\/logo\/image\/\"},\"sameAs\":[\"https:\/\/www.facebook.com\/welovecinema.be\",\"https:\/\/www.youtube.com\/channel\/UCX5LYGVhnKvYauW4Nta4HJA\",\"https:\/\/www.instagram.com\/welovecinema.be\/\"]},{\"@type\":\"Person\",\"@id\":\"https:\/\/welovecinema.be\/nl\/#\/schema\/person\/8084b68c6b176142d073695c654dc7cf\",\"name\":\"Aurore Engelen\",\"url\":\"https:\/\/welovecinema.be\/fr\/author\/aurore-engelen\/\"}]}<\/script>\n<!-- \/ Yoast SEO plugin. -->","yoast_head_json":{"title":"Fran\u00e7ois Vincentelli a deux amours... - We Love Cinema","robots":{"index":"index","follow":"follow","max-snippet":"max-snippet:-1","max-image-preview":"max-image-preview:large","max-video-preview":"max-video-preview:-1"},"canonical":"https:\/\/welovecinema.be\/fr\/francois-vincentelli-a-deux-amours\/","og_locale":"fr_FR","og_type":"article","og_title":"Fran\u00e7ois Vincentelli a deux amours... - We Love Cinema","og_description":"Fran\u00e7ois Vincentelli m\u00e8ne le trio amoureux pop et moderne de J&rsquo;ai deux amours, la nouvelle mini-s\u00e9rie et com\u00e9die romantique d&rsquo;Arte d\u00e9sormais disponible! On le dit et on le redit: les acteurs belges ont plus que jamais le vent en poupe \u00e0 la t\u00e9l\u00e9 fran\u00e7aise! Astrid Whettnall, Patrick R\u00e9simont, Jean-Luc Couchard et Erika Sainte \u00e0 l&rsquo;affiche &hellip;","og_url":"https:\/\/welovecinema.be\/fr\/francois-vincentelli-a-deux-amours\/","og_site_name":"We Love Cinema","article_publisher":"https:\/\/www.facebook.com\/welovecinema.be","article_published_time":"2018-03-16T10:27:34+00:00","article_modified_time":"2018-03-21T16:45:57+00:00","og_image":[{"width":2040,"height":1215,"url":"https:\/\/welovecinema.be\/wp-content\/uploads\/sites\/2\/2018\/03\/JaiDeuxAmours.jpg","type":"image\/jpeg"}],"author":"Aurore Engelen","twitter_card":"summary_large_image","twitter_misc":{"\u00c9crit par":"Aurore Engelen","Dur\u00e9e de lecture estim\u00e9e":"2 minutes"},"schema":{"@context":"https:\/\/schema.org","@graph":[{"@type":"Article","@id":"https:\/\/welovecinema.be\/fr\/francois-vincentelli-a-deux-amours\/#article","isPartOf":{"@id":"https:\/\/welovecinema.be\/fr\/francois-vincentelli-a-deux-amours\/"},"author":{"name":"Aurore Engelen","@id":"https:\/\/welovecinema.be\/nl\/#\/schema\/person\/8084b68c6b176142d073695c654dc7cf"},"headline":"Fran\u00e7ois Vincentelli a deux amours&#8230;","datePublished":"2018-03-16T10:27:34+00:00","dateModified":"2018-03-21T16:45:57+00:00","mainEntityOfPage":{"@id":"https:\/\/welovecinema.be\/fr\/francois-vincentelli-a-deux-amours\/"},"wordCount":360,"publisher":{"@id":"https:\/\/welovecinema.be\/nl\/#organization"},"keywords":["Fran\u00e7ois Vincentelli"],"articleSection":["Plateau t\u00e9l\u00e9"],"inLanguage":"fr-FR"},{"@type":"WebPage","@id":"https:\/\/welovecinema.be\/fr\/francois-vincentelli-a-deux-amours\/","url":"https:\/\/welovecinema.be\/fr\/francois-vincentelli-a-deux-amours\/","name":"Fran\u00e7ois Vincentelli a deux amours... - We Love Cinema","isPartOf":{"@id":"https:\/\/welovecinema.be\/nl\/#website"},"datePublished":"2018-03-16T10:27:34+00:00","dateModified":"2018-03-21T16:45:57+00:00","breadcrumb":{"@id":"https:\/\/welovecinema.be\/fr\/francois-vincentelli-a-deux-amours\/#breadcrumb"},"inLanguage":"fr-FR","potentialAction":[{"@type":"ReadAction","target":["https:\/\/welovecinema.be\/fr\/francois-vincentelli-a-deux-amours\/"]}]},{"@type":"BreadcrumbList","@id":"https:\/\/welovecinema.be\/fr\/francois-vincentelli-a-deux-amours\/#breadcrumb","itemListElement":[{"@type":"ListItem","position":1,"name":"Accueil","item":"https:\/\/welovecinema.be\/fr\/"},{"@type":"ListItem","position":2,"name":"Fran\u00e7ois Vincentelli a deux amours&#8230;"}]},{"@type":"WebSite","@id":"https:\/\/welovecinema.be\/nl\/#website","url":"https:\/\/welovecinema.be\/nl\/","name":"We Love Cinema","description":"Toute l\u2019information du cin\u00e9ma en Belgique","publisher":{"@id":"https:\/\/welovecinema.be\/nl\/#organization"},"potentialAction":[{"@type":"SearchAction","target":{"@type":"EntryPoint","urlTemplate":"https:\/\/welovecinema.be\/nl\/?s={search_term_string}"},"query-input":"required name=search_term_string"}],"inLanguage":"fr-FR"},{"@type":"Organization","@id":"https:\/\/welovecinema.be\/nl\/#organization","name":"We Love Cinema","url":"https:\/\/welovecinema.be\/nl\/","logo":{"@type":"ImageObject","inLanguage":"fr-FR","@id":"https:\/\/welovecinema.be\/nl\/#\/schema\/logo\/image\/","url":"https:\/\/welovecinema.be\/wp-content\/uploads\/sites\/2\/2023\/03\/Logo-We-Love-Cinema305x128.jpg","contentUrl":"https:\/\/welovecinema.be\/wp-content\/uploads\/sites\/2\/2023\/03\/Logo-We-Love-Cinema305x128.jpg","width":305,"height":128,"caption":"We Love Cinema"},"image":{"@id":"https:\/\/welovecinema.be\/nl\/#\/schema\/logo\/image\/"},"sameAs":["https:\/\/www.facebook.com\/welovecinema.be","https:\/\/www.youtube.com\/channel\/UCX5LYGVhnKvYauW4Nta4HJA","https:\/\/www.instagram.com\/welovecinema.be\/"]},{"@type":"Person","@id":"https:\/\/welovecinema.be\/nl\/#\/schema\/person\/8084b68c6b176142d073695c654dc7cf","name":"Aurore Engelen","url":"https:\/\/welovecinema.be\/fr\/author\/aurore-engelen\/"}]}},"_links":{"self":[{"href":"https:\/\/welovecinema.be\/fr\/wp-json\/wp\/v2\/posts\/208336","targetHints":{"allow":["GET"]}}],"collection":[{"href":"https:\/\/welovecinema.be\/fr\/wp-json\/wp\/v2\/posts"}],"about":[{"href":"https:\/\/welovecinema.be\/fr\/wp-json\/wp\/v2\/types\/post"}],"author":[{"embeddable":true,"href":"https:\/\/welovecinema.be\/fr\/wp-json\/wp\/v2\/users\/343"}],"replies":[{"embeddable":true,"href":"https:\/\/welovecinema.be\/fr\/wp-json\/wp\/v2\/comments?post=208336"}],"version-history":[{"count":0,"href":"https:\/\/welovecinema.be\/fr\/wp-json\/wp\/v2\/posts\/208336\/revisions"}],"wp:featuredmedia":[{"embeddable":true,"href":"https:\/\/welovecinema.be\/fr\/wp-json\/wp\/v2\/media\/208337"}],"wp:attachment":[{"href":"https:\/\/welovecinema.be\/fr\/wp-json\/wp\/v2\/media?parent=208336"}],"wp:term":[{"taxonomy":"category","embeddable":true,"href":"https:\/\/welovecinema.be\/fr\/wp-json\/wp\/v2\/categories?post=208336"},{"taxonomy":"post_tag","embeddable":true,"href":"https:\/\/welovecinema.be\/fr\/wp-json\/wp\/v2\/tags?post=208336"}],"curies":[{"name":"wp","href":"https:\/\/api.w.org\/{rel}","templated":true}]}}