{"id":208215,"date":"2018-03-13T10:19:09","date_gmt":"2018-03-13T09:19:09","guid":{"rendered":"http:\/\/www.cinevox.be\/?p=208215"},"modified":"2018-03-14T09:48:20","modified_gmt":"2018-03-14T08:48:20","slug":"guerin-van-de-vorst-lindomptable-chez-lhomme","status":"publish","type":"post","link":"https:\/\/welovecinema.be\/fr\/guerin-van-de-vorst-lindomptable-chez-lhomme\/","title":{"rendered":"Gu\u00e9rin Van de Vorst: \u00ab\u00a0l&rsquo;indomptable chez l&rsquo;homme\u00a0\u00bb"},"content":{"rendered":"<p><strong><a href=\"http:\/\/www.cinevox.be\/fr\/part-sauvage-portrait-dune-fragile-reinsertion\/\"><em>La Part Sauvage<\/em><\/a>, son premier long m\u00e9trage, sort ce mercredi 14 mars dans les salles belges.\u00a0Un film fort et subtil \u00e0 la fois sur la difficile r\u00e9insertion d\u2019un jeune ex-d\u00e9tenu en rupture avec la soci\u00e9t\u00e9, qui se d\u00e9couvre p\u00e8re. Retour sur le tournage du film avec le r\u00e9alisateur Gu\u00e9rin Van de Vorst, qui se confie notamment sur la gen\u00e8se du projet, ses motivations, et son casting.\u00a0\u00a0<\/strong><\/p>\n<h4>P\u00e8re et transgressif?<\/h4>\n<p><iframe loading=\"lazy\" title=\"La g\u00e9n\u00e8se de &quot;La Part Sauvage&quot;\" width=\"618\" height=\"348\" src=\"https:\/\/www.youtube.com\/embed\/sMGf4tklqdw?feature=oembed\" frameborder=\"0\" allow=\"accelerometer; autoplay; clipboard-write; encrypted-media; gyroscope; picture-in-picture; web-share\" referrerpolicy=\"strict-origin-when-cross-origin\" allowfullscreen><\/iframe><\/p>\n<h4>Vincent Rottiers, l&rsquo;acteur id\u00e9al<\/h4>\n<p><iframe loading=\"lazy\" title=\"Le casting de &quot;La Part Sauvage&quot;\" width=\"618\" height=\"348\" src=\"https:\/\/www.youtube.com\/embed\/bB7IbMQQqLI?feature=oembed\" frameborder=\"0\" allow=\"accelerometer; autoplay; clipboard-write; encrypted-media; gyroscope; picture-in-picture; web-share\" referrerpolicy=\"strict-origin-when-cross-origin\" allowfullscreen><\/iframe><\/p>\n<h4>Filmer mon quartier, Molenbeek, et sa cin\u00e9g\u00e9nie<\/h4>\n<p><iframe loading=\"lazy\" title=\"Pourquoi tourner \u00e0 Molenbeek?\" width=\"618\" height=\"348\" src=\"https:\/\/www.youtube.com\/embed\/DVEdk5Njhu0?feature=oembed\" frameborder=\"0\" allow=\"accelerometer; autoplay; clipboard-write; encrypted-media; gyroscope; picture-in-picture; web-share\" referrerpolicy=\"strict-origin-when-cross-origin\" allowfullscreen><\/iframe><\/p>\n<h4>Dompter sa part sauvage?<\/h4>\n<p><iframe loading=\"lazy\" title=\"Notre &quot;part sauvage&quot;\" width=\"618\" height=\"348\" src=\"https:\/\/www.youtube.com\/embed\/prw6lC30dR4?feature=oembed\" frameborder=\"0\" allow=\"accelerometer; autoplay; clipboard-write; encrypted-media; gyroscope; picture-in-picture; web-share\" referrerpolicy=\"strict-origin-when-cross-origin\" allowfullscreen><\/iframe><\/p>\n<p>&nbsp;<\/p>\n","protected":false},"excerpt":{"rendered":"<p>La Part Sauvage, son premier long m\u00e9trage, sort ce mercredi 14 mars dans les salles belges.\u00a0Un film fort et subtil \u00e0 la fois sur la difficile r\u00e9insertion d\u2019un jeune ex-d\u00e9tenu en rupture avec la soci\u00e9t\u00e9, qui se d\u00e9couvre p\u00e8re. Retour sur le tournage du film avec le r\u00e9alisateur Gu\u00e9rin Van de Vorst, qui se confie &hellip;<\/p>\n","protected":false},"author":343,"featured_media":208220,"comment_status":"closed","ping_status":"closed","sticky":false,"template":"","format":"standard","meta":{"ngg_post_thumbnail":0,"footnotes":""},"categories":[1978],"tags":[2718,2717],"class_list":["post-208215","post","type-post","status-publish","format-standard","has-post-thumbnail","","category-interviews","tag-guerin-van-de-vorst","tag-la-part-sauvage"],"yoast_head":"<!-- This site is optimized with the Yoast SEO plugin v20.4 - https:\/\/yoast.com\/wordpress\/plugins\/seo\/ -->\n<title>Gu\u00e9rin Van de Vorst: &quot;l&#039;indomptable chez l&#039;homme&quot; - We Love Cinema<\/title>\n<meta name=\"robots\" content=\"index, follow, max-snippet:-1, max-image-preview:large, max-video-preview:-1\" \/>\n<link rel=\"canonical\" href=\"https:\/\/welovecinema.be\/fr\/guerin-van-de-vorst-lindomptable-chez-lhomme\/\" \/>\n<meta property=\"og:locale\" content=\"fr_FR\" \/>\n<meta property=\"og:type\" content=\"article\" \/>\n<meta property=\"og:title\" content=\"Gu\u00e9rin Van de Vorst: &quot;l&#039;indomptable chez l&#039;homme&quot; - We Love Cinema\" \/>\n<meta property=\"og:description\" content=\"La Part Sauvage, son premier long m\u00e9trage, sort ce mercredi 14 mars dans les salles belges.\u00a0Un film fort et subtil \u00e0 la fois sur la difficile r\u00e9insertion d\u2019un jeune ex-d\u00e9tenu en rupture avec la soci\u00e9t\u00e9, qui se d\u00e9couvre p\u00e8re. Retour sur le tournage du film avec le r\u00e9alisateur Gu\u00e9rin Van de Vorst, qui se confie &hellip;\" \/>\n<meta property=\"og:url\" content=\"https:\/\/welovecinema.be\/fr\/guerin-van-de-vorst-lindomptable-chez-lhomme\/\" \/>\n<meta property=\"og:site_name\" content=\"We Love Cinema\" \/>\n<meta property=\"article:publisher\" content=\"https:\/\/www.facebook.com\/welovecinema.be\" \/>\n<meta property=\"article:published_time\" content=\"2018-03-13T09:19:09+00:00\" \/>\n<meta property=\"article:modified_time\" content=\"2018-03-14T08:48:20+00:00\" \/>\n<meta property=\"og:image\" content=\"https:\/\/welovecinema.be\/wp-content\/uploads\/sites\/2\/2018\/03\/GuerinVanDeVorst.jpg\" \/>\n\t<meta property=\"og:image:width\" content=\"1779\" \/>\n\t<meta property=\"og:image:height\" content=\"1004\" \/>\n\t<meta property=\"og:image:type\" content=\"image\/jpeg\" \/>\n<meta name=\"author\" content=\"Aurore Engelen\" \/>\n<meta name=\"twitter:card\" content=\"summary_large_image\" \/>\n<meta name=\"twitter:label1\" content=\"\u00c9crit par\" \/>\n\t<meta name=\"twitter:data1\" content=\"Aurore Engelen\" \/>\n\t<meta name=\"twitter:label2\" content=\"Dur\u00e9e de lecture estim\u00e9e\" \/>\n\t<meta name=\"twitter:data2\" content=\"1 minute\" \/>\n<script type=\"application\/ld+json\" class=\"yoast-schema-graph\">{\"@context\":\"https:\/\/schema.org\",\"@graph\":[{\"@type\":\"Article\",\"@id\":\"https:\/\/welovecinema.be\/fr\/guerin-van-de-vorst-lindomptable-chez-lhomme\/#article\",\"isPartOf\":{\"@id\":\"https:\/\/welovecinema.be\/fr\/guerin-van-de-vorst-lindomptable-chez-lhomme\/\"},\"author\":{\"name\":\"Aurore Engelen\",\"@id\":\"https:\/\/welovecinema.be\/nl\/#\/schema\/person\/8084b68c6b176142d073695c654dc7cf\"},\"headline\":\"Gu\u00e9rin Van de Vorst: \u00ab\u00a0l&rsquo;indomptable chez l&rsquo;homme\u00a0\u00bb\",\"datePublished\":\"2018-03-13T09:19:09+00:00\",\"dateModified\":\"2018-03-14T08:48:20+00:00\",\"mainEntityOfPage\":{\"@id\":\"https:\/\/welovecinema.be\/fr\/guerin-van-de-vorst-lindomptable-chez-lhomme\/\"},\"wordCount\":130,\"publisher\":{\"@id\":\"https:\/\/welovecinema.be\/nl\/#organization\"},\"keywords\":[\"Gu\u00e9rin van de Vorst\",\"La Part Sauvage\"],\"articleSection\":[\"Rencontres\"],\"inLanguage\":\"fr-FR\"},{\"@type\":\"WebPage\",\"@id\":\"https:\/\/welovecinema.be\/fr\/guerin-van-de-vorst-lindomptable-chez-lhomme\/\",\"url\":\"https:\/\/welovecinema.be\/fr\/guerin-van-de-vorst-lindomptable-chez-lhomme\/\",\"name\":\"Gu\u00e9rin Van de Vorst: \\\"l'indomptable chez l'homme\\\" - We Love Cinema\",\"isPartOf\":{\"@id\":\"https:\/\/welovecinema.be\/nl\/#website\"},\"datePublished\":\"2018-03-13T09:19:09+00:00\",\"dateModified\":\"2018-03-14T08:48:20+00:00\",\"breadcrumb\":{\"@id\":\"https:\/\/welovecinema.be\/fr\/guerin-van-de-vorst-lindomptable-chez-lhomme\/#breadcrumb\"},\"inLanguage\":\"fr-FR\",\"potentialAction\":[{\"@type\":\"ReadAction\",\"target\":[\"https:\/\/welovecinema.be\/fr\/guerin-van-de-vorst-lindomptable-chez-lhomme\/\"]}]},{\"@type\":\"BreadcrumbList\",\"@id\":\"https:\/\/welovecinema.be\/fr\/guerin-van-de-vorst-lindomptable-chez-lhomme\/#breadcrumb\",\"itemListElement\":[{\"@type\":\"ListItem\",\"position\":1,\"name\":\"Accueil\",\"item\":\"https:\/\/welovecinema.be\/fr\/\"},{\"@type\":\"ListItem\",\"position\":2,\"name\":\"Gu\u00e9rin Van de Vorst: \u00ab\u00a0l&rsquo;indomptable chez l&rsquo;homme\u00a0\u00bb\"}]},{\"@type\":\"WebSite\",\"@id\":\"https:\/\/welovecinema.be\/nl\/#website\",\"url\":\"https:\/\/welovecinema.be\/nl\/\",\"name\":\"We Love Cinema\",\"description\":\"Toute l\u2019information du cin\u00e9ma en Belgique\",\"publisher\":{\"@id\":\"https:\/\/welovecinema.be\/nl\/#organization\"},\"potentialAction\":[{\"@type\":\"SearchAction\",\"target\":{\"@type\":\"EntryPoint\",\"urlTemplate\":\"https:\/\/welovecinema.be\/nl\/?s={search_term_string}\"},\"query-input\":\"required name=search_term_string\"}],\"inLanguage\":\"fr-FR\"},{\"@type\":\"Organization\",\"@id\":\"https:\/\/welovecinema.be\/nl\/#organization\",\"name\":\"We Love Cinema\",\"url\":\"https:\/\/welovecinema.be\/nl\/\",\"logo\":{\"@type\":\"ImageObject\",\"inLanguage\":\"fr-FR\",\"@id\":\"https:\/\/welovecinema.be\/nl\/#\/schema\/logo\/image\/\",\"url\":\"https:\/\/welovecinema.be\/wp-content\/uploads\/sites\/2\/2023\/03\/Logo-We-Love-Cinema305x128.jpg\",\"contentUrl\":\"https:\/\/welovecinema.be\/wp-content\/uploads\/sites\/2\/2023\/03\/Logo-We-Love-Cinema305x128.jpg\",\"width\":305,\"height\":128,\"caption\":\"We Love Cinema\"},\"image\":{\"@id\":\"https:\/\/welovecinema.be\/nl\/#\/schema\/logo\/image\/\"},\"sameAs\":[\"https:\/\/www.facebook.com\/welovecinema.be\",\"https:\/\/www.youtube.com\/channel\/UCX5LYGVhnKvYauW4Nta4HJA\",\"https:\/\/www.instagram.com\/welovecinema.be\/\"]},{\"@type\":\"Person\",\"@id\":\"https:\/\/welovecinema.be\/nl\/#\/schema\/person\/8084b68c6b176142d073695c654dc7cf\",\"name\":\"Aurore Engelen\",\"url\":\"https:\/\/welovecinema.be\/fr\/author\/aurore-engelen\/\"}]}<\/script>\n<!-- \/ Yoast SEO plugin. -->","yoast_head_json":{"title":"Gu\u00e9rin Van de Vorst: \"l'indomptable chez l'homme\" - We Love Cinema","robots":{"index":"index","follow":"follow","max-snippet":"max-snippet:-1","max-image-preview":"max-image-preview:large","max-video-preview":"max-video-preview:-1"},"canonical":"https:\/\/welovecinema.be\/fr\/guerin-van-de-vorst-lindomptable-chez-lhomme\/","og_locale":"fr_FR","og_type":"article","og_title":"Gu\u00e9rin Van de Vorst: \"l'indomptable chez l'homme\" - We Love Cinema","og_description":"La Part Sauvage, son premier long m\u00e9trage, sort ce mercredi 14 mars dans les salles belges.\u00a0Un film fort et subtil \u00e0 la fois sur la difficile r\u00e9insertion d\u2019un jeune ex-d\u00e9tenu en rupture avec la soci\u00e9t\u00e9, qui se d\u00e9couvre p\u00e8re. Retour sur le tournage du film avec le r\u00e9alisateur Gu\u00e9rin Van de Vorst, qui se confie &hellip;","og_url":"https:\/\/welovecinema.be\/fr\/guerin-van-de-vorst-lindomptable-chez-lhomme\/","og_site_name":"We Love Cinema","article_publisher":"https:\/\/www.facebook.com\/welovecinema.be","article_published_time":"2018-03-13T09:19:09+00:00","article_modified_time":"2018-03-14T08:48:20+00:00","og_image":[{"width":1779,"height":1004,"url":"https:\/\/welovecinema.be\/wp-content\/uploads\/sites\/2\/2018\/03\/GuerinVanDeVorst.jpg","type":"image\/jpeg"}],"author":"Aurore Engelen","twitter_card":"summary_large_image","twitter_misc":{"\u00c9crit par":"Aurore Engelen","Dur\u00e9e de lecture estim\u00e9e":"1 minute"},"schema":{"@context":"https:\/\/schema.org","@graph":[{"@type":"Article","@id":"https:\/\/welovecinema.be\/fr\/guerin-van-de-vorst-lindomptable-chez-lhomme\/#article","isPartOf":{"@id":"https:\/\/welovecinema.be\/fr\/guerin-van-de-vorst-lindomptable-chez-lhomme\/"},"author":{"name":"Aurore Engelen","@id":"https:\/\/welovecinema.be\/nl\/#\/schema\/person\/8084b68c6b176142d073695c654dc7cf"},"headline":"Gu\u00e9rin Van de Vorst: \u00ab\u00a0l&rsquo;indomptable chez l&rsquo;homme\u00a0\u00bb","datePublished":"2018-03-13T09:19:09+00:00","dateModified":"2018-03-14T08:48:20+00:00","mainEntityOfPage":{"@id":"https:\/\/welovecinema.be\/fr\/guerin-van-de-vorst-lindomptable-chez-lhomme\/"},"wordCount":130,"publisher":{"@id":"https:\/\/welovecinema.be\/nl\/#organization"},"keywords":["Gu\u00e9rin van de Vorst","La Part Sauvage"],"articleSection":["Rencontres"],"inLanguage":"fr-FR"},{"@type":"WebPage","@id":"https:\/\/welovecinema.be\/fr\/guerin-van-de-vorst-lindomptable-chez-lhomme\/","url":"https:\/\/welovecinema.be\/fr\/guerin-van-de-vorst-lindomptable-chez-lhomme\/","name":"Gu\u00e9rin Van de Vorst: \"l'indomptable chez l'homme\" - We Love Cinema","isPartOf":{"@id":"https:\/\/welovecinema.be\/nl\/#website"},"datePublished":"2018-03-13T09:19:09+00:00","dateModified":"2018-03-14T08:48:20+00:00","breadcrumb":{"@id":"https:\/\/welovecinema.be\/fr\/guerin-van-de-vorst-lindomptable-chez-lhomme\/#breadcrumb"},"inLanguage":"fr-FR","potentialAction":[{"@type":"ReadAction","target":["https:\/\/welovecinema.be\/fr\/guerin-van-de-vorst-lindomptable-chez-lhomme\/"]}]},{"@type":"BreadcrumbList","@id":"https:\/\/welovecinema.be\/fr\/guerin-van-de-vorst-lindomptable-chez-lhomme\/#breadcrumb","itemListElement":[{"@type":"ListItem","position":1,"name":"Accueil","item":"https:\/\/welovecinema.be\/fr\/"},{"@type":"ListItem","position":2,"name":"Gu\u00e9rin Van de Vorst: \u00ab\u00a0l&rsquo;indomptable chez l&rsquo;homme\u00a0\u00bb"}]},{"@type":"WebSite","@id":"https:\/\/welovecinema.be\/nl\/#website","url":"https:\/\/welovecinema.be\/nl\/","name":"We Love Cinema","description":"Toute l\u2019information du cin\u00e9ma en Belgique","publisher":{"@id":"https:\/\/welovecinema.be\/nl\/#organization"},"potentialAction":[{"@type":"SearchAction","target":{"@type":"EntryPoint","urlTemplate":"https:\/\/welovecinema.be\/nl\/?s={search_term_string}"},"query-input":"required name=search_term_string"}],"inLanguage":"fr-FR"},{"@type":"Organization","@id":"https:\/\/welovecinema.be\/nl\/#organization","name":"We Love Cinema","url":"https:\/\/welovecinema.be\/nl\/","logo":{"@type":"ImageObject","inLanguage":"fr-FR","@id":"https:\/\/welovecinema.be\/nl\/#\/schema\/logo\/image\/","url":"https:\/\/welovecinema.be\/wp-content\/uploads\/sites\/2\/2023\/03\/Logo-We-Love-Cinema305x128.jpg","contentUrl":"https:\/\/welovecinema.be\/wp-content\/uploads\/sites\/2\/2023\/03\/Logo-We-Love-Cinema305x128.jpg","width":305,"height":128,"caption":"We Love Cinema"},"image":{"@id":"https:\/\/welovecinema.be\/nl\/#\/schema\/logo\/image\/"},"sameAs":["https:\/\/www.facebook.com\/welovecinema.be","https:\/\/www.youtube.com\/channel\/UCX5LYGVhnKvYauW4Nta4HJA","https:\/\/www.instagram.com\/welovecinema.be\/"]},{"@type":"Person","@id":"https:\/\/welovecinema.be\/nl\/#\/schema\/person\/8084b68c6b176142d073695c654dc7cf","name":"Aurore Engelen","url":"https:\/\/welovecinema.be\/fr\/author\/aurore-engelen\/"}]}},"_links":{"self":[{"href":"https:\/\/welovecinema.be\/fr\/wp-json\/wp\/v2\/posts\/208215","targetHints":{"allow":["GET"]}}],"collection":[{"href":"https:\/\/welovecinema.be\/fr\/wp-json\/wp\/v2\/posts"}],"about":[{"href":"https:\/\/welovecinema.be\/fr\/wp-json\/wp\/v2\/types\/post"}],"author":[{"embeddable":true,"href":"https:\/\/welovecinema.be\/fr\/wp-json\/wp\/v2\/users\/343"}],"replies":[{"embeddable":true,"href":"https:\/\/welovecinema.be\/fr\/wp-json\/wp\/v2\/comments?post=208215"}],"version-history":[{"count":0,"href":"https:\/\/welovecinema.be\/fr\/wp-json\/wp\/v2\/posts\/208215\/revisions"}],"wp:featuredmedia":[{"embeddable":true,"href":"https:\/\/welovecinema.be\/fr\/wp-json\/wp\/v2\/media\/208220"}],"wp:attachment":[{"href":"https:\/\/welovecinema.be\/fr\/wp-json\/wp\/v2\/media?parent=208215"}],"wp:term":[{"taxonomy":"category","embeddable":true,"href":"https:\/\/welovecinema.be\/fr\/wp-json\/wp\/v2\/categories?post=208215"},{"taxonomy":"post_tag","embeddable":true,"href":"https:\/\/welovecinema.be\/fr\/wp-json\/wp\/v2\/tags?post=208215"}],"curies":[{"name":"wp","href":"https:\/\/api.w.org\/{rel}","templated":true}]}}