{"id":208187,"date":"2018-03-12T11:54:00","date_gmt":"2018-03-12T10:54:00","guid":{"rendered":"http:\/\/www.cinevox.be\/?p=208187"},"modified":"2018-03-12T11:55:24","modified_gmt":"2018-03-12T10:55:24","slug":"2mn-avec-baloji","status":"publish","type":"post","link":"https:\/\/welovecinema.be\/fr\/2mn-avec-baloji\/","title":{"rendered":"2mn avec&#8230; Baloji"},"content":{"rendered":"<p><strong>Rencontre furtive au d\u00e9tour d&rsquo;un couloir avec le musicien et d\u00e9sormais r\u00e9alisateur Baloji,\u00a0qui nous parle de son premier court, <em>Kaniama Show<\/em>, programm\u00e9 ce soir au cin\u00e9ma Palace (d\u00e9tails de la soir\u00e9e <a href=\"http:\/\/www.cinevox.be\/fr\/5-courts-beaux-chauds-palace\/\">ici<\/a>), mais aussi de ses projets de longs&#8230;<\/strong><\/p>\n<p>Que celui ou celle qui n&rsquo;a pas envie de voir <em>Mama Zinga<\/em> au plus vite l\u00e8ve la main!<\/p>\n","protected":false},"excerpt":{"rendered":"<p>Rencontre furtive au d\u00e9tour d&rsquo;un couloir avec le musicien et d\u00e9sormais r\u00e9alisateur Baloji,\u00a0qui nous parle de son premier court, Kaniama Show, programm\u00e9 ce soir au cin\u00e9ma Palace (d\u00e9tails de la soir\u00e9e ici), mais aussi de ses projets de longs&#8230; Que celui ou celle qui n&rsquo;a pas envie de voir Mama Zinga au plus vite l\u00e8ve &hellip;<\/p>\n","protected":false},"author":343,"featured_media":208189,"comment_status":"closed","ping_status":"closed","sticky":false,"template":"","format":"standard","meta":{"ngg_post_thumbnail":0,"footnotes":""},"categories":[1978],"tags":[376,3312],"class_list":["post-208187","post","type-post","status-publish","format-standard","has-post-thumbnail","","category-interviews","tag-baloji","tag-kaniama-show"],"yoast_head":"<!-- This site is optimized with the Yoast SEO plugin v20.4 - https:\/\/yoast.com\/wordpress\/plugins\/seo\/ -->\n<title>2mn avec... Baloji - We Love Cinema<\/title>\n<meta name=\"robots\" content=\"index, follow, max-snippet:-1, max-image-preview:large, max-video-preview:-1\" \/>\n<link rel=\"canonical\" href=\"https:\/\/welovecinema.be\/fr\/2mn-avec-baloji\/\" \/>\n<meta property=\"og:locale\" content=\"fr_FR\" \/>\n<meta property=\"og:type\" content=\"article\" \/>\n<meta property=\"og:title\" content=\"2mn avec... Baloji - We Love Cinema\" \/>\n<meta property=\"og:description\" content=\"Rencontre furtive au d\u00e9tour d&rsquo;un couloir avec le musicien et d\u00e9sormais r\u00e9alisateur Baloji,\u00a0qui nous parle de son premier court, Kaniama Show, programm\u00e9 ce soir au cin\u00e9ma Palace (d\u00e9tails de la soir\u00e9e ici), mais aussi de ses projets de longs&#8230; Que celui ou celle qui n&rsquo;a pas envie de voir Mama Zinga au plus vite l\u00e8ve &hellip;\" \/>\n<meta property=\"og:url\" content=\"https:\/\/welovecinema.be\/fr\/2mn-avec-baloji\/\" \/>\n<meta property=\"og:site_name\" content=\"We Love Cinema\" \/>\n<meta property=\"article:publisher\" content=\"https:\/\/www.facebook.com\/welovecinema.be\" \/>\n<meta property=\"article:published_time\" content=\"2018-03-12T10:54:00+00:00\" \/>\n<meta property=\"article:modified_time\" content=\"2018-03-12T10:55:24+00:00\" \/>\n<meta property=\"og:image\" content=\"https:\/\/welovecinema.be\/wp-content\/uploads\/sites\/2\/2018\/03\/BalojiKaniama.jpg\" \/>\n\t<meta property=\"og:image:width\" content=\"2400\" \/>\n\t<meta property=\"og:image:height\" content=\"1200\" \/>\n\t<meta property=\"og:image:type\" content=\"image\/jpeg\" \/>\n<meta name=\"author\" content=\"Aurore Engelen\" \/>\n<meta name=\"twitter:card\" content=\"summary_large_image\" \/>\n<meta name=\"twitter:label1\" content=\"\u00c9crit par\" \/>\n\t<meta name=\"twitter:data1\" content=\"Aurore Engelen\" \/>\n<script type=\"application\/ld+json\" class=\"yoast-schema-graph\">{\"@context\":\"https:\/\/schema.org\",\"@graph\":[{\"@type\":\"Article\",\"@id\":\"https:\/\/welovecinema.be\/fr\/2mn-avec-baloji\/#article\",\"isPartOf\":{\"@id\":\"https:\/\/welovecinema.be\/fr\/2mn-avec-baloji\/\"},\"author\":{\"name\":\"Aurore Engelen\",\"@id\":\"https:\/\/welovecinema.be\/nl\/#\/schema\/person\/8084b68c6b176142d073695c654dc7cf\"},\"headline\":\"2mn avec&#8230; Baloji\",\"datePublished\":\"2018-03-12T10:54:00+00:00\",\"dateModified\":\"2018-03-12T10:55:24+00:00\",\"mainEntityOfPage\":{\"@id\":\"https:\/\/welovecinema.be\/fr\/2mn-avec-baloji\/\"},\"wordCount\":70,\"publisher\":{\"@id\":\"https:\/\/welovecinema.be\/nl\/#organization\"},\"keywords\":[\"baloji\",\"Kaniama Show\"],\"articleSection\":[\"Rencontres\"],\"inLanguage\":\"fr-FR\"},{\"@type\":\"WebPage\",\"@id\":\"https:\/\/welovecinema.be\/fr\/2mn-avec-baloji\/\",\"url\":\"https:\/\/welovecinema.be\/fr\/2mn-avec-baloji\/\",\"name\":\"2mn avec... Baloji - We Love Cinema\",\"isPartOf\":{\"@id\":\"https:\/\/welovecinema.be\/nl\/#website\"},\"datePublished\":\"2018-03-12T10:54:00+00:00\",\"dateModified\":\"2018-03-12T10:55:24+00:00\",\"breadcrumb\":{\"@id\":\"https:\/\/welovecinema.be\/fr\/2mn-avec-baloji\/#breadcrumb\"},\"inLanguage\":\"fr-FR\",\"potentialAction\":[{\"@type\":\"ReadAction\",\"target\":[\"https:\/\/welovecinema.be\/fr\/2mn-avec-baloji\/\"]}]},{\"@type\":\"BreadcrumbList\",\"@id\":\"https:\/\/welovecinema.be\/fr\/2mn-avec-baloji\/#breadcrumb\",\"itemListElement\":[{\"@type\":\"ListItem\",\"position\":1,\"name\":\"Accueil\",\"item\":\"https:\/\/welovecinema.be\/fr\/\"},{\"@type\":\"ListItem\",\"position\":2,\"name\":\"2mn avec&#8230; Baloji\"}]},{\"@type\":\"WebSite\",\"@id\":\"https:\/\/welovecinema.be\/nl\/#website\",\"url\":\"https:\/\/welovecinema.be\/nl\/\",\"name\":\"We Love Cinema\",\"description\":\"Toute l\u2019information du cin\u00e9ma en Belgique\",\"publisher\":{\"@id\":\"https:\/\/welovecinema.be\/nl\/#organization\"},\"potentialAction\":[{\"@type\":\"SearchAction\",\"target\":{\"@type\":\"EntryPoint\",\"urlTemplate\":\"https:\/\/welovecinema.be\/nl\/?s={search_term_string}\"},\"query-input\":\"required name=search_term_string\"}],\"inLanguage\":\"fr-FR\"},{\"@type\":\"Organization\",\"@id\":\"https:\/\/welovecinema.be\/nl\/#organization\",\"name\":\"We Love Cinema\",\"url\":\"https:\/\/welovecinema.be\/nl\/\",\"logo\":{\"@type\":\"ImageObject\",\"inLanguage\":\"fr-FR\",\"@id\":\"https:\/\/welovecinema.be\/nl\/#\/schema\/logo\/image\/\",\"url\":\"https:\/\/welovecinema.be\/wp-content\/uploads\/sites\/2\/2023\/03\/Logo-We-Love-Cinema305x128.jpg\",\"contentUrl\":\"https:\/\/welovecinema.be\/wp-content\/uploads\/sites\/2\/2023\/03\/Logo-We-Love-Cinema305x128.jpg\",\"width\":305,\"height\":128,\"caption\":\"We Love Cinema\"},\"image\":{\"@id\":\"https:\/\/welovecinema.be\/nl\/#\/schema\/logo\/image\/\"},\"sameAs\":[\"https:\/\/www.facebook.com\/welovecinema.be\",\"https:\/\/www.youtube.com\/channel\/UCX5LYGVhnKvYauW4Nta4HJA\",\"https:\/\/www.instagram.com\/welovecinema.be\/\"]},{\"@type\":\"Person\",\"@id\":\"https:\/\/welovecinema.be\/nl\/#\/schema\/person\/8084b68c6b176142d073695c654dc7cf\",\"name\":\"Aurore Engelen\",\"url\":\"https:\/\/welovecinema.be\/fr\/author\/aurore-engelen\/\"}]}<\/script>\n<!-- \/ Yoast SEO plugin. -->","yoast_head_json":{"title":"2mn avec... Baloji - We Love Cinema","robots":{"index":"index","follow":"follow","max-snippet":"max-snippet:-1","max-image-preview":"max-image-preview:large","max-video-preview":"max-video-preview:-1"},"canonical":"https:\/\/welovecinema.be\/fr\/2mn-avec-baloji\/","og_locale":"fr_FR","og_type":"article","og_title":"2mn avec... Baloji - We Love Cinema","og_description":"Rencontre furtive au d\u00e9tour d&rsquo;un couloir avec le musicien et d\u00e9sormais r\u00e9alisateur Baloji,\u00a0qui nous parle de son premier court, Kaniama Show, programm\u00e9 ce soir au cin\u00e9ma Palace (d\u00e9tails de la soir\u00e9e ici), mais aussi de ses projets de longs&#8230; Que celui ou celle qui n&rsquo;a pas envie de voir Mama Zinga au plus vite l\u00e8ve &hellip;","og_url":"https:\/\/welovecinema.be\/fr\/2mn-avec-baloji\/","og_site_name":"We Love Cinema","article_publisher":"https:\/\/www.facebook.com\/welovecinema.be","article_published_time":"2018-03-12T10:54:00+00:00","article_modified_time":"2018-03-12T10:55:24+00:00","og_image":[{"width":2400,"height":1200,"url":"https:\/\/welovecinema.be\/wp-content\/uploads\/sites\/2\/2018\/03\/BalojiKaniama.jpg","type":"image\/jpeg"}],"author":"Aurore Engelen","twitter_card":"summary_large_image","twitter_misc":{"\u00c9crit par":"Aurore Engelen"},"schema":{"@context":"https:\/\/schema.org","@graph":[{"@type":"Article","@id":"https:\/\/welovecinema.be\/fr\/2mn-avec-baloji\/#article","isPartOf":{"@id":"https:\/\/welovecinema.be\/fr\/2mn-avec-baloji\/"},"author":{"name":"Aurore Engelen","@id":"https:\/\/welovecinema.be\/nl\/#\/schema\/person\/8084b68c6b176142d073695c654dc7cf"},"headline":"2mn avec&#8230; Baloji","datePublished":"2018-03-12T10:54:00+00:00","dateModified":"2018-03-12T10:55:24+00:00","mainEntityOfPage":{"@id":"https:\/\/welovecinema.be\/fr\/2mn-avec-baloji\/"},"wordCount":70,"publisher":{"@id":"https:\/\/welovecinema.be\/nl\/#organization"},"keywords":["baloji","Kaniama Show"],"articleSection":["Rencontres"],"inLanguage":"fr-FR"},{"@type":"WebPage","@id":"https:\/\/welovecinema.be\/fr\/2mn-avec-baloji\/","url":"https:\/\/welovecinema.be\/fr\/2mn-avec-baloji\/","name":"2mn avec... Baloji - We Love Cinema","isPartOf":{"@id":"https:\/\/welovecinema.be\/nl\/#website"},"datePublished":"2018-03-12T10:54:00+00:00","dateModified":"2018-03-12T10:55:24+00:00","breadcrumb":{"@id":"https:\/\/welovecinema.be\/fr\/2mn-avec-baloji\/#breadcrumb"},"inLanguage":"fr-FR","potentialAction":[{"@type":"ReadAction","target":["https:\/\/welovecinema.be\/fr\/2mn-avec-baloji\/"]}]},{"@type":"BreadcrumbList","@id":"https:\/\/welovecinema.be\/fr\/2mn-avec-baloji\/#breadcrumb","itemListElement":[{"@type":"ListItem","position":1,"name":"Accueil","item":"https:\/\/welovecinema.be\/fr\/"},{"@type":"ListItem","position":2,"name":"2mn avec&#8230; Baloji"}]},{"@type":"WebSite","@id":"https:\/\/welovecinema.be\/nl\/#website","url":"https:\/\/welovecinema.be\/nl\/","name":"We Love Cinema","description":"Toute l\u2019information du cin\u00e9ma en Belgique","publisher":{"@id":"https:\/\/welovecinema.be\/nl\/#organization"},"potentialAction":[{"@type":"SearchAction","target":{"@type":"EntryPoint","urlTemplate":"https:\/\/welovecinema.be\/nl\/?s={search_term_string}"},"query-input":"required name=search_term_string"}],"inLanguage":"fr-FR"},{"@type":"Organization","@id":"https:\/\/welovecinema.be\/nl\/#organization","name":"We Love Cinema","url":"https:\/\/welovecinema.be\/nl\/","logo":{"@type":"ImageObject","inLanguage":"fr-FR","@id":"https:\/\/welovecinema.be\/nl\/#\/schema\/logo\/image\/","url":"https:\/\/welovecinema.be\/wp-content\/uploads\/sites\/2\/2023\/03\/Logo-We-Love-Cinema305x128.jpg","contentUrl":"https:\/\/welovecinema.be\/wp-content\/uploads\/sites\/2\/2023\/03\/Logo-We-Love-Cinema305x128.jpg","width":305,"height":128,"caption":"We Love Cinema"},"image":{"@id":"https:\/\/welovecinema.be\/nl\/#\/schema\/logo\/image\/"},"sameAs":["https:\/\/www.facebook.com\/welovecinema.be","https:\/\/www.youtube.com\/channel\/UCX5LYGVhnKvYauW4Nta4HJA","https:\/\/www.instagram.com\/welovecinema.be\/"]},{"@type":"Person","@id":"https:\/\/welovecinema.be\/nl\/#\/schema\/person\/8084b68c6b176142d073695c654dc7cf","name":"Aurore Engelen","url":"https:\/\/welovecinema.be\/fr\/author\/aurore-engelen\/"}]}},"_links":{"self":[{"href":"https:\/\/welovecinema.be\/fr\/wp-json\/wp\/v2\/posts\/208187","targetHints":{"allow":["GET"]}}],"collection":[{"href":"https:\/\/welovecinema.be\/fr\/wp-json\/wp\/v2\/posts"}],"about":[{"href":"https:\/\/welovecinema.be\/fr\/wp-json\/wp\/v2\/types\/post"}],"author":[{"embeddable":true,"href":"https:\/\/welovecinema.be\/fr\/wp-json\/wp\/v2\/users\/343"}],"replies":[{"embeddable":true,"href":"https:\/\/welovecinema.be\/fr\/wp-json\/wp\/v2\/comments?post=208187"}],"version-history":[{"count":0,"href":"https:\/\/welovecinema.be\/fr\/wp-json\/wp\/v2\/posts\/208187\/revisions"}],"wp:featuredmedia":[{"embeddable":true,"href":"https:\/\/welovecinema.be\/fr\/wp-json\/wp\/v2\/media\/208189"}],"wp:attachment":[{"href":"https:\/\/welovecinema.be\/fr\/wp-json\/wp\/v2\/media?parent=208187"}],"wp:term":[{"taxonomy":"category","embeddable":true,"href":"https:\/\/welovecinema.be\/fr\/wp-json\/wp\/v2\/categories?post=208187"},{"taxonomy":"post_tag","embeddable":true,"href":"https:\/\/welovecinema.be\/fr\/wp-json\/wp\/v2\/tags?post=208187"}],"curies":[{"name":"wp","href":"https:\/\/api.w.org\/{rel}","templated":true}]}}