{"id":207985,"date":"2018-03-06T09:00:39","date_gmt":"2018-03-06T08:00:39","guid":{"rendered":"http:\/\/www.cinevox.be\/?p=207985"},"modified":"2018-03-06T09:01:56","modified_gmt":"2018-03-06T08:01:56","slug":"court-programme-6-mars-2018","status":"publish","type":"post","link":"https:\/\/welovecinema.be\/fr\/court-programme-6-mars-2018\/","title":{"rendered":"\u00ab\u00a0Tout court\u00a0\u00bb, programme du 6 mars 2018"},"content":{"rendered":"<p><strong>Au programme de \u00ab\u00a0Tout Court\u00a0\u00bb, l&rsquo;\u00e9mission de La Trois consacr\u00e9e au court m\u00e9trage belge ce mercredi, 3 courts m\u00e9trages bien diff\u00e9rents qui montrent la diversit\u00e9 et la richesse de la production.\u00a0<\/strong><\/p>\n<hr \/>\n<h4><em><strong>Fugazi<\/strong><\/em> de Laurent Michelet<\/h4>\n<p>2039 : depuis plus de 3 ans, Ad\u00e8le travaille pour Orbit Defence, une station spatiale charg\u00e9e du pilotage de drones sur la plan\u00e8te Terre. Il ne lui reste qu\u2019une mission de routine \u00e0 accomplir avant de rejoindre enfin sa famille.<\/p>\n<p><em>Avec Alexia Depicker, Vincent Londez, Adena De Leener, Adrien Desbons, Laurent Van der Rest<\/em><\/p>\n<p><iframe loading=\"lazy\" title=\"FUGAZI - Trailer\" src=\"https:\/\/player.vimeo.com\/video\/203306566?dnt=1&amp;app_id=122963\" width=\"618\" height=\"348\" frameborder=\"0\" allow=\"autoplay; fullscreen; picture-in-picture; clipboard-write; encrypted-media\"><\/iframe><\/p>\n<hr \/>\n<h4><strong><em>Marlon<\/em><\/strong> de Jessica Palud<\/h4>\n<p><em>Avec\u00a0Avec Flavie Delangle, Anne Suarez, Jonathan Couzini\u00e9, Catherine Sal\u00e9e, Brigitte Boutard<\/em><\/p>\n<p>Marlon, quatorze ans, rend visite \u00e0 sa m\u00e8re en prison pour la premi\u00e8re fois depuis son incarc\u00e9ration. La jeune fille, prot\u00e9g\u00e9e par sa famille et son entourage, s&rsquo;ent\u00eate malgr\u00e9 tout \u00e0 croire que sa m\u00e8re est son h\u00e9ro\u00efne d&rsquo;enfance.<\/p>\n<p><iframe loading=\"lazy\" title=\"Marlon teaser\" src=\"https:\/\/player.vimeo.com\/video\/207460963?dnt=1&amp;app_id=122963\" width=\"618\" height=\"326\" frameborder=\"0\" allow=\"autoplay; fullscreen; picture-in-picture; clipboard-write; encrypted-media\"><\/iframe><\/p>\n<hr \/>\n<h4><em><strong>Un grand silence<\/strong><\/em> de Julie Gourdain<\/h4>\n<section id=\"synopsis\" class=\"section \" data-poids=\"\" data-open-md=\"true\" data-open-lg=\"true\" data-prepend=\"\" data-fullscreen=\"\" data-open-xs=\"true\" data-open-sm=\"true\">\n<div class=\"section-content collapse in\" aria-expanded=\"true\">\n<div class=\"section-content-inner\">\n<div>\n<p>Marianne a dix-neuf ans en 1968. Elle est plac\u00e9e au sein d&rsquo;une maison pour jeunes filles, loin de sa famille et de ses proches. Dans cette maison, Marianne rencontre d&rsquo;autres jeunes filles dont le secret a fait basculer le parcours.<\/p>\n<p><em>Avec Nina Mazodier, Sonia Amori, Clarisse Normand<wbr \/>, Am\u00e9lie Porteu de la Morandi\u00e8re, Louise Legendre<\/em><\/p>\n<\/div>\n<\/div>\n<\/div>\n<p><iframe loading=\"lazy\" src=\"https:\/\/player.vimeo.com\/video\/194991505\" width=\"640\" height=\"360\" frameborder=\"0\" allowfullscreen=\"allowfullscreen\" data-mce-fragment=\"1\"><\/iframe><\/p>\n<hr \/>\n<h4>On r\u00e9capitule?<\/h4>\n<ul>\n<li><em>Fugazi<\/em> de Laurent Michelet \u00e0 23h15<\/li>\n<li><em>Marlon<\/em> de Jessica Palud \u00e0 23h45<\/li>\n<li><em>Un grand silence<\/em> de Julie Gourdain \u00e0 00h05<\/li>\n<\/ul>\n<section id=\"synopsis\" class=\"section \" data-poids=\"\" data-open-md=\"true\" data-open-lg=\"true\" data-prepend=\"\" data-fullscreen=\"\" data-open-xs=\"true\" data-open-sm=\"true\">\n<div class=\"section-content collapse in\" aria-expanded=\"true\">\n<div class=\"section-content-inner\">\n<div>\n<p>&nbsp;<\/p>\n<\/div>\n<\/div>\n<\/div>\n<\/section>\n<\/section>\n","protected":false},"excerpt":{"rendered":"<p>Au programme de \u00ab\u00a0Tout Court\u00a0\u00bb, l&rsquo;\u00e9mission de La Trois consacr\u00e9e au court m\u00e9trage belge ce mercredi, 3 courts m\u00e9trages bien diff\u00e9rents qui montrent la diversit\u00e9 et la richesse de la production.\u00a0 Fugazi de Laurent Michelet 2039 : depuis plus de 3 ans, Ad\u00e8le travaille pour Orbit Defence, une station spatiale charg\u00e9e du pilotage de drones &hellip;<\/p>\n","protected":false},"author":343,"featured_media":207989,"comment_status":"closed","ping_status":"closed","sticky":false,"template":"","format":"standard","meta":{"ngg_post_thumbnail":0,"footnotes":""},"categories":[14],"tags":[],"class_list":["post-207985","post","type-post","status-publish","format-standard","has-post-thumbnail","","category-home-cinema"],"yoast_head":"<!-- This site is optimized with the Yoast SEO plugin v20.4 - https:\/\/yoast.com\/wordpress\/plugins\/seo\/ -->\n<title>&quot;Tout court&quot;, programme du 6 mars 2018 - We Love Cinema<\/title>\n<meta name=\"robots\" content=\"index, follow, max-snippet:-1, max-image-preview:large, max-video-preview:-1\" \/>\n<link rel=\"canonical\" href=\"https:\/\/welovecinema.be\/fr\/court-programme-6-mars-2018\/\" \/>\n<meta property=\"og:locale\" content=\"fr_FR\" \/>\n<meta property=\"og:type\" content=\"article\" \/>\n<meta property=\"og:title\" content=\"&quot;Tout court&quot;, programme du 6 mars 2018 - We Love Cinema\" \/>\n<meta property=\"og:description\" content=\"Au programme de \u00ab\u00a0Tout Court\u00a0\u00bb, l&rsquo;\u00e9mission de La Trois consacr\u00e9e au court m\u00e9trage belge ce mercredi, 3 courts m\u00e9trages bien diff\u00e9rents qui montrent la diversit\u00e9 et la richesse de la production.\u00a0 Fugazi de Laurent Michelet 2039 : depuis plus de 3 ans, Ad\u00e8le travaille pour Orbit Defence, une station spatiale charg\u00e9e du pilotage de drones &hellip;\" \/>\n<meta property=\"og:url\" content=\"https:\/\/welovecinema.be\/fr\/court-programme-6-mars-2018\/\" \/>\n<meta property=\"og:site_name\" content=\"We Love Cinema\" \/>\n<meta property=\"article:publisher\" content=\"https:\/\/www.facebook.com\/welovecinema.be\" \/>\n<meta property=\"article:published_time\" content=\"2018-03-06T08:00:39+00:00\" \/>\n<meta property=\"article:modified_time\" content=\"2018-03-06T08:01:56+00:00\" \/>\n<meta property=\"og:image\" content=\"https:\/\/welovecinema.be\/wp-content\/uploads\/sites\/2\/2018\/03\/ToutCourt6mars.jpg\" \/>\n\t<meta property=\"og:image:width\" content=\"2400\" \/>\n\t<meta property=\"og:image:height\" content=\"1200\" \/>\n\t<meta property=\"og:image:type\" content=\"image\/jpeg\" \/>\n<meta name=\"author\" content=\"Aurore Engelen\" \/>\n<meta name=\"twitter:card\" content=\"summary_large_image\" \/>\n<meta name=\"twitter:label1\" content=\"\u00c9crit par\" \/>\n\t<meta name=\"twitter:data1\" content=\"Aurore Engelen\" \/>\n\t<meta name=\"twitter:label2\" content=\"Dur\u00e9e de lecture estim\u00e9e\" \/>\n\t<meta name=\"twitter:data2\" content=\"1 minute\" \/>\n<script type=\"application\/ld+json\" class=\"yoast-schema-graph\">{\"@context\":\"https:\/\/schema.org\",\"@graph\":[{\"@type\":\"Article\",\"@id\":\"https:\/\/welovecinema.be\/fr\/court-programme-6-mars-2018\/#article\",\"isPartOf\":{\"@id\":\"https:\/\/welovecinema.be\/fr\/court-programme-6-mars-2018\/\"},\"author\":{\"name\":\"Aurore Engelen\",\"@id\":\"https:\/\/welovecinema.be\/nl\/#\/schema\/person\/8084b68c6b176142d073695c654dc7cf\"},\"headline\":\"\u00ab\u00a0Tout court\u00a0\u00bb, programme du 6 mars 2018\",\"datePublished\":\"2018-03-06T08:00:39+00:00\",\"dateModified\":\"2018-03-06T08:01:56+00:00\",\"mainEntityOfPage\":{\"@id\":\"https:\/\/welovecinema.be\/fr\/court-programme-6-mars-2018\/\"},\"wordCount\":254,\"publisher\":{\"@id\":\"https:\/\/welovecinema.be\/nl\/#organization\"},\"articleSection\":[\"Plateau t\u00e9l\u00e9\"],\"inLanguage\":\"fr-FR\"},{\"@type\":\"WebPage\",\"@id\":\"https:\/\/welovecinema.be\/fr\/court-programme-6-mars-2018\/\",\"url\":\"https:\/\/welovecinema.be\/fr\/court-programme-6-mars-2018\/\",\"name\":\"\\\"Tout court\\\", programme du 6 mars 2018 - We Love Cinema\",\"isPartOf\":{\"@id\":\"https:\/\/welovecinema.be\/nl\/#website\"},\"datePublished\":\"2018-03-06T08:00:39+00:00\",\"dateModified\":\"2018-03-06T08:01:56+00:00\",\"breadcrumb\":{\"@id\":\"https:\/\/welovecinema.be\/fr\/court-programme-6-mars-2018\/#breadcrumb\"},\"inLanguage\":\"fr-FR\",\"potentialAction\":[{\"@type\":\"ReadAction\",\"target\":[\"https:\/\/welovecinema.be\/fr\/court-programme-6-mars-2018\/\"]}]},{\"@type\":\"BreadcrumbList\",\"@id\":\"https:\/\/welovecinema.be\/fr\/court-programme-6-mars-2018\/#breadcrumb\",\"itemListElement\":[{\"@type\":\"ListItem\",\"position\":1,\"name\":\"Accueil\",\"item\":\"https:\/\/welovecinema.be\/fr\/\"},{\"@type\":\"ListItem\",\"position\":2,\"name\":\"\u00ab\u00a0Tout court\u00a0\u00bb, programme du 6 mars 2018\"}]},{\"@type\":\"WebSite\",\"@id\":\"https:\/\/welovecinema.be\/nl\/#website\",\"url\":\"https:\/\/welovecinema.be\/nl\/\",\"name\":\"We Love Cinema\",\"description\":\"Toute l\u2019information du cin\u00e9ma en Belgique\",\"publisher\":{\"@id\":\"https:\/\/welovecinema.be\/nl\/#organization\"},\"potentialAction\":[{\"@type\":\"SearchAction\",\"target\":{\"@type\":\"EntryPoint\",\"urlTemplate\":\"https:\/\/welovecinema.be\/nl\/?s={search_term_string}\"},\"query-input\":\"required name=search_term_string\"}],\"inLanguage\":\"fr-FR\"},{\"@type\":\"Organization\",\"@id\":\"https:\/\/welovecinema.be\/nl\/#organization\",\"name\":\"We Love Cinema\",\"url\":\"https:\/\/welovecinema.be\/nl\/\",\"logo\":{\"@type\":\"ImageObject\",\"inLanguage\":\"fr-FR\",\"@id\":\"https:\/\/welovecinema.be\/nl\/#\/schema\/logo\/image\/\",\"url\":\"https:\/\/welovecinema.be\/wp-content\/uploads\/sites\/2\/2023\/03\/Logo-We-Love-Cinema305x128.jpg\",\"contentUrl\":\"https:\/\/welovecinema.be\/wp-content\/uploads\/sites\/2\/2023\/03\/Logo-We-Love-Cinema305x128.jpg\",\"width\":305,\"height\":128,\"caption\":\"We Love Cinema\"},\"image\":{\"@id\":\"https:\/\/welovecinema.be\/nl\/#\/schema\/logo\/image\/\"},\"sameAs\":[\"https:\/\/www.facebook.com\/welovecinema.be\",\"https:\/\/www.youtube.com\/channel\/UCX5LYGVhnKvYauW4Nta4HJA\",\"https:\/\/www.instagram.com\/welovecinema.be\/\"]},{\"@type\":\"Person\",\"@id\":\"https:\/\/welovecinema.be\/nl\/#\/schema\/person\/8084b68c6b176142d073695c654dc7cf\",\"name\":\"Aurore Engelen\",\"url\":\"https:\/\/welovecinema.be\/fr\/author\/aurore-engelen\/\"}]}<\/script>\n<!-- \/ Yoast SEO plugin. -->","yoast_head_json":{"title":"\"Tout court\", programme du 6 mars 2018 - We Love Cinema","robots":{"index":"index","follow":"follow","max-snippet":"max-snippet:-1","max-image-preview":"max-image-preview:large","max-video-preview":"max-video-preview:-1"},"canonical":"https:\/\/welovecinema.be\/fr\/court-programme-6-mars-2018\/","og_locale":"fr_FR","og_type":"article","og_title":"\"Tout court\", programme du 6 mars 2018 - We Love Cinema","og_description":"Au programme de \u00ab\u00a0Tout Court\u00a0\u00bb, l&rsquo;\u00e9mission de La Trois consacr\u00e9e au court m\u00e9trage belge ce mercredi, 3 courts m\u00e9trages bien diff\u00e9rents qui montrent la diversit\u00e9 et la richesse de la production.\u00a0 Fugazi de Laurent Michelet 2039 : depuis plus de 3 ans, Ad\u00e8le travaille pour Orbit Defence, une station spatiale charg\u00e9e du pilotage de drones &hellip;","og_url":"https:\/\/welovecinema.be\/fr\/court-programme-6-mars-2018\/","og_site_name":"We Love Cinema","article_publisher":"https:\/\/www.facebook.com\/welovecinema.be","article_published_time":"2018-03-06T08:00:39+00:00","article_modified_time":"2018-03-06T08:01:56+00:00","og_image":[{"width":2400,"height":1200,"url":"https:\/\/welovecinema.be\/wp-content\/uploads\/sites\/2\/2018\/03\/ToutCourt6mars.jpg","type":"image\/jpeg"}],"author":"Aurore Engelen","twitter_card":"summary_large_image","twitter_misc":{"\u00c9crit par":"Aurore Engelen","Dur\u00e9e de lecture estim\u00e9e":"1 minute"},"schema":{"@context":"https:\/\/schema.org","@graph":[{"@type":"Article","@id":"https:\/\/welovecinema.be\/fr\/court-programme-6-mars-2018\/#article","isPartOf":{"@id":"https:\/\/welovecinema.be\/fr\/court-programme-6-mars-2018\/"},"author":{"name":"Aurore Engelen","@id":"https:\/\/welovecinema.be\/nl\/#\/schema\/person\/8084b68c6b176142d073695c654dc7cf"},"headline":"\u00ab\u00a0Tout court\u00a0\u00bb, programme du 6 mars 2018","datePublished":"2018-03-06T08:00:39+00:00","dateModified":"2018-03-06T08:01:56+00:00","mainEntityOfPage":{"@id":"https:\/\/welovecinema.be\/fr\/court-programme-6-mars-2018\/"},"wordCount":254,"publisher":{"@id":"https:\/\/welovecinema.be\/nl\/#organization"},"articleSection":["Plateau t\u00e9l\u00e9"],"inLanguage":"fr-FR"},{"@type":"WebPage","@id":"https:\/\/welovecinema.be\/fr\/court-programme-6-mars-2018\/","url":"https:\/\/welovecinema.be\/fr\/court-programme-6-mars-2018\/","name":"\"Tout court\", programme du 6 mars 2018 - We Love Cinema","isPartOf":{"@id":"https:\/\/welovecinema.be\/nl\/#website"},"datePublished":"2018-03-06T08:00:39+00:00","dateModified":"2018-03-06T08:01:56+00:00","breadcrumb":{"@id":"https:\/\/welovecinema.be\/fr\/court-programme-6-mars-2018\/#breadcrumb"},"inLanguage":"fr-FR","potentialAction":[{"@type":"ReadAction","target":["https:\/\/welovecinema.be\/fr\/court-programme-6-mars-2018\/"]}]},{"@type":"BreadcrumbList","@id":"https:\/\/welovecinema.be\/fr\/court-programme-6-mars-2018\/#breadcrumb","itemListElement":[{"@type":"ListItem","position":1,"name":"Accueil","item":"https:\/\/welovecinema.be\/fr\/"},{"@type":"ListItem","position":2,"name":"\u00ab\u00a0Tout court\u00a0\u00bb, programme du 6 mars 2018"}]},{"@type":"WebSite","@id":"https:\/\/welovecinema.be\/nl\/#website","url":"https:\/\/welovecinema.be\/nl\/","name":"We Love Cinema","description":"Toute l\u2019information du cin\u00e9ma en Belgique","publisher":{"@id":"https:\/\/welovecinema.be\/nl\/#organization"},"potentialAction":[{"@type":"SearchAction","target":{"@type":"EntryPoint","urlTemplate":"https:\/\/welovecinema.be\/nl\/?s={search_term_string}"},"query-input":"required name=search_term_string"}],"inLanguage":"fr-FR"},{"@type":"Organization","@id":"https:\/\/welovecinema.be\/nl\/#organization","name":"We Love Cinema","url":"https:\/\/welovecinema.be\/nl\/","logo":{"@type":"ImageObject","inLanguage":"fr-FR","@id":"https:\/\/welovecinema.be\/nl\/#\/schema\/logo\/image\/","url":"https:\/\/welovecinema.be\/wp-content\/uploads\/sites\/2\/2023\/03\/Logo-We-Love-Cinema305x128.jpg","contentUrl":"https:\/\/welovecinema.be\/wp-content\/uploads\/sites\/2\/2023\/03\/Logo-We-Love-Cinema305x128.jpg","width":305,"height":128,"caption":"We Love Cinema"},"image":{"@id":"https:\/\/welovecinema.be\/nl\/#\/schema\/logo\/image\/"},"sameAs":["https:\/\/www.facebook.com\/welovecinema.be","https:\/\/www.youtube.com\/channel\/UCX5LYGVhnKvYauW4Nta4HJA","https:\/\/www.instagram.com\/welovecinema.be\/"]},{"@type":"Person","@id":"https:\/\/welovecinema.be\/nl\/#\/schema\/person\/8084b68c6b176142d073695c654dc7cf","name":"Aurore Engelen","url":"https:\/\/welovecinema.be\/fr\/author\/aurore-engelen\/"}]}},"_links":{"self":[{"href":"https:\/\/welovecinema.be\/fr\/wp-json\/wp\/v2\/posts\/207985","targetHints":{"allow":["GET"]}}],"collection":[{"href":"https:\/\/welovecinema.be\/fr\/wp-json\/wp\/v2\/posts"}],"about":[{"href":"https:\/\/welovecinema.be\/fr\/wp-json\/wp\/v2\/types\/post"}],"author":[{"embeddable":true,"href":"https:\/\/welovecinema.be\/fr\/wp-json\/wp\/v2\/users\/343"}],"replies":[{"embeddable":true,"href":"https:\/\/welovecinema.be\/fr\/wp-json\/wp\/v2\/comments?post=207985"}],"version-history":[{"count":0,"href":"https:\/\/welovecinema.be\/fr\/wp-json\/wp\/v2\/posts\/207985\/revisions"}],"wp:featuredmedia":[{"embeddable":true,"href":"https:\/\/welovecinema.be\/fr\/wp-json\/wp\/v2\/media\/207989"}],"wp:attachment":[{"href":"https:\/\/welovecinema.be\/fr\/wp-json\/wp\/v2\/media?parent=207985"}],"wp:term":[{"taxonomy":"category","embeddable":true,"href":"https:\/\/welovecinema.be\/fr\/wp-json\/wp\/v2\/categories?post=207985"},{"taxonomy":"post_tag","embeddable":true,"href":"https:\/\/welovecinema.be\/fr\/wp-json\/wp\/v2\/tags?post=207985"}],"curies":[{"name":"wp","href":"https:\/\/api.w.org\/{rel}","templated":true}]}}