{"id":207307,"date":"2018-02-08T09:54:41","date_gmt":"2018-02-08T08:54:41","guid":{"rendered":"http:\/\/www.cinevox.be\/?p=207307"},"modified":"2018-02-08T09:54:41","modified_gmt":"2018-02-08T08:54:41","slug":"casting-frontiere-nouveau-film-de-frederic-fonteyne","status":"publish","type":"post","link":"https:\/\/welovecinema.be\/fr\/casting-frontiere-nouveau-film-de-frederic-fonteyne\/","title":{"rendered":"Casting pour \u00ab\u00a0La Fronti\u00e8re\u00a0\u00bb, nouveau film de Fr\u00e9d\u00e9ric Fonteyne"},"content":{"rendered":"<p><strong>Pour le prochain long m\u00e9trage,\u00a0<em>La Fronti\u00e8re<\/em>, de Fr\u00e9deric Fonteyne (<em>Une liaison pornographique, La Femme de Gilles, Tango Libre<\/em>), Versus production recherche encore\u00a0:<\/strong><\/p>\n<ul>\n<li>Femme entre 40 et 60 ans typ\u00e9e Africaine.<\/li>\n<li>Jeune gar\u00e7on et jeune fille entre 4 et 8 ans.<\/li>\n<li>Jeune homme roux entre 16 et 20 ans.<\/li>\n<\/ul>\n<p>Si vous correspondez au profil et si vous \u00eates int\u00e9ress\u00e9, merci d\u2019envoyer un mail \u00e0\u00a0<a href=\"mailto:lafrontierecasting@gmail.com\">lafrontierecasting@gmail.com<\/a>\u00a0avec :<\/p>\n<ul>\n<li>3 photos,<\/li>\n<li>un CV avec votre \u00e2ge, et un num\u00e9ro de t\u00e9l\u00e9phone pour vous contacter,<\/li>\n<li>un showreel ou des liens vers des projets auxquels vous avez particip\u00e9 (le cas \u00e9ch\u00e9ant),<\/li>\n<li>une vid\u00e9o de pr\u00e9sentation d\u2019\u00e0-peu-pr\u00e8s une minute,<\/li>\n<\/ul>\n<p>Le tournage est pr\u00e9vu en mars, l\u2019exp\u00e9rience est un plus.<\/p>\n","protected":false},"excerpt":{"rendered":"<p>Pour le prochain long m\u00e9trage,\u00a0La Fronti\u00e8re, de Fr\u00e9deric Fonteyne (Une liaison pornographique, La Femme de Gilles, Tango Libre), Versus production recherche encore\u00a0: Femme entre 40 et 60 ans typ\u00e9e Africaine. Jeune gar\u00e7on et jeune fille entre 4 et 8 ans. Jeune homme roux entre 16 et 20 ans. Si vous correspondez au profil et si &hellip;<\/p>\n","protected":false},"author":343,"featured_media":201642,"comment_status":"closed","ping_status":"closed","sticky":false,"template":"","format":"standard","meta":{"ngg_post_thumbnail":0,"footnotes":""},"categories":[20],"tags":[],"class_list":["post-207307","post","type-post","status-publish","format-standard","has-post-thumbnail","","category-cinejobs"],"yoast_head":"<!-- This site is optimized with the Yoast SEO plugin v20.4 - https:\/\/yoast.com\/wordpress\/plugins\/seo\/ -->\n<title>Casting pour &quot;La Fronti\u00e8re&quot;, nouveau film de Fr\u00e9d\u00e9ric Fonteyne - We Love Cinema<\/title>\n<meta name=\"robots\" content=\"index, follow, max-snippet:-1, max-image-preview:large, max-video-preview:-1\" \/>\n<link rel=\"canonical\" href=\"https:\/\/welovecinema.be\/fr\/casting-frontiere-nouveau-film-de-frederic-fonteyne\/\" \/>\n<meta property=\"og:locale\" content=\"fr_FR\" \/>\n<meta property=\"og:type\" content=\"article\" \/>\n<meta property=\"og:title\" content=\"Casting pour &quot;La Fronti\u00e8re&quot;, nouveau film de Fr\u00e9d\u00e9ric Fonteyne - We Love Cinema\" \/>\n<meta property=\"og:description\" content=\"Pour le prochain long m\u00e9trage,\u00a0La Fronti\u00e8re, de Fr\u00e9deric Fonteyne (Une liaison pornographique, La Femme de Gilles, Tango Libre), Versus production recherche encore\u00a0: Femme entre 40 et 60 ans typ\u00e9e Africaine. Jeune gar\u00e7on et jeune fille entre 4 et 8 ans. Jeune homme roux entre 16 et 20 ans. Si vous correspondez au profil et si &hellip;\" \/>\n<meta property=\"og:url\" content=\"https:\/\/welovecinema.be\/fr\/casting-frontiere-nouveau-film-de-frederic-fonteyne\/\" \/>\n<meta property=\"og:site_name\" content=\"We Love Cinema\" \/>\n<meta property=\"article:publisher\" content=\"https:\/\/www.facebook.com\/welovecinema.be\" \/>\n<meta property=\"article:published_time\" content=\"2018-02-08T08:54:41+00:00\" \/>\n<meta property=\"og:image\" content=\"https:\/\/welovecinema.be\/wp-content\/uploads\/sites\/2\/2017\/07\/Frederic-Fonteyne-Cinevox.jpg\" \/>\n\t<meta property=\"og:image:width\" content=\"1775\" \/>\n\t<meta property=\"og:image:height\" content=\"996\" \/>\n\t<meta property=\"og:image:type\" content=\"image\/jpeg\" \/>\n<meta name=\"author\" content=\"Aurore Engelen\" \/>\n<meta name=\"twitter:card\" content=\"summary_large_image\" \/>\n<meta name=\"twitter:label1\" content=\"\u00c9crit par\" \/>\n\t<meta name=\"twitter:data1\" content=\"Aurore Engelen\" \/>\n\t<meta name=\"twitter:label2\" content=\"Dur\u00e9e de lecture estim\u00e9e\" \/>\n\t<meta name=\"twitter:data2\" content=\"1 minute\" \/>\n<script type=\"application\/ld+json\" class=\"yoast-schema-graph\">{\"@context\":\"https:\/\/schema.org\",\"@graph\":[{\"@type\":\"Article\",\"@id\":\"https:\/\/welovecinema.be\/fr\/casting-frontiere-nouveau-film-de-frederic-fonteyne\/#article\",\"isPartOf\":{\"@id\":\"https:\/\/welovecinema.be\/fr\/casting-frontiere-nouveau-film-de-frederic-fonteyne\/\"},\"author\":{\"name\":\"Aurore Engelen\",\"@id\":\"https:\/\/welovecinema.be\/nl\/#\/schema\/person\/8084b68c6b176142d073695c654dc7cf\"},\"headline\":\"Casting pour \u00ab\u00a0La Fronti\u00e8re\u00a0\u00bb, nouveau film de Fr\u00e9d\u00e9ric Fonteyne\",\"datePublished\":\"2018-02-08T08:54:41+00:00\",\"dateModified\":\"2018-02-08T08:54:41+00:00\",\"mainEntityOfPage\":{\"@id\":\"https:\/\/welovecinema.be\/fr\/casting-frontiere-nouveau-film-de-frederic-fonteyne\/\"},\"wordCount\":137,\"publisher\":{\"@id\":\"https:\/\/welovecinema.be\/nl\/#organization\"},\"articleSection\":[\"Cinejobs\"],\"inLanguage\":\"fr-FR\"},{\"@type\":\"WebPage\",\"@id\":\"https:\/\/welovecinema.be\/fr\/casting-frontiere-nouveau-film-de-frederic-fonteyne\/\",\"url\":\"https:\/\/welovecinema.be\/fr\/casting-frontiere-nouveau-film-de-frederic-fonteyne\/\",\"name\":\"Casting pour \\\"La Fronti\u00e8re\\\", nouveau film de Fr\u00e9d\u00e9ric Fonteyne - We Love Cinema\",\"isPartOf\":{\"@id\":\"https:\/\/welovecinema.be\/nl\/#website\"},\"datePublished\":\"2018-02-08T08:54:41+00:00\",\"dateModified\":\"2018-02-08T08:54:41+00:00\",\"breadcrumb\":{\"@id\":\"https:\/\/welovecinema.be\/fr\/casting-frontiere-nouveau-film-de-frederic-fonteyne\/#breadcrumb\"},\"inLanguage\":\"fr-FR\",\"potentialAction\":[{\"@type\":\"ReadAction\",\"target\":[\"https:\/\/welovecinema.be\/fr\/casting-frontiere-nouveau-film-de-frederic-fonteyne\/\"]}]},{\"@type\":\"BreadcrumbList\",\"@id\":\"https:\/\/welovecinema.be\/fr\/casting-frontiere-nouveau-film-de-frederic-fonteyne\/#breadcrumb\",\"itemListElement\":[{\"@type\":\"ListItem\",\"position\":1,\"name\":\"Accueil\",\"item\":\"https:\/\/welovecinema.be\/fr\/\"},{\"@type\":\"ListItem\",\"position\":2,\"name\":\"Casting pour \u00ab\u00a0La Fronti\u00e8re\u00a0\u00bb, nouveau film de Fr\u00e9d\u00e9ric Fonteyne\"}]},{\"@type\":\"WebSite\",\"@id\":\"https:\/\/welovecinema.be\/nl\/#website\",\"url\":\"https:\/\/welovecinema.be\/nl\/\",\"name\":\"We Love Cinema\",\"description\":\"Toute l\u2019information du cin\u00e9ma en Belgique\",\"publisher\":{\"@id\":\"https:\/\/welovecinema.be\/nl\/#organization\"},\"potentialAction\":[{\"@type\":\"SearchAction\",\"target\":{\"@type\":\"EntryPoint\",\"urlTemplate\":\"https:\/\/welovecinema.be\/nl\/?s={search_term_string}\"},\"query-input\":\"required name=search_term_string\"}],\"inLanguage\":\"fr-FR\"},{\"@type\":\"Organization\",\"@id\":\"https:\/\/welovecinema.be\/nl\/#organization\",\"name\":\"We Love Cinema\",\"url\":\"https:\/\/welovecinema.be\/nl\/\",\"logo\":{\"@type\":\"ImageObject\",\"inLanguage\":\"fr-FR\",\"@id\":\"https:\/\/welovecinema.be\/nl\/#\/schema\/logo\/image\/\",\"url\":\"https:\/\/welovecinema.be\/wp-content\/uploads\/sites\/2\/2023\/03\/Logo-We-Love-Cinema305x128.jpg\",\"contentUrl\":\"https:\/\/welovecinema.be\/wp-content\/uploads\/sites\/2\/2023\/03\/Logo-We-Love-Cinema305x128.jpg\",\"width\":305,\"height\":128,\"caption\":\"We Love Cinema\"},\"image\":{\"@id\":\"https:\/\/welovecinema.be\/nl\/#\/schema\/logo\/image\/\"},\"sameAs\":[\"https:\/\/www.facebook.com\/welovecinema.be\",\"https:\/\/www.youtube.com\/channel\/UCX5LYGVhnKvYauW4Nta4HJA\",\"https:\/\/www.instagram.com\/welovecinema.be\/\"]},{\"@type\":\"Person\",\"@id\":\"https:\/\/welovecinema.be\/nl\/#\/schema\/person\/8084b68c6b176142d073695c654dc7cf\",\"name\":\"Aurore Engelen\",\"url\":\"https:\/\/welovecinema.be\/fr\/author\/aurore-engelen\/\"}]}<\/script>\n<!-- \/ Yoast SEO plugin. -->","yoast_head_json":{"title":"Casting pour \"La Fronti\u00e8re\", nouveau film de Fr\u00e9d\u00e9ric Fonteyne - We Love Cinema","robots":{"index":"index","follow":"follow","max-snippet":"max-snippet:-1","max-image-preview":"max-image-preview:large","max-video-preview":"max-video-preview:-1"},"canonical":"https:\/\/welovecinema.be\/fr\/casting-frontiere-nouveau-film-de-frederic-fonteyne\/","og_locale":"fr_FR","og_type":"article","og_title":"Casting pour \"La Fronti\u00e8re\", nouveau film de Fr\u00e9d\u00e9ric Fonteyne - We Love Cinema","og_description":"Pour le prochain long m\u00e9trage,\u00a0La Fronti\u00e8re, de Fr\u00e9deric Fonteyne (Une liaison pornographique, La Femme de Gilles, Tango Libre), Versus production recherche encore\u00a0: Femme entre 40 et 60 ans typ\u00e9e Africaine. Jeune gar\u00e7on et jeune fille entre 4 et 8 ans. Jeune homme roux entre 16 et 20 ans. Si vous correspondez au profil et si &hellip;","og_url":"https:\/\/welovecinema.be\/fr\/casting-frontiere-nouveau-film-de-frederic-fonteyne\/","og_site_name":"We Love Cinema","article_publisher":"https:\/\/www.facebook.com\/welovecinema.be","article_published_time":"2018-02-08T08:54:41+00:00","og_image":[{"width":1775,"height":996,"url":"https:\/\/welovecinema.be\/wp-content\/uploads\/sites\/2\/2017\/07\/Frederic-Fonteyne-Cinevox.jpg","type":"image\/jpeg"}],"author":"Aurore Engelen","twitter_card":"summary_large_image","twitter_misc":{"\u00c9crit par":"Aurore Engelen","Dur\u00e9e de lecture estim\u00e9e":"1 minute"},"schema":{"@context":"https:\/\/schema.org","@graph":[{"@type":"Article","@id":"https:\/\/welovecinema.be\/fr\/casting-frontiere-nouveau-film-de-frederic-fonteyne\/#article","isPartOf":{"@id":"https:\/\/welovecinema.be\/fr\/casting-frontiere-nouveau-film-de-frederic-fonteyne\/"},"author":{"name":"Aurore Engelen","@id":"https:\/\/welovecinema.be\/nl\/#\/schema\/person\/8084b68c6b176142d073695c654dc7cf"},"headline":"Casting pour \u00ab\u00a0La Fronti\u00e8re\u00a0\u00bb, nouveau film de Fr\u00e9d\u00e9ric Fonteyne","datePublished":"2018-02-08T08:54:41+00:00","dateModified":"2018-02-08T08:54:41+00:00","mainEntityOfPage":{"@id":"https:\/\/welovecinema.be\/fr\/casting-frontiere-nouveau-film-de-frederic-fonteyne\/"},"wordCount":137,"publisher":{"@id":"https:\/\/welovecinema.be\/nl\/#organization"},"articleSection":["Cinejobs"],"inLanguage":"fr-FR"},{"@type":"WebPage","@id":"https:\/\/welovecinema.be\/fr\/casting-frontiere-nouveau-film-de-frederic-fonteyne\/","url":"https:\/\/welovecinema.be\/fr\/casting-frontiere-nouveau-film-de-frederic-fonteyne\/","name":"Casting pour \"La Fronti\u00e8re\", nouveau film de Fr\u00e9d\u00e9ric Fonteyne - We Love Cinema","isPartOf":{"@id":"https:\/\/welovecinema.be\/nl\/#website"},"datePublished":"2018-02-08T08:54:41+00:00","dateModified":"2018-02-08T08:54:41+00:00","breadcrumb":{"@id":"https:\/\/welovecinema.be\/fr\/casting-frontiere-nouveau-film-de-frederic-fonteyne\/#breadcrumb"},"inLanguage":"fr-FR","potentialAction":[{"@type":"ReadAction","target":["https:\/\/welovecinema.be\/fr\/casting-frontiere-nouveau-film-de-frederic-fonteyne\/"]}]},{"@type":"BreadcrumbList","@id":"https:\/\/welovecinema.be\/fr\/casting-frontiere-nouveau-film-de-frederic-fonteyne\/#breadcrumb","itemListElement":[{"@type":"ListItem","position":1,"name":"Accueil","item":"https:\/\/welovecinema.be\/fr\/"},{"@type":"ListItem","position":2,"name":"Casting pour \u00ab\u00a0La Fronti\u00e8re\u00a0\u00bb, nouveau film de Fr\u00e9d\u00e9ric Fonteyne"}]},{"@type":"WebSite","@id":"https:\/\/welovecinema.be\/nl\/#website","url":"https:\/\/welovecinema.be\/nl\/","name":"We Love Cinema","description":"Toute l\u2019information du cin\u00e9ma en Belgique","publisher":{"@id":"https:\/\/welovecinema.be\/nl\/#organization"},"potentialAction":[{"@type":"SearchAction","target":{"@type":"EntryPoint","urlTemplate":"https:\/\/welovecinema.be\/nl\/?s={search_term_string}"},"query-input":"required name=search_term_string"}],"inLanguage":"fr-FR"},{"@type":"Organization","@id":"https:\/\/welovecinema.be\/nl\/#organization","name":"We Love Cinema","url":"https:\/\/welovecinema.be\/nl\/","logo":{"@type":"ImageObject","inLanguage":"fr-FR","@id":"https:\/\/welovecinema.be\/nl\/#\/schema\/logo\/image\/","url":"https:\/\/welovecinema.be\/wp-content\/uploads\/sites\/2\/2023\/03\/Logo-We-Love-Cinema305x128.jpg","contentUrl":"https:\/\/welovecinema.be\/wp-content\/uploads\/sites\/2\/2023\/03\/Logo-We-Love-Cinema305x128.jpg","width":305,"height":128,"caption":"We Love Cinema"},"image":{"@id":"https:\/\/welovecinema.be\/nl\/#\/schema\/logo\/image\/"},"sameAs":["https:\/\/www.facebook.com\/welovecinema.be","https:\/\/www.youtube.com\/channel\/UCX5LYGVhnKvYauW4Nta4HJA","https:\/\/www.instagram.com\/welovecinema.be\/"]},{"@type":"Person","@id":"https:\/\/welovecinema.be\/nl\/#\/schema\/person\/8084b68c6b176142d073695c654dc7cf","name":"Aurore Engelen","url":"https:\/\/welovecinema.be\/fr\/author\/aurore-engelen\/"}]}},"_links":{"self":[{"href":"https:\/\/welovecinema.be\/fr\/wp-json\/wp\/v2\/posts\/207307","targetHints":{"allow":["GET"]}}],"collection":[{"href":"https:\/\/welovecinema.be\/fr\/wp-json\/wp\/v2\/posts"}],"about":[{"href":"https:\/\/welovecinema.be\/fr\/wp-json\/wp\/v2\/types\/post"}],"author":[{"embeddable":true,"href":"https:\/\/welovecinema.be\/fr\/wp-json\/wp\/v2\/users\/343"}],"replies":[{"embeddable":true,"href":"https:\/\/welovecinema.be\/fr\/wp-json\/wp\/v2\/comments?post=207307"}],"version-history":[{"count":0,"href":"https:\/\/welovecinema.be\/fr\/wp-json\/wp\/v2\/posts\/207307\/revisions"}],"wp:featuredmedia":[{"embeddable":true,"href":"https:\/\/welovecinema.be\/fr\/wp-json\/wp\/v2\/media\/201642"}],"wp:attachment":[{"href":"https:\/\/welovecinema.be\/fr\/wp-json\/wp\/v2\/media?parent=207307"}],"wp:term":[{"taxonomy":"category","embeddable":true,"href":"https:\/\/welovecinema.be\/fr\/wp-json\/wp\/v2\/categories?post=207307"},{"taxonomy":"post_tag","embeddable":true,"href":"https:\/\/welovecinema.be\/fr\/wp-json\/wp\/v2\/tags?post=207307"}],"curies":[{"name":"wp","href":"https:\/\/api.w.org\/{rel}","templated":true}]}}