{"id":206059,"date":"2018-01-07T08:44:10","date_gmt":"2018-01-07T07:44:10","guid":{"rendered":"http:\/\/www.cinevox.be\/?p=206059"},"modified":"2018-01-07T14:08:26","modified_gmt":"2018-01-07T13:08:26","slug":"flashback-2017-flashforward-2018-astrid-whettnall","status":"publish","type":"post","link":"https:\/\/welovecinema.be\/fr\/flashback-2017-flashforward-2018-astrid-whettnall\/","title":{"rendered":"Flashback 2017\/ Flashforward 2018: Astrid Whettnall"},"content":{"rendered":"<h3><strong>Astrid WHETTNALL, com\u00e9dienne<\/strong><\/h3>\n<h4>Actualit\u00e9 2017<\/h4>\n<ul>\n<li>Astrid Whettnall recevait en f\u00e9vrier dernier le Magritte de la Meilleure Actrice pour son incroyable prestation dans <em>La Route d&rsquo;Istanbul<\/em> de Rachid Bouchareb. On l&rsquo;a vue \u00e9galement cette ann\u00e9e aux c\u00f4t\u00e9s de Marc Zinga et St\u00e9phane Bissot dans <em>Nos Patriotes<\/em>, et on attend avec impatience la saison 2 de <em>Baron Noir<\/em>, dont le tournage s&rsquo;est achev\u00e9 cet automne.<\/li>\n<\/ul>\n<p><img loading=\"lazy\" decoding=\"async\" class=\"alignnone size-large wp-image-205538\" src=\"http:\/\/www.cinevox.be\/wp-content\/uploads\/sites\/2\/2017\/12\/Flashback2017-800x296.jpg\" alt=\"\" width=\"618\" height=\"229\" srcset=\"https:\/\/welovecinema.be\/wp-content\/uploads\/sites\/2\/2017\/12\/Flashback2017-800x296.jpg 800w, https:\/\/welovecinema.be\/wp-content\/uploads\/sites\/2\/2017\/12\/Flashback2017-480x178.jpg 480w, https:\/\/welovecinema.be\/wp-content\/uploads\/sites\/2\/2017\/12\/Flashback2017-768x284.jpg 768w, https:\/\/welovecinema.be\/wp-content\/uploads\/sites\/2\/2017\/12\/Flashback2017.jpg 851w\" sizes=\"auto, (max-width: 618px) 100vw, 618px\" \/><\/p>\n<h4>Meilleur souvenir cin\u00e9matographique?<\/h4>\n<div class=\"freebirdFormviewerViewItemsItemItem freebirdFormviewerViewItemsTextTextItem\" role=\"listitem\" data-item-id=\"881078991\">\n<div class=\"freebirdFormviewerViewItemsTextLongText freebirdFormviewerViewItemsTextDisabledText freebirdThemedInput\">\n<div class=\"freebirdFormviewerViewItemsItemItem freebirdFormviewerViewItemsTextTextItem\" role=\"listitem\" data-item-id=\"881078991\">\n<div class=\"freebirdFormviewerViewItemsTextLongText freebirdFormviewerViewItemsTextDisabledText freebirdThemedInput\">Les films de John Cassavetes, Guillermo del Toro,Kathryn Bigelow, Pialat, Ken Loach, Jane Campion&#8230;<\/div>\n<\/div>\n<\/div>\n<\/div>\n<h4>La femme et\/ou l\u2019homme du cin\u00e9ma belge en 2017?<\/h4>\n<div class=\"freebirdFormviewerViewItemsItemItem freebirdFormviewerViewItemsTextTextItem\" role=\"listitem\" data-item-id=\"2125497335\">\n<div class=\"freebirdFormviewerViewItemsTextItemWrapper\">\n<div class=\"freebirdFormviewerViewItemsTextShortText freebirdFormviewerViewItemsTextDisabledText freebirdThemedInput\">Peter Van De Begin formidable dans <a href=\"http:\/\/www.cinevox.be\/fr\/king-of-the-belgians-tu-seras-un-homme-mon-roi\/\"><em>King of the Belgians<\/em><\/a> de Jessica Woodworth et Peter Brosens, et Lucie Debay qui a la gr\u00e2ce absolue.<\/div>\n<\/div>\n<\/div>\n<h4>Votre film belge pr\u00e9f\u00e9r\u00e9 en 2017?<\/h4>\n<p>King of the Belgians, <a href=\"http:\/\/www.cinevox.be\/fr\/entretien-stephan-streker-noces-tragedie-contemporaine\/\"><em>Noces<\/em><\/a> de Stephan Streker, <a href=\"http:\/\/www.cinevox.be\/fr\/drole-de-pere-lhistoire-dune-rencontre\/\"><em>Dr\u00f4le de p\u00e8re<\/em><\/a> d&rsquo;Amelie Van Elmbt<\/p>\n<p><img loading=\"lazy\" decoding=\"async\" class=\"alignnone size-large wp-image-205539\" src=\"http:\/\/www.cinevox.be\/wp-content\/uploads\/sites\/2\/2017\/12\/FlashForward2018-800x296.jpg\" alt=\"\" width=\"618\" height=\"229\" srcset=\"https:\/\/welovecinema.be\/wp-content\/uploads\/sites\/2\/2017\/12\/FlashForward2018-800x296.jpg 800w, https:\/\/welovecinema.be\/wp-content\/uploads\/sites\/2\/2017\/12\/FlashForward2018-480x178.jpg 480w, https:\/\/welovecinema.be\/wp-content\/uploads\/sites\/2\/2017\/12\/FlashForward2018-768x284.jpg 768w, https:\/\/welovecinema.be\/wp-content\/uploads\/sites\/2\/2017\/12\/FlashForward2018.jpg 851w\" sizes=\"auto, (max-width: 618px) 100vw, 618px\" \/><\/p>\n<h4>Qu\u2019attendez-vous de 2018?<\/h4>\n<div class=\"freebirdFormviewerViewItemsItemItem freebirdFormviewerViewItemsTextTextItem\" role=\"listitem\" data-item-id=\"1913089125\">\n<div class=\"freebirdFormviewerViewItemsTextItemWrapper\">\n<div class=\"freebirdFormviewerViewItemsTextShortText freebirdFormviewerViewItemsTextDisabledText freebirdThemedInput\">De l&rsquo;Amour.<\/div>\n<\/div>\n<\/div>\n<h4>Quel est le film (ou le talent) belge que vous aimeriez (re)voir en 2018?<\/h4>\n<p>Les prochains films de Joachim Lafosse et Fabrice Du Welz.<\/p>\n<h4>Vos projets pour 2018?<\/h4>\n<div class=\"freebirdFormviewerViewItemsItemItem freebirdFormviewerViewItemsTextTextItem\" role=\"listitem\" data-item-id=\"1517378963\">\n<div class=\"freebirdFormviewerViewItemsTextLongText freebirdFormviewerViewItemsTextDisabledText freebirdThemedInput\">La sortie le 22 janvier de la deuxi\u00e8me saison de <em>Baron Noir<\/em>, et de <em>Territoires<\/em> de David Oelhoffen , et les tournages de trois beaux longs m\u00e9trages&#8230;<\/div>\n<\/div>\n<div class=\"freebirdFormviewerViewItemsItemItem\" role=\"listitem\" data-item-id=\"1091303563\">\n<div class=\"freebirdMaterialHeaderbannerLabelContainer freebirdFormviewerViewItemsSectionheaderBanner\" role=\"heading\">\n<div class=\"freebirdMaterialHeaderbannerLabelTextContainer freebirdSolidBackground\"><\/div>\n<\/div>\n<\/div>\n","protected":false},"excerpt":{"rendered":"<p>Astrid WHETTNALL, com\u00e9dienne Actualit\u00e9 2017 Astrid Whettnall recevait en f\u00e9vrier dernier le Magritte de la Meilleure Actrice pour son incroyable prestation dans La Route d&rsquo;Istanbul de Rachid Bouchareb. On l&rsquo;a vue \u00e9galement cette ann\u00e9e aux c\u00f4t\u00e9s de Marc Zinga et St\u00e9phane Bissot dans Nos Patriotes, et on attend avec impatience la saison 2 de Baron &hellip;<\/p>\n","protected":false},"author":343,"featured_media":206060,"comment_status":"closed","ping_status":"closed","sticky":false,"template":"","format":"standard","meta":{"ngg_post_thumbnail":0,"footnotes":""},"categories":[1923],"tags":[3079],"class_list":["post-206059","post","type-post","status-publish","format-standard","has-post-thumbnail","","category-en-bref","tag-astrid-whettnall"],"yoast_head":"<!-- This site is optimized with the Yoast SEO plugin v20.4 - https:\/\/yoast.com\/wordpress\/plugins\/seo\/ -->\n<title>Flashback 2017\/ Flashforward 2018: Astrid Whettnall - We Love Cinema<\/title>\n<meta name=\"robots\" content=\"index, follow, max-snippet:-1, max-image-preview:large, max-video-preview:-1\" \/>\n<link rel=\"canonical\" href=\"https:\/\/welovecinema.be\/fr\/flashback-2017-flashforward-2018-astrid-whettnall\/\" \/>\n<meta property=\"og:locale\" content=\"fr_FR\" \/>\n<meta property=\"og:type\" content=\"article\" \/>\n<meta property=\"og:title\" content=\"Flashback 2017\/ Flashforward 2018: Astrid Whettnall - We Love Cinema\" \/>\n<meta property=\"og:description\" content=\"Astrid WHETTNALL, com\u00e9dienne Actualit\u00e9 2017 Astrid Whettnall recevait en f\u00e9vrier dernier le Magritte de la Meilleure Actrice pour son incroyable prestation dans La Route d&rsquo;Istanbul de Rachid Bouchareb. On l&rsquo;a vue \u00e9galement cette ann\u00e9e aux c\u00f4t\u00e9s de Marc Zinga et St\u00e9phane Bissot dans Nos Patriotes, et on attend avec impatience la saison 2 de Baron &hellip;\" \/>\n<meta property=\"og:url\" content=\"https:\/\/welovecinema.be\/fr\/flashback-2017-flashforward-2018-astrid-whettnall\/\" \/>\n<meta property=\"og:site_name\" content=\"We Love Cinema\" \/>\n<meta property=\"article:publisher\" content=\"https:\/\/www.facebook.com\/welovecinema.be\" \/>\n<meta property=\"article:published_time\" content=\"2018-01-07T07:44:10+00:00\" \/>\n<meta property=\"article:modified_time\" content=\"2018-01-07T13:08:26+00:00\" \/>\n<meta property=\"og:image\" content=\"https:\/\/welovecinema.be\/wp-content\/uploads\/sites\/2\/2018\/01\/Astrid-Baron-Noir.jpg\" \/>\n\t<meta property=\"og:image:width\" content=\"1152\" \/>\n\t<meta property=\"og:image:height\" content=\"731\" \/>\n\t<meta property=\"og:image:type\" content=\"image\/jpeg\" \/>\n<meta name=\"author\" content=\"Aurore Engelen\" \/>\n<meta name=\"twitter:card\" content=\"summary_large_image\" \/>\n<meta name=\"twitter:label1\" content=\"\u00c9crit par\" \/>\n\t<meta name=\"twitter:data1\" content=\"Aurore Engelen\" \/>\n\t<meta name=\"twitter:label2\" content=\"Dur\u00e9e de lecture estim\u00e9e\" \/>\n\t<meta name=\"twitter:data2\" content=\"1 minute\" \/>\n<script type=\"application\/ld+json\" class=\"yoast-schema-graph\">{\"@context\":\"https:\/\/schema.org\",\"@graph\":[{\"@type\":\"Article\",\"@id\":\"https:\/\/welovecinema.be\/fr\/flashback-2017-flashforward-2018-astrid-whettnall\/#article\",\"isPartOf\":{\"@id\":\"https:\/\/welovecinema.be\/fr\/flashback-2017-flashforward-2018-astrid-whettnall\/\"},\"author\":{\"name\":\"Aurore Engelen\",\"@id\":\"https:\/\/welovecinema.be\/nl\/#\/schema\/person\/8084b68c6b176142d073695c654dc7cf\"},\"headline\":\"Flashback 2017\/ Flashforward 2018: Astrid Whettnall\",\"datePublished\":\"2018-01-07T07:44:10+00:00\",\"dateModified\":\"2018-01-07T13:08:26+00:00\",\"mainEntityOfPage\":{\"@id\":\"https:\/\/welovecinema.be\/fr\/flashback-2017-flashforward-2018-astrid-whettnall\/\"},\"wordCount\":213,\"publisher\":{\"@id\":\"https:\/\/welovecinema.be\/nl\/#organization\"},\"keywords\":[\"Astrid Whettnall\"],\"articleSection\":[\"En bref\"],\"inLanguage\":\"fr-FR\"},{\"@type\":\"WebPage\",\"@id\":\"https:\/\/welovecinema.be\/fr\/flashback-2017-flashforward-2018-astrid-whettnall\/\",\"url\":\"https:\/\/welovecinema.be\/fr\/flashback-2017-flashforward-2018-astrid-whettnall\/\",\"name\":\"Flashback 2017\/ Flashforward 2018: Astrid Whettnall - We Love Cinema\",\"isPartOf\":{\"@id\":\"https:\/\/welovecinema.be\/nl\/#website\"},\"datePublished\":\"2018-01-07T07:44:10+00:00\",\"dateModified\":\"2018-01-07T13:08:26+00:00\",\"breadcrumb\":{\"@id\":\"https:\/\/welovecinema.be\/fr\/flashback-2017-flashforward-2018-astrid-whettnall\/#breadcrumb\"},\"inLanguage\":\"fr-FR\",\"potentialAction\":[{\"@type\":\"ReadAction\",\"target\":[\"https:\/\/welovecinema.be\/fr\/flashback-2017-flashforward-2018-astrid-whettnall\/\"]}]},{\"@type\":\"BreadcrumbList\",\"@id\":\"https:\/\/welovecinema.be\/fr\/flashback-2017-flashforward-2018-astrid-whettnall\/#breadcrumb\",\"itemListElement\":[{\"@type\":\"ListItem\",\"position\":1,\"name\":\"Accueil\",\"item\":\"https:\/\/welovecinema.be\/fr\/\"},{\"@type\":\"ListItem\",\"position\":2,\"name\":\"Flashback 2017\/ Flashforward 2018: Astrid Whettnall\"}]},{\"@type\":\"WebSite\",\"@id\":\"https:\/\/welovecinema.be\/nl\/#website\",\"url\":\"https:\/\/welovecinema.be\/nl\/\",\"name\":\"We Love Cinema\",\"description\":\"Toute l\u2019information du cin\u00e9ma en Belgique\",\"publisher\":{\"@id\":\"https:\/\/welovecinema.be\/nl\/#organization\"},\"potentialAction\":[{\"@type\":\"SearchAction\",\"target\":{\"@type\":\"EntryPoint\",\"urlTemplate\":\"https:\/\/welovecinema.be\/nl\/?s={search_term_string}\"},\"query-input\":\"required name=search_term_string\"}],\"inLanguage\":\"fr-FR\"},{\"@type\":\"Organization\",\"@id\":\"https:\/\/welovecinema.be\/nl\/#organization\",\"name\":\"We Love Cinema\",\"url\":\"https:\/\/welovecinema.be\/nl\/\",\"logo\":{\"@type\":\"ImageObject\",\"inLanguage\":\"fr-FR\",\"@id\":\"https:\/\/welovecinema.be\/nl\/#\/schema\/logo\/image\/\",\"url\":\"https:\/\/welovecinema.be\/wp-content\/uploads\/sites\/2\/2023\/03\/Logo-We-Love-Cinema305x128.jpg\",\"contentUrl\":\"https:\/\/welovecinema.be\/wp-content\/uploads\/sites\/2\/2023\/03\/Logo-We-Love-Cinema305x128.jpg\",\"width\":305,\"height\":128,\"caption\":\"We Love Cinema\"},\"image\":{\"@id\":\"https:\/\/welovecinema.be\/nl\/#\/schema\/logo\/image\/\"},\"sameAs\":[\"https:\/\/www.facebook.com\/welovecinema.be\",\"https:\/\/www.youtube.com\/channel\/UCX5LYGVhnKvYauW4Nta4HJA\",\"https:\/\/www.instagram.com\/welovecinema.be\/\"]},{\"@type\":\"Person\",\"@id\":\"https:\/\/welovecinema.be\/nl\/#\/schema\/person\/8084b68c6b176142d073695c654dc7cf\",\"name\":\"Aurore Engelen\",\"url\":\"https:\/\/welovecinema.be\/fr\/author\/aurore-engelen\/\"}]}<\/script>\n<!-- \/ Yoast SEO plugin. -->","yoast_head_json":{"title":"Flashback 2017\/ Flashforward 2018: Astrid Whettnall - We Love Cinema","robots":{"index":"index","follow":"follow","max-snippet":"max-snippet:-1","max-image-preview":"max-image-preview:large","max-video-preview":"max-video-preview:-1"},"canonical":"https:\/\/welovecinema.be\/fr\/flashback-2017-flashforward-2018-astrid-whettnall\/","og_locale":"fr_FR","og_type":"article","og_title":"Flashback 2017\/ Flashforward 2018: Astrid Whettnall - We Love Cinema","og_description":"Astrid WHETTNALL, com\u00e9dienne Actualit\u00e9 2017 Astrid Whettnall recevait en f\u00e9vrier dernier le Magritte de la Meilleure Actrice pour son incroyable prestation dans La Route d&rsquo;Istanbul de Rachid Bouchareb. On l&rsquo;a vue \u00e9galement cette ann\u00e9e aux c\u00f4t\u00e9s de Marc Zinga et St\u00e9phane Bissot dans Nos Patriotes, et on attend avec impatience la saison 2 de Baron &hellip;","og_url":"https:\/\/welovecinema.be\/fr\/flashback-2017-flashforward-2018-astrid-whettnall\/","og_site_name":"We Love Cinema","article_publisher":"https:\/\/www.facebook.com\/welovecinema.be","article_published_time":"2018-01-07T07:44:10+00:00","article_modified_time":"2018-01-07T13:08:26+00:00","og_image":[{"width":1152,"height":731,"url":"https:\/\/welovecinema.be\/wp-content\/uploads\/sites\/2\/2018\/01\/Astrid-Baron-Noir.jpg","type":"image\/jpeg"}],"author":"Aurore Engelen","twitter_card":"summary_large_image","twitter_misc":{"\u00c9crit par":"Aurore Engelen","Dur\u00e9e de lecture estim\u00e9e":"1 minute"},"schema":{"@context":"https:\/\/schema.org","@graph":[{"@type":"Article","@id":"https:\/\/welovecinema.be\/fr\/flashback-2017-flashforward-2018-astrid-whettnall\/#article","isPartOf":{"@id":"https:\/\/welovecinema.be\/fr\/flashback-2017-flashforward-2018-astrid-whettnall\/"},"author":{"name":"Aurore Engelen","@id":"https:\/\/welovecinema.be\/nl\/#\/schema\/person\/8084b68c6b176142d073695c654dc7cf"},"headline":"Flashback 2017\/ Flashforward 2018: Astrid Whettnall","datePublished":"2018-01-07T07:44:10+00:00","dateModified":"2018-01-07T13:08:26+00:00","mainEntityOfPage":{"@id":"https:\/\/welovecinema.be\/fr\/flashback-2017-flashforward-2018-astrid-whettnall\/"},"wordCount":213,"publisher":{"@id":"https:\/\/welovecinema.be\/nl\/#organization"},"keywords":["Astrid Whettnall"],"articleSection":["En bref"],"inLanguage":"fr-FR"},{"@type":"WebPage","@id":"https:\/\/welovecinema.be\/fr\/flashback-2017-flashforward-2018-astrid-whettnall\/","url":"https:\/\/welovecinema.be\/fr\/flashback-2017-flashforward-2018-astrid-whettnall\/","name":"Flashback 2017\/ Flashforward 2018: Astrid Whettnall - We Love Cinema","isPartOf":{"@id":"https:\/\/welovecinema.be\/nl\/#website"},"datePublished":"2018-01-07T07:44:10+00:00","dateModified":"2018-01-07T13:08:26+00:00","breadcrumb":{"@id":"https:\/\/welovecinema.be\/fr\/flashback-2017-flashforward-2018-astrid-whettnall\/#breadcrumb"},"inLanguage":"fr-FR","potentialAction":[{"@type":"ReadAction","target":["https:\/\/welovecinema.be\/fr\/flashback-2017-flashforward-2018-astrid-whettnall\/"]}]},{"@type":"BreadcrumbList","@id":"https:\/\/welovecinema.be\/fr\/flashback-2017-flashforward-2018-astrid-whettnall\/#breadcrumb","itemListElement":[{"@type":"ListItem","position":1,"name":"Accueil","item":"https:\/\/welovecinema.be\/fr\/"},{"@type":"ListItem","position":2,"name":"Flashback 2017\/ Flashforward 2018: Astrid Whettnall"}]},{"@type":"WebSite","@id":"https:\/\/welovecinema.be\/nl\/#website","url":"https:\/\/welovecinema.be\/nl\/","name":"We Love Cinema","description":"Toute l\u2019information du cin\u00e9ma en Belgique","publisher":{"@id":"https:\/\/welovecinema.be\/nl\/#organization"},"potentialAction":[{"@type":"SearchAction","target":{"@type":"EntryPoint","urlTemplate":"https:\/\/welovecinema.be\/nl\/?s={search_term_string}"},"query-input":"required name=search_term_string"}],"inLanguage":"fr-FR"},{"@type":"Organization","@id":"https:\/\/welovecinema.be\/nl\/#organization","name":"We Love Cinema","url":"https:\/\/welovecinema.be\/nl\/","logo":{"@type":"ImageObject","inLanguage":"fr-FR","@id":"https:\/\/welovecinema.be\/nl\/#\/schema\/logo\/image\/","url":"https:\/\/welovecinema.be\/wp-content\/uploads\/sites\/2\/2023\/03\/Logo-We-Love-Cinema305x128.jpg","contentUrl":"https:\/\/welovecinema.be\/wp-content\/uploads\/sites\/2\/2023\/03\/Logo-We-Love-Cinema305x128.jpg","width":305,"height":128,"caption":"We Love Cinema"},"image":{"@id":"https:\/\/welovecinema.be\/nl\/#\/schema\/logo\/image\/"},"sameAs":["https:\/\/www.facebook.com\/welovecinema.be","https:\/\/www.youtube.com\/channel\/UCX5LYGVhnKvYauW4Nta4HJA","https:\/\/www.instagram.com\/welovecinema.be\/"]},{"@type":"Person","@id":"https:\/\/welovecinema.be\/nl\/#\/schema\/person\/8084b68c6b176142d073695c654dc7cf","name":"Aurore Engelen","url":"https:\/\/welovecinema.be\/fr\/author\/aurore-engelen\/"}]}},"_links":{"self":[{"href":"https:\/\/welovecinema.be\/fr\/wp-json\/wp\/v2\/posts\/206059","targetHints":{"allow":["GET"]}}],"collection":[{"href":"https:\/\/welovecinema.be\/fr\/wp-json\/wp\/v2\/posts"}],"about":[{"href":"https:\/\/welovecinema.be\/fr\/wp-json\/wp\/v2\/types\/post"}],"author":[{"embeddable":true,"href":"https:\/\/welovecinema.be\/fr\/wp-json\/wp\/v2\/users\/343"}],"replies":[{"embeddable":true,"href":"https:\/\/welovecinema.be\/fr\/wp-json\/wp\/v2\/comments?post=206059"}],"version-history":[{"count":0,"href":"https:\/\/welovecinema.be\/fr\/wp-json\/wp\/v2\/posts\/206059\/revisions"}],"wp:featuredmedia":[{"embeddable":true,"href":"https:\/\/welovecinema.be\/fr\/wp-json\/wp\/v2\/media\/206060"}],"wp:attachment":[{"href":"https:\/\/welovecinema.be\/fr\/wp-json\/wp\/v2\/media?parent=206059"}],"wp:term":[{"taxonomy":"category","embeddable":true,"href":"https:\/\/welovecinema.be\/fr\/wp-json\/wp\/v2\/categories?post=206059"},{"taxonomy":"post_tag","embeddable":true,"href":"https:\/\/welovecinema.be\/fr\/wp-json\/wp\/v2\/tags?post=206059"}],"curies":[{"name":"wp","href":"https:\/\/api.w.org\/{rel}","templated":true}]}}