{"id":205059,"date":"2017-12-04T13:22:18","date_gmt":"2017-12-04T12:22:18","guid":{"rendered":"http:\/\/www.cinevox.be\/?p=205059"},"modified":"2018-03-07T09:12:46","modified_gmt":"2018-03-07T08:12:46","slug":"2mn-yassine-fadel","status":"publish","type":"post","link":"https:\/\/welovecinema.be\/fr\/2mn-yassine-fadel\/","title":{"rendered":"2mn avec&#8230; Yassine Fadel"},"content":{"rendered":"<p><strong>On a crois\u00e9 le com\u00e9dien belge Yassine Fadel, \u00e0 quelques jours de la sortie fran\u00e7aise d&rsquo;<em>Isola<\/em> de Fabianny Deschamps ce mercredi, son premier premier r\u00f4le dans un long m\u00e9trage. Il nous parle de ce film si particulier pour lui, mais aussi de sa carri\u00e8re, tr\u00e8s internationale, en attendant de le retrouver bient\u00f4t en Belgique?<\/strong><\/p>\n<p>Yassine Fadel d\u00e9bute sa carri\u00e8re en fanfare il y a 11 ans avec un r\u00f4le d&rsquo;envergure dans <em>The Expatriate<\/em>, une coproduction internationale situ\u00e9e \u00e0 Bruxelles, avec Aaron Eckhart et Olga Kurylenko. On le retrouve ensuite aux quatre coins du monde cin\u00e9matographique, au Canada dans <em>Diego Star<\/em>, en Italie dans <em>Ustica<\/em>, aux Pays-Bas dans <em>Kidnapping M.Heineken<\/em>, aux Etats-Unis dans la s\u00e9rie <em>Homeland<\/em>. On le voit d&rsquo;ailleurs dans de nombreuses s\u00e9ries internationales comme <em>Brussel, The Missing, Les Invisibles, The Team<\/em>.\u00a0Il tourne bien s\u00fbr dans de nombreux courts m\u00e9trages, dont <em>Etat d&rsquo;alerte sa m\u00e8re<\/em>, qui cartonne sur les r\u00e9seaux sociaux.<\/p>\n<p>Dans Isola, il figure en haut de l&rsquo;affiche. En attendant de le retrouver dans un film belge?<\/p>\n","protected":false},"excerpt":{"rendered":"<p>On a crois\u00e9 le com\u00e9dien belge Yassine Fadel, \u00e0 quelques jours de la sortie fran\u00e7aise d&rsquo;Isola de Fabianny Deschamps ce mercredi, son premier premier r\u00f4le dans un long m\u00e9trage. Il nous parle de ce film si particulier pour lui, mais aussi de sa carri\u00e8re, tr\u00e8s internationale, en attendant de le retrouver bient\u00f4t en Belgique? Yassine &hellip;<\/p>\n","protected":false},"author":343,"featured_media":205060,"comment_status":"closed","ping_status":"closed","sticky":false,"template":"","format":"standard","meta":{"ngg_post_thumbnail":0,"footnotes":""},"categories":[1978],"tags":[],"class_list":["post-205059","post","type-post","status-publish","format-standard","has-post-thumbnail","","category-interviews"],"yoast_head":"<!-- This site is optimized with the Yoast SEO plugin v20.4 - https:\/\/yoast.com\/wordpress\/plugins\/seo\/ -->\n<title>2mn avec... Yassine Fadel - We Love Cinema<\/title>\n<meta name=\"robots\" content=\"index, follow, max-snippet:-1, max-image-preview:large, max-video-preview:-1\" \/>\n<link rel=\"canonical\" href=\"https:\/\/welovecinema.be\/fr\/2mn-yassine-fadel\/\" \/>\n<meta property=\"og:locale\" content=\"fr_FR\" \/>\n<meta property=\"og:type\" content=\"article\" \/>\n<meta property=\"og:title\" content=\"2mn avec... Yassine Fadel - We Love Cinema\" \/>\n<meta property=\"og:description\" content=\"On a crois\u00e9 le com\u00e9dien belge Yassine Fadel, \u00e0 quelques jours de la sortie fran\u00e7aise d&rsquo;Isola de Fabianny Deschamps ce mercredi, son premier premier r\u00f4le dans un long m\u00e9trage. Il nous parle de ce film si particulier pour lui, mais aussi de sa carri\u00e8re, tr\u00e8s internationale, en attendant de le retrouver bient\u00f4t en Belgique? Yassine &hellip;\" \/>\n<meta property=\"og:url\" content=\"https:\/\/welovecinema.be\/fr\/2mn-yassine-fadel\/\" \/>\n<meta property=\"og:site_name\" content=\"We Love Cinema\" \/>\n<meta property=\"article:publisher\" content=\"https:\/\/www.facebook.com\/welovecinema.be\" \/>\n<meta property=\"article:published_time\" content=\"2017-12-04T12:22:18+00:00\" \/>\n<meta property=\"article:modified_time\" content=\"2018-03-07T08:12:46+00:00\" \/>\n<meta property=\"og:image\" content=\"https:\/\/welovecinema.be\/wp-content\/uploads\/sites\/2\/2017\/12\/YassineFadelCInevox.jpg\" \/>\n\t<meta property=\"og:image:width\" content=\"1780\" \/>\n\t<meta property=\"og:image:height\" content=\"971\" \/>\n\t<meta property=\"og:image:type\" content=\"image\/jpeg\" \/>\n<meta name=\"author\" content=\"Aurore Engelen\" \/>\n<meta name=\"twitter:card\" content=\"summary_large_image\" \/>\n<meta name=\"twitter:label1\" content=\"\u00c9crit par\" \/>\n\t<meta name=\"twitter:data1\" content=\"Aurore Engelen\" \/>\n\t<meta name=\"twitter:label2\" content=\"Dur\u00e9e de lecture estim\u00e9e\" \/>\n\t<meta name=\"twitter:data2\" content=\"1 minute\" \/>\n<script type=\"application\/ld+json\" class=\"yoast-schema-graph\">{\"@context\":\"https:\/\/schema.org\",\"@graph\":[{\"@type\":\"Article\",\"@id\":\"https:\/\/welovecinema.be\/fr\/2mn-yassine-fadel\/#article\",\"isPartOf\":{\"@id\":\"https:\/\/welovecinema.be\/fr\/2mn-yassine-fadel\/\"},\"author\":{\"name\":\"Aurore Engelen\",\"@id\":\"https:\/\/welovecinema.be\/nl\/#\/schema\/person\/8084b68c6b176142d073695c654dc7cf\"},\"headline\":\"2mn avec&#8230; Yassine Fadel\",\"datePublished\":\"2017-12-04T12:22:18+00:00\",\"dateModified\":\"2018-03-07T08:12:46+00:00\",\"mainEntityOfPage\":{\"@id\":\"https:\/\/welovecinema.be\/fr\/2mn-yassine-fadel\/\"},\"wordCount\":194,\"publisher\":{\"@id\":\"https:\/\/welovecinema.be\/nl\/#organization\"},\"articleSection\":[\"Rencontres\"],\"inLanguage\":\"fr-FR\"},{\"@type\":\"WebPage\",\"@id\":\"https:\/\/welovecinema.be\/fr\/2mn-yassine-fadel\/\",\"url\":\"https:\/\/welovecinema.be\/fr\/2mn-yassine-fadel\/\",\"name\":\"2mn avec... Yassine Fadel - We Love Cinema\",\"isPartOf\":{\"@id\":\"https:\/\/welovecinema.be\/nl\/#website\"},\"datePublished\":\"2017-12-04T12:22:18+00:00\",\"dateModified\":\"2018-03-07T08:12:46+00:00\",\"breadcrumb\":{\"@id\":\"https:\/\/welovecinema.be\/fr\/2mn-yassine-fadel\/#breadcrumb\"},\"inLanguage\":\"fr-FR\",\"potentialAction\":[{\"@type\":\"ReadAction\",\"target\":[\"https:\/\/welovecinema.be\/fr\/2mn-yassine-fadel\/\"]}]},{\"@type\":\"BreadcrumbList\",\"@id\":\"https:\/\/welovecinema.be\/fr\/2mn-yassine-fadel\/#breadcrumb\",\"itemListElement\":[{\"@type\":\"ListItem\",\"position\":1,\"name\":\"Accueil\",\"item\":\"https:\/\/welovecinema.be\/fr\/\"},{\"@type\":\"ListItem\",\"position\":2,\"name\":\"2mn avec&#8230; Yassine Fadel\"}]},{\"@type\":\"WebSite\",\"@id\":\"https:\/\/welovecinema.be\/nl\/#website\",\"url\":\"https:\/\/welovecinema.be\/nl\/\",\"name\":\"We Love Cinema\",\"description\":\"Toute l\u2019information du cin\u00e9ma en Belgique\",\"publisher\":{\"@id\":\"https:\/\/welovecinema.be\/nl\/#organization\"},\"potentialAction\":[{\"@type\":\"SearchAction\",\"target\":{\"@type\":\"EntryPoint\",\"urlTemplate\":\"https:\/\/welovecinema.be\/nl\/?s={search_term_string}\"},\"query-input\":\"required name=search_term_string\"}],\"inLanguage\":\"fr-FR\"},{\"@type\":\"Organization\",\"@id\":\"https:\/\/welovecinema.be\/nl\/#organization\",\"name\":\"We Love Cinema\",\"url\":\"https:\/\/welovecinema.be\/nl\/\",\"logo\":{\"@type\":\"ImageObject\",\"inLanguage\":\"fr-FR\",\"@id\":\"https:\/\/welovecinema.be\/nl\/#\/schema\/logo\/image\/\",\"url\":\"https:\/\/welovecinema.be\/wp-content\/uploads\/sites\/2\/2023\/03\/Logo-We-Love-Cinema305x128.jpg\",\"contentUrl\":\"https:\/\/welovecinema.be\/wp-content\/uploads\/sites\/2\/2023\/03\/Logo-We-Love-Cinema305x128.jpg\",\"width\":305,\"height\":128,\"caption\":\"We Love Cinema\"},\"image\":{\"@id\":\"https:\/\/welovecinema.be\/nl\/#\/schema\/logo\/image\/\"},\"sameAs\":[\"https:\/\/www.facebook.com\/welovecinema.be\",\"https:\/\/www.youtube.com\/channel\/UCX5LYGVhnKvYauW4Nta4HJA\",\"https:\/\/www.instagram.com\/welovecinema.be\/\"]},{\"@type\":\"Person\",\"@id\":\"https:\/\/welovecinema.be\/nl\/#\/schema\/person\/8084b68c6b176142d073695c654dc7cf\",\"name\":\"Aurore Engelen\",\"url\":\"https:\/\/welovecinema.be\/fr\/author\/aurore-engelen\/\"}]}<\/script>\n<!-- \/ Yoast SEO plugin. -->","yoast_head_json":{"title":"2mn avec... Yassine Fadel - We Love Cinema","robots":{"index":"index","follow":"follow","max-snippet":"max-snippet:-1","max-image-preview":"max-image-preview:large","max-video-preview":"max-video-preview:-1"},"canonical":"https:\/\/welovecinema.be\/fr\/2mn-yassine-fadel\/","og_locale":"fr_FR","og_type":"article","og_title":"2mn avec... Yassine Fadel - We Love Cinema","og_description":"On a crois\u00e9 le com\u00e9dien belge Yassine Fadel, \u00e0 quelques jours de la sortie fran\u00e7aise d&rsquo;Isola de Fabianny Deschamps ce mercredi, son premier premier r\u00f4le dans un long m\u00e9trage. Il nous parle de ce film si particulier pour lui, mais aussi de sa carri\u00e8re, tr\u00e8s internationale, en attendant de le retrouver bient\u00f4t en Belgique? Yassine &hellip;","og_url":"https:\/\/welovecinema.be\/fr\/2mn-yassine-fadel\/","og_site_name":"We Love Cinema","article_publisher":"https:\/\/www.facebook.com\/welovecinema.be","article_published_time":"2017-12-04T12:22:18+00:00","article_modified_time":"2018-03-07T08:12:46+00:00","og_image":[{"width":1780,"height":971,"url":"https:\/\/welovecinema.be\/wp-content\/uploads\/sites\/2\/2017\/12\/YassineFadelCInevox.jpg","type":"image\/jpeg"}],"author":"Aurore Engelen","twitter_card":"summary_large_image","twitter_misc":{"\u00c9crit par":"Aurore Engelen","Dur\u00e9e de lecture estim\u00e9e":"1 minute"},"schema":{"@context":"https:\/\/schema.org","@graph":[{"@type":"Article","@id":"https:\/\/welovecinema.be\/fr\/2mn-yassine-fadel\/#article","isPartOf":{"@id":"https:\/\/welovecinema.be\/fr\/2mn-yassine-fadel\/"},"author":{"name":"Aurore Engelen","@id":"https:\/\/welovecinema.be\/nl\/#\/schema\/person\/8084b68c6b176142d073695c654dc7cf"},"headline":"2mn avec&#8230; Yassine Fadel","datePublished":"2017-12-04T12:22:18+00:00","dateModified":"2018-03-07T08:12:46+00:00","mainEntityOfPage":{"@id":"https:\/\/welovecinema.be\/fr\/2mn-yassine-fadel\/"},"wordCount":194,"publisher":{"@id":"https:\/\/welovecinema.be\/nl\/#organization"},"articleSection":["Rencontres"],"inLanguage":"fr-FR"},{"@type":"WebPage","@id":"https:\/\/welovecinema.be\/fr\/2mn-yassine-fadel\/","url":"https:\/\/welovecinema.be\/fr\/2mn-yassine-fadel\/","name":"2mn avec... Yassine Fadel - We Love Cinema","isPartOf":{"@id":"https:\/\/welovecinema.be\/nl\/#website"},"datePublished":"2017-12-04T12:22:18+00:00","dateModified":"2018-03-07T08:12:46+00:00","breadcrumb":{"@id":"https:\/\/welovecinema.be\/fr\/2mn-yassine-fadel\/#breadcrumb"},"inLanguage":"fr-FR","potentialAction":[{"@type":"ReadAction","target":["https:\/\/welovecinema.be\/fr\/2mn-yassine-fadel\/"]}]},{"@type":"BreadcrumbList","@id":"https:\/\/welovecinema.be\/fr\/2mn-yassine-fadel\/#breadcrumb","itemListElement":[{"@type":"ListItem","position":1,"name":"Accueil","item":"https:\/\/welovecinema.be\/fr\/"},{"@type":"ListItem","position":2,"name":"2mn avec&#8230; Yassine Fadel"}]},{"@type":"WebSite","@id":"https:\/\/welovecinema.be\/nl\/#website","url":"https:\/\/welovecinema.be\/nl\/","name":"We Love Cinema","description":"Toute l\u2019information du cin\u00e9ma en Belgique","publisher":{"@id":"https:\/\/welovecinema.be\/nl\/#organization"},"potentialAction":[{"@type":"SearchAction","target":{"@type":"EntryPoint","urlTemplate":"https:\/\/welovecinema.be\/nl\/?s={search_term_string}"},"query-input":"required name=search_term_string"}],"inLanguage":"fr-FR"},{"@type":"Organization","@id":"https:\/\/welovecinema.be\/nl\/#organization","name":"We Love Cinema","url":"https:\/\/welovecinema.be\/nl\/","logo":{"@type":"ImageObject","inLanguage":"fr-FR","@id":"https:\/\/welovecinema.be\/nl\/#\/schema\/logo\/image\/","url":"https:\/\/welovecinema.be\/wp-content\/uploads\/sites\/2\/2023\/03\/Logo-We-Love-Cinema305x128.jpg","contentUrl":"https:\/\/welovecinema.be\/wp-content\/uploads\/sites\/2\/2023\/03\/Logo-We-Love-Cinema305x128.jpg","width":305,"height":128,"caption":"We Love Cinema"},"image":{"@id":"https:\/\/welovecinema.be\/nl\/#\/schema\/logo\/image\/"},"sameAs":["https:\/\/www.facebook.com\/welovecinema.be","https:\/\/www.youtube.com\/channel\/UCX5LYGVhnKvYauW4Nta4HJA","https:\/\/www.instagram.com\/welovecinema.be\/"]},{"@type":"Person","@id":"https:\/\/welovecinema.be\/nl\/#\/schema\/person\/8084b68c6b176142d073695c654dc7cf","name":"Aurore Engelen","url":"https:\/\/welovecinema.be\/fr\/author\/aurore-engelen\/"}]}},"_links":{"self":[{"href":"https:\/\/welovecinema.be\/fr\/wp-json\/wp\/v2\/posts\/205059","targetHints":{"allow":["GET"]}}],"collection":[{"href":"https:\/\/welovecinema.be\/fr\/wp-json\/wp\/v2\/posts"}],"about":[{"href":"https:\/\/welovecinema.be\/fr\/wp-json\/wp\/v2\/types\/post"}],"author":[{"embeddable":true,"href":"https:\/\/welovecinema.be\/fr\/wp-json\/wp\/v2\/users\/343"}],"replies":[{"embeddable":true,"href":"https:\/\/welovecinema.be\/fr\/wp-json\/wp\/v2\/comments?post=205059"}],"version-history":[{"count":0,"href":"https:\/\/welovecinema.be\/fr\/wp-json\/wp\/v2\/posts\/205059\/revisions"}],"wp:featuredmedia":[{"embeddable":true,"href":"https:\/\/welovecinema.be\/fr\/wp-json\/wp\/v2\/media\/205060"}],"wp:attachment":[{"href":"https:\/\/welovecinema.be\/fr\/wp-json\/wp\/v2\/media?parent=205059"}],"wp:term":[{"taxonomy":"category","embeddable":true,"href":"https:\/\/welovecinema.be\/fr\/wp-json\/wp\/v2\/categories?post=205059"},{"taxonomy":"post_tag","embeddable":true,"href":"https:\/\/welovecinema.be\/fr\/wp-json\/wp\/v2\/tags?post=205059"}],"curies":[{"name":"wp","href":"https:\/\/api.w.org\/{rel}","templated":true}]}}