{"id":20368,"date":"2012-05-11T06:43:40","date_gmt":"2012-05-11T06:43:40","guid":{"rendered":"http:\/\/www.cinevox.be\/?p=20368"},"modified":"2012-05-10T19:00:16","modified_gmt":"2012-05-10T19:00:16","slug":"lexercice-de-letat-en-dvd-un-ministre-dans-votre-salon","status":"publish","type":"post","link":"https:\/\/welovecinema.be\/fr\/lexercice-de-letat-en-dvd-un-ministre-dans-votre-salon\/","title":{"rendered":"L&rsquo;Exercice de l&rsquo;\u00c9tat en DVD <br> Un Ministre dans votre salon"},"content":{"rendered":"<p>Contrairement \u00e0 <em>La F\u00e9e<\/em> et aux <em>G\u00e9ants<\/em>, <em>L&rsquo;Exercice de l&rsquo;\u00c9tat<\/em> n&rsquo;a pas \u00e9t\u00e9 r\u00e9compens\u00e9 lors de la 2<sup>e<\/sup> \u00e9dition des Magritte du cin\u00e9ma. Et pour cause\u2026 Le film sorti en novembre ne pouvait pas \u00eatre s\u00e9lectionn\u00e9 pour cette cuv\u00e9e et ne sera en course que l&rsquo;an prochain. En attendant, il a r\u00e9cemment r\u00e9colt\u00e9 <a href=\"http:\/\/www.cinevox.be\/3-cesar-pour-lexercice-de-letat\/\" target=\"_blank\">trois C\u00e9sars <\/a>et le prix 2011 des auditeurs du Masque et la Plume (France Inter) ce qui n&rsquo;est pas rien.<\/p>\n<p>Rencontr\u00e9 sur le tournage de <em>La Tendresse<\/em>, <strong>Olivier Gourmet<\/strong> est revenu sur ce film ph\u00e9nom\u00e8ne: un rapide bilan \u00e0 regarder <a href=\"http:\/\/www.cinevox.be\/videos\/gourmet-exercice-de-letat\/\" target=\"_blank\">ici<\/a> pour souligner la sortie num\u00e9rique d&rsquo;un des films les plus passionnants de ces derni\u00e8res ann\u00e9es.<!--more--><\/p>\n<p>&nbsp;<\/p>\n<p><a rel=\"attachment wp-att-20369\" href=\"http:\/\/www.cinevox.be\/lexercice-de-letat-en-dvd-un-ministre-dans-votre-salon\/2012-05-08-14h46_25\/\"><img loading=\"lazy\" decoding=\"async\" class=\"aligncenter size-large wp-image-20369\" title=\"2012-05-08 14h46_25\" src=\"http:\/\/www.cinevox.be\/wp-content\/uploads\/sites\/2\/2012\/05\/2012-05-08-14h46_25-800x447.png\" alt=\"\" width=\"640\" height=\"357\" srcset=\"https:\/\/welovecinema.be\/wp-content\/uploads\/sites\/2\/2012\/05\/2012-05-08-14h46_25-800x447.png 800w, https:\/\/welovecinema.be\/wp-content\/uploads\/sites\/2\/2012\/05\/2012-05-08-14h46_25-200x113.png 200w, https:\/\/welovecinema.be\/wp-content\/uploads\/sites\/2\/2012\/05\/2012-05-08-14h46_25-480x268.png 480w, https:\/\/welovecinema.be\/wp-content\/uploads\/sites\/2\/2012\/05\/2012-05-08-14h46_25.png 905w\" sizes=\"auto, (max-width: 640px) 100vw, 640px\" \/><\/a><\/p>\n<p>&nbsp;<\/p>\n<p><em>L&rsquo;Exercice de l&rsquo;\u00c9tat<\/em> vient tout juste de sortir en DVD avec en bonus des interviews de <strong>Pierre Schoeller<\/strong> et d&rsquo;<strong>Olivier Gourmet. <\/strong>C&rsquo;est une formidable opportunit\u00e9 pour tous ceux qui ne l&rsquo;ont pas encore vu de d\u00e9couvrir enfin un des plus grands films politiques de ces dix derni\u00e8res ann\u00e9es. Un v\u00e9ritable thriller qui r\u00e9ussit l&rsquo;exploit d&rsquo;\u00eatre \u00e0 la fois spectaculaire et intimiste, de nous montrer l&rsquo;action collective et les \u00e9mois individuels. Une r\u00e9ussite totale, comme nous l&rsquo;avions soulign\u00e9 \u00e0 l&rsquo;\u00e9poque dans une critique qui nous avait valu ces mots fort gentils du r\u00e9alisateur: \u00ab\u00a0Merci pour cet <a href=\"http:\/\/www.cinevox.be\/vu-du-fiff-la-politique-pour-les-gourmets\/\">article<\/a>. Je l&rsquo;ai lu ce matin et j&rsquo;ai le sentiment d&rsquo;avoir \u00e9t\u00e9 compl\u00e8tement compris\u00a0\u00bb.<\/p>\n<p>&nbsp;<\/p>\n<p>Pour <a href=\"http:\/\/www.cinevox.be\/vorace-le-gourmet\/\">Olivier Gourmet<\/a>, <em>L&rsquo;Exercice de l&rsquo;\u00c9tat<\/em> est indiscutablement un virage. Sinon en termes de jeu ou de pr\u00e9sence, au moins en termes d&rsquo;impact en France.<\/p>\n<p>\u00ab\u00a0Le choix d\u2019Olivier Gourmet n\u2019est pas du tout li\u00e9 \u00e0 la coprod\u00a0\u00bb, nous expliquait Pierre Schoeller. \u00ab\u00a0\u2026 Ce n\u2019est pas un r\u00f4le \u00e9vident, ce n\u2019est pas non plus un personnage indiscutablement taill\u00e9 pour Olivier. Mais parmi les acteurs que nous avons vus, il s\u2019est r\u00e9v\u00e9l\u00e9 le plus incroyable, le plus apte \u00e0 plonger dans le r\u00f4le sans se perdre. Tout en restant humain \u00e0 chaque moment. Il a une mani\u00e8re de mettre \u00e0 chaque instant son humanit\u00e9 en \u00e9vidence qui est assez sid\u00e9rante. C\u2019est un investissement de com\u00e9dien\u2026 C\u2019est l\u2019inverse d\u2019un com\u00e9dien narcissique, Olivier. Il a la passion du jeu. Ce r\u00f4le est un r\u00f4le de maturit\u00e9: impossible de prendre un jeune homme. Il fallait opter pour des acteurs bien avanc\u00e9s dans leur carri\u00e8re et leur vie: m\u00eame pour les personnages du dir cab\u2019 (Michel Blanc) ou de la responsable de communication (Zabou Breitman). \u00c0 ce moment, on s\u00e9lectionne \u00e9galement des acteurs qui sont dans la pl\u00e9nitude de leur \u00e2ge et de leurs moyens.\u00a0\u00bb<\/p>\n<p>&nbsp;<\/p>\n<p><a rel=\"attachment wp-att-20406\" href=\"http:\/\/www.cinevox.be\/lexercice-de-letat-en-dvd-un-ministre-dans-votre-salon\/308875_10150335404684390_523919389_7788002_771959501_n\/\"><img loading=\"lazy\" decoding=\"async\" class=\"aligncenter size-full wp-image-20406\" title=\"308875_10150335404684390_523919389_7788002_771959501_n\" src=\"http:\/\/www.cinevox.be\/wp-content\/uploads\/sites\/2\/2012\/05\/308875_10150335404684390_523919389_7788002_771959501_n.jpg\" alt=\"\" width=\"960\" height=\"638\" srcset=\"https:\/\/welovecinema.be\/wp-content\/uploads\/sites\/2\/2012\/05\/308875_10150335404684390_523919389_7788002_771959501_n.jpg 960w, https:\/\/welovecinema.be\/wp-content\/uploads\/sites\/2\/2012\/05\/308875_10150335404684390_523919389_7788002_771959501_n-406x270.jpg 406w, https:\/\/welovecinema.be\/wp-content\/uploads\/sites\/2\/2012\/05\/308875_10150335404684390_523919389_7788002_771959501_n-800x531.jpg 800w\" sizes=\"auto, (max-width: 960px) 100vw, 960px\" \/><\/a><\/p>\n<p style=\"text-align: right;\"><em>[Photo par Marianne Grimont &#8211; FIFF 2011]<\/em><\/p>\n<p>&nbsp;<\/p>\n<p>Cet\u00a0extrait est extrait de <a href=\"http:\/\/www.cinevox.be\/lexercice-de-letat-rencontre-avec-pierre-schoeller\/\">l&rsquo;interview<\/a> que le r\u00e9alisateur \u00a0nous a accord\u00e9e dans le cadre feutr\u00e9 et sympathique du festival du film francophone de Namur. \u00c0 l&rsquo;issue de cette manifestation, il y re\u00e7ut d&rsquo;ailleurs un tr\u00e8s m\u00e9rit\u00e9 <a href=\"http:\/\/www.cinevox.be\/superbe-cloture-du-fiff-les-geants-et-lexercice-de-letat-au-palmares\/\">Bayard du meilleur sc\u00e9nario<\/a>.<\/p>\n<p>Olivier \u00e9tait naturellement (omni)pr\u00e9sent au FIFF namurois dont il est le pr\u00e9sident d&rsquo;honneur. On en a profit\u00e9 pour le rencontrer et publier deux monologues passionnants consacr\u00e9s \u00e0 l&rsquo;acteur, son jeu, son \u00e2me (lire <a href=\"http:\/\/www.cinevox.be\/lexercice-de-letat-les-monologues-du-gourmet-1\/\">ici<\/a> et <a href=\"http:\/\/www.cinevox.be\/les-monologues-du-gourmet-2-le-verbe-le-corps-le-jeu\/\">ici<\/a>).<\/p>\n<p>&nbsp;<\/p>\n<p><a rel=\"attachment wp-att-20371\" href=\"http:\/\/www.cinevox.be\/lexercice-de-letat-en-dvd-un-ministre-dans-votre-salon\/lexercice-de-letat-2011-5\/\"><img loading=\"lazy\" decoding=\"async\" class=\"aligncenter size-full wp-image-20371\" title=\"L'EXERCICE DE L'ETAT (2011)\" src=\"http:\/\/www.cinevox.be\/wp-content\/uploads\/sites\/2\/2012\/05\/exer-new-1.jpg\" alt=\"\" width=\"1000\" height=\"581\" srcset=\"https:\/\/welovecinema.be\/wp-content\/uploads\/sites\/2\/2012\/05\/exer-new-1.jpg 1000w, https:\/\/welovecinema.be\/wp-content\/uploads\/sites\/2\/2012\/05\/exer-new-1-464x270.jpg 464w, https:\/\/welovecinema.be\/wp-content\/uploads\/sites\/2\/2012\/05\/exer-new-1-800x464.jpg 800w\" sizes=\"auto, (max-width: 1000px) 100vw, 1000px\" \/><\/a><\/p>\n<p>&nbsp;<\/p>\n<p>Depuis son apparition \u00e0 Cannes en mai 2011, <em>L&rsquo;Exercice de l&rsquo;\u00c9tat<\/em> a r\u00e9ussi la prouesse complexe de f\u00e9d\u00e9rer presque tous ceux qui l&rsquo;ont vu: les jurys qui l&rsquo;ont couvert de prix, notamment <a href=\"http:\/\/www.cinevox.be\/lexercice-de-letat-prix-de-la-critique-internationale-a-cannes\/\">celui de la critique internationale \u00e0 Cannes<\/a> les <a href=\"http:\/\/www.cinevox.be\/lexercice-de-letat-avalanche-de-tweets-politiques\/\">tweeteurs cannois<\/a> et <a href=\"http:\/\/www.cinevox.be\/lexercice-de-letat-le-ministre-a-tres-bonne-presse\/\">la presse en g\u00e9n\u00e9ral<\/a>. Il serait \u00e9tonnant qu&rsquo;il ne se d\u00e9couvre pas une place de choix dans la DVDth\u00e8que du cin\u00e9phile averti. Entre les tr\u00e8s r\u00e9cents Pater, The Ides of March et <em>La Conqu\u00eate<\/em> qu&rsquo;\u00e0 notre avis il domine par son exigence et ses partis-pris.<\/p>\n<p>&nbsp;<\/p>\n<p>Retrouvez sur notre site <a href=\"http:\/\/www.cinevox.be\/videos\/lexercice-de-letat-bande-annonce\/\">la bande-annonce<\/a>, un <a href=\"http:\/\/www.cinevox.be\/videos\/extrait-lexercice-de-letat\/\">extrait<\/a> et une <a href=\"http:\/\/www.cinevox.be\/videos\/lexercice-de-letat-une-scene-commentee\/\">sc\u00e8ne comment\u00e9e<\/a> par le r\u00e9alisateur (juste pour nous)<\/p>\n<p>Le\u00a0concours\u00a0pour remporter un des sept DVD offert par Cineart et Cinevox \u00a0d\u00e9butera mercredi 16, jour du d\u00e9marrage du\u00a0Festival\u00a0de Cannes. Qu&rsquo;on se le dise !<\/p>\n","protected":false},"excerpt":{"rendered":"<p>Contrairement \u00e0 La F\u00e9e et aux G\u00e9ants, L&rsquo;Exercice de l&rsquo;\u00c9tat n&rsquo;a pas \u00e9t\u00e9 r\u00e9compens\u00e9 lors de la 2e \u00e9dition des Magritte du cin\u00e9ma. Et pour cause\u2026 Le film sorti en novembre ne pouvait pas \u00eatre s\u00e9lectionn\u00e9 pour cette cuv\u00e9e et ne sera en course que l&rsquo;an prochain. En attendant, il a r\u00e9cemment r\u00e9colt\u00e9 trois C\u00e9sars &hellip;<\/p>\n","protected":false},"author":7,"featured_media":20373,"comment_status":"closed","ping_status":"closed","sticky":false,"template":"","format":"standard","meta":{"ngg_post_thumbnail":0,"footnotes":""},"categories":[7,14],"tags":[],"class_list":["post-20368","post","type-post","status-publish","format-standard","has-post-thumbnail","","category-actualites","category-home-cinema"],"yoast_head":"<!-- This site is optimized with the Yoast SEO plugin v20.4 - https:\/\/yoast.com\/wordpress\/plugins\/seo\/ -->\n<title>L&#039;Exercice de l&#039;\u00c9tat en DVD  Un Ministre dans votre salon - We Love Cinema<\/title>\n<meta name=\"robots\" content=\"index, follow, max-snippet:-1, max-image-preview:large, max-video-preview:-1\" \/>\n<link rel=\"canonical\" href=\"https:\/\/welovecinema.be\/fr\/lexercice-de-letat-en-dvd-un-ministre-dans-votre-salon\/\" \/>\n<meta property=\"og:locale\" content=\"fr_FR\" \/>\n<meta property=\"og:type\" content=\"article\" \/>\n<meta property=\"og:title\" content=\"L&#039;Exercice de l&#039;\u00c9tat en DVD  Un Ministre dans votre salon - We Love Cinema\" \/>\n<meta property=\"og:description\" content=\"Contrairement \u00e0 La F\u00e9e et aux G\u00e9ants, L&rsquo;Exercice de l&rsquo;\u00c9tat n&rsquo;a pas \u00e9t\u00e9 r\u00e9compens\u00e9 lors de la 2e \u00e9dition des Magritte du cin\u00e9ma. Et pour cause\u2026 Le film sorti en novembre ne pouvait pas \u00eatre s\u00e9lectionn\u00e9 pour cette cuv\u00e9e et ne sera en course que l&rsquo;an prochain. En attendant, il a r\u00e9cemment r\u00e9colt\u00e9 trois C\u00e9sars &hellip;\" \/>\n<meta property=\"og:url\" content=\"https:\/\/welovecinema.be\/fr\/lexercice-de-letat-en-dvd-un-ministre-dans-votre-salon\/\" \/>\n<meta property=\"og:site_name\" content=\"We Love Cinema\" \/>\n<meta property=\"article:publisher\" content=\"https:\/\/www.facebook.com\/welovecinema.be\" \/>\n<meta property=\"article:published_time\" content=\"2012-05-11T06:43:40+00:00\" \/>\n<meta property=\"article:modified_time\" content=\"2012-05-10T19:00:16+00:00\" \/>\n<meta property=\"og:image\" content=\"https:\/\/welovecinema.be\/wp-content\/uploads\/sites\/2\/2012\/05\/exer-new-3.jpg\" \/>\n\t<meta property=\"og:image:width\" content=\"447\" \/>\n\t<meta property=\"og:image:height\" content=\"298\" \/>\n\t<meta property=\"og:image:type\" content=\"image\/jpeg\" \/>\n<meta name=\"author\" content=\"Philippe.Pierquin\" \/>\n<meta name=\"twitter:card\" content=\"summary_large_image\" \/>\n<meta name=\"twitter:label1\" content=\"\u00c9crit par\" \/>\n\t<meta name=\"twitter:data1\" content=\"Philippe.Pierquin\" \/>\n\t<meta name=\"twitter:label2\" content=\"Dur\u00e9e de lecture estim\u00e9e\" \/>\n\t<meta name=\"twitter:data2\" content=\"3 minutes\" \/>\n<script type=\"application\/ld+json\" class=\"yoast-schema-graph\">{\"@context\":\"https:\/\/schema.org\",\"@graph\":[{\"@type\":\"Article\",\"@id\":\"https:\/\/welovecinema.be\/fr\/lexercice-de-letat-en-dvd-un-ministre-dans-votre-salon\/#article\",\"isPartOf\":{\"@id\":\"https:\/\/welovecinema.be\/fr\/lexercice-de-letat-en-dvd-un-ministre-dans-votre-salon\/\"},\"author\":{\"name\":\"Philippe.Pierquin\",\"@id\":\"https:\/\/welovecinema.be\/nl\/#\/schema\/person\/4b9b1d857f0943453a38a7c2859ef756\"},\"headline\":\"L&rsquo;Exercice de l&rsquo;\u00c9tat en DVD Un Ministre dans votre salon\",\"datePublished\":\"2012-05-11T06:43:40+00:00\",\"dateModified\":\"2012-05-10T19:00:16+00:00\",\"mainEntityOfPage\":{\"@id\":\"https:\/\/welovecinema.be\/fr\/lexercice-de-letat-en-dvd-un-ministre-dans-votre-salon\/\"},\"wordCount\":732,\"publisher\":{\"@id\":\"https:\/\/welovecinema.be\/nl\/#organization\"},\"articleSection\":[\"News\",\"Plateau t\u00e9l\u00e9\"],\"inLanguage\":\"fr-FR\"},{\"@type\":\"WebPage\",\"@id\":\"https:\/\/welovecinema.be\/fr\/lexercice-de-letat-en-dvd-un-ministre-dans-votre-salon\/\",\"url\":\"https:\/\/welovecinema.be\/fr\/lexercice-de-letat-en-dvd-un-ministre-dans-votre-salon\/\",\"name\":\"L'Exercice de l'\u00c9tat en DVD Un Ministre dans votre salon - We Love Cinema\",\"isPartOf\":{\"@id\":\"https:\/\/welovecinema.be\/nl\/#website\"},\"datePublished\":\"2012-05-11T06:43:40+00:00\",\"dateModified\":\"2012-05-10T19:00:16+00:00\",\"breadcrumb\":{\"@id\":\"https:\/\/welovecinema.be\/fr\/lexercice-de-letat-en-dvd-un-ministre-dans-votre-salon\/#breadcrumb\"},\"inLanguage\":\"fr-FR\",\"potentialAction\":[{\"@type\":\"ReadAction\",\"target\":[\"https:\/\/welovecinema.be\/fr\/lexercice-de-letat-en-dvd-un-ministre-dans-votre-salon\/\"]}]},{\"@type\":\"BreadcrumbList\",\"@id\":\"https:\/\/welovecinema.be\/fr\/lexercice-de-letat-en-dvd-un-ministre-dans-votre-salon\/#breadcrumb\",\"itemListElement\":[{\"@type\":\"ListItem\",\"position\":1,\"name\":\"Accueil\",\"item\":\"https:\/\/welovecinema.be\/fr\/\"},{\"@type\":\"ListItem\",\"position\":2,\"name\":\"L&rsquo;Exercice de l&rsquo;\u00c9tat en DVD Un Ministre dans votre salon\"}]},{\"@type\":\"WebSite\",\"@id\":\"https:\/\/welovecinema.be\/nl\/#website\",\"url\":\"https:\/\/welovecinema.be\/nl\/\",\"name\":\"We Love Cinema\",\"description\":\"Toute l\u2019information du cin\u00e9ma en Belgique\",\"publisher\":{\"@id\":\"https:\/\/welovecinema.be\/nl\/#organization\"},\"potentialAction\":[{\"@type\":\"SearchAction\",\"target\":{\"@type\":\"EntryPoint\",\"urlTemplate\":\"https:\/\/welovecinema.be\/nl\/?s={search_term_string}\"},\"query-input\":\"required name=search_term_string\"}],\"inLanguage\":\"fr-FR\"},{\"@type\":\"Organization\",\"@id\":\"https:\/\/welovecinema.be\/nl\/#organization\",\"name\":\"We Love Cinema\",\"url\":\"https:\/\/welovecinema.be\/nl\/\",\"logo\":{\"@type\":\"ImageObject\",\"inLanguage\":\"fr-FR\",\"@id\":\"https:\/\/welovecinema.be\/nl\/#\/schema\/logo\/image\/\",\"url\":\"https:\/\/welovecinema.be\/wp-content\/uploads\/sites\/2\/2023\/03\/Logo-We-Love-Cinema305x128.jpg\",\"contentUrl\":\"https:\/\/welovecinema.be\/wp-content\/uploads\/sites\/2\/2023\/03\/Logo-We-Love-Cinema305x128.jpg\",\"width\":305,\"height\":128,\"caption\":\"We Love Cinema\"},\"image\":{\"@id\":\"https:\/\/welovecinema.be\/nl\/#\/schema\/logo\/image\/\"},\"sameAs\":[\"https:\/\/www.facebook.com\/welovecinema.be\",\"https:\/\/www.youtube.com\/channel\/UCX5LYGVhnKvYauW4Nta4HJA\",\"https:\/\/www.instagram.com\/welovecinema.be\/\"]},{\"@type\":\"Person\",\"@id\":\"https:\/\/welovecinema.be\/nl\/#\/schema\/person\/4b9b1d857f0943453a38a7c2859ef756\",\"name\":\"Philippe.Pierquin\",\"url\":\"https:\/\/welovecinema.be\/fr\/author\/philippe-pierquin\/\"}]}<\/script>\n<!-- \/ Yoast SEO plugin. -->","yoast_head_json":{"title":"L'Exercice de l'\u00c9tat en DVD  Un Ministre dans votre salon - We Love Cinema","robots":{"index":"index","follow":"follow","max-snippet":"max-snippet:-1","max-image-preview":"max-image-preview:large","max-video-preview":"max-video-preview:-1"},"canonical":"https:\/\/welovecinema.be\/fr\/lexercice-de-letat-en-dvd-un-ministre-dans-votre-salon\/","og_locale":"fr_FR","og_type":"article","og_title":"L'Exercice de l'\u00c9tat en DVD  Un Ministre dans votre salon - We Love Cinema","og_description":"Contrairement \u00e0 La F\u00e9e et aux G\u00e9ants, L&rsquo;Exercice de l&rsquo;\u00c9tat n&rsquo;a pas \u00e9t\u00e9 r\u00e9compens\u00e9 lors de la 2e \u00e9dition des Magritte du cin\u00e9ma. Et pour cause\u2026 Le film sorti en novembre ne pouvait pas \u00eatre s\u00e9lectionn\u00e9 pour cette cuv\u00e9e et ne sera en course que l&rsquo;an prochain. En attendant, il a r\u00e9cemment r\u00e9colt\u00e9 trois C\u00e9sars &hellip;","og_url":"https:\/\/welovecinema.be\/fr\/lexercice-de-letat-en-dvd-un-ministre-dans-votre-salon\/","og_site_name":"We Love Cinema","article_publisher":"https:\/\/www.facebook.com\/welovecinema.be","article_published_time":"2012-05-11T06:43:40+00:00","article_modified_time":"2012-05-10T19:00:16+00:00","og_image":[{"width":"447","height":"298","url":"https:\/\/welovecinema.be\/wp-content\/uploads\/sites\/2\/2012\/05\/exer-new-3.jpg","type":"image\/jpeg"}],"author":"Philippe.Pierquin","twitter_card":"summary_large_image","twitter_misc":{"\u00c9crit par":"Philippe.Pierquin","Dur\u00e9e de lecture estim\u00e9e":"3 minutes"},"schema":{"@context":"https:\/\/schema.org","@graph":[{"@type":"Article","@id":"https:\/\/welovecinema.be\/fr\/lexercice-de-letat-en-dvd-un-ministre-dans-votre-salon\/#article","isPartOf":{"@id":"https:\/\/welovecinema.be\/fr\/lexercice-de-letat-en-dvd-un-ministre-dans-votre-salon\/"},"author":{"name":"Philippe.Pierquin","@id":"https:\/\/welovecinema.be\/nl\/#\/schema\/person\/4b9b1d857f0943453a38a7c2859ef756"},"headline":"L&rsquo;Exercice de l&rsquo;\u00c9tat en DVD Un Ministre dans votre salon","datePublished":"2012-05-11T06:43:40+00:00","dateModified":"2012-05-10T19:00:16+00:00","mainEntityOfPage":{"@id":"https:\/\/welovecinema.be\/fr\/lexercice-de-letat-en-dvd-un-ministre-dans-votre-salon\/"},"wordCount":732,"publisher":{"@id":"https:\/\/welovecinema.be\/nl\/#organization"},"articleSection":["News","Plateau t\u00e9l\u00e9"],"inLanguage":"fr-FR"},{"@type":"WebPage","@id":"https:\/\/welovecinema.be\/fr\/lexercice-de-letat-en-dvd-un-ministre-dans-votre-salon\/","url":"https:\/\/welovecinema.be\/fr\/lexercice-de-letat-en-dvd-un-ministre-dans-votre-salon\/","name":"L'Exercice de l'\u00c9tat en DVD Un Ministre dans votre salon - We Love Cinema","isPartOf":{"@id":"https:\/\/welovecinema.be\/nl\/#website"},"datePublished":"2012-05-11T06:43:40+00:00","dateModified":"2012-05-10T19:00:16+00:00","breadcrumb":{"@id":"https:\/\/welovecinema.be\/fr\/lexercice-de-letat-en-dvd-un-ministre-dans-votre-salon\/#breadcrumb"},"inLanguage":"fr-FR","potentialAction":[{"@type":"ReadAction","target":["https:\/\/welovecinema.be\/fr\/lexercice-de-letat-en-dvd-un-ministre-dans-votre-salon\/"]}]},{"@type":"BreadcrumbList","@id":"https:\/\/welovecinema.be\/fr\/lexercice-de-letat-en-dvd-un-ministre-dans-votre-salon\/#breadcrumb","itemListElement":[{"@type":"ListItem","position":1,"name":"Accueil","item":"https:\/\/welovecinema.be\/fr\/"},{"@type":"ListItem","position":2,"name":"L&rsquo;Exercice de l&rsquo;\u00c9tat en DVD Un Ministre dans votre salon"}]},{"@type":"WebSite","@id":"https:\/\/welovecinema.be\/nl\/#website","url":"https:\/\/welovecinema.be\/nl\/","name":"We Love Cinema","description":"Toute l\u2019information du cin\u00e9ma en Belgique","publisher":{"@id":"https:\/\/welovecinema.be\/nl\/#organization"},"potentialAction":[{"@type":"SearchAction","target":{"@type":"EntryPoint","urlTemplate":"https:\/\/welovecinema.be\/nl\/?s={search_term_string}"},"query-input":"required name=search_term_string"}],"inLanguage":"fr-FR"},{"@type":"Organization","@id":"https:\/\/welovecinema.be\/nl\/#organization","name":"We Love Cinema","url":"https:\/\/welovecinema.be\/nl\/","logo":{"@type":"ImageObject","inLanguage":"fr-FR","@id":"https:\/\/welovecinema.be\/nl\/#\/schema\/logo\/image\/","url":"https:\/\/welovecinema.be\/wp-content\/uploads\/sites\/2\/2023\/03\/Logo-We-Love-Cinema305x128.jpg","contentUrl":"https:\/\/welovecinema.be\/wp-content\/uploads\/sites\/2\/2023\/03\/Logo-We-Love-Cinema305x128.jpg","width":305,"height":128,"caption":"We Love Cinema"},"image":{"@id":"https:\/\/welovecinema.be\/nl\/#\/schema\/logo\/image\/"},"sameAs":["https:\/\/www.facebook.com\/welovecinema.be","https:\/\/www.youtube.com\/channel\/UCX5LYGVhnKvYauW4Nta4HJA","https:\/\/www.instagram.com\/welovecinema.be\/"]},{"@type":"Person","@id":"https:\/\/welovecinema.be\/nl\/#\/schema\/person\/4b9b1d857f0943453a38a7c2859ef756","name":"Philippe.Pierquin","url":"https:\/\/welovecinema.be\/fr\/author\/philippe-pierquin\/"}]}},"_links":{"self":[{"href":"https:\/\/welovecinema.be\/fr\/wp-json\/wp\/v2\/posts\/20368","targetHints":{"allow":["GET"]}}],"collection":[{"href":"https:\/\/welovecinema.be\/fr\/wp-json\/wp\/v2\/posts"}],"about":[{"href":"https:\/\/welovecinema.be\/fr\/wp-json\/wp\/v2\/types\/post"}],"author":[{"embeddable":true,"href":"https:\/\/welovecinema.be\/fr\/wp-json\/wp\/v2\/users\/7"}],"replies":[{"embeddable":true,"href":"https:\/\/welovecinema.be\/fr\/wp-json\/wp\/v2\/comments?post=20368"}],"version-history":[{"count":0,"href":"https:\/\/welovecinema.be\/fr\/wp-json\/wp\/v2\/posts\/20368\/revisions"}],"wp:featuredmedia":[{"embeddable":true,"href":"https:\/\/welovecinema.be\/fr\/wp-json\/wp\/v2\/media\/20373"}],"wp:attachment":[{"href":"https:\/\/welovecinema.be\/fr\/wp-json\/wp\/v2\/media?parent=20368"}],"wp:term":[{"taxonomy":"category","embeddable":true,"href":"https:\/\/welovecinema.be\/fr\/wp-json\/wp\/v2\/categories?post=20368"},{"taxonomy":"post_tag","embeddable":true,"href":"https:\/\/welovecinema.be\/fr\/wp-json\/wp\/v2\/tags?post=20368"}],"curies":[{"name":"wp","href":"https:\/\/api.w.org\/{rel}","templated":true}]}}