{"id":203026,"date":"2017-09-19T11:49:35","date_gmt":"2017-09-19T09:49:35","guid":{"rendered":"http:\/\/www.cinevox.be\/?p=203026"},"modified":"2017-09-19T11:49:35","modified_gmt":"2017-09-19T09:49:35","slug":"court-mardi-19-septembre-2017","status":"publish","type":"post","link":"https:\/\/welovecinema.be\/fr\/court-mardi-19-septembre-2017\/","title":{"rendered":"\u00ab\u00a0Tout Court\u00a0\u00bb, mardi 19 septembre 2017"},"content":{"rendered":"<p><strong>Au programme de ce \u00ab\u00a0Tout Court\u00a0\u00bb tardif, un surprenant court m\u00e9trage de science-fiction, <em>Betelgeuse<\/em>, et un film plus historique, <em>Le Grand Silence<\/em>.\u00a0<\/strong><\/p>\n<p>&nbsp;<\/p>\n<h4><em><strong>Betelgeuse<\/strong><\/em> de Bruno Tracq<\/h4>\n<p>Et si c&rsquo;\u00e9tait la fin ? La supernova Betelgeuse va mourir, et ses rayons gamma pourraient balayer la vie sur Terre. Tandis que les scientifiques restent divis\u00e9s, la rumeur se r\u00e9pand. Sarah, astrophysicienne belge bas\u00e9e au Nouveau-Mexique, passe ses journ\u00e9es \u00e0 refaire les calculs et les th\u00e9ories sur l&rsquo;explosion de l&rsquo;\u00e9toile. Depuis que son coll\u00e8gue et amant Elliot est mort dans un accident de voiture, elle vit enferm\u00e9e chez elle pour \u00e9viter les crises de panique qui la foudroient d\u00e8s qu&rsquo;elle passe sa porte. Sarah d\u00e9cide qu&rsquo;il est temps de mettre un terme \u00e0 cette situation impossible. Mais un fant\u00f4me du pass\u00e9 la convainc de faire une derni\u00e8re chose : si elle doit se tuer, elle devra le faire au milieu des montagnes, l\u00e0 o\u00f9 elle a rencontr\u00e9 son amour perdu. Le jour vient. Betelgeuse est sur le point d&rsquo;exploser&#8230;<\/p>\n<p>&nbsp;<\/p>\n<p><em>Avec Lubna Azabal et John Flanders<\/em><\/p>\n<p>&nbsp;<\/p>\n<p><iframe loading=\"lazy\" title=\"Betelgeuse - Trailer\" src=\"https:\/\/player.vimeo.com\/video\/174087785?dnt=1&amp;app_id=122963\" width=\"618\" height=\"259\" frameborder=\"0\" allow=\"autoplay; fullscreen; picture-in-picture; clipboard-write; encrypted-media\"><\/iframe><\/p>\n<p>&nbsp;<\/p>\n<hr \/>\n<h4><em>Un grand silence<\/em> de Julie Gourdain<\/h4>\n<section id=\"synopsis\" class=\"section \" data-poids=\"\" data-open-md=\"\" data-open-lg=\"true\" data-prepend=\"#director\" data-fullscreen=\"\" data-open-xs=\"\" data-open-sm=\"\">\n<div class=\"section-content collapse in\" aria-expanded=\"true\">\n<div class=\"section-content-inner\">\n<div>\n<p>Marianne a dix-neuf ans en 1968. Elle est plac\u00e9e au sein d&rsquo;une maison pour jeunes filles, loin de sa famille et de ses proches. Dans cette maison, Marianne rencontre d&rsquo;autres jeunes filles dont le secret a fait basculer le parcours.<\/p>\n<\/div>\n<\/div>\n<\/div>\n<\/section>\n<p><em>avec Nina Mazodier, Sonia Amori, Clarisse Normand, C\u00e9cile Rittweger<\/em><\/p>\n<p>&nbsp;<\/p>\n<p><iframe loading=\"lazy\" title=\"UN GRAND SILENCE de Julie Gourdain : Extrait 5\" src=\"https:\/\/player.vimeo.com\/video\/194991505?dnt=1&amp;app_id=122963\" width=\"618\" height=\"348\" frameborder=\"0\" allow=\"autoplay; fullscreen; picture-in-picture; clipboard-write; encrypted-media\"><\/iframe><\/p>\n<hr \/>\n<h4>On r\u00e9capitule?<\/h4>\n<ul>\n<li><strong><em>Betelgeuse<\/em><\/strong> de Bruno Tracq \u00e0 23h54<\/li>\n<li><strong><em>Un grand silence<\/em> <\/strong>de Julie Gourdain \u00e0 00h25<\/li>\n<\/ul>\n<section id=\"synopsis\" class=\"section \" data-poids=\"\" data-open-md=\"\" data-open-lg=\"true\" data-prepend=\"#director\" data-fullscreen=\"\" data-open-xs=\"\" data-open-sm=\"\">\n<div class=\"section-content collapse in\" aria-expanded=\"true\"><\/div>\n<\/section>\n<p>&nbsp;<\/p>\n","protected":false},"excerpt":{"rendered":"<p>Au programme de ce \u00ab\u00a0Tout Court\u00a0\u00bb tardif, un surprenant court m\u00e9trage de science-fiction, Betelgeuse, et un film plus historique, Le Grand Silence.\u00a0 &nbsp; Betelgeuse de Bruno Tracq Et si c&rsquo;\u00e9tait la fin ? La supernova Betelgeuse va mourir, et ses rayons gamma pourraient balayer la vie sur Terre. Tandis que les scientifiques restent divis\u00e9s, la &hellip;<\/p>\n","protected":false},"author":343,"featured_media":203029,"comment_status":"closed","ping_status":"closed","sticky":false,"template":"","format":"standard","meta":{"ngg_post_thumbnail":0,"footnotes":""},"categories":[14],"tags":[2671,1895,2672],"class_list":["post-203026","post","type-post","status-publish","format-standard","has-post-thumbnail","","category-home-cinema","tag-betelgeuse","tag-court-metrage","tag-un-grand-silence"],"yoast_head":"<!-- This site is optimized with the Yoast SEO plugin v20.4 - https:\/\/yoast.com\/wordpress\/plugins\/seo\/ -->\n<title>&quot;Tout Court&quot;, mardi 19 septembre 2017 - We Love Cinema<\/title>\n<meta name=\"robots\" content=\"index, follow, max-snippet:-1, max-image-preview:large, max-video-preview:-1\" \/>\n<link rel=\"canonical\" href=\"https:\/\/welovecinema.be\/fr\/court-mardi-19-septembre-2017\/\" \/>\n<meta property=\"og:locale\" content=\"fr_FR\" \/>\n<meta property=\"og:type\" content=\"article\" \/>\n<meta property=\"og:title\" content=\"&quot;Tout Court&quot;, mardi 19 septembre 2017 - We Love Cinema\" \/>\n<meta property=\"og:description\" content=\"Au programme de ce \u00ab\u00a0Tout Court\u00a0\u00bb tardif, un surprenant court m\u00e9trage de science-fiction, Betelgeuse, et un film plus historique, Le Grand Silence.\u00a0 &nbsp; Betelgeuse de Bruno Tracq Et si c&rsquo;\u00e9tait la fin ? La supernova Betelgeuse va mourir, et ses rayons gamma pourraient balayer la vie sur Terre. Tandis que les scientifiques restent divis\u00e9s, la &hellip;\" \/>\n<meta property=\"og:url\" content=\"https:\/\/welovecinema.be\/fr\/court-mardi-19-septembre-2017\/\" \/>\n<meta property=\"og:site_name\" content=\"We Love Cinema\" \/>\n<meta property=\"article:publisher\" content=\"https:\/\/www.facebook.com\/welovecinema.be\" \/>\n<meta property=\"article:published_time\" content=\"2017-09-19T09:49:35+00:00\" \/>\n<meta property=\"og:image\" content=\"https:\/\/welovecinema.be\/wp-content\/uploads\/sites\/2\/2017\/09\/ToutCourt19sept2017OK.jpg\" \/>\n\t<meta property=\"og:image:width\" content=\"1605\" \/>\n\t<meta property=\"og:image:height\" content=\"809\" \/>\n\t<meta property=\"og:image:type\" content=\"image\/jpeg\" \/>\n<meta name=\"author\" content=\"Aurore Engelen\" \/>\n<meta name=\"twitter:card\" content=\"summary_large_image\" \/>\n<meta name=\"twitter:label1\" content=\"\u00c9crit par\" \/>\n\t<meta name=\"twitter:data1\" content=\"Aurore Engelen\" \/>\n\t<meta name=\"twitter:label2\" content=\"Dur\u00e9e de lecture estim\u00e9e\" \/>\n\t<meta name=\"twitter:data2\" content=\"1 minute\" \/>\n<script type=\"application\/ld+json\" class=\"yoast-schema-graph\">{\"@context\":\"https:\/\/schema.org\",\"@graph\":[{\"@type\":\"Article\",\"@id\":\"https:\/\/welovecinema.be\/fr\/court-mardi-19-septembre-2017\/#article\",\"isPartOf\":{\"@id\":\"https:\/\/welovecinema.be\/fr\/court-mardi-19-septembre-2017\/\"},\"author\":{\"name\":\"Aurore Engelen\",\"@id\":\"https:\/\/welovecinema.be\/nl\/#\/schema\/person\/8084b68c6b176142d073695c654dc7cf\"},\"headline\":\"\u00ab\u00a0Tout Court\u00a0\u00bb, mardi 19 septembre 2017\",\"datePublished\":\"2017-09-19T09:49:35+00:00\",\"dateModified\":\"2017-09-19T09:49:35+00:00\",\"mainEntityOfPage\":{\"@id\":\"https:\/\/welovecinema.be\/fr\/court-mardi-19-septembre-2017\/\"},\"wordCount\":275,\"publisher\":{\"@id\":\"https:\/\/welovecinema.be\/nl\/#organization\"},\"keywords\":[\"Betelgeuse\",\"Court m\u00e9trage\",\"Un grand silence\"],\"articleSection\":[\"Plateau t\u00e9l\u00e9\"],\"inLanguage\":\"fr-FR\"},{\"@type\":\"WebPage\",\"@id\":\"https:\/\/welovecinema.be\/fr\/court-mardi-19-septembre-2017\/\",\"url\":\"https:\/\/welovecinema.be\/fr\/court-mardi-19-septembre-2017\/\",\"name\":\"\\\"Tout Court\\\", mardi 19 septembre 2017 - We Love Cinema\",\"isPartOf\":{\"@id\":\"https:\/\/welovecinema.be\/nl\/#website\"},\"datePublished\":\"2017-09-19T09:49:35+00:00\",\"dateModified\":\"2017-09-19T09:49:35+00:00\",\"breadcrumb\":{\"@id\":\"https:\/\/welovecinema.be\/fr\/court-mardi-19-septembre-2017\/#breadcrumb\"},\"inLanguage\":\"fr-FR\",\"potentialAction\":[{\"@type\":\"ReadAction\",\"target\":[\"https:\/\/welovecinema.be\/fr\/court-mardi-19-septembre-2017\/\"]}]},{\"@type\":\"BreadcrumbList\",\"@id\":\"https:\/\/welovecinema.be\/fr\/court-mardi-19-septembre-2017\/#breadcrumb\",\"itemListElement\":[{\"@type\":\"ListItem\",\"position\":1,\"name\":\"Accueil\",\"item\":\"https:\/\/welovecinema.be\/fr\/\"},{\"@type\":\"ListItem\",\"position\":2,\"name\":\"\u00ab\u00a0Tout Court\u00a0\u00bb, mardi 19 septembre 2017\"}]},{\"@type\":\"WebSite\",\"@id\":\"https:\/\/welovecinema.be\/nl\/#website\",\"url\":\"https:\/\/welovecinema.be\/nl\/\",\"name\":\"We Love Cinema\",\"description\":\"Toute l\u2019information du cin\u00e9ma en Belgique\",\"publisher\":{\"@id\":\"https:\/\/welovecinema.be\/nl\/#organization\"},\"potentialAction\":[{\"@type\":\"SearchAction\",\"target\":{\"@type\":\"EntryPoint\",\"urlTemplate\":\"https:\/\/welovecinema.be\/nl\/?s={search_term_string}\"},\"query-input\":\"required name=search_term_string\"}],\"inLanguage\":\"fr-FR\"},{\"@type\":\"Organization\",\"@id\":\"https:\/\/welovecinema.be\/nl\/#organization\",\"name\":\"We Love Cinema\",\"url\":\"https:\/\/welovecinema.be\/nl\/\",\"logo\":{\"@type\":\"ImageObject\",\"inLanguage\":\"fr-FR\",\"@id\":\"https:\/\/welovecinema.be\/nl\/#\/schema\/logo\/image\/\",\"url\":\"https:\/\/welovecinema.be\/wp-content\/uploads\/sites\/2\/2023\/03\/Logo-We-Love-Cinema305x128.jpg\",\"contentUrl\":\"https:\/\/welovecinema.be\/wp-content\/uploads\/sites\/2\/2023\/03\/Logo-We-Love-Cinema305x128.jpg\",\"width\":305,\"height\":128,\"caption\":\"We Love Cinema\"},\"image\":{\"@id\":\"https:\/\/welovecinema.be\/nl\/#\/schema\/logo\/image\/\"},\"sameAs\":[\"https:\/\/www.facebook.com\/welovecinema.be\",\"https:\/\/www.youtube.com\/channel\/UCX5LYGVhnKvYauW4Nta4HJA\",\"https:\/\/www.instagram.com\/welovecinema.be\/\"]},{\"@type\":\"Person\",\"@id\":\"https:\/\/welovecinema.be\/nl\/#\/schema\/person\/8084b68c6b176142d073695c654dc7cf\",\"name\":\"Aurore Engelen\",\"url\":\"https:\/\/welovecinema.be\/fr\/author\/aurore-engelen\/\"}]}<\/script>\n<!-- \/ Yoast SEO plugin. -->","yoast_head_json":{"title":"\"Tout Court\", mardi 19 septembre 2017 - We Love Cinema","robots":{"index":"index","follow":"follow","max-snippet":"max-snippet:-1","max-image-preview":"max-image-preview:large","max-video-preview":"max-video-preview:-1"},"canonical":"https:\/\/welovecinema.be\/fr\/court-mardi-19-septembre-2017\/","og_locale":"fr_FR","og_type":"article","og_title":"\"Tout Court\", mardi 19 septembre 2017 - We Love Cinema","og_description":"Au programme de ce \u00ab\u00a0Tout Court\u00a0\u00bb tardif, un surprenant court m\u00e9trage de science-fiction, Betelgeuse, et un film plus historique, Le Grand Silence.\u00a0 &nbsp; Betelgeuse de Bruno Tracq Et si c&rsquo;\u00e9tait la fin ? La supernova Betelgeuse va mourir, et ses rayons gamma pourraient balayer la vie sur Terre. Tandis que les scientifiques restent divis\u00e9s, la &hellip;","og_url":"https:\/\/welovecinema.be\/fr\/court-mardi-19-septembre-2017\/","og_site_name":"We Love Cinema","article_publisher":"https:\/\/www.facebook.com\/welovecinema.be","article_published_time":"2017-09-19T09:49:35+00:00","og_image":[{"width":1605,"height":809,"url":"https:\/\/welovecinema.be\/wp-content\/uploads\/sites\/2\/2017\/09\/ToutCourt19sept2017OK.jpg","type":"image\/jpeg"}],"author":"Aurore Engelen","twitter_card":"summary_large_image","twitter_misc":{"\u00c9crit par":"Aurore Engelen","Dur\u00e9e de lecture estim\u00e9e":"1 minute"},"schema":{"@context":"https:\/\/schema.org","@graph":[{"@type":"Article","@id":"https:\/\/welovecinema.be\/fr\/court-mardi-19-septembre-2017\/#article","isPartOf":{"@id":"https:\/\/welovecinema.be\/fr\/court-mardi-19-septembre-2017\/"},"author":{"name":"Aurore Engelen","@id":"https:\/\/welovecinema.be\/nl\/#\/schema\/person\/8084b68c6b176142d073695c654dc7cf"},"headline":"\u00ab\u00a0Tout Court\u00a0\u00bb, mardi 19 septembre 2017","datePublished":"2017-09-19T09:49:35+00:00","dateModified":"2017-09-19T09:49:35+00:00","mainEntityOfPage":{"@id":"https:\/\/welovecinema.be\/fr\/court-mardi-19-septembre-2017\/"},"wordCount":275,"publisher":{"@id":"https:\/\/welovecinema.be\/nl\/#organization"},"keywords":["Betelgeuse","Court m\u00e9trage","Un grand silence"],"articleSection":["Plateau t\u00e9l\u00e9"],"inLanguage":"fr-FR"},{"@type":"WebPage","@id":"https:\/\/welovecinema.be\/fr\/court-mardi-19-septembre-2017\/","url":"https:\/\/welovecinema.be\/fr\/court-mardi-19-septembre-2017\/","name":"\"Tout Court\", mardi 19 septembre 2017 - We Love Cinema","isPartOf":{"@id":"https:\/\/welovecinema.be\/nl\/#website"},"datePublished":"2017-09-19T09:49:35+00:00","dateModified":"2017-09-19T09:49:35+00:00","breadcrumb":{"@id":"https:\/\/welovecinema.be\/fr\/court-mardi-19-septembre-2017\/#breadcrumb"},"inLanguage":"fr-FR","potentialAction":[{"@type":"ReadAction","target":["https:\/\/welovecinema.be\/fr\/court-mardi-19-septembre-2017\/"]}]},{"@type":"BreadcrumbList","@id":"https:\/\/welovecinema.be\/fr\/court-mardi-19-septembre-2017\/#breadcrumb","itemListElement":[{"@type":"ListItem","position":1,"name":"Accueil","item":"https:\/\/welovecinema.be\/fr\/"},{"@type":"ListItem","position":2,"name":"\u00ab\u00a0Tout Court\u00a0\u00bb, mardi 19 septembre 2017"}]},{"@type":"WebSite","@id":"https:\/\/welovecinema.be\/nl\/#website","url":"https:\/\/welovecinema.be\/nl\/","name":"We Love Cinema","description":"Toute l\u2019information du cin\u00e9ma en Belgique","publisher":{"@id":"https:\/\/welovecinema.be\/nl\/#organization"},"potentialAction":[{"@type":"SearchAction","target":{"@type":"EntryPoint","urlTemplate":"https:\/\/welovecinema.be\/nl\/?s={search_term_string}"},"query-input":"required name=search_term_string"}],"inLanguage":"fr-FR"},{"@type":"Organization","@id":"https:\/\/welovecinema.be\/nl\/#organization","name":"We Love Cinema","url":"https:\/\/welovecinema.be\/nl\/","logo":{"@type":"ImageObject","inLanguage":"fr-FR","@id":"https:\/\/welovecinema.be\/nl\/#\/schema\/logo\/image\/","url":"https:\/\/welovecinema.be\/wp-content\/uploads\/sites\/2\/2023\/03\/Logo-We-Love-Cinema305x128.jpg","contentUrl":"https:\/\/welovecinema.be\/wp-content\/uploads\/sites\/2\/2023\/03\/Logo-We-Love-Cinema305x128.jpg","width":305,"height":128,"caption":"We Love Cinema"},"image":{"@id":"https:\/\/welovecinema.be\/nl\/#\/schema\/logo\/image\/"},"sameAs":["https:\/\/www.facebook.com\/welovecinema.be","https:\/\/www.youtube.com\/channel\/UCX5LYGVhnKvYauW4Nta4HJA","https:\/\/www.instagram.com\/welovecinema.be\/"]},{"@type":"Person","@id":"https:\/\/welovecinema.be\/nl\/#\/schema\/person\/8084b68c6b176142d073695c654dc7cf","name":"Aurore Engelen","url":"https:\/\/welovecinema.be\/fr\/author\/aurore-engelen\/"}]}},"_links":{"self":[{"href":"https:\/\/welovecinema.be\/fr\/wp-json\/wp\/v2\/posts\/203026","targetHints":{"allow":["GET"]}}],"collection":[{"href":"https:\/\/welovecinema.be\/fr\/wp-json\/wp\/v2\/posts"}],"about":[{"href":"https:\/\/welovecinema.be\/fr\/wp-json\/wp\/v2\/types\/post"}],"author":[{"embeddable":true,"href":"https:\/\/welovecinema.be\/fr\/wp-json\/wp\/v2\/users\/343"}],"replies":[{"embeddable":true,"href":"https:\/\/welovecinema.be\/fr\/wp-json\/wp\/v2\/comments?post=203026"}],"version-history":[{"count":0,"href":"https:\/\/welovecinema.be\/fr\/wp-json\/wp\/v2\/posts\/203026\/revisions"}],"wp:featuredmedia":[{"embeddable":true,"href":"https:\/\/welovecinema.be\/fr\/wp-json\/wp\/v2\/media\/203029"}],"wp:attachment":[{"href":"https:\/\/welovecinema.be\/fr\/wp-json\/wp\/v2\/media?parent=203026"}],"wp:term":[{"taxonomy":"category","embeddable":true,"href":"https:\/\/welovecinema.be\/fr\/wp-json\/wp\/v2\/categories?post=203026"},{"taxonomy":"post_tag","embeddable":true,"href":"https:\/\/welovecinema.be\/fr\/wp-json\/wp\/v2\/tags?post=203026"}],"curies":[{"name":"wp","href":"https:\/\/api.w.org\/{rel}","templated":true}]}}