{"id":202842,"date":"2017-09-12T11:44:04","date_gmt":"2017-09-12T09:44:04","guid":{"rendered":"http:\/\/www.cinevox.be\/?p=202842"},"modified":"2017-09-12T11:44:04","modified_gmt":"2017-09-12T09:44:04","slug":"casting-long-metrage-15-20-ans","status":"publish","type":"post","link":"https:\/\/welovecinema.be\/fr\/casting-long-metrage-15-20-ans\/","title":{"rendered":"Casting long m\u00e9trage 15-20 ans"},"content":{"rendered":"<p><strong>Dans le cadre du long m\u00e9trage <em>Sans soleil<\/em> r\u00e9alis\u00e9 par Banu Akseki (<em>Songe d\u2019une femme de m\u00e9nage, Thermes<\/em>) et produit par FraKas Productions, nous recherchons plusieurs acteurs et actrices entre 15 et 20 ans, toutes origines pour constituer la \u00ab bande de potes \u00bb autour du personnage principal.<\/strong><\/p>\n<p>Si vous correspondez au profil et si vous \u00eates int\u00e9ress\u00e9s, envoyez nous un mail \u00e0 <a href=\"mailto:sanssoleilcasting@gmail.com\">sanssoleilcasting@gmail.com<\/a> avec :<\/p>\n<ul>\n<li>3 photos<\/li>\n<li>Un CV avec votre \u00e2ge et un num\u00e9ro de t\u00e9l\u00e9phone pour vous contacter<\/li>\n<li>Un showreel ou des liens vers des projets auxquels vous avez particip\u00e9 (le cas \u00e9ch\u00e9ant).<\/li>\n<li>Une vid\u00e9o de pr\u00e9sentation d\u2019\u00e0-peu-pr\u00e8s une minute\n<p>Le tournage est pr\u00e9vu \u00e9t\u00e9 2018.<\/li>\n<\/ul>\n","protected":false},"excerpt":{"rendered":"<p>Dans le cadre du long m\u00e9trage Sans soleil r\u00e9alis\u00e9 par Banu Akseki (Songe d\u2019une femme de m\u00e9nage, Thermes) et produit par FraKas Productions, nous recherchons plusieurs acteurs et actrices entre 15 et 20 ans, toutes origines pour constituer la \u00ab bande de potes \u00bb autour du personnage principal. Si vous correspondez au profil et si &hellip;<\/p>\n","protected":false},"author":343,"featured_media":202844,"comment_status":"closed","ping_status":"closed","sticky":false,"template":"","format":"standard","meta":{"ngg_post_thumbnail":0,"footnotes":""},"categories":[20],"tags":[],"class_list":["post-202842","post","type-post","status-publish","format-standard","has-post-thumbnail","","category-cinejobs"],"yoast_head":"<!-- This site is optimized with the Yoast SEO plugin v20.4 - https:\/\/yoast.com\/wordpress\/plugins\/seo\/ -->\n<title>Casting long m\u00e9trage 15-20 ans - We Love Cinema<\/title>\n<meta name=\"robots\" content=\"index, follow, max-snippet:-1, max-image-preview:large, max-video-preview:-1\" \/>\n<link rel=\"canonical\" href=\"https:\/\/welovecinema.be\/fr\/casting-long-metrage-15-20-ans\/\" \/>\n<meta property=\"og:locale\" content=\"fr_FR\" \/>\n<meta property=\"og:type\" content=\"article\" \/>\n<meta property=\"og:title\" content=\"Casting long m\u00e9trage 15-20 ans - We Love Cinema\" \/>\n<meta property=\"og:description\" content=\"Dans le cadre du long m\u00e9trage Sans soleil r\u00e9alis\u00e9 par Banu Akseki (Songe d\u2019une femme de m\u00e9nage, Thermes) et produit par FraKas Productions, nous recherchons plusieurs acteurs et actrices entre 15 et 20 ans, toutes origines pour constituer la \u00ab bande de potes \u00bb autour du personnage principal. Si vous correspondez au profil et si &hellip;\" \/>\n<meta property=\"og:url\" content=\"https:\/\/welovecinema.be\/fr\/casting-long-metrage-15-20-ans\/\" \/>\n<meta property=\"og:site_name\" content=\"We Love Cinema\" \/>\n<meta property=\"article:publisher\" content=\"https:\/\/www.facebook.com\/welovecinema.be\" \/>\n<meta property=\"article:published_time\" content=\"2017-09-12T09:44:04+00:00\" \/>\n<meta property=\"og:image\" content=\"https:\/\/welovecinema.be\/wp-content\/uploads\/sites\/2\/2017\/09\/Sans-SOleil.jpg\" \/>\n\t<meta property=\"og:image:width\" content=\"210\" \/>\n\t<meta property=\"og:image:height\" content=\"125\" \/>\n\t<meta property=\"og:image:type\" content=\"image\/jpeg\" \/>\n<meta name=\"author\" content=\"Aurore Engelen\" \/>\n<meta name=\"twitter:card\" content=\"summary_large_image\" \/>\n<meta name=\"twitter:label1\" content=\"\u00c9crit par\" \/>\n\t<meta name=\"twitter:data1\" content=\"Aurore Engelen\" \/>\n\t<meta name=\"twitter:label2\" content=\"Dur\u00e9e de lecture estim\u00e9e\" \/>\n\t<meta name=\"twitter:data2\" content=\"1 minute\" \/>\n<script type=\"application\/ld+json\" class=\"yoast-schema-graph\">{\"@context\":\"https:\/\/schema.org\",\"@graph\":[{\"@type\":\"Article\",\"@id\":\"https:\/\/welovecinema.be\/fr\/casting-long-metrage-15-20-ans\/#article\",\"isPartOf\":{\"@id\":\"https:\/\/welovecinema.be\/fr\/casting-long-metrage-15-20-ans\/\"},\"author\":{\"name\":\"Aurore Engelen\",\"@id\":\"https:\/\/welovecinema.be\/nl\/#\/schema\/person\/8084b68c6b176142d073695c654dc7cf\"},\"headline\":\"Casting long m\u00e9trage 15-20 ans\",\"datePublished\":\"2017-09-12T09:44:04+00:00\",\"dateModified\":\"2017-09-12T09:44:04+00:00\",\"mainEntityOfPage\":{\"@id\":\"https:\/\/welovecinema.be\/fr\/casting-long-metrage-15-20-ans\/\"},\"wordCount\":124,\"publisher\":{\"@id\":\"https:\/\/welovecinema.be\/nl\/#organization\"},\"articleSection\":[\"Cinejobs\"],\"inLanguage\":\"fr-FR\"},{\"@type\":\"WebPage\",\"@id\":\"https:\/\/welovecinema.be\/fr\/casting-long-metrage-15-20-ans\/\",\"url\":\"https:\/\/welovecinema.be\/fr\/casting-long-metrage-15-20-ans\/\",\"name\":\"Casting long m\u00e9trage 15-20 ans - We Love Cinema\",\"isPartOf\":{\"@id\":\"https:\/\/welovecinema.be\/nl\/#website\"},\"datePublished\":\"2017-09-12T09:44:04+00:00\",\"dateModified\":\"2017-09-12T09:44:04+00:00\",\"breadcrumb\":{\"@id\":\"https:\/\/welovecinema.be\/fr\/casting-long-metrage-15-20-ans\/#breadcrumb\"},\"inLanguage\":\"fr-FR\",\"potentialAction\":[{\"@type\":\"ReadAction\",\"target\":[\"https:\/\/welovecinema.be\/fr\/casting-long-metrage-15-20-ans\/\"]}]},{\"@type\":\"BreadcrumbList\",\"@id\":\"https:\/\/welovecinema.be\/fr\/casting-long-metrage-15-20-ans\/#breadcrumb\",\"itemListElement\":[{\"@type\":\"ListItem\",\"position\":1,\"name\":\"Accueil\",\"item\":\"https:\/\/welovecinema.be\/fr\/\"},{\"@type\":\"ListItem\",\"position\":2,\"name\":\"Casting long m\u00e9trage 15-20 ans\"}]},{\"@type\":\"WebSite\",\"@id\":\"https:\/\/welovecinema.be\/nl\/#website\",\"url\":\"https:\/\/welovecinema.be\/nl\/\",\"name\":\"We Love Cinema\",\"description\":\"Toute l\u2019information du cin\u00e9ma en Belgique\",\"publisher\":{\"@id\":\"https:\/\/welovecinema.be\/nl\/#organization\"},\"potentialAction\":[{\"@type\":\"SearchAction\",\"target\":{\"@type\":\"EntryPoint\",\"urlTemplate\":\"https:\/\/welovecinema.be\/nl\/?s={search_term_string}\"},\"query-input\":\"required name=search_term_string\"}],\"inLanguage\":\"fr-FR\"},{\"@type\":\"Organization\",\"@id\":\"https:\/\/welovecinema.be\/nl\/#organization\",\"name\":\"We Love Cinema\",\"url\":\"https:\/\/welovecinema.be\/nl\/\",\"logo\":{\"@type\":\"ImageObject\",\"inLanguage\":\"fr-FR\",\"@id\":\"https:\/\/welovecinema.be\/nl\/#\/schema\/logo\/image\/\",\"url\":\"https:\/\/welovecinema.be\/wp-content\/uploads\/sites\/2\/2023\/03\/Logo-We-Love-Cinema305x128.jpg\",\"contentUrl\":\"https:\/\/welovecinema.be\/wp-content\/uploads\/sites\/2\/2023\/03\/Logo-We-Love-Cinema305x128.jpg\",\"width\":305,\"height\":128,\"caption\":\"We Love Cinema\"},\"image\":{\"@id\":\"https:\/\/welovecinema.be\/nl\/#\/schema\/logo\/image\/\"},\"sameAs\":[\"https:\/\/www.facebook.com\/welovecinema.be\",\"https:\/\/www.youtube.com\/channel\/UCX5LYGVhnKvYauW4Nta4HJA\",\"https:\/\/www.instagram.com\/welovecinema.be\/\"]},{\"@type\":\"Person\",\"@id\":\"https:\/\/welovecinema.be\/nl\/#\/schema\/person\/8084b68c6b176142d073695c654dc7cf\",\"name\":\"Aurore Engelen\",\"url\":\"https:\/\/welovecinema.be\/fr\/author\/aurore-engelen\/\"}]}<\/script>\n<!-- \/ Yoast SEO plugin. -->","yoast_head_json":{"title":"Casting long m\u00e9trage 15-20 ans - We Love Cinema","robots":{"index":"index","follow":"follow","max-snippet":"max-snippet:-1","max-image-preview":"max-image-preview:large","max-video-preview":"max-video-preview:-1"},"canonical":"https:\/\/welovecinema.be\/fr\/casting-long-metrage-15-20-ans\/","og_locale":"fr_FR","og_type":"article","og_title":"Casting long m\u00e9trage 15-20 ans - We Love Cinema","og_description":"Dans le cadre du long m\u00e9trage Sans soleil r\u00e9alis\u00e9 par Banu Akseki (Songe d\u2019une femme de m\u00e9nage, Thermes) et produit par FraKas Productions, nous recherchons plusieurs acteurs et actrices entre 15 et 20 ans, toutes origines pour constituer la \u00ab bande de potes \u00bb autour du personnage principal. Si vous correspondez au profil et si &hellip;","og_url":"https:\/\/welovecinema.be\/fr\/casting-long-metrage-15-20-ans\/","og_site_name":"We Love Cinema","article_publisher":"https:\/\/www.facebook.com\/welovecinema.be","article_published_time":"2017-09-12T09:44:04+00:00","og_image":[{"width":210,"height":125,"url":"https:\/\/welovecinema.be\/wp-content\/uploads\/sites\/2\/2017\/09\/Sans-SOleil.jpg","type":"image\/jpeg"}],"author":"Aurore Engelen","twitter_card":"summary_large_image","twitter_misc":{"\u00c9crit par":"Aurore Engelen","Dur\u00e9e de lecture estim\u00e9e":"1 minute"},"schema":{"@context":"https:\/\/schema.org","@graph":[{"@type":"Article","@id":"https:\/\/welovecinema.be\/fr\/casting-long-metrage-15-20-ans\/#article","isPartOf":{"@id":"https:\/\/welovecinema.be\/fr\/casting-long-metrage-15-20-ans\/"},"author":{"name":"Aurore Engelen","@id":"https:\/\/welovecinema.be\/nl\/#\/schema\/person\/8084b68c6b176142d073695c654dc7cf"},"headline":"Casting long m\u00e9trage 15-20 ans","datePublished":"2017-09-12T09:44:04+00:00","dateModified":"2017-09-12T09:44:04+00:00","mainEntityOfPage":{"@id":"https:\/\/welovecinema.be\/fr\/casting-long-metrage-15-20-ans\/"},"wordCount":124,"publisher":{"@id":"https:\/\/welovecinema.be\/nl\/#organization"},"articleSection":["Cinejobs"],"inLanguage":"fr-FR"},{"@type":"WebPage","@id":"https:\/\/welovecinema.be\/fr\/casting-long-metrage-15-20-ans\/","url":"https:\/\/welovecinema.be\/fr\/casting-long-metrage-15-20-ans\/","name":"Casting long m\u00e9trage 15-20 ans - We Love Cinema","isPartOf":{"@id":"https:\/\/welovecinema.be\/nl\/#website"},"datePublished":"2017-09-12T09:44:04+00:00","dateModified":"2017-09-12T09:44:04+00:00","breadcrumb":{"@id":"https:\/\/welovecinema.be\/fr\/casting-long-metrage-15-20-ans\/#breadcrumb"},"inLanguage":"fr-FR","potentialAction":[{"@type":"ReadAction","target":["https:\/\/welovecinema.be\/fr\/casting-long-metrage-15-20-ans\/"]}]},{"@type":"BreadcrumbList","@id":"https:\/\/welovecinema.be\/fr\/casting-long-metrage-15-20-ans\/#breadcrumb","itemListElement":[{"@type":"ListItem","position":1,"name":"Accueil","item":"https:\/\/welovecinema.be\/fr\/"},{"@type":"ListItem","position":2,"name":"Casting long m\u00e9trage 15-20 ans"}]},{"@type":"WebSite","@id":"https:\/\/welovecinema.be\/nl\/#website","url":"https:\/\/welovecinema.be\/nl\/","name":"We Love Cinema","description":"Toute l\u2019information du cin\u00e9ma en Belgique","publisher":{"@id":"https:\/\/welovecinema.be\/nl\/#organization"},"potentialAction":[{"@type":"SearchAction","target":{"@type":"EntryPoint","urlTemplate":"https:\/\/welovecinema.be\/nl\/?s={search_term_string}"},"query-input":"required name=search_term_string"}],"inLanguage":"fr-FR"},{"@type":"Organization","@id":"https:\/\/welovecinema.be\/nl\/#organization","name":"We Love Cinema","url":"https:\/\/welovecinema.be\/nl\/","logo":{"@type":"ImageObject","inLanguage":"fr-FR","@id":"https:\/\/welovecinema.be\/nl\/#\/schema\/logo\/image\/","url":"https:\/\/welovecinema.be\/wp-content\/uploads\/sites\/2\/2023\/03\/Logo-We-Love-Cinema305x128.jpg","contentUrl":"https:\/\/welovecinema.be\/wp-content\/uploads\/sites\/2\/2023\/03\/Logo-We-Love-Cinema305x128.jpg","width":305,"height":128,"caption":"We Love Cinema"},"image":{"@id":"https:\/\/welovecinema.be\/nl\/#\/schema\/logo\/image\/"},"sameAs":["https:\/\/www.facebook.com\/welovecinema.be","https:\/\/www.youtube.com\/channel\/UCX5LYGVhnKvYauW4Nta4HJA","https:\/\/www.instagram.com\/welovecinema.be\/"]},{"@type":"Person","@id":"https:\/\/welovecinema.be\/nl\/#\/schema\/person\/8084b68c6b176142d073695c654dc7cf","name":"Aurore Engelen","url":"https:\/\/welovecinema.be\/fr\/author\/aurore-engelen\/"}]}},"_links":{"self":[{"href":"https:\/\/welovecinema.be\/fr\/wp-json\/wp\/v2\/posts\/202842","targetHints":{"allow":["GET"]}}],"collection":[{"href":"https:\/\/welovecinema.be\/fr\/wp-json\/wp\/v2\/posts"}],"about":[{"href":"https:\/\/welovecinema.be\/fr\/wp-json\/wp\/v2\/types\/post"}],"author":[{"embeddable":true,"href":"https:\/\/welovecinema.be\/fr\/wp-json\/wp\/v2\/users\/343"}],"replies":[{"embeddable":true,"href":"https:\/\/welovecinema.be\/fr\/wp-json\/wp\/v2\/comments?post=202842"}],"version-history":[{"count":0,"href":"https:\/\/welovecinema.be\/fr\/wp-json\/wp\/v2\/posts\/202842\/revisions"}],"wp:featuredmedia":[{"embeddable":true,"href":"https:\/\/welovecinema.be\/fr\/wp-json\/wp\/v2\/media\/202844"}],"wp:attachment":[{"href":"https:\/\/welovecinema.be\/fr\/wp-json\/wp\/v2\/media?parent=202842"}],"wp:term":[{"taxonomy":"category","embeddable":true,"href":"https:\/\/welovecinema.be\/fr\/wp-json\/wp\/v2\/categories?post=202842"},{"taxonomy":"post_tag","embeddable":true,"href":"https:\/\/welovecinema.be\/fr\/wp-json\/wp\/v2\/tags?post=202842"}],"curies":[{"name":"wp","href":"https:\/\/api.w.org\/{rel}","templated":true}]}}