{"id":20201,"date":"2012-05-02T05:37:57","date_gmt":"2012-05-02T05:37:57","guid":{"rendered":"http:\/\/www.cinevox.be\/?p=20201"},"modified":"2012-05-08T20:00:40","modified_gmt":"2012-05-08T20:00:40","slug":"de-leur-vivant-sortie-le-9-mai-incommunicado","status":"publish","type":"post","link":"https:\/\/welovecinema.be\/fr\/de-leur-vivant-sortie-le-9-mai-incommunicado\/","title":{"rendered":"De Leur Vivant <br>  Incommunicado"},"content":{"rendered":"<p><em>De Leur Vivant<\/em>, le premier long m\u00e9trage de <strong>G\u00e9raldine Doignon<\/strong> n&rsquo;a pas les moyens d&rsquo;une campagne m\u00e9diatique tapageuse. Il y a bien eu sa pr\u00e9sence au FIFF namurois, mais elle fut assez discr\u00e8te. Quant \u00e0 son (excellent) casting, il ne regorge pas de noms connus. Sur grand \u00e9cran, en tous cas. Et pourtant\u2026 Si nous avons un conseil \u00e0 vous donner l\u00e0, dans l&rsquo;imm\u00e9diat, c&rsquo;est bien de noter en lettres capitales dans votre agenda la date du 9 mai, car c&rsquo;est ce jour-l\u00e0 que sortira dans nos salles ce long m\u00e9trage qui est tout sauf une \u0153uvre anodine.<!--more--><\/p>\n<p>&nbsp;<\/p>\n<p>On est tous bien d&rsquo;accord : tous les films ne s&rsquo;adressent pas \u00e0 tous les publics n&rsquo;importe quand. Il y a des moments o\u00f9 on veut juste se distraire, d&rsquo;autres o\u00f9 on a envie de frissonner, de rire ou de pleurer. Pour beaucoup de spectateurs, le cin\u00e9ma n&rsquo;est qu&rsquo;un divertissement et cette d\u00e9marche est totalement l\u00e9gitime. Cinevox \u00e9voque le plus souvent possible des films susceptibles de plaire au tr\u00e8s grand public. Car, les producteurs du nord du pays ne nous diront pas le contraire, une industrie a besoin de locomotives pour exister et permettre \u00e0 des longs m\u00e9trages au profil plus exigeant de se mettre en place.<\/p>\n<p>Mais le cin\u00e9ma n&rsquo;est pas qu&rsquo;une industrie, c&rsquo;est aussi (et avant tout?) un art. Et la Belgique plus que beaucoup de pays place cette noble conception au centre de sa production. Ce n&rsquo;est pas id\u00e9al en termes de rentabilit\u00e9 imm\u00e9diate, mais c&rsquo;est tr\u00e8s enrichissant pour le spectateur. Et cela explique que notre cin\u00e9matographie est si souvent r\u00e9compens\u00e9e dans les festivals \u00e0 travers le monde. Cela dit, \u00ab\u00a0film r\u00e9ussi, touchant, artistiquement enivrant, modeste, mais bouleversant\u00a0\u00bb ne signifie en rien \u00ab\u00a0film ennuyeux, l\u00e9nifiant ou crispant\u00a0\u00bb. La preuve par <em>De Leur vivant<\/em> !<\/p>\n<p>&nbsp;<\/p>\n<p><a rel=\"attachment wp-att-20202\" href=\"http:\/\/www.cinevox.be\/de-leur-vivant-sortie-le-9-mai-incommunicado\/de-leur-vivant-2\/\"><img loading=\"lazy\" decoding=\"async\" class=\"aligncenter size-full wp-image-20202\" title=\"De leur vivant 2\" src=\"http:\/\/www.cinevox.be\/wp-content\/uploads\/sites\/2\/2012\/05\/De-leur-vivant-2.jpg\" alt=\"\" width=\"1920\" height=\"1080\" srcset=\"https:\/\/welovecinema.be\/wp-content\/uploads\/sites\/2\/2012\/05\/De-leur-vivant-2.jpg 1920w, https:\/\/welovecinema.be\/wp-content\/uploads\/sites\/2\/2012\/05\/De-leur-vivant-2-200x113.jpg 200w, https:\/\/welovecinema.be\/wp-content\/uploads\/sites\/2\/2012\/05\/De-leur-vivant-2-480x270.jpg 480w, https:\/\/welovecinema.be\/wp-content\/uploads\/sites\/2\/2012\/05\/De-leur-vivant-2-800x450.jpg 800w, https:\/\/welovecinema.be\/wp-content\/uploads\/sites\/2\/2012\/05\/De-leur-vivant-2-300x169.jpg 300w, https:\/\/welovecinema.be\/wp-content\/uploads\/sites\/2\/2012\/05\/De-leur-vivant-2-620x350.jpg 620w\" sizes=\"auto, (max-width: 1920px) 100vw, 1920px\" \/><\/a><\/p>\n<p>&nbsp;<\/p>\n<p>Produit par<em> Helicotronc<\/em>, ce premier long m\u00e9trage s&rsquo;appuie sur une r\u00e9elle d\u00e9marche artistique, un point de vue, une intention; et un sc\u00e9nario qui, lentement, nous emm\u00e8ne l\u00e0 o\u00f9 son auteur nous attend. Jusqu&rsquo;\u00e0 nous \u00e9trangler d&rsquo;\u00e9motion. Ce n&rsquo;est pourtant pas ce qu&rsquo;on peut appeler un film lacrymal. <strong>G\u00e9raldine Doignon<\/strong> n&rsquo;y d\u00e9ploie pas de grands effets pour nous toucher. Pas de rafales de violons. Pas de larmes \u00e0 l&rsquo;\u00e9cran. <em>De Leur Vivant<\/em> est un des films les plus pudiques qui peut se concevoir.<\/p>\n<p>&nbsp;<\/p>\n<p>Tout commence par un enterrement. Qu&rsquo;on ne voit pas. Henri est dans sa chambre. Apr\u00e8s 40 ans de vie commune, il n&rsquo;a pas pu affronter l&rsquo;ext\u00e9rieur, pr\u00e9f\u00e9rant rester terr\u00e9 dans cette immense demeure qui fut pendant bien longtemps un h\u00f4tel de charme, perdu au milieu d&rsquo;un parc dans la campagne braban\u00e7onne. Ses trois enfants qui n&rsquo;entretiennent plus de liens \u00e9troits avec lui, pensent vendre le b\u00e2timent et trouver un appartement pour leur p\u00e8re. Mais l\u2019arriv\u00e9e d\u2019Alice, une jeune femme enceinte de 8 mois, va chambouler leurs plans. Henri rouvre l\u2019h\u00f4tel pour elle. Et alors qu&rsquo;il ne parvient pas \u00e0 discuter avec ses propres enfants, il fait de cette visiteuse sa confidente.<\/p>\n<p>&nbsp;<\/p>\n<p><a rel=\"attachment wp-att-20203\" href=\"http:\/\/www.cinevox.be\/de-leur-vivant-sortie-le-9-mai-incommunicado\/de-leur-vivant-4-2\/\"><img loading=\"lazy\" decoding=\"async\" class=\"aligncenter size-full wp-image-20203\" title=\"De leur vivant 4\" src=\"http:\/\/www.cinevox.be\/wp-content\/uploads\/sites\/2\/2012\/05\/De-leur-vivant-4.jpg\" alt=\"\" width=\"1920\" height=\"1080\" srcset=\"https:\/\/welovecinema.be\/wp-content\/uploads\/sites\/2\/2012\/05\/De-leur-vivant-4.jpg 1920w, https:\/\/welovecinema.be\/wp-content\/uploads\/sites\/2\/2012\/05\/De-leur-vivant-4-200x113.jpg 200w, https:\/\/welovecinema.be\/wp-content\/uploads\/sites\/2\/2012\/05\/De-leur-vivant-4-480x270.jpg 480w, https:\/\/welovecinema.be\/wp-content\/uploads\/sites\/2\/2012\/05\/De-leur-vivant-4-800x450.jpg 800w, https:\/\/welovecinema.be\/wp-content\/uploads\/sites\/2\/2012\/05\/De-leur-vivant-4-300x169.jpg 300w, https:\/\/welovecinema.be\/wp-content\/uploads\/sites\/2\/2012\/05\/De-leur-vivant-4-620x350.jpg 620w\" sizes=\"auto, (max-width: 1920px) 100vw, 1920px\" \/><\/a><\/p>\n<p>&nbsp;<\/p>\n<p>Sur cette base, G\u00e9raldine Doignon construit une trame dense faite d&rsquo;aller et venues (la maison se remplit puis se vide), de subtiles transformations, chacun des personnages \u00e9tant tour \u00e0 tour confront\u00e9 \u00e0 sa vie, \u00e0 ses choix, \u00e0 son pass\u00e9 et \u00e0 son avenir. Rien de tonitruant, peu de cris, mais des relations qui, lentement, \u00e9voluent. Tout cela ramass\u00e9 en \u00e0 peine 1h20 si bien qu&rsquo;on a \u00e0 la fois l&rsquo;impression que le film prend son temps et qu&rsquo;il creuse profond\u00e9ment son sillon. En nous. Jusqu&rsquo;\u00e0 nos tripes.<\/p>\n<p>&nbsp;<\/p>\n<p><a rel=\"attachment wp-att-20204\" href=\"http:\/\/www.cinevox.be\/de-leur-vivant-sortie-le-9-mai-incommunicado\/affiche-28\/\"><img loading=\"lazy\" decoding=\"async\" class=\"alignright size-large wp-image-20204\" title=\"affiche\" src=\"http:\/\/www.cinevox.be\/wp-content\/uploads\/sites\/2\/2012\/05\/affiche-424x600.jpg\" alt=\"\" width=\"424\" height=\"600\" srcset=\"https:\/\/welovecinema.be\/wp-content\/uploads\/sites\/2\/2012\/05\/affiche-424x600.jpg 424w, https:\/\/welovecinema.be\/wp-content\/uploads\/sites\/2\/2012\/05\/affiche-190x270.jpg 190w, https:\/\/welovecinema.be\/wp-content\/uploads\/sites\/2\/2012\/05\/affiche.jpg 679w\" sizes=\"auto, (max-width: 424px) 100vw, 424px\" \/><\/a>Rarement on a si justement parl\u00e9 de famille, de communication ou plut\u00f4t de l&rsquo;incommunicabilit\u00e9 entre des \u00eatres pourtant proches, du sentiment d&rsquo;appartenir vraiment \u00e0 un lieu, de voir ses racines rena\u00eetre jusqu&rsquo;\u00e0 sentir la s\u00e8ve \u00e0 nouveau couler en ses veines.<\/p>\n<p>&nbsp;<\/p>\n<p>Nous n&rsquo;en dirons pas plus sinon que l&rsquo;interpr\u00e9tation pudique et forte d&rsquo;acteurs peu connus du grand public est une des clefs de la r\u00e9ussite du film. <strong>Christian Crahay, Matylde Demarez, Yoann Blanc, Jean-Fran\u00e7ois Rossion, Rapha\u00ebl Germser, Pedro Cabanas<\/strong> ou <strong>Anne-Pascale Clairembourg<\/strong> sont tous magnifiques.<\/p>\n<p>&nbsp;<\/p>\n<p>On ne r\u00e9sistera pas non plus au plaisir de mettre en exergue la sublime photographie de <strong>Manu Dacosse<\/strong> qui nous offre un travail exceptionnel sur le point, les \u00e9clairages, les regards et les peaux, sur les couleurs de l&rsquo;automne, sur la lumi\u00e8re qui p\u00e9n\u00e8tre \u00e0 travers les fen\u00eatres ou les enchev\u00eatrements de branches nues. \u00a0<em>De leur vivant <\/em>n&rsquo;\u00e9tait que le deuxi\u00e8me long de Manu apr\u00e8s <em>Amer<\/em>. Depuis, il a encha\u00een\u00e9 <em>Torpedo<\/em> et <em>Mobile Home.<\/em> Une future star, on est pr\u00eat \u00e0 le parier\u2026<\/p>\n<p>&nbsp;<\/p>\n<p>C&rsquo;est donc ce mercredi 9 mai que <em>De Leur Vivant<\/em> arrive enfin dans les salles belges. Une jolie sortie puisque les salles qui l&rsquo;accueillent sont Le Vend\u00f4me, \u00e0 Bruxelles, Le Churchill \u00e0 Li\u00e8ge, Le Parc \u00e0 Charleroi, Le Plaza Art \u00e0 Mons, L&rsquo;Eldorado \u00e0 Namur et Le Sfinx, \u00e0 Gand. Comme d&rsquo;habitude, avec ce genre de production tout se joue d\u00e8s la premi\u00e8re semaine. Laisser le film dispara\u00eetre de l&rsquo;affiche avant de le d\u00e9couvrir serait vraiment dommage.<\/p>\n<p>Pour vous, surtout\u2026<\/p>\n<p>&nbsp;<\/p>\n<p>&nbsp;<\/p>\n","protected":false},"excerpt":{"rendered":"<p>De Leur Vivant, le premier long m\u00e9trage de G\u00e9raldine Doignon n&rsquo;a pas les moyens d&rsquo;une campagne m\u00e9diatique tapageuse. Il y a bien eu sa pr\u00e9sence au FIFF namurois, mais elle fut assez discr\u00e8te. Quant \u00e0 son (excellent) casting, il ne regorge pas de noms connus. Sur grand \u00e9cran, en tous cas. Et pourtant\u2026 Si nous &hellip;<\/p>\n","protected":false},"author":7,"featured_media":20206,"comment_status":"closed","ping_status":"closed","sticky":false,"template":"","format":"standard","meta":{"ngg_post_thumbnail":0,"footnotes":""},"categories":[10,7],"tags":[],"class_list":["post-20201","post","type-post","status-publish","format-standard","has-post-thumbnail","","category-a-l-affiche","category-actualites"],"yoast_head":"<!-- This site is optimized with the Yoast SEO plugin v20.4 - https:\/\/yoast.com\/wordpress\/plugins\/seo\/ -->\n<title>De Leur Vivant  Incommunicado - We Love Cinema<\/title>\n<meta name=\"robots\" content=\"index, follow, max-snippet:-1, max-image-preview:large, max-video-preview:-1\" \/>\n<link rel=\"canonical\" href=\"https:\/\/welovecinema.be\/fr\/de-leur-vivant-sortie-le-9-mai-incommunicado\/\" \/>\n<meta property=\"og:locale\" content=\"fr_FR\" \/>\n<meta property=\"og:type\" content=\"article\" \/>\n<meta property=\"og:title\" content=\"De Leur Vivant  Incommunicado - We Love Cinema\" \/>\n<meta property=\"og:description\" content=\"De Leur Vivant, le premier long m\u00e9trage de G\u00e9raldine Doignon n&rsquo;a pas les moyens d&rsquo;une campagne m\u00e9diatique tapageuse. Il y a bien eu sa pr\u00e9sence au FIFF namurois, mais elle fut assez discr\u00e8te. Quant \u00e0 son (excellent) casting, il ne regorge pas de noms connus. Sur grand \u00e9cran, en tous cas. Et pourtant\u2026 Si nous &hellip;\" \/>\n<meta property=\"og:url\" content=\"https:\/\/welovecinema.be\/fr\/de-leur-vivant-sortie-le-9-mai-incommunicado\/\" \/>\n<meta property=\"og:site_name\" content=\"We Love Cinema\" \/>\n<meta property=\"article:publisher\" content=\"https:\/\/www.facebook.com\/welovecinema.be\" \/>\n<meta property=\"article:published_time\" content=\"2012-05-02T05:37:57+00:00\" \/>\n<meta property=\"article:modified_time\" content=\"2012-05-08T20:00:40+00:00\" \/>\n<meta property=\"og:image\" content=\"https:\/\/welovecinema.be\/wp-content\/uploads\/sites\/2\/2012\/05\/De-leur-vivant-1.jpg\" \/>\n\t<meta property=\"og:image:width\" content=\"5616\" \/>\n\t<meta property=\"og:image:height\" content=\"2670\" \/>\n\t<meta property=\"og:image:type\" content=\"image\/jpeg\" \/>\n<meta name=\"author\" content=\"Philippe.Pierquin\" \/>\n<meta name=\"twitter:card\" content=\"summary_large_image\" \/>\n<meta name=\"twitter:label1\" content=\"\u00c9crit par\" \/>\n\t<meta name=\"twitter:data1\" content=\"Philippe.Pierquin\" \/>\n\t<meta name=\"twitter:label2\" content=\"Dur\u00e9e de lecture estim\u00e9e\" \/>\n\t<meta name=\"twitter:data2\" content=\"4 minutes\" \/>\n<script type=\"application\/ld+json\" class=\"yoast-schema-graph\">{\"@context\":\"https:\/\/schema.org\",\"@graph\":[{\"@type\":\"Article\",\"@id\":\"https:\/\/welovecinema.be\/fr\/de-leur-vivant-sortie-le-9-mai-incommunicado\/#article\",\"isPartOf\":{\"@id\":\"https:\/\/welovecinema.be\/fr\/de-leur-vivant-sortie-le-9-mai-incommunicado\/\"},\"author\":{\"name\":\"Philippe.Pierquin\",\"@id\":\"https:\/\/welovecinema.be\/nl\/#\/schema\/person\/4b9b1d857f0943453a38a7c2859ef756\"},\"headline\":\"De Leur Vivant Incommunicado\",\"datePublished\":\"2012-05-02T05:37:57+00:00\",\"dateModified\":\"2012-05-08T20:00:40+00:00\",\"mainEntityOfPage\":{\"@id\":\"https:\/\/welovecinema.be\/fr\/de-leur-vivant-sortie-le-9-mai-incommunicado\/\"},\"wordCount\":920,\"publisher\":{\"@id\":\"https:\/\/welovecinema.be\/nl\/#organization\"},\"articleSection\":[\"A l'affiche\",\"News\"],\"inLanguage\":\"fr-FR\"},{\"@type\":\"WebPage\",\"@id\":\"https:\/\/welovecinema.be\/fr\/de-leur-vivant-sortie-le-9-mai-incommunicado\/\",\"url\":\"https:\/\/welovecinema.be\/fr\/de-leur-vivant-sortie-le-9-mai-incommunicado\/\",\"name\":\"De Leur Vivant Incommunicado - We Love Cinema\",\"isPartOf\":{\"@id\":\"https:\/\/welovecinema.be\/nl\/#website\"},\"datePublished\":\"2012-05-02T05:37:57+00:00\",\"dateModified\":\"2012-05-08T20:00:40+00:00\",\"breadcrumb\":{\"@id\":\"https:\/\/welovecinema.be\/fr\/de-leur-vivant-sortie-le-9-mai-incommunicado\/#breadcrumb\"},\"inLanguage\":\"fr-FR\",\"potentialAction\":[{\"@type\":\"ReadAction\",\"target\":[\"https:\/\/welovecinema.be\/fr\/de-leur-vivant-sortie-le-9-mai-incommunicado\/\"]}]},{\"@type\":\"BreadcrumbList\",\"@id\":\"https:\/\/welovecinema.be\/fr\/de-leur-vivant-sortie-le-9-mai-incommunicado\/#breadcrumb\",\"itemListElement\":[{\"@type\":\"ListItem\",\"position\":1,\"name\":\"Accueil\",\"item\":\"https:\/\/welovecinema.be\/fr\/\"},{\"@type\":\"ListItem\",\"position\":2,\"name\":\"De Leur Vivant Incommunicado\"}]},{\"@type\":\"WebSite\",\"@id\":\"https:\/\/welovecinema.be\/nl\/#website\",\"url\":\"https:\/\/welovecinema.be\/nl\/\",\"name\":\"We Love Cinema\",\"description\":\"Toute l\u2019information du cin\u00e9ma en Belgique\",\"publisher\":{\"@id\":\"https:\/\/welovecinema.be\/nl\/#organization\"},\"potentialAction\":[{\"@type\":\"SearchAction\",\"target\":{\"@type\":\"EntryPoint\",\"urlTemplate\":\"https:\/\/welovecinema.be\/nl\/?s={search_term_string}\"},\"query-input\":\"required name=search_term_string\"}],\"inLanguage\":\"fr-FR\"},{\"@type\":\"Organization\",\"@id\":\"https:\/\/welovecinema.be\/nl\/#organization\",\"name\":\"We Love Cinema\",\"url\":\"https:\/\/welovecinema.be\/nl\/\",\"logo\":{\"@type\":\"ImageObject\",\"inLanguage\":\"fr-FR\",\"@id\":\"https:\/\/welovecinema.be\/nl\/#\/schema\/logo\/image\/\",\"url\":\"https:\/\/welovecinema.be\/wp-content\/uploads\/sites\/2\/2023\/03\/Logo-We-Love-Cinema305x128.jpg\",\"contentUrl\":\"https:\/\/welovecinema.be\/wp-content\/uploads\/sites\/2\/2023\/03\/Logo-We-Love-Cinema305x128.jpg\",\"width\":305,\"height\":128,\"caption\":\"We Love Cinema\"},\"image\":{\"@id\":\"https:\/\/welovecinema.be\/nl\/#\/schema\/logo\/image\/\"},\"sameAs\":[\"https:\/\/www.facebook.com\/welovecinema.be\",\"https:\/\/www.youtube.com\/channel\/UCX5LYGVhnKvYauW4Nta4HJA\",\"https:\/\/www.instagram.com\/welovecinema.be\/\"]},{\"@type\":\"Person\",\"@id\":\"https:\/\/welovecinema.be\/nl\/#\/schema\/person\/4b9b1d857f0943453a38a7c2859ef756\",\"name\":\"Philippe.Pierquin\",\"url\":\"https:\/\/welovecinema.be\/fr\/author\/philippe-pierquin\/\"}]}<\/script>\n<!-- \/ Yoast SEO plugin. -->","yoast_head_json":{"title":"De Leur Vivant  Incommunicado - We Love Cinema","robots":{"index":"index","follow":"follow","max-snippet":"max-snippet:-1","max-image-preview":"max-image-preview:large","max-video-preview":"max-video-preview:-1"},"canonical":"https:\/\/welovecinema.be\/fr\/de-leur-vivant-sortie-le-9-mai-incommunicado\/","og_locale":"fr_FR","og_type":"article","og_title":"De Leur Vivant  Incommunicado - We Love Cinema","og_description":"De Leur Vivant, le premier long m\u00e9trage de G\u00e9raldine Doignon n&rsquo;a pas les moyens d&rsquo;une campagne m\u00e9diatique tapageuse. Il y a bien eu sa pr\u00e9sence au FIFF namurois, mais elle fut assez discr\u00e8te. Quant \u00e0 son (excellent) casting, il ne regorge pas de noms connus. Sur grand \u00e9cran, en tous cas. Et pourtant\u2026 Si nous &hellip;","og_url":"https:\/\/welovecinema.be\/fr\/de-leur-vivant-sortie-le-9-mai-incommunicado\/","og_site_name":"We Love Cinema","article_publisher":"https:\/\/www.facebook.com\/welovecinema.be","article_published_time":"2012-05-02T05:37:57+00:00","article_modified_time":"2012-05-08T20:00:40+00:00","og_image":[{"width":"5616","height":"2670","url":"https:\/\/welovecinema.be\/wp-content\/uploads\/sites\/2\/2012\/05\/De-leur-vivant-1.jpg","type":"image\/jpeg"}],"author":"Philippe.Pierquin","twitter_card":"summary_large_image","twitter_misc":{"\u00c9crit par":"Philippe.Pierquin","Dur\u00e9e de lecture estim\u00e9e":"4 minutes"},"schema":{"@context":"https:\/\/schema.org","@graph":[{"@type":"Article","@id":"https:\/\/welovecinema.be\/fr\/de-leur-vivant-sortie-le-9-mai-incommunicado\/#article","isPartOf":{"@id":"https:\/\/welovecinema.be\/fr\/de-leur-vivant-sortie-le-9-mai-incommunicado\/"},"author":{"name":"Philippe.Pierquin","@id":"https:\/\/welovecinema.be\/nl\/#\/schema\/person\/4b9b1d857f0943453a38a7c2859ef756"},"headline":"De Leur Vivant Incommunicado","datePublished":"2012-05-02T05:37:57+00:00","dateModified":"2012-05-08T20:00:40+00:00","mainEntityOfPage":{"@id":"https:\/\/welovecinema.be\/fr\/de-leur-vivant-sortie-le-9-mai-incommunicado\/"},"wordCount":920,"publisher":{"@id":"https:\/\/welovecinema.be\/nl\/#organization"},"articleSection":["A l'affiche","News"],"inLanguage":"fr-FR"},{"@type":"WebPage","@id":"https:\/\/welovecinema.be\/fr\/de-leur-vivant-sortie-le-9-mai-incommunicado\/","url":"https:\/\/welovecinema.be\/fr\/de-leur-vivant-sortie-le-9-mai-incommunicado\/","name":"De Leur Vivant Incommunicado - We Love Cinema","isPartOf":{"@id":"https:\/\/welovecinema.be\/nl\/#website"},"datePublished":"2012-05-02T05:37:57+00:00","dateModified":"2012-05-08T20:00:40+00:00","breadcrumb":{"@id":"https:\/\/welovecinema.be\/fr\/de-leur-vivant-sortie-le-9-mai-incommunicado\/#breadcrumb"},"inLanguage":"fr-FR","potentialAction":[{"@type":"ReadAction","target":["https:\/\/welovecinema.be\/fr\/de-leur-vivant-sortie-le-9-mai-incommunicado\/"]}]},{"@type":"BreadcrumbList","@id":"https:\/\/welovecinema.be\/fr\/de-leur-vivant-sortie-le-9-mai-incommunicado\/#breadcrumb","itemListElement":[{"@type":"ListItem","position":1,"name":"Accueil","item":"https:\/\/welovecinema.be\/fr\/"},{"@type":"ListItem","position":2,"name":"De Leur Vivant Incommunicado"}]},{"@type":"WebSite","@id":"https:\/\/welovecinema.be\/nl\/#website","url":"https:\/\/welovecinema.be\/nl\/","name":"We Love Cinema","description":"Toute l\u2019information du cin\u00e9ma en Belgique","publisher":{"@id":"https:\/\/welovecinema.be\/nl\/#organization"},"potentialAction":[{"@type":"SearchAction","target":{"@type":"EntryPoint","urlTemplate":"https:\/\/welovecinema.be\/nl\/?s={search_term_string}"},"query-input":"required name=search_term_string"}],"inLanguage":"fr-FR"},{"@type":"Organization","@id":"https:\/\/welovecinema.be\/nl\/#organization","name":"We Love Cinema","url":"https:\/\/welovecinema.be\/nl\/","logo":{"@type":"ImageObject","inLanguage":"fr-FR","@id":"https:\/\/welovecinema.be\/nl\/#\/schema\/logo\/image\/","url":"https:\/\/welovecinema.be\/wp-content\/uploads\/sites\/2\/2023\/03\/Logo-We-Love-Cinema305x128.jpg","contentUrl":"https:\/\/welovecinema.be\/wp-content\/uploads\/sites\/2\/2023\/03\/Logo-We-Love-Cinema305x128.jpg","width":305,"height":128,"caption":"We Love Cinema"},"image":{"@id":"https:\/\/welovecinema.be\/nl\/#\/schema\/logo\/image\/"},"sameAs":["https:\/\/www.facebook.com\/welovecinema.be","https:\/\/www.youtube.com\/channel\/UCX5LYGVhnKvYauW4Nta4HJA","https:\/\/www.instagram.com\/welovecinema.be\/"]},{"@type":"Person","@id":"https:\/\/welovecinema.be\/nl\/#\/schema\/person\/4b9b1d857f0943453a38a7c2859ef756","name":"Philippe.Pierquin","url":"https:\/\/welovecinema.be\/fr\/author\/philippe-pierquin\/"}]}},"_links":{"self":[{"href":"https:\/\/welovecinema.be\/fr\/wp-json\/wp\/v2\/posts\/20201","targetHints":{"allow":["GET"]}}],"collection":[{"href":"https:\/\/welovecinema.be\/fr\/wp-json\/wp\/v2\/posts"}],"about":[{"href":"https:\/\/welovecinema.be\/fr\/wp-json\/wp\/v2\/types\/post"}],"author":[{"embeddable":true,"href":"https:\/\/welovecinema.be\/fr\/wp-json\/wp\/v2\/users\/7"}],"replies":[{"embeddable":true,"href":"https:\/\/welovecinema.be\/fr\/wp-json\/wp\/v2\/comments?post=20201"}],"version-history":[{"count":0,"href":"https:\/\/welovecinema.be\/fr\/wp-json\/wp\/v2\/posts\/20201\/revisions"}],"wp:featuredmedia":[{"embeddable":true,"href":"https:\/\/welovecinema.be\/fr\/wp-json\/wp\/v2\/media\/20206"}],"wp:attachment":[{"href":"https:\/\/welovecinema.be\/fr\/wp-json\/wp\/v2\/media?parent=20201"}],"wp:term":[{"taxonomy":"category","embeddable":true,"href":"https:\/\/welovecinema.be\/fr\/wp-json\/wp\/v2\/categories?post=20201"},{"taxonomy":"post_tag","embeddable":true,"href":"https:\/\/welovecinema.be\/fr\/wp-json\/wp\/v2\/tags?post=20201"}],"curies":[{"name":"wp","href":"https:\/\/api.w.org\/{rel}","templated":true}]}}