{"id":201485,"date":"2017-07-17T10:26:52","date_gmt":"2017-07-17T08:26:52","guid":{"rendered":"http:\/\/www.cinevox.be\/?p=201485\/"},"modified":"2017-07-18T08:46:21","modified_gmt":"2017-07-18T06:46:21","slug":"5eme-festival-cinema-belge-a-nimes-garrigue","status":"publish","type":"post","link":"https:\/\/welovecinema.be\/fr\/5eme-festival-cinema-belge-a-nimes-garrigue\/","title":{"rendered":"5\u00e8me Festival du Cin\u00e9ma Belge \u00e0 N\u00eemes &#038; en Garrigue"},"content":{"rendered":"<p><strong>Cela ne vous aura peut-\u00eatre pas \u00e9chapp\u00e9, c&rsquo;est l&rsquo;\u00e9t\u00e9, \u00e0 tel point peut-\u00eatre que vous \u00eates tranquillement en vacances dans le Sud de la France, du c\u00f4t\u00e9 de N\u00eemes. L&rsquo;occasion id\u00e9ale de vous faire une petite s\u00e9ance de cin\u00e9ma, en plein air, et belge s&rsquo;il-vous-plait, lors du\u00a05\u00e8me Festival du Cin\u00e9ma Belge \u00e0 N\u00eemes &amp; en Garrigue!<\/strong><\/p>\n<p>Durant 8\u00a0jours et en 6\u00a0lieux diff\u00e9rents, l&rsquo;\u00e9quipe du Festival vous propose de d\u00e9couvrir une pl\u00e9iade de films belges. Ca commence un jour de f\u00eate nationale, ce vendredi 21 juillet \u00e0 N\u00eemes, avec la projection tr\u00e8s \u00e0 propos de l&rsquo;immanquable\u00a0<em>King of the Belgians<\/em> de Peter Brosens et Jessica Woodworth, avec le majestueux Peter Van Den Begin qui reprend sa destin\u00e9e d&rsquo;homme et\u00a0de majest\u00e9 en mains alors que son pays part \u00e0 vau-l&rsquo;eau, et la p\u00e9tillante Lucie Debay, sp\u00e9cialiste en relations publiques plong\u00e9e dans la tourmente institutionnelle et cosmique d&rsquo;une d\u00e9claration d&rsquo;ind\u00e9pendance doubl\u00e9e d&rsquo;une \u00e9ruption solaire. La jeune com\u00e9dienne sera d&rsquo;ailleurs \u00e0 N\u00eemes pour pr\u00e9senter le film.<\/p>\n<p><iframe loading=\"lazy\" title=\"King of the Belgians trailer | Film Fest Gent 2016\" width=\"618\" height=\"348\" src=\"https:\/\/www.youtube.com\/embed\/DJa5C0_CqQI?feature=oembed\" frameborder=\"0\" allow=\"accelerometer; autoplay; clipboard-write; encrypted-media; gyroscope; picture-in-picture; web-share\" referrerpolicy=\"strict-origin-when-cross-origin\" allowfullscreen><\/iframe><\/p>\n<p>&nbsp;<\/p>\n<h4>Des courts belges comme s&rsquo;il en pleuvait<\/h4>\n<p>Le Festival offre \u00e9galement une carte blanche \u00e0 C\u00e9line Masset et Pascal Hologne du Brussels Short Film Festival, qui proposerons le samedi et le dimanche soir deux programmes de courts m\u00e9trages, l&rsquo;un consacr\u00e9 aux films belges qui ont marqu\u00e9 l&rsquo;\u00e9dition 2017, l&rsquo;autre aux films belges qui ont marqu\u00e9 les 20 (!) ans du Brussels Short Film Festival. L&rsquo;occasion notamment de d\u00e9couvrir les films de Pablo Munoz Gomez (<em>Welkom, Kapitalistis<\/em>), que nous rencontrions r\u00e9cemment (<a href=\"http:\/\/www.cinevox.be\/fr\/cinema-belge-moi-ep-04-pablo-munoz-gomez\/\">voir son interview<\/a>), et qui sera pr\u00e9sent sur place. Le mercredi 26, ce sera au tour de Louis H\u00e9liot et du festival Le Court en Dit Long de c\u00e9l\u00e9brer son anniversaire (ses 25 ans cette fois), avec une programmation sp\u00e9ciale. Tout au long de la semaine, les projections en plein air seront accompagn\u00e9es de concerts, d&rsquo;ateliers, et d&rsquo;activit\u00e9s en tous genres.<\/p>\n<p>Bref, si par chance vous \u00eates en vill\u00e9giature dans le coin, voire si vous y habitez, n&rsquo;h\u00e9sitez pas \u00e0 aller f\u00eater le cin\u00e9ma belge et ses talents au\u00a05\u00e8me Festival du Cin\u00e9ma Belge \u00e0 N\u00eemes &amp; en Garrigue! L&rsquo;int\u00e9gralit\u00e9 du programme est disponible <a href=\"http:\/\/festivalcinemabelge.fr\/\">ici<\/a>.<\/p>\n","protected":false},"excerpt":{"rendered":"<p>Cela ne vous aura peut-\u00eatre pas \u00e9chapp\u00e9, c&rsquo;est l&rsquo;\u00e9t\u00e9, \u00e0 tel point peut-\u00eatre que vous \u00eates tranquillement en vacances dans le Sud de la France, du c\u00f4t\u00e9 de N\u00eemes. L&rsquo;occasion id\u00e9ale de vous faire une petite s\u00e9ance de cin\u00e9ma, en plein air, et belge s&rsquo;il-vous-plait, lors du\u00a05\u00e8me Festival du Cin\u00e9ma Belge \u00e0 N\u00eemes &amp; en &hellip;<\/p>\n","protected":false},"author":343,"featured_media":201487,"comment_status":"closed","ping_status":"closed","sticky":false,"template":"","format":"standard","meta":{"ngg_post_thumbnail":0,"footnotes":""},"categories":[1923],"tags":[2355],"class_list":["post-201485","post","type-post","status-publish","format-standard","has-post-thumbnail","","category-en-bref","tag-festival"],"yoast_head":"<!-- This site is optimized with the Yoast SEO plugin v20.4 - https:\/\/yoast.com\/wordpress\/plugins\/seo\/ -->\n<title>5\u00e8me Festival du Cin\u00e9ma Belge \u00e0 N\u00eemes &amp; en Garrigue - We Love Cinema<\/title>\n<meta name=\"robots\" content=\"index, follow, max-snippet:-1, max-image-preview:large, max-video-preview:-1\" \/>\n<link rel=\"canonical\" href=\"https:\/\/welovecinema.be\/fr\/5eme-festival-cinema-belge-a-nimes-garrigue\/\" \/>\n<meta property=\"og:locale\" content=\"fr_FR\" \/>\n<meta property=\"og:type\" content=\"article\" \/>\n<meta property=\"og:title\" content=\"5\u00e8me Festival du Cin\u00e9ma Belge \u00e0 N\u00eemes &amp; en Garrigue - We Love Cinema\" \/>\n<meta property=\"og:description\" content=\"Cela ne vous aura peut-\u00eatre pas \u00e9chapp\u00e9, c&rsquo;est l&rsquo;\u00e9t\u00e9, \u00e0 tel point peut-\u00eatre que vous \u00eates tranquillement en vacances dans le Sud de la France, du c\u00f4t\u00e9 de N\u00eemes. L&rsquo;occasion id\u00e9ale de vous faire une petite s\u00e9ance de cin\u00e9ma, en plein air, et belge s&rsquo;il-vous-plait, lors du\u00a05\u00e8me Festival du Cin\u00e9ma Belge \u00e0 N\u00eemes &amp; en &hellip;\" \/>\n<meta property=\"og:url\" content=\"https:\/\/welovecinema.be\/fr\/5eme-festival-cinema-belge-a-nimes-garrigue\/\" \/>\n<meta property=\"og:site_name\" content=\"We Love Cinema\" \/>\n<meta property=\"article:publisher\" content=\"https:\/\/www.facebook.com\/welovecinema.be\" \/>\n<meta property=\"article:published_time\" content=\"2017-07-17T08:26:52+00:00\" \/>\n<meta property=\"article:modified_time\" content=\"2017-07-18T06:46:21+00:00\" \/>\n<meta property=\"og:image\" content=\"https:\/\/welovecinema.be\/wp-content\/uploads\/sites\/2\/2017\/07\/Festival-Cinema-Belge-Nimes-Garrigue.jpg\" \/>\n\t<meta property=\"og:image:width\" content=\"1808\" \/>\n\t<meta property=\"og:image:height\" content=\"906\" \/>\n\t<meta property=\"og:image:type\" content=\"image\/jpeg\" \/>\n<meta name=\"author\" content=\"Aurore Engelen\" \/>\n<meta name=\"twitter:card\" content=\"summary_large_image\" \/>\n<meta name=\"twitter:label1\" content=\"\u00c9crit par\" \/>\n\t<meta name=\"twitter:data1\" content=\"Aurore Engelen\" \/>\n\t<meta name=\"twitter:label2\" content=\"Dur\u00e9e de lecture estim\u00e9e\" \/>\n\t<meta name=\"twitter:data2\" content=\"2 minutes\" \/>\n<script type=\"application\/ld+json\" class=\"yoast-schema-graph\">{\"@context\":\"https:\/\/schema.org\",\"@graph\":[{\"@type\":\"Article\",\"@id\":\"https:\/\/welovecinema.be\/fr\/5eme-festival-cinema-belge-a-nimes-garrigue\/#article\",\"isPartOf\":{\"@id\":\"https:\/\/welovecinema.be\/fr\/5eme-festival-cinema-belge-a-nimes-garrigue\/\"},\"author\":{\"name\":\"Aurore Engelen\",\"@id\":\"https:\/\/welovecinema.be\/nl\/#\/schema\/person\/8084b68c6b176142d073695c654dc7cf\"},\"headline\":\"5\u00e8me Festival du Cin\u00e9ma Belge \u00e0 N\u00eemes &#038; en Garrigue\",\"datePublished\":\"2017-07-17T08:26:52+00:00\",\"dateModified\":\"2017-07-18T06:46:21+00:00\",\"mainEntityOfPage\":{\"@id\":\"https:\/\/welovecinema.be\/fr\/5eme-festival-cinema-belge-a-nimes-garrigue\/\"},\"wordCount\":415,\"publisher\":{\"@id\":\"https:\/\/welovecinema.be\/nl\/#organization\"},\"keywords\":[\"Festival\"],\"articleSection\":[\"En bref\"],\"inLanguage\":\"fr-FR\"},{\"@type\":\"WebPage\",\"@id\":\"https:\/\/welovecinema.be\/fr\/5eme-festival-cinema-belge-a-nimes-garrigue\/\",\"url\":\"https:\/\/welovecinema.be\/fr\/5eme-festival-cinema-belge-a-nimes-garrigue\/\",\"name\":\"5\u00e8me Festival du Cin\u00e9ma Belge \u00e0 N\u00eemes & en Garrigue - We Love Cinema\",\"isPartOf\":{\"@id\":\"https:\/\/welovecinema.be\/nl\/#website\"},\"datePublished\":\"2017-07-17T08:26:52+00:00\",\"dateModified\":\"2017-07-18T06:46:21+00:00\",\"breadcrumb\":{\"@id\":\"https:\/\/welovecinema.be\/fr\/5eme-festival-cinema-belge-a-nimes-garrigue\/#breadcrumb\"},\"inLanguage\":\"fr-FR\",\"potentialAction\":[{\"@type\":\"ReadAction\",\"target\":[\"https:\/\/welovecinema.be\/fr\/5eme-festival-cinema-belge-a-nimes-garrigue\/\"]}]},{\"@type\":\"BreadcrumbList\",\"@id\":\"https:\/\/welovecinema.be\/fr\/5eme-festival-cinema-belge-a-nimes-garrigue\/#breadcrumb\",\"itemListElement\":[{\"@type\":\"ListItem\",\"position\":1,\"name\":\"Accueil\",\"item\":\"https:\/\/welovecinema.be\/fr\/\"},{\"@type\":\"ListItem\",\"position\":2,\"name\":\"5\u00e8me Festival du Cin\u00e9ma Belge \u00e0 N\u00eemes &#038; en Garrigue\"}]},{\"@type\":\"WebSite\",\"@id\":\"https:\/\/welovecinema.be\/nl\/#website\",\"url\":\"https:\/\/welovecinema.be\/nl\/\",\"name\":\"We Love Cinema\",\"description\":\"Toute l\u2019information du cin\u00e9ma en Belgique\",\"publisher\":{\"@id\":\"https:\/\/welovecinema.be\/nl\/#organization\"},\"potentialAction\":[{\"@type\":\"SearchAction\",\"target\":{\"@type\":\"EntryPoint\",\"urlTemplate\":\"https:\/\/welovecinema.be\/nl\/?s={search_term_string}\"},\"query-input\":\"required name=search_term_string\"}],\"inLanguage\":\"fr-FR\"},{\"@type\":\"Organization\",\"@id\":\"https:\/\/welovecinema.be\/nl\/#organization\",\"name\":\"We Love Cinema\",\"url\":\"https:\/\/welovecinema.be\/nl\/\",\"logo\":{\"@type\":\"ImageObject\",\"inLanguage\":\"fr-FR\",\"@id\":\"https:\/\/welovecinema.be\/nl\/#\/schema\/logo\/image\/\",\"url\":\"https:\/\/welovecinema.be\/wp-content\/uploads\/sites\/2\/2023\/03\/Logo-We-Love-Cinema305x128.jpg\",\"contentUrl\":\"https:\/\/welovecinema.be\/wp-content\/uploads\/sites\/2\/2023\/03\/Logo-We-Love-Cinema305x128.jpg\",\"width\":305,\"height\":128,\"caption\":\"We Love Cinema\"},\"image\":{\"@id\":\"https:\/\/welovecinema.be\/nl\/#\/schema\/logo\/image\/\"},\"sameAs\":[\"https:\/\/www.facebook.com\/welovecinema.be\",\"https:\/\/www.youtube.com\/channel\/UCX5LYGVhnKvYauW4Nta4HJA\",\"https:\/\/www.instagram.com\/welovecinema.be\/\"]},{\"@type\":\"Person\",\"@id\":\"https:\/\/welovecinema.be\/nl\/#\/schema\/person\/8084b68c6b176142d073695c654dc7cf\",\"name\":\"Aurore Engelen\",\"url\":\"https:\/\/welovecinema.be\/fr\/author\/aurore-engelen\/\"}]}<\/script>\n<!-- \/ Yoast SEO plugin. -->","yoast_head_json":{"title":"5\u00e8me Festival du Cin\u00e9ma Belge \u00e0 N\u00eemes & en Garrigue - We Love Cinema","robots":{"index":"index","follow":"follow","max-snippet":"max-snippet:-1","max-image-preview":"max-image-preview:large","max-video-preview":"max-video-preview:-1"},"canonical":"https:\/\/welovecinema.be\/fr\/5eme-festival-cinema-belge-a-nimes-garrigue\/","og_locale":"fr_FR","og_type":"article","og_title":"5\u00e8me Festival du Cin\u00e9ma Belge \u00e0 N\u00eemes & en Garrigue - We Love Cinema","og_description":"Cela ne vous aura peut-\u00eatre pas \u00e9chapp\u00e9, c&rsquo;est l&rsquo;\u00e9t\u00e9, \u00e0 tel point peut-\u00eatre que vous \u00eates tranquillement en vacances dans le Sud de la France, du c\u00f4t\u00e9 de N\u00eemes. L&rsquo;occasion id\u00e9ale de vous faire une petite s\u00e9ance de cin\u00e9ma, en plein air, et belge s&rsquo;il-vous-plait, lors du\u00a05\u00e8me Festival du Cin\u00e9ma Belge \u00e0 N\u00eemes &amp; en &hellip;","og_url":"https:\/\/welovecinema.be\/fr\/5eme-festival-cinema-belge-a-nimes-garrigue\/","og_site_name":"We Love Cinema","article_publisher":"https:\/\/www.facebook.com\/welovecinema.be","article_published_time":"2017-07-17T08:26:52+00:00","article_modified_time":"2017-07-18T06:46:21+00:00","og_image":[{"width":1808,"height":906,"url":"https:\/\/welovecinema.be\/wp-content\/uploads\/sites\/2\/2017\/07\/Festival-Cinema-Belge-Nimes-Garrigue.jpg","type":"image\/jpeg"}],"author":"Aurore Engelen","twitter_card":"summary_large_image","twitter_misc":{"\u00c9crit par":"Aurore Engelen","Dur\u00e9e de lecture estim\u00e9e":"2 minutes"},"schema":{"@context":"https:\/\/schema.org","@graph":[{"@type":"Article","@id":"https:\/\/welovecinema.be\/fr\/5eme-festival-cinema-belge-a-nimes-garrigue\/#article","isPartOf":{"@id":"https:\/\/welovecinema.be\/fr\/5eme-festival-cinema-belge-a-nimes-garrigue\/"},"author":{"name":"Aurore Engelen","@id":"https:\/\/welovecinema.be\/nl\/#\/schema\/person\/8084b68c6b176142d073695c654dc7cf"},"headline":"5\u00e8me Festival du Cin\u00e9ma Belge \u00e0 N\u00eemes &#038; en Garrigue","datePublished":"2017-07-17T08:26:52+00:00","dateModified":"2017-07-18T06:46:21+00:00","mainEntityOfPage":{"@id":"https:\/\/welovecinema.be\/fr\/5eme-festival-cinema-belge-a-nimes-garrigue\/"},"wordCount":415,"publisher":{"@id":"https:\/\/welovecinema.be\/nl\/#organization"},"keywords":["Festival"],"articleSection":["En bref"],"inLanguage":"fr-FR"},{"@type":"WebPage","@id":"https:\/\/welovecinema.be\/fr\/5eme-festival-cinema-belge-a-nimes-garrigue\/","url":"https:\/\/welovecinema.be\/fr\/5eme-festival-cinema-belge-a-nimes-garrigue\/","name":"5\u00e8me Festival du Cin\u00e9ma Belge \u00e0 N\u00eemes & en Garrigue - We Love Cinema","isPartOf":{"@id":"https:\/\/welovecinema.be\/nl\/#website"},"datePublished":"2017-07-17T08:26:52+00:00","dateModified":"2017-07-18T06:46:21+00:00","breadcrumb":{"@id":"https:\/\/welovecinema.be\/fr\/5eme-festival-cinema-belge-a-nimes-garrigue\/#breadcrumb"},"inLanguage":"fr-FR","potentialAction":[{"@type":"ReadAction","target":["https:\/\/welovecinema.be\/fr\/5eme-festival-cinema-belge-a-nimes-garrigue\/"]}]},{"@type":"BreadcrumbList","@id":"https:\/\/welovecinema.be\/fr\/5eme-festival-cinema-belge-a-nimes-garrigue\/#breadcrumb","itemListElement":[{"@type":"ListItem","position":1,"name":"Accueil","item":"https:\/\/welovecinema.be\/fr\/"},{"@type":"ListItem","position":2,"name":"5\u00e8me Festival du Cin\u00e9ma Belge \u00e0 N\u00eemes &#038; en Garrigue"}]},{"@type":"WebSite","@id":"https:\/\/welovecinema.be\/nl\/#website","url":"https:\/\/welovecinema.be\/nl\/","name":"We Love Cinema","description":"Toute l\u2019information du cin\u00e9ma en Belgique","publisher":{"@id":"https:\/\/welovecinema.be\/nl\/#organization"},"potentialAction":[{"@type":"SearchAction","target":{"@type":"EntryPoint","urlTemplate":"https:\/\/welovecinema.be\/nl\/?s={search_term_string}"},"query-input":"required name=search_term_string"}],"inLanguage":"fr-FR"},{"@type":"Organization","@id":"https:\/\/welovecinema.be\/nl\/#organization","name":"We Love Cinema","url":"https:\/\/welovecinema.be\/nl\/","logo":{"@type":"ImageObject","inLanguage":"fr-FR","@id":"https:\/\/welovecinema.be\/nl\/#\/schema\/logo\/image\/","url":"https:\/\/welovecinema.be\/wp-content\/uploads\/sites\/2\/2023\/03\/Logo-We-Love-Cinema305x128.jpg","contentUrl":"https:\/\/welovecinema.be\/wp-content\/uploads\/sites\/2\/2023\/03\/Logo-We-Love-Cinema305x128.jpg","width":305,"height":128,"caption":"We Love Cinema"},"image":{"@id":"https:\/\/welovecinema.be\/nl\/#\/schema\/logo\/image\/"},"sameAs":["https:\/\/www.facebook.com\/welovecinema.be","https:\/\/www.youtube.com\/channel\/UCX5LYGVhnKvYauW4Nta4HJA","https:\/\/www.instagram.com\/welovecinema.be\/"]},{"@type":"Person","@id":"https:\/\/welovecinema.be\/nl\/#\/schema\/person\/8084b68c6b176142d073695c654dc7cf","name":"Aurore Engelen","url":"https:\/\/welovecinema.be\/fr\/author\/aurore-engelen\/"}]}},"_links":{"self":[{"href":"https:\/\/welovecinema.be\/fr\/wp-json\/wp\/v2\/posts\/201485","targetHints":{"allow":["GET"]}}],"collection":[{"href":"https:\/\/welovecinema.be\/fr\/wp-json\/wp\/v2\/posts"}],"about":[{"href":"https:\/\/welovecinema.be\/fr\/wp-json\/wp\/v2\/types\/post"}],"author":[{"embeddable":true,"href":"https:\/\/welovecinema.be\/fr\/wp-json\/wp\/v2\/users\/343"}],"replies":[{"embeddable":true,"href":"https:\/\/welovecinema.be\/fr\/wp-json\/wp\/v2\/comments?post=201485"}],"version-history":[{"count":0,"href":"https:\/\/welovecinema.be\/fr\/wp-json\/wp\/v2\/posts\/201485\/revisions"}],"wp:featuredmedia":[{"embeddable":true,"href":"https:\/\/welovecinema.be\/fr\/wp-json\/wp\/v2\/media\/201487"}],"wp:attachment":[{"href":"https:\/\/welovecinema.be\/fr\/wp-json\/wp\/v2\/media?parent=201485"}],"wp:term":[{"taxonomy":"category","embeddable":true,"href":"https:\/\/welovecinema.be\/fr\/wp-json\/wp\/v2\/categories?post=201485"},{"taxonomy":"post_tag","embeddable":true,"href":"https:\/\/welovecinema.be\/fr\/wp-json\/wp\/v2\/tags?post=201485"}],"curies":[{"name":"wp","href":"https:\/\/api.w.org\/{rel}","templated":true}]}}