{"id":201479,"date":"2017-07-16T09:09:55","date_gmt":"2017-07-16T07:09:55","guid":{"rendered":"http:\/\/www.cinevox.be\/?p=201479\/"},"modified":"2018-03-07T09:14:28","modified_gmt":"2018-03-07T08:14:28","slug":"cinema-belge-moi-ep-05-andre-bonzel","status":"publish","type":"post","link":"https:\/\/welovecinema.be\/fr\/cinema-belge-moi-ep-05-andre-bonzel\/","title":{"rendered":"Le cin\u00e9ma belge et moi, \u00e9p.05: Andr\u00e9 Bonzel"},"content":{"rendered":"<p><strong>En 1992 d\u00e9barquait sur la Croisette, sans que personne ne l&rsquo;ait vu venir, un OVNI cin\u00e9matographique tout droit venu du plat pays, brico-r\u00e9alis\u00e9 par une troupe d&rsquo;\u00e9tudiants hyper-motiv\u00e9s loin de se douter qu&rsquo;ils allaient\u00a0f\u00e9d\u00e9rer critiques et public, et cr\u00e9er une nouvelle esth\u00e9tique cin\u00e9matographique, et m\u00eame audiovisuelle, qui allait tout renverser sur son passage. Derri\u00e8re la cam\u00e9ra de <em>C&rsquo;est arriv\u00e9 pr\u00e8s de chez vous<\/em>, aux c\u00f4t\u00e9s de R\u00e9my Belvaux et Beno\u00eet Poelvoorde, on retrouvait Andr\u00e9 Bonzel, que nous avons rencontr\u00e9 \u00e0 l&rsquo;occasion de l&rsquo;op\u00e9ration 50\/50.\u00a0<\/strong><\/p>\n<p><iframe loading=\"lazy\" title=\"Andr\u00e9 Bonzel: autode\u0301rision et cin\u00e9ma belge\" width=\"618\" height=\"348\" src=\"https:\/\/www.youtube.com\/embed\/byNwJ8mZUP4?feature=oembed\" frameborder=\"0\" allow=\"accelerometer; autoplay; clipboard-write; encrypted-media; gyroscope; picture-in-picture; web-share\" referrerpolicy=\"strict-origin-when-cross-origin\" allowfullscreen><\/iframe><\/p>\n<p><iframe loading=\"lazy\" title=\"Andr\u00e9 Bonzel: Le cine\u0301ma belge et moi\" width=\"618\" height=\"348\" src=\"https:\/\/www.youtube.com\/embed\/5_6CsTULk50?feature=oembed\" frameborder=\"0\" allow=\"accelerometer; autoplay; clipboard-write; encrypted-media; gyroscope; picture-in-picture; web-share\" referrerpolicy=\"strict-origin-when-cross-origin\" allowfullscreen><\/iframe><\/p>\n<p>&nbsp;<\/p>\n<p>&nbsp;<\/p>\n","protected":false},"excerpt":{"rendered":"<p>En 1992 d\u00e9barquait sur la Croisette, sans que personne ne l&rsquo;ait vu venir, un OVNI cin\u00e9matographique tout droit venu du plat pays, brico-r\u00e9alis\u00e9 par une troupe d&rsquo;\u00e9tudiants hyper-motiv\u00e9s loin de se douter qu&rsquo;ils allaient\u00a0f\u00e9d\u00e9rer critiques et public, et cr\u00e9er une nouvelle esth\u00e9tique cin\u00e9matographique, et m\u00eame audiovisuelle, qui allait tout renverser sur son passage. Derri\u00e8re la &hellip;<\/p>\n","protected":false},"author":343,"featured_media":201480,"comment_status":"closed","ping_status":"closed","sticky":false,"template":"","format":"standard","meta":{"ngg_post_thumbnail":0,"footnotes":""},"categories":[1978],"tags":[2054,2351,2352],"class_list":["post-201479","post","type-post","status-publish","format-standard","has-post-thumbnail","","category-interviews","tag-50cinquante","tag-andre-bonzel","tag-cest-arrive-pres-de-chez-vous"],"yoast_head":"<!-- This site is optimized with the Yoast SEO plugin v20.4 - https:\/\/yoast.com\/wordpress\/plugins\/seo\/ -->\n<title>Le cin\u00e9ma belge et moi, \u00e9p.05: Andr\u00e9 Bonzel - We Love Cinema<\/title>\n<meta name=\"robots\" content=\"index, follow, max-snippet:-1, max-image-preview:large, max-video-preview:-1\" \/>\n<link rel=\"canonical\" href=\"https:\/\/welovecinema.be\/fr\/cinema-belge-moi-ep-05-andre-bonzel\/\" \/>\n<meta property=\"og:locale\" content=\"fr_FR\" \/>\n<meta property=\"og:type\" content=\"article\" \/>\n<meta property=\"og:title\" content=\"Le cin\u00e9ma belge et moi, \u00e9p.05: Andr\u00e9 Bonzel - We Love Cinema\" \/>\n<meta property=\"og:description\" content=\"En 1992 d\u00e9barquait sur la Croisette, sans que personne ne l&rsquo;ait vu venir, un OVNI cin\u00e9matographique tout droit venu du plat pays, brico-r\u00e9alis\u00e9 par une troupe d&rsquo;\u00e9tudiants hyper-motiv\u00e9s loin de se douter qu&rsquo;ils allaient\u00a0f\u00e9d\u00e9rer critiques et public, et cr\u00e9er une nouvelle esth\u00e9tique cin\u00e9matographique, et m\u00eame audiovisuelle, qui allait tout renverser sur son passage. Derri\u00e8re la &hellip;\" \/>\n<meta property=\"og:url\" content=\"https:\/\/welovecinema.be\/fr\/cinema-belge-moi-ep-05-andre-bonzel\/\" \/>\n<meta property=\"og:site_name\" content=\"We Love Cinema\" \/>\n<meta property=\"article:publisher\" content=\"https:\/\/www.facebook.com\/welovecinema.be\" \/>\n<meta property=\"article:published_time\" content=\"2017-07-16T07:09:55+00:00\" \/>\n<meta property=\"article:modified_time\" content=\"2018-03-07T08:14:28+00:00\" \/>\n<meta property=\"og:image\" content=\"https:\/\/welovecinema.be\/wp-content\/uploads\/sites\/2\/2017\/07\/Andre-Bonzel-Cinevox.jpg\" \/>\n\t<meta property=\"og:image:width\" content=\"1782\" \/>\n\t<meta property=\"og:image:height\" content=\"993\" \/>\n\t<meta property=\"og:image:type\" content=\"image\/jpeg\" \/>\n<meta name=\"author\" content=\"Aurore Engelen\" \/>\n<meta name=\"twitter:card\" content=\"summary_large_image\" \/>\n<meta name=\"twitter:label1\" content=\"\u00c9crit par\" \/>\n\t<meta name=\"twitter:data1\" content=\"Aurore Engelen\" \/>\n\t<meta name=\"twitter:label2\" content=\"Dur\u00e9e de lecture estim\u00e9e\" \/>\n\t<meta name=\"twitter:data2\" content=\"1 minute\" \/>\n<script type=\"application\/ld+json\" class=\"yoast-schema-graph\">{\"@context\":\"https:\/\/schema.org\",\"@graph\":[{\"@type\":\"Article\",\"@id\":\"https:\/\/welovecinema.be\/fr\/cinema-belge-moi-ep-05-andre-bonzel\/#article\",\"isPartOf\":{\"@id\":\"https:\/\/welovecinema.be\/fr\/cinema-belge-moi-ep-05-andre-bonzel\/\"},\"author\":{\"name\":\"Aurore Engelen\",\"@id\":\"https:\/\/welovecinema.be\/nl\/#\/schema\/person\/8084b68c6b176142d073695c654dc7cf\"},\"headline\":\"Le cin\u00e9ma belge et moi, \u00e9p.05: Andr\u00e9 Bonzel\",\"datePublished\":\"2017-07-16T07:09:55+00:00\",\"dateModified\":\"2018-03-07T08:14:28+00:00\",\"mainEntityOfPage\":{\"@id\":\"https:\/\/welovecinema.be\/fr\/cinema-belge-moi-ep-05-andre-bonzel\/\"},\"wordCount\":126,\"publisher\":{\"@id\":\"https:\/\/welovecinema.be\/nl\/#organization\"},\"keywords\":[\"50cinquante\",\"Andr\u00e9 Bonzel\",\"C'est arriv\u00e9 pr\u00e8s de chez vous\"],\"articleSection\":[\"Rencontres\"],\"inLanguage\":\"fr-FR\"},{\"@type\":\"WebPage\",\"@id\":\"https:\/\/welovecinema.be\/fr\/cinema-belge-moi-ep-05-andre-bonzel\/\",\"url\":\"https:\/\/welovecinema.be\/fr\/cinema-belge-moi-ep-05-andre-bonzel\/\",\"name\":\"Le cin\u00e9ma belge et moi, \u00e9p.05: Andr\u00e9 Bonzel - We Love Cinema\",\"isPartOf\":{\"@id\":\"https:\/\/welovecinema.be\/nl\/#website\"},\"datePublished\":\"2017-07-16T07:09:55+00:00\",\"dateModified\":\"2018-03-07T08:14:28+00:00\",\"breadcrumb\":{\"@id\":\"https:\/\/welovecinema.be\/fr\/cinema-belge-moi-ep-05-andre-bonzel\/#breadcrumb\"},\"inLanguage\":\"fr-FR\",\"potentialAction\":[{\"@type\":\"ReadAction\",\"target\":[\"https:\/\/welovecinema.be\/fr\/cinema-belge-moi-ep-05-andre-bonzel\/\"]}]},{\"@type\":\"BreadcrumbList\",\"@id\":\"https:\/\/welovecinema.be\/fr\/cinema-belge-moi-ep-05-andre-bonzel\/#breadcrumb\",\"itemListElement\":[{\"@type\":\"ListItem\",\"position\":1,\"name\":\"Accueil\",\"item\":\"https:\/\/welovecinema.be\/fr\/\"},{\"@type\":\"ListItem\",\"position\":2,\"name\":\"Le cin\u00e9ma belge et moi, \u00e9p.05: Andr\u00e9 Bonzel\"}]},{\"@type\":\"WebSite\",\"@id\":\"https:\/\/welovecinema.be\/nl\/#website\",\"url\":\"https:\/\/welovecinema.be\/nl\/\",\"name\":\"We Love Cinema\",\"description\":\"Toute l\u2019information du cin\u00e9ma en Belgique\",\"publisher\":{\"@id\":\"https:\/\/welovecinema.be\/nl\/#organization\"},\"potentialAction\":[{\"@type\":\"SearchAction\",\"target\":{\"@type\":\"EntryPoint\",\"urlTemplate\":\"https:\/\/welovecinema.be\/nl\/?s={search_term_string}\"},\"query-input\":\"required name=search_term_string\"}],\"inLanguage\":\"fr-FR\"},{\"@type\":\"Organization\",\"@id\":\"https:\/\/welovecinema.be\/nl\/#organization\",\"name\":\"We Love Cinema\",\"url\":\"https:\/\/welovecinema.be\/nl\/\",\"logo\":{\"@type\":\"ImageObject\",\"inLanguage\":\"fr-FR\",\"@id\":\"https:\/\/welovecinema.be\/nl\/#\/schema\/logo\/image\/\",\"url\":\"https:\/\/welovecinema.be\/wp-content\/uploads\/sites\/2\/2023\/03\/Logo-We-Love-Cinema305x128.jpg\",\"contentUrl\":\"https:\/\/welovecinema.be\/wp-content\/uploads\/sites\/2\/2023\/03\/Logo-We-Love-Cinema305x128.jpg\",\"width\":305,\"height\":128,\"caption\":\"We Love Cinema\"},\"image\":{\"@id\":\"https:\/\/welovecinema.be\/nl\/#\/schema\/logo\/image\/\"},\"sameAs\":[\"https:\/\/www.facebook.com\/welovecinema.be\",\"https:\/\/www.youtube.com\/channel\/UCX5LYGVhnKvYauW4Nta4HJA\",\"https:\/\/www.instagram.com\/welovecinema.be\/\"]},{\"@type\":\"Person\",\"@id\":\"https:\/\/welovecinema.be\/nl\/#\/schema\/person\/8084b68c6b176142d073695c654dc7cf\",\"name\":\"Aurore Engelen\",\"url\":\"https:\/\/welovecinema.be\/fr\/author\/aurore-engelen\/\"}]}<\/script>\n<!-- \/ Yoast SEO plugin. -->","yoast_head_json":{"title":"Le cin\u00e9ma belge et moi, \u00e9p.05: Andr\u00e9 Bonzel - We Love Cinema","robots":{"index":"index","follow":"follow","max-snippet":"max-snippet:-1","max-image-preview":"max-image-preview:large","max-video-preview":"max-video-preview:-1"},"canonical":"https:\/\/welovecinema.be\/fr\/cinema-belge-moi-ep-05-andre-bonzel\/","og_locale":"fr_FR","og_type":"article","og_title":"Le cin\u00e9ma belge et moi, \u00e9p.05: Andr\u00e9 Bonzel - We Love Cinema","og_description":"En 1992 d\u00e9barquait sur la Croisette, sans que personne ne l&rsquo;ait vu venir, un OVNI cin\u00e9matographique tout droit venu du plat pays, brico-r\u00e9alis\u00e9 par une troupe d&rsquo;\u00e9tudiants hyper-motiv\u00e9s loin de se douter qu&rsquo;ils allaient\u00a0f\u00e9d\u00e9rer critiques et public, et cr\u00e9er une nouvelle esth\u00e9tique cin\u00e9matographique, et m\u00eame audiovisuelle, qui allait tout renverser sur son passage. Derri\u00e8re la &hellip;","og_url":"https:\/\/welovecinema.be\/fr\/cinema-belge-moi-ep-05-andre-bonzel\/","og_site_name":"We Love Cinema","article_publisher":"https:\/\/www.facebook.com\/welovecinema.be","article_published_time":"2017-07-16T07:09:55+00:00","article_modified_time":"2018-03-07T08:14:28+00:00","og_image":[{"width":1782,"height":993,"url":"https:\/\/welovecinema.be\/wp-content\/uploads\/sites\/2\/2017\/07\/Andre-Bonzel-Cinevox.jpg","type":"image\/jpeg"}],"author":"Aurore Engelen","twitter_card":"summary_large_image","twitter_misc":{"\u00c9crit par":"Aurore Engelen","Dur\u00e9e de lecture estim\u00e9e":"1 minute"},"schema":{"@context":"https:\/\/schema.org","@graph":[{"@type":"Article","@id":"https:\/\/welovecinema.be\/fr\/cinema-belge-moi-ep-05-andre-bonzel\/#article","isPartOf":{"@id":"https:\/\/welovecinema.be\/fr\/cinema-belge-moi-ep-05-andre-bonzel\/"},"author":{"name":"Aurore Engelen","@id":"https:\/\/welovecinema.be\/nl\/#\/schema\/person\/8084b68c6b176142d073695c654dc7cf"},"headline":"Le cin\u00e9ma belge et moi, \u00e9p.05: Andr\u00e9 Bonzel","datePublished":"2017-07-16T07:09:55+00:00","dateModified":"2018-03-07T08:14:28+00:00","mainEntityOfPage":{"@id":"https:\/\/welovecinema.be\/fr\/cinema-belge-moi-ep-05-andre-bonzel\/"},"wordCount":126,"publisher":{"@id":"https:\/\/welovecinema.be\/nl\/#organization"},"keywords":["50cinquante","Andr\u00e9 Bonzel","C'est arriv\u00e9 pr\u00e8s de chez vous"],"articleSection":["Rencontres"],"inLanguage":"fr-FR"},{"@type":"WebPage","@id":"https:\/\/welovecinema.be\/fr\/cinema-belge-moi-ep-05-andre-bonzel\/","url":"https:\/\/welovecinema.be\/fr\/cinema-belge-moi-ep-05-andre-bonzel\/","name":"Le cin\u00e9ma belge et moi, \u00e9p.05: Andr\u00e9 Bonzel - We Love Cinema","isPartOf":{"@id":"https:\/\/welovecinema.be\/nl\/#website"},"datePublished":"2017-07-16T07:09:55+00:00","dateModified":"2018-03-07T08:14:28+00:00","breadcrumb":{"@id":"https:\/\/welovecinema.be\/fr\/cinema-belge-moi-ep-05-andre-bonzel\/#breadcrumb"},"inLanguage":"fr-FR","potentialAction":[{"@type":"ReadAction","target":["https:\/\/welovecinema.be\/fr\/cinema-belge-moi-ep-05-andre-bonzel\/"]}]},{"@type":"BreadcrumbList","@id":"https:\/\/welovecinema.be\/fr\/cinema-belge-moi-ep-05-andre-bonzel\/#breadcrumb","itemListElement":[{"@type":"ListItem","position":1,"name":"Accueil","item":"https:\/\/welovecinema.be\/fr\/"},{"@type":"ListItem","position":2,"name":"Le cin\u00e9ma belge et moi, \u00e9p.05: Andr\u00e9 Bonzel"}]},{"@type":"WebSite","@id":"https:\/\/welovecinema.be\/nl\/#website","url":"https:\/\/welovecinema.be\/nl\/","name":"We Love Cinema","description":"Toute l\u2019information du cin\u00e9ma en Belgique","publisher":{"@id":"https:\/\/welovecinema.be\/nl\/#organization"},"potentialAction":[{"@type":"SearchAction","target":{"@type":"EntryPoint","urlTemplate":"https:\/\/welovecinema.be\/nl\/?s={search_term_string}"},"query-input":"required name=search_term_string"}],"inLanguage":"fr-FR"},{"@type":"Organization","@id":"https:\/\/welovecinema.be\/nl\/#organization","name":"We Love Cinema","url":"https:\/\/welovecinema.be\/nl\/","logo":{"@type":"ImageObject","inLanguage":"fr-FR","@id":"https:\/\/welovecinema.be\/nl\/#\/schema\/logo\/image\/","url":"https:\/\/welovecinema.be\/wp-content\/uploads\/sites\/2\/2023\/03\/Logo-We-Love-Cinema305x128.jpg","contentUrl":"https:\/\/welovecinema.be\/wp-content\/uploads\/sites\/2\/2023\/03\/Logo-We-Love-Cinema305x128.jpg","width":305,"height":128,"caption":"We Love Cinema"},"image":{"@id":"https:\/\/welovecinema.be\/nl\/#\/schema\/logo\/image\/"},"sameAs":["https:\/\/www.facebook.com\/welovecinema.be","https:\/\/www.youtube.com\/channel\/UCX5LYGVhnKvYauW4Nta4HJA","https:\/\/www.instagram.com\/welovecinema.be\/"]},{"@type":"Person","@id":"https:\/\/welovecinema.be\/nl\/#\/schema\/person\/8084b68c6b176142d073695c654dc7cf","name":"Aurore Engelen","url":"https:\/\/welovecinema.be\/fr\/author\/aurore-engelen\/"}]}},"_links":{"self":[{"href":"https:\/\/welovecinema.be\/fr\/wp-json\/wp\/v2\/posts\/201479","targetHints":{"allow":["GET"]}}],"collection":[{"href":"https:\/\/welovecinema.be\/fr\/wp-json\/wp\/v2\/posts"}],"about":[{"href":"https:\/\/welovecinema.be\/fr\/wp-json\/wp\/v2\/types\/post"}],"author":[{"embeddable":true,"href":"https:\/\/welovecinema.be\/fr\/wp-json\/wp\/v2\/users\/343"}],"replies":[{"embeddable":true,"href":"https:\/\/welovecinema.be\/fr\/wp-json\/wp\/v2\/comments?post=201479"}],"version-history":[{"count":0,"href":"https:\/\/welovecinema.be\/fr\/wp-json\/wp\/v2\/posts\/201479\/revisions"}],"wp:featuredmedia":[{"embeddable":true,"href":"https:\/\/welovecinema.be\/fr\/wp-json\/wp\/v2\/media\/201480"}],"wp:attachment":[{"href":"https:\/\/welovecinema.be\/fr\/wp-json\/wp\/v2\/media?parent=201479"}],"wp:term":[{"taxonomy":"category","embeddable":true,"href":"https:\/\/welovecinema.be\/fr\/wp-json\/wp\/v2\/categories?post=201479"},{"taxonomy":"post_tag","embeddable":true,"href":"https:\/\/welovecinema.be\/fr\/wp-json\/wp\/v2\/tags?post=201479"}],"curies":[{"name":"wp","href":"https:\/\/api.w.org\/{rel}","templated":true}]}}