{"id":201413,"date":"2017-07-14T14:11:24","date_gmt":"2017-07-14T12:11:24","guid":{"rendered":"http:\/\/www.cinevox.be\/?p=201413\/"},"modified":"2017-07-16T09:02:14","modified_gmt":"2017-07-16T07:02:14","slug":"cinema-belge-moi-ep-04-pablo-munoz-gomez","status":"publish","type":"post","link":"https:\/\/welovecinema.be\/fr\/cinema-belge-moi-ep-04-pablo-munoz-gomez\/","title":{"rendered":"Le cin\u00e9ma belge et moi, \u00e9p.04: Pablo Munoz Gomez"},"content":{"rendered":"<p><strong>Dans ce 4\u00e8me \u00e9pisode de notre s\u00e9rie estivale \u00ab\u00a0Le cin\u00e9ma belge et moi\u00a0\u00bb, nous retrouvons\u00a0le jeune r\u00e9alisateur Pablo Munoz Gomez (<em>Welkom, Int\u00e9gration Inch&rsquo;Allah<\/em>), dont le nouveau court m\u00e9trage, <em>Kapitalistis<\/em>, vient d&rsquo;\u00eatre <a href=\"http:\/\/www.cinevox.be\/fr\/laissez-bronzer-cadavres-sera-enfin-devoile-a-locarno\/\">s\u00e9lectionn\u00e9 en comp\u00e9tition au Festival de Locarno<\/a>!\u00a0\u00a0<\/strong><\/p>\n<p>Toujours\u00a0dans le cadre de l&rsquo;op\u00e9ration 50\/50, nous avons rencontr\u00e9 les jeunes cin\u00e9astes et com\u00e9diens laur\u00e9ats et nomm\u00e9s des Magritte du cin\u00e9ma belge qui ont r\u00e9alis\u00e9 en f\u00e9vrier dernier les \u00ab\u00a0Cadavres Exquis\u00a0\u00bb que nous vous d\u00e9voilons depuis le mois de juin: ici, celui des\u00a0<a href=\"http:\/\/www.cinevox.be\/fr\/200357\/\"><em>Barons<\/em><\/a>, ici, celui de\u00a0<a href=\"http:\/\/www.cinevox.be\/fr\/201092\/\"><em>L&rsquo;Iceberg<\/em><\/a>. Comme aux r\u00e9alisateurs repris dans les 20 longs m\u00e9trages s\u00e9lectionn\u00e9s par la F\u00e9d\u00e9ration Wallonie-Bruxelles, nous leur avons demand\u00e9 comment ils d\u00e9finiraient aujourd&rsquo;hui le cin\u00e9ma belge, quels sont leurs meilleurs souvenirs de cin\u00e9ma belge, et \u00e9galement comment ils ont v\u00e9cu leur prix ou leur nomination aux Magritte.<\/p>\n<p><iframe loading=\"lazy\" title=\"Pablo Munoz Gomez: Mon cine\u0301ma belge\" width=\"618\" height=\"348\" src=\"https:\/\/www.youtube.com\/embed\/Ai_nVUtAAuU?feature=oembed\" frameborder=\"0\" allow=\"accelerometer; autoplay; clipboard-write; encrypted-media; gyroscope; picture-in-picture; web-share\" referrerpolicy=\"strict-origin-when-cross-origin\" allowfullscreen><\/iframe><\/p>\n<p><iframe loading=\"lazy\" title=\"Pablo Munoz Gomez: Un cine\u0301ma artisanal et diversifie\u0301\" width=\"618\" height=\"348\" src=\"https:\/\/www.youtube.com\/embed\/Dk7VvBkdjx0?feature=oembed\" frameborder=\"0\" allow=\"accelerometer; autoplay; clipboard-write; encrypted-media; gyroscope; picture-in-picture; web-share\" referrerpolicy=\"strict-origin-when-cross-origin\" allowfullscreen><\/iframe><\/p>\n<p><iframe loading=\"lazy\" title=\"Pablo Munoz Gomez: Les Magritte et moi\" width=\"618\" height=\"348\" src=\"https:\/\/www.youtube.com\/embed\/5W837FTJTKs?feature=oembed\" frameborder=\"0\" allow=\"accelerometer; autoplay; clipboard-write; encrypted-media; gyroscope; picture-in-picture; web-share\" referrerpolicy=\"strict-origin-when-cross-origin\" allowfullscreen><\/iframe><\/p>\n<p>&nbsp;<\/p>\n<p>&nbsp;<\/p>\n<p>&nbsp;<\/p>\n","protected":false},"excerpt":{"rendered":"<p>Dans ce 4\u00e8me \u00e9pisode de notre s\u00e9rie estivale \u00ab\u00a0Le cin\u00e9ma belge et moi\u00a0\u00bb, nous retrouvons\u00a0le jeune r\u00e9alisateur Pablo Munoz Gomez (Welkom, Int\u00e9gration Inch&rsquo;Allah), dont le nouveau court m\u00e9trage, Kapitalistis, vient d&rsquo;\u00eatre s\u00e9lectionn\u00e9 en comp\u00e9tition au Festival de Locarno!\u00a0\u00a0 Toujours\u00a0dans le cadre de l&rsquo;op\u00e9ration 50\/50, nous avons rencontr\u00e9 les jeunes cin\u00e9astes et com\u00e9diens laur\u00e9ats et nomm\u00e9s &hellip;<\/p>\n","protected":false},"author":343,"featured_media":201414,"comment_status":"closed","ping_status":"closed","sticky":false,"template":"","format":"standard","meta":{"ngg_post_thumbnail":0,"footnotes":""},"categories":[1978],"tags":[2054,1772],"class_list":["post-201413","post","type-post","status-publish","format-standard","has-post-thumbnail","","category-interviews","tag-50cinquante","tag-pablo-munoz-gomez"],"yoast_head":"<!-- This site is optimized with the Yoast SEO plugin v20.4 - https:\/\/yoast.com\/wordpress\/plugins\/seo\/ -->\n<title>Le cin\u00e9ma belge et moi, \u00e9p.04: Pablo Munoz Gomez - We Love Cinema<\/title>\n<meta name=\"robots\" content=\"index, follow, max-snippet:-1, max-image-preview:large, max-video-preview:-1\" \/>\n<link rel=\"canonical\" href=\"https:\/\/welovecinema.be\/fr\/cinema-belge-moi-ep-04-pablo-munoz-gomez\/\" \/>\n<meta property=\"og:locale\" content=\"fr_FR\" \/>\n<meta property=\"og:type\" content=\"article\" \/>\n<meta property=\"og:title\" content=\"Le cin\u00e9ma belge et moi, \u00e9p.04: Pablo Munoz Gomez - We Love Cinema\" \/>\n<meta property=\"og:description\" content=\"Dans ce 4\u00e8me \u00e9pisode de notre s\u00e9rie estivale \u00ab\u00a0Le cin\u00e9ma belge et moi\u00a0\u00bb, nous retrouvons\u00a0le jeune r\u00e9alisateur Pablo Munoz Gomez (Welkom, Int\u00e9gration Inch&rsquo;Allah), dont le nouveau court m\u00e9trage, Kapitalistis, vient d&rsquo;\u00eatre s\u00e9lectionn\u00e9 en comp\u00e9tition au Festival de Locarno!\u00a0\u00a0 Toujours\u00a0dans le cadre de l&rsquo;op\u00e9ration 50\/50, nous avons rencontr\u00e9 les jeunes cin\u00e9astes et com\u00e9diens laur\u00e9ats et nomm\u00e9s &hellip;\" \/>\n<meta property=\"og:url\" content=\"https:\/\/welovecinema.be\/fr\/cinema-belge-moi-ep-04-pablo-munoz-gomez\/\" \/>\n<meta property=\"og:site_name\" content=\"We Love Cinema\" \/>\n<meta property=\"article:publisher\" content=\"https:\/\/www.facebook.com\/welovecinema.be\" \/>\n<meta property=\"article:published_time\" content=\"2017-07-14T12:11:24+00:00\" \/>\n<meta property=\"article:modified_time\" content=\"2017-07-16T07:02:14+00:00\" \/>\n<meta property=\"og:image\" content=\"https:\/\/welovecinema.be\/wp-content\/uploads\/sites\/2\/2017\/07\/Pablo-Munoz-Gomez-Cinevox.jpg\" \/>\n\t<meta property=\"og:image:width\" content=\"1791\" \/>\n\t<meta property=\"og:image:height\" content=\"999\" \/>\n\t<meta property=\"og:image:type\" content=\"image\/jpeg\" \/>\n<meta name=\"author\" content=\"Aurore Engelen\" \/>\n<meta name=\"twitter:card\" content=\"summary_large_image\" \/>\n<meta name=\"twitter:label1\" content=\"\u00c9crit par\" \/>\n\t<meta name=\"twitter:data1\" content=\"Aurore Engelen\" \/>\n\t<meta name=\"twitter:label2\" content=\"Dur\u00e9e de lecture estim\u00e9e\" \/>\n\t<meta name=\"twitter:data2\" content=\"1 minute\" \/>\n<script type=\"application\/ld+json\" class=\"yoast-schema-graph\">{\"@context\":\"https:\/\/schema.org\",\"@graph\":[{\"@type\":\"Article\",\"@id\":\"https:\/\/welovecinema.be\/fr\/cinema-belge-moi-ep-04-pablo-munoz-gomez\/#article\",\"isPartOf\":{\"@id\":\"https:\/\/welovecinema.be\/fr\/cinema-belge-moi-ep-04-pablo-munoz-gomez\/\"},\"author\":{\"name\":\"Aurore Engelen\",\"@id\":\"https:\/\/welovecinema.be\/nl\/#\/schema\/person\/8084b68c6b176142d073695c654dc7cf\"},\"headline\":\"Le cin\u00e9ma belge et moi, \u00e9p.04: Pablo Munoz Gomez\",\"datePublished\":\"2017-07-14T12:11:24+00:00\",\"dateModified\":\"2017-07-16T07:02:14+00:00\",\"mainEntityOfPage\":{\"@id\":\"https:\/\/welovecinema.be\/fr\/cinema-belge-moi-ep-04-pablo-munoz-gomez\/\"},\"wordCount\":191,\"publisher\":{\"@id\":\"https:\/\/welovecinema.be\/nl\/#organization\"},\"keywords\":[\"50cinquante\",\"Pablo Munoz Gomez\"],\"articleSection\":[\"Rencontres\"],\"inLanguage\":\"fr-FR\"},{\"@type\":\"WebPage\",\"@id\":\"https:\/\/welovecinema.be\/fr\/cinema-belge-moi-ep-04-pablo-munoz-gomez\/\",\"url\":\"https:\/\/welovecinema.be\/fr\/cinema-belge-moi-ep-04-pablo-munoz-gomez\/\",\"name\":\"Le cin\u00e9ma belge et moi, \u00e9p.04: Pablo Munoz Gomez - We Love Cinema\",\"isPartOf\":{\"@id\":\"https:\/\/welovecinema.be\/nl\/#website\"},\"datePublished\":\"2017-07-14T12:11:24+00:00\",\"dateModified\":\"2017-07-16T07:02:14+00:00\",\"breadcrumb\":{\"@id\":\"https:\/\/welovecinema.be\/fr\/cinema-belge-moi-ep-04-pablo-munoz-gomez\/#breadcrumb\"},\"inLanguage\":\"fr-FR\",\"potentialAction\":[{\"@type\":\"ReadAction\",\"target\":[\"https:\/\/welovecinema.be\/fr\/cinema-belge-moi-ep-04-pablo-munoz-gomez\/\"]}]},{\"@type\":\"BreadcrumbList\",\"@id\":\"https:\/\/welovecinema.be\/fr\/cinema-belge-moi-ep-04-pablo-munoz-gomez\/#breadcrumb\",\"itemListElement\":[{\"@type\":\"ListItem\",\"position\":1,\"name\":\"Accueil\",\"item\":\"https:\/\/welovecinema.be\/fr\/\"},{\"@type\":\"ListItem\",\"position\":2,\"name\":\"Le cin\u00e9ma belge et moi, \u00e9p.04: Pablo Munoz Gomez\"}]},{\"@type\":\"WebSite\",\"@id\":\"https:\/\/welovecinema.be\/nl\/#website\",\"url\":\"https:\/\/welovecinema.be\/nl\/\",\"name\":\"We Love Cinema\",\"description\":\"Toute l\u2019information du cin\u00e9ma en Belgique\",\"publisher\":{\"@id\":\"https:\/\/welovecinema.be\/nl\/#organization\"},\"potentialAction\":[{\"@type\":\"SearchAction\",\"target\":{\"@type\":\"EntryPoint\",\"urlTemplate\":\"https:\/\/welovecinema.be\/nl\/?s={search_term_string}\"},\"query-input\":\"required name=search_term_string\"}],\"inLanguage\":\"fr-FR\"},{\"@type\":\"Organization\",\"@id\":\"https:\/\/welovecinema.be\/nl\/#organization\",\"name\":\"We Love Cinema\",\"url\":\"https:\/\/welovecinema.be\/nl\/\",\"logo\":{\"@type\":\"ImageObject\",\"inLanguage\":\"fr-FR\",\"@id\":\"https:\/\/welovecinema.be\/nl\/#\/schema\/logo\/image\/\",\"url\":\"https:\/\/welovecinema.be\/wp-content\/uploads\/sites\/2\/2023\/03\/Logo-We-Love-Cinema305x128.jpg\",\"contentUrl\":\"https:\/\/welovecinema.be\/wp-content\/uploads\/sites\/2\/2023\/03\/Logo-We-Love-Cinema305x128.jpg\",\"width\":305,\"height\":128,\"caption\":\"We Love Cinema\"},\"image\":{\"@id\":\"https:\/\/welovecinema.be\/nl\/#\/schema\/logo\/image\/\"},\"sameAs\":[\"https:\/\/www.facebook.com\/welovecinema.be\",\"https:\/\/www.youtube.com\/channel\/UCX5LYGVhnKvYauW4Nta4HJA\",\"https:\/\/www.instagram.com\/welovecinema.be\/\"]},{\"@type\":\"Person\",\"@id\":\"https:\/\/welovecinema.be\/nl\/#\/schema\/person\/8084b68c6b176142d073695c654dc7cf\",\"name\":\"Aurore Engelen\",\"url\":\"https:\/\/welovecinema.be\/fr\/author\/aurore-engelen\/\"}]}<\/script>\n<!-- \/ Yoast SEO plugin. -->","yoast_head_json":{"title":"Le cin\u00e9ma belge et moi, \u00e9p.04: Pablo Munoz Gomez - We Love Cinema","robots":{"index":"index","follow":"follow","max-snippet":"max-snippet:-1","max-image-preview":"max-image-preview:large","max-video-preview":"max-video-preview:-1"},"canonical":"https:\/\/welovecinema.be\/fr\/cinema-belge-moi-ep-04-pablo-munoz-gomez\/","og_locale":"fr_FR","og_type":"article","og_title":"Le cin\u00e9ma belge et moi, \u00e9p.04: Pablo Munoz Gomez - We Love Cinema","og_description":"Dans ce 4\u00e8me \u00e9pisode de notre s\u00e9rie estivale \u00ab\u00a0Le cin\u00e9ma belge et moi\u00a0\u00bb, nous retrouvons\u00a0le jeune r\u00e9alisateur Pablo Munoz Gomez (Welkom, Int\u00e9gration Inch&rsquo;Allah), dont le nouveau court m\u00e9trage, Kapitalistis, vient d&rsquo;\u00eatre s\u00e9lectionn\u00e9 en comp\u00e9tition au Festival de Locarno!\u00a0\u00a0 Toujours\u00a0dans le cadre de l&rsquo;op\u00e9ration 50\/50, nous avons rencontr\u00e9 les jeunes cin\u00e9astes et com\u00e9diens laur\u00e9ats et nomm\u00e9s &hellip;","og_url":"https:\/\/welovecinema.be\/fr\/cinema-belge-moi-ep-04-pablo-munoz-gomez\/","og_site_name":"We Love Cinema","article_publisher":"https:\/\/www.facebook.com\/welovecinema.be","article_published_time":"2017-07-14T12:11:24+00:00","article_modified_time":"2017-07-16T07:02:14+00:00","og_image":[{"width":1791,"height":999,"url":"https:\/\/welovecinema.be\/wp-content\/uploads\/sites\/2\/2017\/07\/Pablo-Munoz-Gomez-Cinevox.jpg","type":"image\/jpeg"}],"author":"Aurore Engelen","twitter_card":"summary_large_image","twitter_misc":{"\u00c9crit par":"Aurore Engelen","Dur\u00e9e de lecture estim\u00e9e":"1 minute"},"schema":{"@context":"https:\/\/schema.org","@graph":[{"@type":"Article","@id":"https:\/\/welovecinema.be\/fr\/cinema-belge-moi-ep-04-pablo-munoz-gomez\/#article","isPartOf":{"@id":"https:\/\/welovecinema.be\/fr\/cinema-belge-moi-ep-04-pablo-munoz-gomez\/"},"author":{"name":"Aurore Engelen","@id":"https:\/\/welovecinema.be\/nl\/#\/schema\/person\/8084b68c6b176142d073695c654dc7cf"},"headline":"Le cin\u00e9ma belge et moi, \u00e9p.04: Pablo Munoz Gomez","datePublished":"2017-07-14T12:11:24+00:00","dateModified":"2017-07-16T07:02:14+00:00","mainEntityOfPage":{"@id":"https:\/\/welovecinema.be\/fr\/cinema-belge-moi-ep-04-pablo-munoz-gomez\/"},"wordCount":191,"publisher":{"@id":"https:\/\/welovecinema.be\/nl\/#organization"},"keywords":["50cinquante","Pablo Munoz Gomez"],"articleSection":["Rencontres"],"inLanguage":"fr-FR"},{"@type":"WebPage","@id":"https:\/\/welovecinema.be\/fr\/cinema-belge-moi-ep-04-pablo-munoz-gomez\/","url":"https:\/\/welovecinema.be\/fr\/cinema-belge-moi-ep-04-pablo-munoz-gomez\/","name":"Le cin\u00e9ma belge et moi, \u00e9p.04: Pablo Munoz Gomez - We Love Cinema","isPartOf":{"@id":"https:\/\/welovecinema.be\/nl\/#website"},"datePublished":"2017-07-14T12:11:24+00:00","dateModified":"2017-07-16T07:02:14+00:00","breadcrumb":{"@id":"https:\/\/welovecinema.be\/fr\/cinema-belge-moi-ep-04-pablo-munoz-gomez\/#breadcrumb"},"inLanguage":"fr-FR","potentialAction":[{"@type":"ReadAction","target":["https:\/\/welovecinema.be\/fr\/cinema-belge-moi-ep-04-pablo-munoz-gomez\/"]}]},{"@type":"BreadcrumbList","@id":"https:\/\/welovecinema.be\/fr\/cinema-belge-moi-ep-04-pablo-munoz-gomez\/#breadcrumb","itemListElement":[{"@type":"ListItem","position":1,"name":"Accueil","item":"https:\/\/welovecinema.be\/fr\/"},{"@type":"ListItem","position":2,"name":"Le cin\u00e9ma belge et moi, \u00e9p.04: Pablo Munoz Gomez"}]},{"@type":"WebSite","@id":"https:\/\/welovecinema.be\/nl\/#website","url":"https:\/\/welovecinema.be\/nl\/","name":"We Love Cinema","description":"Toute l\u2019information du cin\u00e9ma en Belgique","publisher":{"@id":"https:\/\/welovecinema.be\/nl\/#organization"},"potentialAction":[{"@type":"SearchAction","target":{"@type":"EntryPoint","urlTemplate":"https:\/\/welovecinema.be\/nl\/?s={search_term_string}"},"query-input":"required name=search_term_string"}],"inLanguage":"fr-FR"},{"@type":"Organization","@id":"https:\/\/welovecinema.be\/nl\/#organization","name":"We Love Cinema","url":"https:\/\/welovecinema.be\/nl\/","logo":{"@type":"ImageObject","inLanguage":"fr-FR","@id":"https:\/\/welovecinema.be\/nl\/#\/schema\/logo\/image\/","url":"https:\/\/welovecinema.be\/wp-content\/uploads\/sites\/2\/2023\/03\/Logo-We-Love-Cinema305x128.jpg","contentUrl":"https:\/\/welovecinema.be\/wp-content\/uploads\/sites\/2\/2023\/03\/Logo-We-Love-Cinema305x128.jpg","width":305,"height":128,"caption":"We Love Cinema"},"image":{"@id":"https:\/\/welovecinema.be\/nl\/#\/schema\/logo\/image\/"},"sameAs":["https:\/\/www.facebook.com\/welovecinema.be","https:\/\/www.youtube.com\/channel\/UCX5LYGVhnKvYauW4Nta4HJA","https:\/\/www.instagram.com\/welovecinema.be\/"]},{"@type":"Person","@id":"https:\/\/welovecinema.be\/nl\/#\/schema\/person\/8084b68c6b176142d073695c654dc7cf","name":"Aurore Engelen","url":"https:\/\/welovecinema.be\/fr\/author\/aurore-engelen\/"}]}},"_links":{"self":[{"href":"https:\/\/welovecinema.be\/fr\/wp-json\/wp\/v2\/posts\/201413","targetHints":{"allow":["GET"]}}],"collection":[{"href":"https:\/\/welovecinema.be\/fr\/wp-json\/wp\/v2\/posts"}],"about":[{"href":"https:\/\/welovecinema.be\/fr\/wp-json\/wp\/v2\/types\/post"}],"author":[{"embeddable":true,"href":"https:\/\/welovecinema.be\/fr\/wp-json\/wp\/v2\/users\/343"}],"replies":[{"embeddable":true,"href":"https:\/\/welovecinema.be\/fr\/wp-json\/wp\/v2\/comments?post=201413"}],"version-history":[{"count":0,"href":"https:\/\/welovecinema.be\/fr\/wp-json\/wp\/v2\/posts\/201413\/revisions"}],"wp:featuredmedia":[{"embeddable":true,"href":"https:\/\/welovecinema.be\/fr\/wp-json\/wp\/v2\/media\/201414"}],"wp:attachment":[{"href":"https:\/\/welovecinema.be\/fr\/wp-json\/wp\/v2\/media?parent=201413"}],"wp:term":[{"taxonomy":"category","embeddable":true,"href":"https:\/\/welovecinema.be\/fr\/wp-json\/wp\/v2\/categories?post=201413"},{"taxonomy":"post_tag","embeddable":true,"href":"https:\/\/welovecinema.be\/fr\/wp-json\/wp\/v2\/tags?post=201413"}],"curies":[{"name":"wp","href":"https:\/\/api.w.org\/{rel}","templated":true}]}}