{"id":201249,"date":"2017-07-04T16:25:32","date_gmt":"2017-07-04T14:25:32","guid":{"rendered":"http:\/\/www.cinevox.be\/?p=201249\/"},"modified":"2017-07-04T16:25:32","modified_gmt":"2017-07-04T14:25:32","slug":"appel-a-projet-pil-realisation-dun-court-metrage-de-fiction","status":"publish","type":"post","link":"https:\/\/welovecinema.be\/fr\/appel-a-projet-pil-realisation-dun-court-metrage-de-fiction\/","title":{"rendered":"Appel \u00e0 projet du PIL: r\u00e9alisation d&rsquo;un court m\u00e9trage de fiction"},"content":{"rendered":"<p><strong>Le P\u00f4le Image de Li\u00e8ge est fier de f\u00eater son 10\u00e8me anniversaire en lan\u00e7ant un appel \u00e0 projets pour la r\u00e9alisation d\u2019un court m\u00e9trage de fiction.<\/strong><\/p>\n<p>Outre le P\u00f4le Image de Li\u00e8ge, cet appel est soutenu par les soci\u00e9t\u00e9s TSF.be , MIKROS et GUILLOTINE, ainsi que par le bureau d\u2019accueil des tournages CLAP, qui mettront \u00e0 disposition du laur\u00e9at, des services, mat\u00e9riels et liquidit\u00e9s pour un montant total \u00e9quivalent \u00e0 50.000 \u20ac.<\/p>\n<p>Ces interventions pourront prendre la forme, par exemple, de pr\u00eat de mat\u00e9riel de prise de vue, d\u2019\u00e9clairage, de machinerie, de son ou de v\u00e9hicule technique\u00a0; la mise \u00e0 disposition d\u2019un studio de tournage\u00a0; la r\u00e9alisation d\u2019effets sp\u00e9ciaux num\u00e9riques ou encore, en post-production, l\u2019\u00e9talonnage de l\u2019image et le mixage du son.<\/p>\n<p>Cet appel \u00e0 projet est adress\u00e9 \u00e0 toutes les structures professionnelles de production install\u00e9es en Belgique francophone ainsi qu\u2019aux jeunes r\u00e9alisateurs de la Communaut\u00e9 fran\u00e7aise.<\/p>\n<p>Un dossier de candidature peut \u00eatre d\u00e9pos\u00e9 en un seul fichier pdf \u00e0 l\u2019adresse info@clapwallonie.beavant le 31 ao\u00fbt 2017.<\/p>\n<p>Ce dossier comprendra les synopsis et sc\u00e9nario, notes d\u2019intention de production et de r\u00e9alisation, budget d\u00e9taill\u00e9, plan de financement, statuts de la soci\u00e9t\u00e9 de production, cv des com\u00e9diens et techniciens pressentis, du r\u00e9alisateur, du producteur.<\/p>\n<p>Le comit\u00e9 de lecture et de s\u00e9lection annoncera sa d\u00e9cision \u00e0 la fin du mois de septembre 2017.<\/p>\n<p>Le tournage du projet laur\u00e9at devra imp\u00e9rativement avoir lieu entre d\u00e9but d\u00e9cembre 2017 et fin f\u00e9vrier 2018.<\/p>\n<p>Pour toute information compl\u00e9mentaire\u00a0: info@clapwallonie.be<\/p>\n","protected":false},"excerpt":{"rendered":"<p>Le P\u00f4le Image de Li\u00e8ge est fier de f\u00eater son 10\u00e8me anniversaire en lan\u00e7ant un appel \u00e0 projets pour la r\u00e9alisation d\u2019un court m\u00e9trage de fiction. Outre le P\u00f4le Image de Li\u00e8ge, cet appel est soutenu par les soci\u00e9t\u00e9s TSF.be , MIKROS et GUILLOTINE, ainsi que par le bureau d\u2019accueil des tournages CLAP, qui mettront &hellip;<\/p>\n","protected":false},"author":343,"featured_media":201250,"comment_status":"closed","ping_status":"closed","sticky":false,"template":"","format":"standard","meta":{"ngg_post_thumbnail":0,"footnotes":""},"categories":[1923],"tags":[1895,2294],"class_list":["post-201249","post","type-post","status-publish","format-standard","has-post-thumbnail","","category-en-bref","tag-court-metrage","tag-pil"],"yoast_head":"<!-- This site is optimized with the Yoast SEO plugin v20.4 - https:\/\/yoast.com\/wordpress\/plugins\/seo\/ -->\n<title>Appel \u00e0 projet du PIL: r\u00e9alisation d&#039;un court m\u00e9trage de fiction - We Love Cinema<\/title>\n<meta name=\"robots\" content=\"index, follow, max-snippet:-1, max-image-preview:large, max-video-preview:-1\" \/>\n<link rel=\"canonical\" href=\"https:\/\/welovecinema.be\/fr\/appel-a-projet-pil-realisation-dun-court-metrage-de-fiction\/\" \/>\n<meta property=\"og:locale\" content=\"fr_FR\" \/>\n<meta property=\"og:type\" content=\"article\" \/>\n<meta property=\"og:title\" content=\"Appel \u00e0 projet du PIL: r\u00e9alisation d&#039;un court m\u00e9trage de fiction - We Love Cinema\" \/>\n<meta property=\"og:description\" content=\"Le P\u00f4le Image de Li\u00e8ge est fier de f\u00eater son 10\u00e8me anniversaire en lan\u00e7ant un appel \u00e0 projets pour la r\u00e9alisation d\u2019un court m\u00e9trage de fiction. Outre le P\u00f4le Image de Li\u00e8ge, cet appel est soutenu par les soci\u00e9t\u00e9s TSF.be , MIKROS et GUILLOTINE, ainsi que par le bureau d\u2019accueil des tournages CLAP, qui mettront &hellip;\" \/>\n<meta property=\"og:url\" content=\"https:\/\/welovecinema.be\/fr\/appel-a-projet-pil-realisation-dun-court-metrage-de-fiction\/\" \/>\n<meta property=\"og:site_name\" content=\"We Love Cinema\" \/>\n<meta property=\"article:publisher\" content=\"https:\/\/www.facebook.com\/welovecinema.be\" \/>\n<meta property=\"article:published_time\" content=\"2017-07-04T14:25:32+00:00\" \/>\n<meta property=\"og:image\" content=\"https:\/\/welovecinema.be\/wp-content\/uploads\/sites\/2\/2017\/07\/logo-pole.jpg\" \/>\n\t<meta property=\"og:image:width\" content=\"670\" \/>\n\t<meta property=\"og:image:height\" content=\"252\" \/>\n\t<meta property=\"og:image:type\" content=\"image\/jpeg\" \/>\n<meta name=\"author\" content=\"Aurore Engelen\" \/>\n<meta name=\"twitter:card\" content=\"summary_large_image\" \/>\n<meta name=\"twitter:label1\" content=\"\u00c9crit par\" \/>\n\t<meta name=\"twitter:data1\" content=\"Aurore Engelen\" \/>\n\t<meta name=\"twitter:label2\" content=\"Dur\u00e9e de lecture estim\u00e9e\" \/>\n\t<meta name=\"twitter:data2\" content=\"1 minute\" \/>\n<script type=\"application\/ld+json\" class=\"yoast-schema-graph\">{\"@context\":\"https:\/\/schema.org\",\"@graph\":[{\"@type\":\"Article\",\"@id\":\"https:\/\/welovecinema.be\/fr\/appel-a-projet-pil-realisation-dun-court-metrage-de-fiction\/#article\",\"isPartOf\":{\"@id\":\"https:\/\/welovecinema.be\/fr\/appel-a-projet-pil-realisation-dun-court-metrage-de-fiction\/\"},\"author\":{\"name\":\"Aurore Engelen\",\"@id\":\"https:\/\/welovecinema.be\/nl\/#\/schema\/person\/8084b68c6b176142d073695c654dc7cf\"},\"headline\":\"Appel \u00e0 projet du PIL: r\u00e9alisation d&rsquo;un court m\u00e9trage de fiction\",\"datePublished\":\"2017-07-04T14:25:32+00:00\",\"dateModified\":\"2017-07-04T14:25:32+00:00\",\"mainEntityOfPage\":{\"@id\":\"https:\/\/welovecinema.be\/fr\/appel-a-projet-pil-realisation-dun-court-metrage-de-fiction\/\"},\"wordCount\":291,\"publisher\":{\"@id\":\"https:\/\/welovecinema.be\/nl\/#organization\"},\"keywords\":[\"Court m\u00e9trage\",\"PIL\"],\"articleSection\":[\"En bref\"],\"inLanguage\":\"fr-FR\"},{\"@type\":\"WebPage\",\"@id\":\"https:\/\/welovecinema.be\/fr\/appel-a-projet-pil-realisation-dun-court-metrage-de-fiction\/\",\"url\":\"https:\/\/welovecinema.be\/fr\/appel-a-projet-pil-realisation-dun-court-metrage-de-fiction\/\",\"name\":\"Appel \u00e0 projet du PIL: r\u00e9alisation d'un court m\u00e9trage de fiction - We Love Cinema\",\"isPartOf\":{\"@id\":\"https:\/\/welovecinema.be\/nl\/#website\"},\"datePublished\":\"2017-07-04T14:25:32+00:00\",\"dateModified\":\"2017-07-04T14:25:32+00:00\",\"breadcrumb\":{\"@id\":\"https:\/\/welovecinema.be\/fr\/appel-a-projet-pil-realisation-dun-court-metrage-de-fiction\/#breadcrumb\"},\"inLanguage\":\"fr-FR\",\"potentialAction\":[{\"@type\":\"ReadAction\",\"target\":[\"https:\/\/welovecinema.be\/fr\/appel-a-projet-pil-realisation-dun-court-metrage-de-fiction\/\"]}]},{\"@type\":\"BreadcrumbList\",\"@id\":\"https:\/\/welovecinema.be\/fr\/appel-a-projet-pil-realisation-dun-court-metrage-de-fiction\/#breadcrumb\",\"itemListElement\":[{\"@type\":\"ListItem\",\"position\":1,\"name\":\"Accueil\",\"item\":\"https:\/\/welovecinema.be\/fr\/\"},{\"@type\":\"ListItem\",\"position\":2,\"name\":\"Appel \u00e0 projet du PIL: r\u00e9alisation d&rsquo;un court m\u00e9trage de fiction\"}]},{\"@type\":\"WebSite\",\"@id\":\"https:\/\/welovecinema.be\/nl\/#website\",\"url\":\"https:\/\/welovecinema.be\/nl\/\",\"name\":\"We Love Cinema\",\"description\":\"Toute l\u2019information du cin\u00e9ma en Belgique\",\"publisher\":{\"@id\":\"https:\/\/welovecinema.be\/nl\/#organization\"},\"potentialAction\":[{\"@type\":\"SearchAction\",\"target\":{\"@type\":\"EntryPoint\",\"urlTemplate\":\"https:\/\/welovecinema.be\/nl\/?s={search_term_string}\"},\"query-input\":\"required name=search_term_string\"}],\"inLanguage\":\"fr-FR\"},{\"@type\":\"Organization\",\"@id\":\"https:\/\/welovecinema.be\/nl\/#organization\",\"name\":\"We Love Cinema\",\"url\":\"https:\/\/welovecinema.be\/nl\/\",\"logo\":{\"@type\":\"ImageObject\",\"inLanguage\":\"fr-FR\",\"@id\":\"https:\/\/welovecinema.be\/nl\/#\/schema\/logo\/image\/\",\"url\":\"https:\/\/welovecinema.be\/wp-content\/uploads\/sites\/2\/2023\/03\/Logo-We-Love-Cinema305x128.jpg\",\"contentUrl\":\"https:\/\/welovecinema.be\/wp-content\/uploads\/sites\/2\/2023\/03\/Logo-We-Love-Cinema305x128.jpg\",\"width\":305,\"height\":128,\"caption\":\"We Love Cinema\"},\"image\":{\"@id\":\"https:\/\/welovecinema.be\/nl\/#\/schema\/logo\/image\/\"},\"sameAs\":[\"https:\/\/www.facebook.com\/welovecinema.be\",\"https:\/\/www.youtube.com\/channel\/UCX5LYGVhnKvYauW4Nta4HJA\",\"https:\/\/www.instagram.com\/welovecinema.be\/\"]},{\"@type\":\"Person\",\"@id\":\"https:\/\/welovecinema.be\/nl\/#\/schema\/person\/8084b68c6b176142d073695c654dc7cf\",\"name\":\"Aurore Engelen\",\"url\":\"https:\/\/welovecinema.be\/fr\/author\/aurore-engelen\/\"}]}<\/script>\n<!-- \/ Yoast SEO plugin. -->","yoast_head_json":{"title":"Appel \u00e0 projet du PIL: r\u00e9alisation d'un court m\u00e9trage de fiction - We Love Cinema","robots":{"index":"index","follow":"follow","max-snippet":"max-snippet:-1","max-image-preview":"max-image-preview:large","max-video-preview":"max-video-preview:-1"},"canonical":"https:\/\/welovecinema.be\/fr\/appel-a-projet-pil-realisation-dun-court-metrage-de-fiction\/","og_locale":"fr_FR","og_type":"article","og_title":"Appel \u00e0 projet du PIL: r\u00e9alisation d'un court m\u00e9trage de fiction - We Love Cinema","og_description":"Le P\u00f4le Image de Li\u00e8ge est fier de f\u00eater son 10\u00e8me anniversaire en lan\u00e7ant un appel \u00e0 projets pour la r\u00e9alisation d\u2019un court m\u00e9trage de fiction. Outre le P\u00f4le Image de Li\u00e8ge, cet appel est soutenu par les soci\u00e9t\u00e9s TSF.be , MIKROS et GUILLOTINE, ainsi que par le bureau d\u2019accueil des tournages CLAP, qui mettront &hellip;","og_url":"https:\/\/welovecinema.be\/fr\/appel-a-projet-pil-realisation-dun-court-metrage-de-fiction\/","og_site_name":"We Love Cinema","article_publisher":"https:\/\/www.facebook.com\/welovecinema.be","article_published_time":"2017-07-04T14:25:32+00:00","og_image":[{"width":670,"height":252,"url":"https:\/\/welovecinema.be\/wp-content\/uploads\/sites\/2\/2017\/07\/logo-pole.jpg","type":"image\/jpeg"}],"author":"Aurore Engelen","twitter_card":"summary_large_image","twitter_misc":{"\u00c9crit par":"Aurore Engelen","Dur\u00e9e de lecture estim\u00e9e":"1 minute"},"schema":{"@context":"https:\/\/schema.org","@graph":[{"@type":"Article","@id":"https:\/\/welovecinema.be\/fr\/appel-a-projet-pil-realisation-dun-court-metrage-de-fiction\/#article","isPartOf":{"@id":"https:\/\/welovecinema.be\/fr\/appel-a-projet-pil-realisation-dun-court-metrage-de-fiction\/"},"author":{"name":"Aurore Engelen","@id":"https:\/\/welovecinema.be\/nl\/#\/schema\/person\/8084b68c6b176142d073695c654dc7cf"},"headline":"Appel \u00e0 projet du PIL: r\u00e9alisation d&rsquo;un court m\u00e9trage de fiction","datePublished":"2017-07-04T14:25:32+00:00","dateModified":"2017-07-04T14:25:32+00:00","mainEntityOfPage":{"@id":"https:\/\/welovecinema.be\/fr\/appel-a-projet-pil-realisation-dun-court-metrage-de-fiction\/"},"wordCount":291,"publisher":{"@id":"https:\/\/welovecinema.be\/nl\/#organization"},"keywords":["Court m\u00e9trage","PIL"],"articleSection":["En bref"],"inLanguage":"fr-FR"},{"@type":"WebPage","@id":"https:\/\/welovecinema.be\/fr\/appel-a-projet-pil-realisation-dun-court-metrage-de-fiction\/","url":"https:\/\/welovecinema.be\/fr\/appel-a-projet-pil-realisation-dun-court-metrage-de-fiction\/","name":"Appel \u00e0 projet du PIL: r\u00e9alisation d'un court m\u00e9trage de fiction - We Love Cinema","isPartOf":{"@id":"https:\/\/welovecinema.be\/nl\/#website"},"datePublished":"2017-07-04T14:25:32+00:00","dateModified":"2017-07-04T14:25:32+00:00","breadcrumb":{"@id":"https:\/\/welovecinema.be\/fr\/appel-a-projet-pil-realisation-dun-court-metrage-de-fiction\/#breadcrumb"},"inLanguage":"fr-FR","potentialAction":[{"@type":"ReadAction","target":["https:\/\/welovecinema.be\/fr\/appel-a-projet-pil-realisation-dun-court-metrage-de-fiction\/"]}]},{"@type":"BreadcrumbList","@id":"https:\/\/welovecinema.be\/fr\/appel-a-projet-pil-realisation-dun-court-metrage-de-fiction\/#breadcrumb","itemListElement":[{"@type":"ListItem","position":1,"name":"Accueil","item":"https:\/\/welovecinema.be\/fr\/"},{"@type":"ListItem","position":2,"name":"Appel \u00e0 projet du PIL: r\u00e9alisation d&rsquo;un court m\u00e9trage de fiction"}]},{"@type":"WebSite","@id":"https:\/\/welovecinema.be\/nl\/#website","url":"https:\/\/welovecinema.be\/nl\/","name":"We Love Cinema","description":"Toute l\u2019information du cin\u00e9ma en Belgique","publisher":{"@id":"https:\/\/welovecinema.be\/nl\/#organization"},"potentialAction":[{"@type":"SearchAction","target":{"@type":"EntryPoint","urlTemplate":"https:\/\/welovecinema.be\/nl\/?s={search_term_string}"},"query-input":"required name=search_term_string"}],"inLanguage":"fr-FR"},{"@type":"Organization","@id":"https:\/\/welovecinema.be\/nl\/#organization","name":"We Love Cinema","url":"https:\/\/welovecinema.be\/nl\/","logo":{"@type":"ImageObject","inLanguage":"fr-FR","@id":"https:\/\/welovecinema.be\/nl\/#\/schema\/logo\/image\/","url":"https:\/\/welovecinema.be\/wp-content\/uploads\/sites\/2\/2023\/03\/Logo-We-Love-Cinema305x128.jpg","contentUrl":"https:\/\/welovecinema.be\/wp-content\/uploads\/sites\/2\/2023\/03\/Logo-We-Love-Cinema305x128.jpg","width":305,"height":128,"caption":"We Love Cinema"},"image":{"@id":"https:\/\/welovecinema.be\/nl\/#\/schema\/logo\/image\/"},"sameAs":["https:\/\/www.facebook.com\/welovecinema.be","https:\/\/www.youtube.com\/channel\/UCX5LYGVhnKvYauW4Nta4HJA","https:\/\/www.instagram.com\/welovecinema.be\/"]},{"@type":"Person","@id":"https:\/\/welovecinema.be\/nl\/#\/schema\/person\/8084b68c6b176142d073695c654dc7cf","name":"Aurore Engelen","url":"https:\/\/welovecinema.be\/fr\/author\/aurore-engelen\/"}]}},"_links":{"self":[{"href":"https:\/\/welovecinema.be\/fr\/wp-json\/wp\/v2\/posts\/201249","targetHints":{"allow":["GET"]}}],"collection":[{"href":"https:\/\/welovecinema.be\/fr\/wp-json\/wp\/v2\/posts"}],"about":[{"href":"https:\/\/welovecinema.be\/fr\/wp-json\/wp\/v2\/types\/post"}],"author":[{"embeddable":true,"href":"https:\/\/welovecinema.be\/fr\/wp-json\/wp\/v2\/users\/343"}],"replies":[{"embeddable":true,"href":"https:\/\/welovecinema.be\/fr\/wp-json\/wp\/v2\/comments?post=201249"}],"version-history":[{"count":0,"href":"https:\/\/welovecinema.be\/fr\/wp-json\/wp\/v2\/posts\/201249\/revisions"}],"wp:featuredmedia":[{"embeddable":true,"href":"https:\/\/welovecinema.be\/fr\/wp-json\/wp\/v2\/media\/201250"}],"wp:attachment":[{"href":"https:\/\/welovecinema.be\/fr\/wp-json\/wp\/v2\/media?parent=201249"}],"wp:term":[{"taxonomy":"category","embeddable":true,"href":"https:\/\/welovecinema.be\/fr\/wp-json\/wp\/v2\/categories?post=201249"},{"taxonomy":"post_tag","embeddable":true,"href":"https:\/\/welovecinema.be\/fr\/wp-json\/wp\/v2\/tags?post=201249"}],"curies":[{"name":"wp","href":"https:\/\/api.w.org\/{rel}","templated":true}]}}