{"id":201009,"date":"2017-06-28T09:25:26","date_gmt":"2017-06-28T07:25:26","guid":{"rendered":"http:\/\/www.cinevox.be\/?p=201009\/"},"modified":"2017-06-28T11:30:47","modified_gmt":"2017-06-28T09:30:47","slug":"passez-de-courtes-nuits-a-liege-huy","status":"publish","type":"post","link":"https:\/\/welovecinema.be\/fr\/passez-de-courtes-nuits-a-liege-huy\/","title":{"rendered":"Passez de courtes nuits \u00e0 Li\u00e8ge et Huy!"},"content":{"rendered":"<p><strong>Le Festival Les Enfants Terribles, consacr\u00e9 aux courts m\u00e9trages europ\u00e9ens, organise \u00e0 Huy le samedi 1er juillet prochain sa 3\u00e8me Nuit du Court M\u00e9trage, l&rsquo;occasion de savourer en plein air avec ses voisins de transat quelques courts m\u00e9trages belges incontournables. La veille, le vendredi 30 juin, retrouvez La Nuit du Court M\u00e9trage sur la Place Saint-Etienne \u00e0 Li\u00e8ge!<\/strong><\/p>\n<h4>3\u00e8me Nuit du Court M\u00e9trage de Huy, samedi 1er juillet<\/h4>\n<p>Pour cette 3\u00e8me nuit pas comme les autres organis\u00e9e par Les Enfants Terribles, la Place verte se transformera en salle de cin\u00e9ma en plein air pour la projection de courts-m\u00e9trages sur le th\u00e8me\u00a0\u00ab\u00a0Voisins-Voisines \u00bb ! \u00c9cran g\u00e9ant gonflable, chaises et sono y seront sp\u00e9cialement install\u00e9s pour vous permettre d\u2019appr\u00e9cier un programme familial m\u00ealant fictions et animations. Plusieurs r\u00e9alisateurs seront pr\u00e9sents pour rencontrer le public dans ce cadre hyper privil\u00e9gi\u00e9.<\/p>\n<p>Au programme (belge) de cette soir\u00e9e:<\/p>\n<p><strong><em>Espagnol niveau 1<\/em> de Guy Dessent<\/strong><\/p>\n<p><iframe loading=\"lazy\" title=\"Espagnol niveau 1 - Bande-annonce\" src=\"https:\/\/player.vimeo.com\/video\/107838948?dnt=1&amp;app_id=122963\" width=\"618\" height=\"348\" frameborder=\"0\" allow=\"autoplay; fullscreen; picture-in-picture; clipboard-write; encrypted-media\"><\/iframe><\/p>\n<p><strong><em>Avec Thelma<\/em> d&rsquo;Ann Sirot et Rapha\u00ebl Balboni<\/strong><\/p>\n<p><iframe loading=\"lazy\" title=\"\u201cAvec Thelma\u201c Ann Sirot &amp; Rapha\u00ebl Balboni\" src=\"https:\/\/player.vimeo.com\/video\/188970931?dnt=1&amp;app_id=122963\" width=\"618\" height=\"348\" frameborder=\"0\" allow=\"autoplay; fullscreen; picture-in-picture; clipboard-write; encrypted-media\"><\/iframe><\/p>\n<p><strong><em>Catherine<\/em> de Britt Raes<\/strong><\/p>\n<p><iframe loading=\"lazy\" title=\"Catherine (Britt Raes) - TRAILER\" width=\"618\" height=\"348\" src=\"https:\/\/www.youtube.com\/embed\/ZwKkXQadvZE?feature=oembed\" frameborder=\"0\" allow=\"accelerometer; autoplay; clipboard-write; encrypted-media; gyroscope; picture-in-picture; web-share\" referrerpolicy=\"strict-origin-when-cross-origin\" allowfullscreen><\/iframe><\/p>\n<p><strong><em>De Smet<\/em> de\u00a0Wim Geudens et Thomas Baerten<\/strong><\/p>\n<p><iframe loading=\"lazy\" title=\"De Smet - trailer\" width=\"618\" height=\"348\" src=\"https:\/\/www.youtube.com\/embed\/etknh47dLo8?feature=oembed\" frameborder=\"0\" allow=\"accelerometer; autoplay; clipboard-write; encrypted-media; gyroscope; picture-in-picture; web-share\" referrerpolicy=\"strict-origin-when-cross-origin\" allowfullscreen><\/iframe><\/p>\n<p>Mais aussi:<\/p>\n<ul>\n<li><em>Welkom<\/em> de Pablo Munoz Gomez<\/li>\n<li><em>Vliegende Ratten (Flying rats)<\/em> de Emiel Sandtke<\/li>\n<li><em>(encore) une s\u00e9paration<\/em> de Micha\u00ebl Bier<\/li>\n<li><em>Suiker<\/em> de Jeroen Annokk\u00e9e<\/li>\n<\/ul>\n<p>Ainsi qu&rsquo;une s\u00e9lection de films suisses, fran\u00e7ais et hollandais! Plus d&rsquo;infos\u00a0sur <a href=\"https:\/\/festivallesenfantsterribles.wordpress.com\/2017\/06\/02\/0107-3e-nuit-du-court\/\">le blog des Enfants Terribles<\/a>.<\/p>\n<p>&nbsp;<\/p>\n<h4>13\u00e8me Nuit du Court M\u00e9trage de Li\u00e8ge, vendredi 30 juin<\/h4>\n<p>A Li\u00e8ge, focus sur les courts belges, et en fran\u00e7ais! L\u00e0 aussi, on m\u00e9lange les genres, puisque vous retrouverez aussi bien de la fiction que du doc ou de l&rsquo;animation. Les films programm\u00e9s sont:<\/p>\n<ul>\n<li><em>Kwek<\/em> de Colas Martin<\/li>\n<\/ul>\n<p>https:\/\/vimeo.com\/170842865<\/p>\n<ul>\n<li><em>Remember Me<\/em> de Fabrice Murgia<\/li>\n<\/ul>\n<p><iframe loading=\"lazy\" title=\"TEASER REMEMBER ME\" src=\"https:\/\/player.vimeo.com\/video\/221093006?dnt=1&amp;app_id=122963\" width=\"618\" height=\"348\" frameborder=\"0\" allow=\"autoplay; fullscreen; picture-in-picture; clipboard-write; encrypted-media\"><\/iframe><\/p>\n<ul>\n<li><em>B-Side<\/em> de David S Prudhomme<\/li>\n<\/ul>\n<p><iframe loading=\"lazy\" title=\"Side B | Eighty Eight\" src=\"https:\/\/player.vimeo.com\/video\/214567309?dnt=1&amp;app_id=122963\" width=\"618\" height=\"326\" frameborder=\"0\" allow=\"autoplay; fullscreen; picture-in-picture; clipboard-write; encrypted-media\"><\/iframe><\/p>\n<ul>\n<li><em>Les Tubes<\/em> de Xavier Seron et Matthieu Donck<\/li>\n<\/ul>\n<p><iframe loading=\"lazy\" src=\"https:\/\/player.vimeo.com\/video\/188006123?dnt=1&amp;app_id=122963\" width=\"618\" height=\"348\" frameborder=\"0\" allow=\"autoplay; fullscreen; picture-in-picture; clipboard-write; encrypted-media\"><\/iframe><\/p>\n<p>Mais aussi:<\/p>\n<ul>\n<li><em>Le Singe et le Lion<\/em> de Beno\u00eet F\u00e9roumont<\/li>\n<li><em>Kapitalistis<\/em> de Pablo Munoz Gomez<\/li>\n<li><em>XY<\/em> de Justine Gramme<\/li>\n<li><em>Les Corps Purs<\/em> de Guillaume de Ginestel &amp; B\u00e9rang\u00e8re McNeese<\/li>\n<li><em>69 sec<\/em> de Laura Nicolas<\/li>\n<li><em>Steven Goes to the Park<\/em> de Claudioa Cortes Espejo<\/li>\n<li><em>Trognon de Pomme<\/em> de Mathilde Remy<\/li>\n<li><em>#Burning<\/em> de Nathalie Andr\u00e9<\/li>\n<li><em>(encore) une s\u00e9paration<\/em> de Micha\u00ebl Bier<\/li>\n<\/ul>\n<p>&nbsp;<\/p>\n<p><img loading=\"lazy\" decoding=\"async\" class=\"alignnone size-large wp-image-201010\" src=\"http:\/\/www.cinevox.be\/wp-content\/uploads\/sites\/2\/2017\/06\/affiche-nuit-du-court-metrage-liege2017_web-466x600.jpg\" alt=\"affiche-nuit-du-court-metrage-liege2017_web\" width=\"466\" height=\"600\" srcset=\"https:\/\/welovecinema.be\/wp-content\/uploads\/sites\/2\/2017\/06\/affiche-nuit-du-court-metrage-liege2017_web-466x600.jpg 466w, https:\/\/welovecinema.be\/wp-content\/uploads\/sites\/2\/2017\/06\/affiche-nuit-du-court-metrage-liege2017_web-210x270.jpg 210w, https:\/\/welovecinema.be\/wp-content\/uploads\/sites\/2\/2017\/06\/affiche-nuit-du-court-metrage-liege2017_web-768x990.jpg 768w, https:\/\/welovecinema.be\/wp-content\/uploads\/sites\/2\/2017\/06\/affiche-nuit-du-court-metrage-liege2017_web.jpg 787w\" sizes=\"auto, (max-width: 466px) 100vw, 466px\" \/><\/p>\n<p>Ah oui, et on a oubli\u00e9 de vous dire, les deux soir\u00e9es seront pr\u00e9sent\u00e9es par&#8230; Christophe Bourdon. Amusant, non?<\/p>\n<p>&nbsp;<\/p>\n<p>&nbsp;<\/p>\n<p>&nbsp;<\/p>\n","protected":false},"excerpt":{"rendered":"<p>Le Festival Les Enfants Terribles, consacr\u00e9 aux courts m\u00e9trages europ\u00e9ens, organise \u00e0 Huy le samedi 1er juillet prochain sa 3\u00e8me Nuit du Court M\u00e9trage, l&rsquo;occasion de savourer en plein air avec ses voisins de transat quelques courts m\u00e9trages belges incontournables. La veille, le vendredi 30 juin, retrouvez La Nuit du Court M\u00e9trage sur la Place &hellip;<\/p>\n","protected":false},"author":343,"featured_media":201011,"comment_status":"closed","ping_status":"closed","sticky":false,"template":"","format":"standard","meta":{"ngg_post_thumbnail":0,"footnotes":""},"categories":[10],"tags":[1895],"class_list":["post-201009","post","type-post","status-publish","format-standard","has-post-thumbnail","","category-a-l-affiche","tag-court-metrage"],"yoast_head":"<!-- This site is optimized with the Yoast SEO plugin v20.4 - https:\/\/yoast.com\/wordpress\/plugins\/seo\/ -->\n<title>Passez de courtes nuits \u00e0 Li\u00e8ge et Huy! - We Love Cinema<\/title>\n<meta name=\"robots\" content=\"index, follow, max-snippet:-1, max-image-preview:large, max-video-preview:-1\" \/>\n<link rel=\"canonical\" href=\"https:\/\/welovecinema.be\/fr\/passez-de-courtes-nuits-a-liege-huy\/\" \/>\n<meta property=\"og:locale\" content=\"fr_FR\" \/>\n<meta property=\"og:type\" content=\"article\" \/>\n<meta property=\"og:title\" content=\"Passez de courtes nuits \u00e0 Li\u00e8ge et Huy! - We Love Cinema\" \/>\n<meta property=\"og:description\" content=\"Le Festival Les Enfants Terribles, consacr\u00e9 aux courts m\u00e9trages europ\u00e9ens, organise \u00e0 Huy le samedi 1er juillet prochain sa 3\u00e8me Nuit du Court M\u00e9trage, l&rsquo;occasion de savourer en plein air avec ses voisins de transat quelques courts m\u00e9trages belges incontournables. La veille, le vendredi 30 juin, retrouvez La Nuit du Court M\u00e9trage sur la Place &hellip;\" \/>\n<meta property=\"og:url\" content=\"https:\/\/welovecinema.be\/fr\/passez-de-courtes-nuits-a-liege-huy\/\" \/>\n<meta property=\"og:site_name\" content=\"We Love Cinema\" \/>\n<meta property=\"article:publisher\" content=\"https:\/\/www.facebook.com\/welovecinema.be\" \/>\n<meta property=\"article:published_time\" content=\"2017-06-28T07:25:26+00:00\" \/>\n<meta property=\"article:modified_time\" content=\"2017-06-28T09:30:47+00:00\" \/>\n<meta property=\"og:image\" content=\"https:\/\/welovecinema.be\/wp-content\/uploads\/sites\/2\/2017\/06\/Nuit-Du-COurt.jpg\" \/>\n\t<meta property=\"og:image:width\" content=\"1000\" \/>\n\t<meta property=\"og:image:height\" content=\"666\" \/>\n\t<meta property=\"og:image:type\" content=\"image\/jpeg\" \/>\n<meta name=\"author\" content=\"Aurore Engelen\" \/>\n<meta name=\"twitter:card\" content=\"summary_large_image\" \/>\n<meta name=\"twitter:label1\" content=\"\u00c9crit par\" \/>\n\t<meta name=\"twitter:data1\" content=\"Aurore Engelen\" \/>\n\t<meta name=\"twitter:label2\" content=\"Dur\u00e9e de lecture estim\u00e9e\" \/>\n\t<meta name=\"twitter:data2\" content=\"2 minutes\" \/>\n<script type=\"application\/ld+json\" class=\"yoast-schema-graph\">{\"@context\":\"https:\/\/schema.org\",\"@graph\":[{\"@type\":\"Article\",\"@id\":\"https:\/\/welovecinema.be\/fr\/passez-de-courtes-nuits-a-liege-huy\/#article\",\"isPartOf\":{\"@id\":\"https:\/\/welovecinema.be\/fr\/passez-de-courtes-nuits-a-liege-huy\/\"},\"author\":{\"name\":\"Aurore Engelen\",\"@id\":\"https:\/\/welovecinema.be\/nl\/#\/schema\/person\/8084b68c6b176142d073695c654dc7cf\"},\"headline\":\"Passez de courtes nuits \u00e0 Li\u00e8ge et Huy!\",\"datePublished\":\"2017-06-28T07:25:26+00:00\",\"dateModified\":\"2017-06-28T09:30:47+00:00\",\"mainEntityOfPage\":{\"@id\":\"https:\/\/welovecinema.be\/fr\/passez-de-courtes-nuits-a-liege-huy\/\"},\"wordCount\":435,\"publisher\":{\"@id\":\"https:\/\/welovecinema.be\/nl\/#organization\"},\"keywords\":[\"Court m\u00e9trage\"],\"articleSection\":[\"A l'affiche\"],\"inLanguage\":\"fr-FR\"},{\"@type\":\"WebPage\",\"@id\":\"https:\/\/welovecinema.be\/fr\/passez-de-courtes-nuits-a-liege-huy\/\",\"url\":\"https:\/\/welovecinema.be\/fr\/passez-de-courtes-nuits-a-liege-huy\/\",\"name\":\"Passez de courtes nuits \u00e0 Li\u00e8ge et Huy! - We Love Cinema\",\"isPartOf\":{\"@id\":\"https:\/\/welovecinema.be\/nl\/#website\"},\"datePublished\":\"2017-06-28T07:25:26+00:00\",\"dateModified\":\"2017-06-28T09:30:47+00:00\",\"breadcrumb\":{\"@id\":\"https:\/\/welovecinema.be\/fr\/passez-de-courtes-nuits-a-liege-huy\/#breadcrumb\"},\"inLanguage\":\"fr-FR\",\"potentialAction\":[{\"@type\":\"ReadAction\",\"target\":[\"https:\/\/welovecinema.be\/fr\/passez-de-courtes-nuits-a-liege-huy\/\"]}]},{\"@type\":\"BreadcrumbList\",\"@id\":\"https:\/\/welovecinema.be\/fr\/passez-de-courtes-nuits-a-liege-huy\/#breadcrumb\",\"itemListElement\":[{\"@type\":\"ListItem\",\"position\":1,\"name\":\"Accueil\",\"item\":\"https:\/\/welovecinema.be\/fr\/\"},{\"@type\":\"ListItem\",\"position\":2,\"name\":\"Passez de courtes nuits \u00e0 Li\u00e8ge et Huy!\"}]},{\"@type\":\"WebSite\",\"@id\":\"https:\/\/welovecinema.be\/nl\/#website\",\"url\":\"https:\/\/welovecinema.be\/nl\/\",\"name\":\"We Love Cinema\",\"description\":\"Toute l\u2019information du cin\u00e9ma en Belgique\",\"publisher\":{\"@id\":\"https:\/\/welovecinema.be\/nl\/#organization\"},\"potentialAction\":[{\"@type\":\"SearchAction\",\"target\":{\"@type\":\"EntryPoint\",\"urlTemplate\":\"https:\/\/welovecinema.be\/nl\/?s={search_term_string}\"},\"query-input\":\"required name=search_term_string\"}],\"inLanguage\":\"fr-FR\"},{\"@type\":\"Organization\",\"@id\":\"https:\/\/welovecinema.be\/nl\/#organization\",\"name\":\"We Love Cinema\",\"url\":\"https:\/\/welovecinema.be\/nl\/\",\"logo\":{\"@type\":\"ImageObject\",\"inLanguage\":\"fr-FR\",\"@id\":\"https:\/\/welovecinema.be\/nl\/#\/schema\/logo\/image\/\",\"url\":\"https:\/\/welovecinema.be\/wp-content\/uploads\/sites\/2\/2023\/03\/Logo-We-Love-Cinema305x128.jpg\",\"contentUrl\":\"https:\/\/welovecinema.be\/wp-content\/uploads\/sites\/2\/2023\/03\/Logo-We-Love-Cinema305x128.jpg\",\"width\":305,\"height\":128,\"caption\":\"We Love Cinema\"},\"image\":{\"@id\":\"https:\/\/welovecinema.be\/nl\/#\/schema\/logo\/image\/\"},\"sameAs\":[\"https:\/\/www.facebook.com\/welovecinema.be\",\"https:\/\/www.youtube.com\/channel\/UCX5LYGVhnKvYauW4Nta4HJA\",\"https:\/\/www.instagram.com\/welovecinema.be\/\"]},{\"@type\":\"Person\",\"@id\":\"https:\/\/welovecinema.be\/nl\/#\/schema\/person\/8084b68c6b176142d073695c654dc7cf\",\"name\":\"Aurore Engelen\",\"url\":\"https:\/\/welovecinema.be\/fr\/author\/aurore-engelen\/\"}]}<\/script>\n<!-- \/ Yoast SEO plugin. -->","yoast_head_json":{"title":"Passez de courtes nuits \u00e0 Li\u00e8ge et Huy! - We Love Cinema","robots":{"index":"index","follow":"follow","max-snippet":"max-snippet:-1","max-image-preview":"max-image-preview:large","max-video-preview":"max-video-preview:-1"},"canonical":"https:\/\/welovecinema.be\/fr\/passez-de-courtes-nuits-a-liege-huy\/","og_locale":"fr_FR","og_type":"article","og_title":"Passez de courtes nuits \u00e0 Li\u00e8ge et Huy! - We Love Cinema","og_description":"Le Festival Les Enfants Terribles, consacr\u00e9 aux courts m\u00e9trages europ\u00e9ens, organise \u00e0 Huy le samedi 1er juillet prochain sa 3\u00e8me Nuit du Court M\u00e9trage, l&rsquo;occasion de savourer en plein air avec ses voisins de transat quelques courts m\u00e9trages belges incontournables. La veille, le vendredi 30 juin, retrouvez La Nuit du Court M\u00e9trage sur la Place &hellip;","og_url":"https:\/\/welovecinema.be\/fr\/passez-de-courtes-nuits-a-liege-huy\/","og_site_name":"We Love Cinema","article_publisher":"https:\/\/www.facebook.com\/welovecinema.be","article_published_time":"2017-06-28T07:25:26+00:00","article_modified_time":"2017-06-28T09:30:47+00:00","og_image":[{"width":1000,"height":666,"url":"https:\/\/welovecinema.be\/wp-content\/uploads\/sites\/2\/2017\/06\/Nuit-Du-COurt.jpg","type":"image\/jpeg"}],"author":"Aurore Engelen","twitter_card":"summary_large_image","twitter_misc":{"\u00c9crit par":"Aurore Engelen","Dur\u00e9e de lecture estim\u00e9e":"2 minutes"},"schema":{"@context":"https:\/\/schema.org","@graph":[{"@type":"Article","@id":"https:\/\/welovecinema.be\/fr\/passez-de-courtes-nuits-a-liege-huy\/#article","isPartOf":{"@id":"https:\/\/welovecinema.be\/fr\/passez-de-courtes-nuits-a-liege-huy\/"},"author":{"name":"Aurore Engelen","@id":"https:\/\/welovecinema.be\/nl\/#\/schema\/person\/8084b68c6b176142d073695c654dc7cf"},"headline":"Passez de courtes nuits \u00e0 Li\u00e8ge et Huy!","datePublished":"2017-06-28T07:25:26+00:00","dateModified":"2017-06-28T09:30:47+00:00","mainEntityOfPage":{"@id":"https:\/\/welovecinema.be\/fr\/passez-de-courtes-nuits-a-liege-huy\/"},"wordCount":435,"publisher":{"@id":"https:\/\/welovecinema.be\/nl\/#organization"},"keywords":["Court m\u00e9trage"],"articleSection":["A l'affiche"],"inLanguage":"fr-FR"},{"@type":"WebPage","@id":"https:\/\/welovecinema.be\/fr\/passez-de-courtes-nuits-a-liege-huy\/","url":"https:\/\/welovecinema.be\/fr\/passez-de-courtes-nuits-a-liege-huy\/","name":"Passez de courtes nuits \u00e0 Li\u00e8ge et Huy! - We Love Cinema","isPartOf":{"@id":"https:\/\/welovecinema.be\/nl\/#website"},"datePublished":"2017-06-28T07:25:26+00:00","dateModified":"2017-06-28T09:30:47+00:00","breadcrumb":{"@id":"https:\/\/welovecinema.be\/fr\/passez-de-courtes-nuits-a-liege-huy\/#breadcrumb"},"inLanguage":"fr-FR","potentialAction":[{"@type":"ReadAction","target":["https:\/\/welovecinema.be\/fr\/passez-de-courtes-nuits-a-liege-huy\/"]}]},{"@type":"BreadcrumbList","@id":"https:\/\/welovecinema.be\/fr\/passez-de-courtes-nuits-a-liege-huy\/#breadcrumb","itemListElement":[{"@type":"ListItem","position":1,"name":"Accueil","item":"https:\/\/welovecinema.be\/fr\/"},{"@type":"ListItem","position":2,"name":"Passez de courtes nuits \u00e0 Li\u00e8ge et Huy!"}]},{"@type":"WebSite","@id":"https:\/\/welovecinema.be\/nl\/#website","url":"https:\/\/welovecinema.be\/nl\/","name":"We Love Cinema","description":"Toute l\u2019information du cin\u00e9ma en Belgique","publisher":{"@id":"https:\/\/welovecinema.be\/nl\/#organization"},"potentialAction":[{"@type":"SearchAction","target":{"@type":"EntryPoint","urlTemplate":"https:\/\/welovecinema.be\/nl\/?s={search_term_string}"},"query-input":"required name=search_term_string"}],"inLanguage":"fr-FR"},{"@type":"Organization","@id":"https:\/\/welovecinema.be\/nl\/#organization","name":"We Love Cinema","url":"https:\/\/welovecinema.be\/nl\/","logo":{"@type":"ImageObject","inLanguage":"fr-FR","@id":"https:\/\/welovecinema.be\/nl\/#\/schema\/logo\/image\/","url":"https:\/\/welovecinema.be\/wp-content\/uploads\/sites\/2\/2023\/03\/Logo-We-Love-Cinema305x128.jpg","contentUrl":"https:\/\/welovecinema.be\/wp-content\/uploads\/sites\/2\/2023\/03\/Logo-We-Love-Cinema305x128.jpg","width":305,"height":128,"caption":"We Love Cinema"},"image":{"@id":"https:\/\/welovecinema.be\/nl\/#\/schema\/logo\/image\/"},"sameAs":["https:\/\/www.facebook.com\/welovecinema.be","https:\/\/www.youtube.com\/channel\/UCX5LYGVhnKvYauW4Nta4HJA","https:\/\/www.instagram.com\/welovecinema.be\/"]},{"@type":"Person","@id":"https:\/\/welovecinema.be\/nl\/#\/schema\/person\/8084b68c6b176142d073695c654dc7cf","name":"Aurore Engelen","url":"https:\/\/welovecinema.be\/fr\/author\/aurore-engelen\/"}]}},"_links":{"self":[{"href":"https:\/\/welovecinema.be\/fr\/wp-json\/wp\/v2\/posts\/201009","targetHints":{"allow":["GET"]}}],"collection":[{"href":"https:\/\/welovecinema.be\/fr\/wp-json\/wp\/v2\/posts"}],"about":[{"href":"https:\/\/welovecinema.be\/fr\/wp-json\/wp\/v2\/types\/post"}],"author":[{"embeddable":true,"href":"https:\/\/welovecinema.be\/fr\/wp-json\/wp\/v2\/users\/343"}],"replies":[{"embeddable":true,"href":"https:\/\/welovecinema.be\/fr\/wp-json\/wp\/v2\/comments?post=201009"}],"version-history":[{"count":0,"href":"https:\/\/welovecinema.be\/fr\/wp-json\/wp\/v2\/posts\/201009\/revisions"}],"wp:featuredmedia":[{"embeddable":true,"href":"https:\/\/welovecinema.be\/fr\/wp-json\/wp\/v2\/media\/201011"}],"wp:attachment":[{"href":"https:\/\/welovecinema.be\/fr\/wp-json\/wp\/v2\/media?parent=201009"}],"wp:term":[{"taxonomy":"category","embeddable":true,"href":"https:\/\/welovecinema.be\/fr\/wp-json\/wp\/v2\/categories?post=201009"},{"taxonomy":"post_tag","embeddable":true,"href":"https:\/\/welovecinema.be\/fr\/wp-json\/wp\/v2\/tags?post=201009"}],"curies":[{"name":"wp","href":"https:\/\/api.w.org\/{rel}","templated":true}]}}