{"id":201004,"date":"2017-06-27T14:15:38","date_gmt":"2017-06-27T12:15:38","guid":{"rendered":"http:\/\/www.cinevox.be\/?p=201004\/"},"modified":"2017-06-27T14:17:36","modified_gmt":"2017-06-27T12:17:36","slug":"daylight-cherche-responsable-comptable-administratif-financier","status":"publish","type":"post","link":"https:\/\/welovecinema.be\/fr\/daylight-cherche-responsable-comptable-administratif-financier\/","title":{"rendered":"Daylight cherche un\/e responsable comptable, administratif et financier"},"content":{"rendered":"<p><strong>Ca embauche chez Daylight, soci\u00e9t\u00e9 de production ind\u00e9pendante de long-m\u00e9trage belge avec une filiale en France (<em>Les Rayures du Z\u00e8bre, Noces<\/em>)!<\/strong><\/p>\n<p>&nbsp;<\/p>\n<h4>Description du poste<\/h4>\n<p>Responsable comptable, administratif et financier<\/p>\n<h4>Gestion comptable et administrative<\/h4>\n<ul>\n<li>Gestion administrative quotidienne (tri courrier, tenues d\u00e9clarations fiscales et sociales,\u2026)<\/li>\n<li>Gestion comptable quotidienne (r\u00e9ception factures, suivis paiements, cr\u00e9ation factures, tenue de la caisse et des comptes..)<\/li>\n<li>Saisie comptable hebdomadaire<\/li>\n<\/ul>\n<h4>Gestion financi\u00e8re<\/h4>\n<ul>\n<li>Tenue et mise \u00e0 jour r\u00e9guli\u00e8re du tableau de gestion de la tr\u00e9sorerie\u00a0 consolid\u00e9e<\/li>\n<li>Pr\u00e9paration des budgets et dossiers de financements de projets<\/li>\n<li>Suivi des rendus de comptes et de r\u00e9partition des recettes<\/li>\n<li>Suivi des relations avec les tiers (clients, fournisseurs, banques, \u2026)<\/li>\n<\/ul>\n<h4>Description du profil recherch\u00e9<\/h4>\n<ul>\n<li>Formation sup\u00e9rieure de gestion (Ecole de Commerce &#8211; Ecole de Cin\u00e9ma\u2013 Formations universitaires Finance et\/ou Production Audiovisuelle)<\/li>\n<li>Un fort int\u00e9r\u00eat pour le cin\u00e9ma et le secteur audiovisuel et ses m\u00e9canismes est indispensable<\/li>\n<li>Une premi\u00e8re exp\u00e9rience dans la production audiovisuelle est indispensable<\/li>\n<li>Formation aux r\u00e8gles \u00e9l\u00e9mentaires de comptabilit\u00e9 et\/ou exp\u00e9rience de saisie comptable est n\u00e9cessaire<\/li>\n<li>Ma\u00eetrise parfaite des outils bureautiques (Suite Office)<\/li>\n<li>Capacit\u00e9 d&rsquo;implication et d&rsquo;adaptation<\/li>\n<li>Rigueur, bonne organisation personnelle et autonomie<\/li>\n<li>Dynamisme et bonne capacit\u00e9 de travail en \u00e9quipe<\/li>\n<\/ul>\n<h4>Date de prise de fonction &amp; conditions<\/h4>\n<ul>\n<li>1er septembre 2017<\/li>\n<li>CDI\u00a0 \u00e0 temps complet ou au 4\/5e<\/li>\n<\/ul>\n<h4>Contact<\/h4>\n<ul>\n<li>assistantprod@daylight-films.be<\/li>\n<li>+32 2 544 05 98<\/li>\n<\/ul>\n","protected":false},"excerpt":{"rendered":"<p>Ca embauche chez Daylight, soci\u00e9t\u00e9 de production ind\u00e9pendante de long-m\u00e9trage belge avec une filiale en France (Les Rayures du Z\u00e8bre, Noces)! &nbsp; Description du poste Responsable comptable, administratif et financier Gestion comptable et administrative Gestion administrative quotidienne (tri courrier, tenues d\u00e9clarations fiscales et sociales,\u2026) Gestion comptable quotidienne (r\u00e9ception factures, suivis paiements, cr\u00e9ation factures, tenue de &hellip;<\/p>\n","protected":false},"author":343,"featured_media":201005,"comment_status":"closed","ping_status":"closed","sticky":false,"template":"","format":"standard","meta":{"ngg_post_thumbnail":0,"footnotes":""},"categories":[20],"tags":[],"class_list":["post-201004","post","type-post","status-publish","format-standard","has-post-thumbnail","","category-cinejobs"],"yoast_head":"<!-- This site is optimized with the Yoast SEO plugin v20.4 - https:\/\/yoast.com\/wordpress\/plugins\/seo\/ -->\n<title>Daylight cherche un\/e responsable comptable, administratif et financier - We Love Cinema<\/title>\n<meta name=\"robots\" content=\"index, follow, max-snippet:-1, max-image-preview:large, max-video-preview:-1\" \/>\n<link rel=\"canonical\" href=\"https:\/\/welovecinema.be\/fr\/daylight-cherche-responsable-comptable-administratif-financier\/\" \/>\n<meta property=\"og:locale\" content=\"fr_FR\" \/>\n<meta property=\"og:type\" content=\"article\" \/>\n<meta property=\"og:title\" content=\"Daylight cherche un\/e responsable comptable, administratif et financier - We Love Cinema\" \/>\n<meta property=\"og:description\" content=\"Ca embauche chez Daylight, soci\u00e9t\u00e9 de production ind\u00e9pendante de long-m\u00e9trage belge avec une filiale en France (Les Rayures du Z\u00e8bre, Noces)! &nbsp; Description du poste Responsable comptable, administratif et financier Gestion comptable et administrative Gestion administrative quotidienne (tri courrier, tenues d\u00e9clarations fiscales et sociales,\u2026) Gestion comptable quotidienne (r\u00e9ception factures, suivis paiements, cr\u00e9ation factures, tenue de &hellip;\" \/>\n<meta property=\"og:url\" content=\"https:\/\/welovecinema.be\/fr\/daylight-cherche-responsable-comptable-administratif-financier\/\" \/>\n<meta property=\"og:site_name\" content=\"We Love Cinema\" \/>\n<meta property=\"article:publisher\" content=\"https:\/\/www.facebook.com\/welovecinema.be\" \/>\n<meta property=\"article:published_time\" content=\"2017-06-27T12:15:38+00:00\" \/>\n<meta property=\"article:modified_time\" content=\"2017-06-27T12:17:36+00:00\" \/>\n<meta property=\"og:image\" content=\"https:\/\/welovecinema.be\/wp-content\/uploads\/sites\/2\/2017\/06\/Logo-Daylight-bleu.jpg\" \/>\n\t<meta property=\"og:image:width\" content=\"2434\" \/>\n\t<meta property=\"og:image:height\" content=\"1027\" \/>\n\t<meta property=\"og:image:type\" content=\"image\/jpeg\" \/>\n<meta name=\"author\" content=\"Aurore Engelen\" \/>\n<meta name=\"twitter:card\" content=\"summary_large_image\" \/>\n<meta name=\"twitter:label1\" content=\"\u00c9crit par\" \/>\n\t<meta name=\"twitter:data1\" content=\"Aurore Engelen\" \/>\n\t<meta name=\"twitter:label2\" content=\"Dur\u00e9e de lecture estim\u00e9e\" \/>\n\t<meta name=\"twitter:data2\" content=\"1 minute\" \/>\n<script type=\"application\/ld+json\" class=\"yoast-schema-graph\">{\"@context\":\"https:\/\/schema.org\",\"@graph\":[{\"@type\":\"Article\",\"@id\":\"https:\/\/welovecinema.be\/fr\/daylight-cherche-responsable-comptable-administratif-financier\/#article\",\"isPartOf\":{\"@id\":\"https:\/\/welovecinema.be\/fr\/daylight-cherche-responsable-comptable-administratif-financier\/\"},\"author\":{\"name\":\"Aurore Engelen\",\"@id\":\"https:\/\/welovecinema.be\/nl\/#\/schema\/person\/8084b68c6b176142d073695c654dc7cf\"},\"headline\":\"Daylight cherche un\/e responsable comptable, administratif et financier\",\"datePublished\":\"2017-06-27T12:15:38+00:00\",\"dateModified\":\"2017-06-27T12:17:36+00:00\",\"mainEntityOfPage\":{\"@id\":\"https:\/\/welovecinema.be\/fr\/daylight-cherche-responsable-comptable-administratif-financier\/\"},\"wordCount\":248,\"publisher\":{\"@id\":\"https:\/\/welovecinema.be\/nl\/#organization\"},\"articleSection\":[\"Cinejobs\"],\"inLanguage\":\"fr-FR\"},{\"@type\":\"WebPage\",\"@id\":\"https:\/\/welovecinema.be\/fr\/daylight-cherche-responsable-comptable-administratif-financier\/\",\"url\":\"https:\/\/welovecinema.be\/fr\/daylight-cherche-responsable-comptable-administratif-financier\/\",\"name\":\"Daylight cherche un\/e responsable comptable, administratif et financier - We Love Cinema\",\"isPartOf\":{\"@id\":\"https:\/\/welovecinema.be\/nl\/#website\"},\"datePublished\":\"2017-06-27T12:15:38+00:00\",\"dateModified\":\"2017-06-27T12:17:36+00:00\",\"breadcrumb\":{\"@id\":\"https:\/\/welovecinema.be\/fr\/daylight-cherche-responsable-comptable-administratif-financier\/#breadcrumb\"},\"inLanguage\":\"fr-FR\",\"potentialAction\":[{\"@type\":\"ReadAction\",\"target\":[\"https:\/\/welovecinema.be\/fr\/daylight-cherche-responsable-comptable-administratif-financier\/\"]}]},{\"@type\":\"BreadcrumbList\",\"@id\":\"https:\/\/welovecinema.be\/fr\/daylight-cherche-responsable-comptable-administratif-financier\/#breadcrumb\",\"itemListElement\":[{\"@type\":\"ListItem\",\"position\":1,\"name\":\"Accueil\",\"item\":\"https:\/\/welovecinema.be\/fr\/\"},{\"@type\":\"ListItem\",\"position\":2,\"name\":\"Daylight cherche un\/e responsable comptable, administratif et financier\"}]},{\"@type\":\"WebSite\",\"@id\":\"https:\/\/welovecinema.be\/nl\/#website\",\"url\":\"https:\/\/welovecinema.be\/nl\/\",\"name\":\"We Love Cinema\",\"description\":\"Toute l\u2019information du cin\u00e9ma en Belgique\",\"publisher\":{\"@id\":\"https:\/\/welovecinema.be\/nl\/#organization\"},\"potentialAction\":[{\"@type\":\"SearchAction\",\"target\":{\"@type\":\"EntryPoint\",\"urlTemplate\":\"https:\/\/welovecinema.be\/nl\/?s={search_term_string}\"},\"query-input\":\"required name=search_term_string\"}],\"inLanguage\":\"fr-FR\"},{\"@type\":\"Organization\",\"@id\":\"https:\/\/welovecinema.be\/nl\/#organization\",\"name\":\"We Love Cinema\",\"url\":\"https:\/\/welovecinema.be\/nl\/\",\"logo\":{\"@type\":\"ImageObject\",\"inLanguage\":\"fr-FR\",\"@id\":\"https:\/\/welovecinema.be\/nl\/#\/schema\/logo\/image\/\",\"url\":\"https:\/\/welovecinema.be\/wp-content\/uploads\/sites\/2\/2023\/03\/Logo-We-Love-Cinema305x128.jpg\",\"contentUrl\":\"https:\/\/welovecinema.be\/wp-content\/uploads\/sites\/2\/2023\/03\/Logo-We-Love-Cinema305x128.jpg\",\"width\":305,\"height\":128,\"caption\":\"We Love Cinema\"},\"image\":{\"@id\":\"https:\/\/welovecinema.be\/nl\/#\/schema\/logo\/image\/\"},\"sameAs\":[\"https:\/\/www.facebook.com\/welovecinema.be\",\"https:\/\/www.youtube.com\/channel\/UCX5LYGVhnKvYauW4Nta4HJA\",\"https:\/\/www.instagram.com\/welovecinema.be\/\"]},{\"@type\":\"Person\",\"@id\":\"https:\/\/welovecinema.be\/nl\/#\/schema\/person\/8084b68c6b176142d073695c654dc7cf\",\"name\":\"Aurore Engelen\",\"url\":\"https:\/\/welovecinema.be\/fr\/author\/aurore-engelen\/\"}]}<\/script>\n<!-- \/ Yoast SEO plugin. -->","yoast_head_json":{"title":"Daylight cherche un\/e responsable comptable, administratif et financier - We Love Cinema","robots":{"index":"index","follow":"follow","max-snippet":"max-snippet:-1","max-image-preview":"max-image-preview:large","max-video-preview":"max-video-preview:-1"},"canonical":"https:\/\/welovecinema.be\/fr\/daylight-cherche-responsable-comptable-administratif-financier\/","og_locale":"fr_FR","og_type":"article","og_title":"Daylight cherche un\/e responsable comptable, administratif et financier - We Love Cinema","og_description":"Ca embauche chez Daylight, soci\u00e9t\u00e9 de production ind\u00e9pendante de long-m\u00e9trage belge avec une filiale en France (Les Rayures du Z\u00e8bre, Noces)! &nbsp; Description du poste Responsable comptable, administratif et financier Gestion comptable et administrative Gestion administrative quotidienne (tri courrier, tenues d\u00e9clarations fiscales et sociales,\u2026) Gestion comptable quotidienne (r\u00e9ception factures, suivis paiements, cr\u00e9ation factures, tenue de &hellip;","og_url":"https:\/\/welovecinema.be\/fr\/daylight-cherche-responsable-comptable-administratif-financier\/","og_site_name":"We Love Cinema","article_publisher":"https:\/\/www.facebook.com\/welovecinema.be","article_published_time":"2017-06-27T12:15:38+00:00","article_modified_time":"2017-06-27T12:17:36+00:00","og_image":[{"width":2434,"height":1027,"url":"https:\/\/welovecinema.be\/wp-content\/uploads\/sites\/2\/2017\/06\/Logo-Daylight-bleu.jpg","type":"image\/jpeg"}],"author":"Aurore Engelen","twitter_card":"summary_large_image","twitter_misc":{"\u00c9crit par":"Aurore Engelen","Dur\u00e9e de lecture estim\u00e9e":"1 minute"},"schema":{"@context":"https:\/\/schema.org","@graph":[{"@type":"Article","@id":"https:\/\/welovecinema.be\/fr\/daylight-cherche-responsable-comptable-administratif-financier\/#article","isPartOf":{"@id":"https:\/\/welovecinema.be\/fr\/daylight-cherche-responsable-comptable-administratif-financier\/"},"author":{"name":"Aurore Engelen","@id":"https:\/\/welovecinema.be\/nl\/#\/schema\/person\/8084b68c6b176142d073695c654dc7cf"},"headline":"Daylight cherche un\/e responsable comptable, administratif et financier","datePublished":"2017-06-27T12:15:38+00:00","dateModified":"2017-06-27T12:17:36+00:00","mainEntityOfPage":{"@id":"https:\/\/welovecinema.be\/fr\/daylight-cherche-responsable-comptable-administratif-financier\/"},"wordCount":248,"publisher":{"@id":"https:\/\/welovecinema.be\/nl\/#organization"},"articleSection":["Cinejobs"],"inLanguage":"fr-FR"},{"@type":"WebPage","@id":"https:\/\/welovecinema.be\/fr\/daylight-cherche-responsable-comptable-administratif-financier\/","url":"https:\/\/welovecinema.be\/fr\/daylight-cherche-responsable-comptable-administratif-financier\/","name":"Daylight cherche un\/e responsable comptable, administratif et financier - We Love Cinema","isPartOf":{"@id":"https:\/\/welovecinema.be\/nl\/#website"},"datePublished":"2017-06-27T12:15:38+00:00","dateModified":"2017-06-27T12:17:36+00:00","breadcrumb":{"@id":"https:\/\/welovecinema.be\/fr\/daylight-cherche-responsable-comptable-administratif-financier\/#breadcrumb"},"inLanguage":"fr-FR","potentialAction":[{"@type":"ReadAction","target":["https:\/\/welovecinema.be\/fr\/daylight-cherche-responsable-comptable-administratif-financier\/"]}]},{"@type":"BreadcrumbList","@id":"https:\/\/welovecinema.be\/fr\/daylight-cherche-responsable-comptable-administratif-financier\/#breadcrumb","itemListElement":[{"@type":"ListItem","position":1,"name":"Accueil","item":"https:\/\/welovecinema.be\/fr\/"},{"@type":"ListItem","position":2,"name":"Daylight cherche un\/e responsable comptable, administratif et financier"}]},{"@type":"WebSite","@id":"https:\/\/welovecinema.be\/nl\/#website","url":"https:\/\/welovecinema.be\/nl\/","name":"We Love Cinema","description":"Toute l\u2019information du cin\u00e9ma en Belgique","publisher":{"@id":"https:\/\/welovecinema.be\/nl\/#organization"},"potentialAction":[{"@type":"SearchAction","target":{"@type":"EntryPoint","urlTemplate":"https:\/\/welovecinema.be\/nl\/?s={search_term_string}"},"query-input":"required name=search_term_string"}],"inLanguage":"fr-FR"},{"@type":"Organization","@id":"https:\/\/welovecinema.be\/nl\/#organization","name":"We Love Cinema","url":"https:\/\/welovecinema.be\/nl\/","logo":{"@type":"ImageObject","inLanguage":"fr-FR","@id":"https:\/\/welovecinema.be\/nl\/#\/schema\/logo\/image\/","url":"https:\/\/welovecinema.be\/wp-content\/uploads\/sites\/2\/2023\/03\/Logo-We-Love-Cinema305x128.jpg","contentUrl":"https:\/\/welovecinema.be\/wp-content\/uploads\/sites\/2\/2023\/03\/Logo-We-Love-Cinema305x128.jpg","width":305,"height":128,"caption":"We Love Cinema"},"image":{"@id":"https:\/\/welovecinema.be\/nl\/#\/schema\/logo\/image\/"},"sameAs":["https:\/\/www.facebook.com\/welovecinema.be","https:\/\/www.youtube.com\/channel\/UCX5LYGVhnKvYauW4Nta4HJA","https:\/\/www.instagram.com\/welovecinema.be\/"]},{"@type":"Person","@id":"https:\/\/welovecinema.be\/nl\/#\/schema\/person\/8084b68c6b176142d073695c654dc7cf","name":"Aurore Engelen","url":"https:\/\/welovecinema.be\/fr\/author\/aurore-engelen\/"}]}},"_links":{"self":[{"href":"https:\/\/welovecinema.be\/fr\/wp-json\/wp\/v2\/posts\/201004","targetHints":{"allow":["GET"]}}],"collection":[{"href":"https:\/\/welovecinema.be\/fr\/wp-json\/wp\/v2\/posts"}],"about":[{"href":"https:\/\/welovecinema.be\/fr\/wp-json\/wp\/v2\/types\/post"}],"author":[{"embeddable":true,"href":"https:\/\/welovecinema.be\/fr\/wp-json\/wp\/v2\/users\/343"}],"replies":[{"embeddable":true,"href":"https:\/\/welovecinema.be\/fr\/wp-json\/wp\/v2\/comments?post=201004"}],"version-history":[{"count":0,"href":"https:\/\/welovecinema.be\/fr\/wp-json\/wp\/v2\/posts\/201004\/revisions"}],"wp:featuredmedia":[{"embeddable":true,"href":"https:\/\/welovecinema.be\/fr\/wp-json\/wp\/v2\/media\/201005"}],"wp:attachment":[{"href":"https:\/\/welovecinema.be\/fr\/wp-json\/wp\/v2\/media?parent=201004"}],"wp:term":[{"taxonomy":"category","embeddable":true,"href":"https:\/\/welovecinema.be\/fr\/wp-json\/wp\/v2\/categories?post=201004"},{"taxonomy":"post_tag","embeddable":true,"href":"https:\/\/welovecinema.be\/fr\/wp-json\/wp\/v2\/tags?post=201004"}],"curies":[{"name":"wp","href":"https:\/\/api.w.org\/{rel}","templated":true}]}}