{"id":20097,"date":"2012-10-25T05:13:34","date_gmt":"2012-10-25T05:13:34","guid":{"rendered":"http:\/\/www.cinevox.be\/?p=20097"},"modified":"2012-10-23T16:19:10","modified_gmt":"2012-10-23T16:19:10","slug":"20097","status":"publish","type":"post","link":"https:\/\/welovecinema.be\/fr\/20097\/","title":{"rendered":"La Tendresse : Marion H\u00e4nsel aux urgences !"},"content":{"rendered":"<p>Lundi 30 avril 2011, toute l&rsquo;\u00e9quipe de <em>La Tendresse<\/em> se retrouve \u00e0 l&rsquo;H\u00f4pital Saint-Luc pour une sc\u00e8ne cens\u00e9e se d\u00e9rouler dans les Alpes.\u00a0 Lisa et Frans viennent chercher leur fils qui s&rsquo;est bless\u00e9 en skiant. Ils ont parcouru mille kilom\u00e8tres c\u00f4te \u00e0 c\u00f4te, partageant pour la premi\u00e8re fois depuis leur s\u00e9paration un long moment d&rsquo;intimit\u00e9.<\/p>\n<p>&nbsp;<\/p>\n<p><!--more--><\/p>\n<p>Ce jour-l\u00e0 sur Bruxelles, le soleil brille, mais <strong>Marilyne Canto<\/strong> ne peut pas quitter son gros pull et sa doudoune. <strong>Olivier Gourmet<\/strong> est aussi habill\u00e9\u2026 comme en plein hiver ce qui est assez logique quand on se projette dans le sc\u00e9nario.<\/p>\n<p>Tout le monde est tr\u00e8s concentr\u00e9, mais ce qui frappe d&#8217;embl\u00e9e, c&rsquo;est la s\u00e9r\u00e9nit\u00e9 qui r\u00e8gne sur le plateau. La sc\u00e8ne de ce matin est tr\u00e8s d\u00e9coup\u00e9e, chirurgicalement, film\u00e9e dans l&rsquo;ordre quitte \u00e0 d\u00e9placer la cam\u00e9ra dans un angle puis dans un autre. Chacun sait pr\u00e9cis\u00e9ment ce qu&rsquo;il a \u00e0 faire. Et s&rsquo;ex\u00e9cute le sourire aux l\u00e8vres. Pas un juron, pas de trace d&rsquo;\u00e9nervement, pas un mot plus de travers, pas m\u00eame un regard agac\u00e9 : il fait bon vivre sur un tournage de <strong>Marion H\u00e4nsel<\/strong> et chacun nous confirmera que c&rsquo;est ainsi chaque jour. Et sur tous ses longs m\u00e9trages.<\/p>\n<p>Quelques mois ont pass\u00e9 et Cinevox vous pr\u00e9sente un Grand\u00a0 \u00c9cran consacr\u00e9 \u00e0 ce road movie doux et\u2026 tendre. Une bouff\u00e9e de fra\u00eecheur.<\/p>\n<p>&nbsp;<\/p>\n<p>&nbsp;<\/p>\n<p><a rel=\"attachment wp-att-20098\" href=\"http:\/\/www.cinevox.be\/20097\/img_5463\/\"><img loading=\"lazy\" decoding=\"async\" class=\"aligncenter size-full wp-image-20098\" title=\"IMG_5463\" src=\"http:\/\/www.cinevox.be\/wp-content\/uploads\/sites\/2\/2012\/04\/IMG_5463.jpg\" alt=\"\" width=\"1024\" height=\"683\" srcset=\"https:\/\/welovecinema.be\/wp-content\/uploads\/sites\/2\/2012\/04\/IMG_5463.jpg 1024w, https:\/\/welovecinema.be\/wp-content\/uploads\/sites\/2\/2012\/04\/IMG_5463-404x270.jpg 404w, https:\/\/welovecinema.be\/wp-content\/uploads\/sites\/2\/2012\/04\/IMG_5463-800x533.jpg 800w\" sizes=\"auto, (max-width: 1024px) 100vw, 1024px\" \/><\/a><\/p>\n<p style=\"text-align: right;\"><em>Marilyne Canto se repose avant la premi\u00e8re prise \u00e0 l&rsquo;h\u00f4pital Saint-Luc. Il faut dire que l&rsquo;\u00e9quipe est en tournage depuis 3h du mat&rsquo;.<\/em><\/p>\n<p>&nbsp;<\/p>\n<p><a rel=\"attachment wp-att-20100\" href=\"http:\/\/www.cinevox.be\/20097\/img_5475\/\"><img loading=\"lazy\" decoding=\"async\" class=\"aligncenter size-full wp-image-20100\" title=\"IMG_5475\" src=\"http:\/\/www.cinevox.be\/wp-content\/uploads\/sites\/2\/2012\/04\/IMG_5475.jpg\" alt=\"\" width=\"1024\" height=\"683\" srcset=\"https:\/\/welovecinema.be\/wp-content\/uploads\/sites\/2\/2012\/04\/IMG_5475.jpg 1024w, https:\/\/welovecinema.be\/wp-content\/uploads\/sites\/2\/2012\/04\/IMG_5475-404x270.jpg 404w, https:\/\/welovecinema.be\/wp-content\/uploads\/sites\/2\/2012\/04\/IMG_5475-800x533.jpg 800w\" sizes=\"auto, (max-width: 1024px) 100vw, 1024px\" \/><\/a><\/p>\n<p style=\"text-align: right;\"><em>L&rsquo;\u00e9quipe image se met en place. Olivier Gourmet se dit qu&rsquo;il prendrait bien un\u00a0dernier\u00a0caf\u00e9&#8230;<\/em><\/p>\n<p style=\"text-align: right;\">&nbsp;<\/p>\n<p><a rel=\"attachment wp-att-20102\" href=\"http:\/\/www.cinevox.be\/20097\/img_5464\/\"><img loading=\"lazy\" decoding=\"async\" class=\"aligncenter size-full wp-image-20102\" title=\"IMG_5464\" src=\"http:\/\/www.cinevox.be\/wp-content\/uploads\/sites\/2\/2012\/04\/IMG_5464.jpg\" alt=\"\" width=\"1024\" height=\"683\" srcset=\"https:\/\/welovecinema.be\/wp-content\/uploads\/sites\/2\/2012\/04\/IMG_5464.jpg 1024w, https:\/\/welovecinema.be\/wp-content\/uploads\/sites\/2\/2012\/04\/IMG_5464-404x270.jpg 404w, https:\/\/welovecinema.be\/wp-content\/uploads\/sites\/2\/2012\/04\/IMG_5464-800x533.jpg 800w\" sizes=\"auto, (max-width: 1024px) 100vw, 1024px\" \/><\/a><\/p>\n<p>Au\u00a0four\u00a0et au moulin ,disponible et sympathique, Marion H\u00e4nsel explique \u00e0 l&rsquo;\u00e9quipe de\u00a0Cinevox\u00a0comment va se\u00a0d\u00e9rouler\u00a0la sc\u00e8ne, prise par prise.<\/p>\n<p>&nbsp;<\/p>\n<p><a rel=\"attachment wp-att-20103\" href=\"http:\/\/www.cinevox.be\/20097\/img_5467\/\"><img loading=\"lazy\" decoding=\"async\" class=\"aligncenter size-full wp-image-20103\" title=\"IMG_5467\" src=\"http:\/\/www.cinevox.be\/wp-content\/uploads\/sites\/2\/2012\/04\/IMG_5467.jpg\" alt=\"\" width=\"1024\" height=\"683\" srcset=\"https:\/\/welovecinema.be\/wp-content\/uploads\/sites\/2\/2012\/04\/IMG_5467.jpg 1024w, https:\/\/welovecinema.be\/wp-content\/uploads\/sites\/2\/2012\/04\/IMG_5467-404x270.jpg 404w, https:\/\/welovecinema.be\/wp-content\/uploads\/sites\/2\/2012\/04\/IMG_5467-800x533.jpg 800w\" sizes=\"auto, (max-width: 1024px) 100vw, 1024px\" \/><\/a><\/p>\n<p style=\"text-align: right;\"><em>L&rsquo;h\u00f4pital Saint-Luc est cens\u00e9 repr\u00e9senter une clinique de Haute-Savoie. Surtout ne pas oublier de d\u00e9pendre les portraits d&rsquo;Albert II.<\/em><\/p>\n<p>&nbsp;<\/p>\n<p><a rel=\"attachment wp-att-20104\" href=\"http:\/\/www.cinevox.be\/20097\/img_5471\/\"><img loading=\"lazy\" decoding=\"async\" class=\"aligncenter size-full wp-image-20104\" title=\"IMG_5471\" src=\"http:\/\/www.cinevox.be\/wp-content\/uploads\/sites\/2\/2012\/04\/IMG_5471.jpg\" alt=\"\" width=\"1024\" height=\"683\" srcset=\"https:\/\/welovecinema.be\/wp-content\/uploads\/sites\/2\/2012\/04\/IMG_5471.jpg 1024w, https:\/\/welovecinema.be\/wp-content\/uploads\/sites\/2\/2012\/04\/IMG_5471-404x270.jpg 404w, https:\/\/welovecinema.be\/wp-content\/uploads\/sites\/2\/2012\/04\/IMG_5471-800x533.jpg 800w\" sizes=\"auto, (max-width: 1024px) 100vw, 1024px\" \/><\/a><\/p>\n<p style=\"text-align: right;\"><em>L&rsquo;\u00e9quipe image pr\u00e9pare le travelling. La Tendresse est film\u00e9e en 35mm.<\/em><\/p>\n<p>&nbsp;<\/p>\n<p><a rel=\"attachment wp-att-20105\" href=\"http:\/\/www.cinevox.be\/20097\/img_5473\/\"><img loading=\"lazy\" decoding=\"async\" class=\"aligncenter size-full wp-image-20105\" title=\"IMG_5473\" src=\"http:\/\/www.cinevox.be\/wp-content\/uploads\/sites\/2\/2012\/04\/IMG_5473.jpg\" alt=\"\" width=\"1024\" height=\"683\" srcset=\"https:\/\/welovecinema.be\/wp-content\/uploads\/sites\/2\/2012\/04\/IMG_5473.jpg 1024w, https:\/\/welovecinema.be\/wp-content\/uploads\/sites\/2\/2012\/04\/IMG_5473-404x270.jpg 404w, https:\/\/welovecinema.be\/wp-content\/uploads\/sites\/2\/2012\/04\/IMG_5473-800x533.jpg 800w\" sizes=\"auto, (max-width: 1024px) 100vw, 1024px\" \/><\/a><\/p>\n<p style=\"text-align: right;\"><em>Et pendant ce temps-l\u00e0, les figurants attendent&#8230; Avec le sourire.<\/em><\/p>\n<p>&nbsp;<\/p>\n<p><a rel=\"attachment wp-att-20129\" href=\"http:\/\/www.cinevox.be\/20097\/img_5484b-2\/\"><img loading=\"lazy\" decoding=\"async\" class=\"aligncenter size-full wp-image-20129\" title=\"IMG_5484b\" src=\"http:\/\/www.cinevox.be\/wp-content\/uploads\/sites\/2\/2012\/05\/IMG_5484b.jpg\" alt=\"\" width=\"1200\" height=\"785\" srcset=\"https:\/\/welovecinema.be\/wp-content\/uploads\/sites\/2\/2012\/05\/IMG_5484b.jpg 1200w, https:\/\/welovecinema.be\/wp-content\/uploads\/sites\/2\/2012\/05\/IMG_5484b-412x270.jpg 412w, https:\/\/welovecinema.be\/wp-content\/uploads\/sites\/2\/2012\/05\/IMG_5484b-800x523.jpg 800w\" sizes=\"auto, (max-width: 1200px) 100vw, 1200px\" \/><\/a><\/p>\n<p>&nbsp;<\/p>\n<p>&nbsp;<\/p>\n<p><a rel=\"attachment wp-att-20107\" href=\"http:\/\/www.cinevox.be\/20097\/img_5490\/\"><img loading=\"lazy\" decoding=\"async\" class=\"aligncenter size-full wp-image-20107\" title=\"IMG_5490\" src=\"http:\/\/www.cinevox.be\/wp-content\/uploads\/sites\/2\/2012\/04\/IMG_5490.jpg\" alt=\"\" width=\"1024\" height=\"683\" srcset=\"https:\/\/welovecinema.be\/wp-content\/uploads\/sites\/2\/2012\/04\/IMG_5490.jpg 1024w, https:\/\/welovecinema.be\/wp-content\/uploads\/sites\/2\/2012\/04\/IMG_5490-404x270.jpg 404w, https:\/\/welovecinema.be\/wp-content\/uploads\/sites\/2\/2012\/04\/IMG_5490-800x533.jpg 800w\" sizes=\"auto, (max-width: 1024px) 100vw, 1024px\" \/><\/a><\/p>\n<p>&nbsp;<\/p>\n<p><a rel=\"attachment wp-att-20108\" href=\"http:\/\/www.cinevox.be\/20097\/img_5504\/\"><img loading=\"lazy\" decoding=\"async\" class=\"aligncenter size-full wp-image-20108\" title=\"IMG_5504\" src=\"http:\/\/www.cinevox.be\/wp-content\/uploads\/sites\/2\/2012\/04\/IMG_5504.jpg\" alt=\"\" width=\"1024\" height=\"683\" srcset=\"https:\/\/welovecinema.be\/wp-content\/uploads\/sites\/2\/2012\/04\/IMG_5504.jpg 1024w, https:\/\/welovecinema.be\/wp-content\/uploads\/sites\/2\/2012\/04\/IMG_5504-404x270.jpg 404w, https:\/\/welovecinema.be\/wp-content\/uploads\/sites\/2\/2012\/04\/IMG_5504-800x533.jpg 800w\" sizes=\"auto, (max-width: 1024px) 100vw, 1024px\" \/><\/a><\/p>\n<p style=\"text-align: right;\"><em>L&rsquo;\u00e9quipe technique de La Tendresse et celle de de Cinevox au coude \u00e0 coude : silence, on tourne !<\/em><\/p>\n<p>&nbsp;<\/p>\n<p><a rel=\"attachment wp-att-20109\" href=\"http:\/\/www.cinevox.be\/20097\/img_5509\/\"><img loading=\"lazy\" decoding=\"async\" class=\"aligncenter size-full wp-image-20109\" title=\"IMG_5509\" src=\"http:\/\/www.cinevox.be\/wp-content\/uploads\/sites\/2\/2012\/04\/IMG_5509.jpg\" alt=\"\" width=\"1024\" height=\"683\" srcset=\"https:\/\/welovecinema.be\/wp-content\/uploads\/sites\/2\/2012\/04\/IMG_5509.jpg 1024w, https:\/\/welovecinema.be\/wp-content\/uploads\/sites\/2\/2012\/04\/IMG_5509-404x270.jpg 404w, https:\/\/welovecinema.be\/wp-content\/uploads\/sites\/2\/2012\/04\/IMG_5509-800x533.jpg 800w\" sizes=\"auto, (max-width: 1024px) 100vw, 1024px\" \/><\/a><\/p>\n<p style=\"text-align: right;\"><em>Marilyne et Olivier, ou plut\u00f4t Lisa et Frans apprennent que leur fils a quitt\u00e9 l&rsquo;h\u00f4pital. En un regard, le couple fonctionne. Lui, grand et calme, elle petite et \u00e9nergique. Ils se compl\u00e8tent \u00e0 merveille.<\/em><\/p>\n<p>&nbsp;<\/p>\n<p><a rel=\"attachment wp-att-20110\" href=\"http:\/\/www.cinevox.be\/20097\/img_5538\/\"><img loading=\"lazy\" decoding=\"async\" class=\"aligncenter size-full wp-image-20110\" title=\"IMG_5538\" src=\"http:\/\/www.cinevox.be\/wp-content\/uploads\/sites\/2\/2012\/04\/IMG_5538.jpg\" alt=\"\" width=\"1024\" height=\"683\" srcset=\"https:\/\/welovecinema.be\/wp-content\/uploads\/sites\/2\/2012\/04\/IMG_5538.jpg 1024w, https:\/\/welovecinema.be\/wp-content\/uploads\/sites\/2\/2012\/04\/IMG_5538-404x270.jpg 404w, https:\/\/welovecinema.be\/wp-content\/uploads\/sites\/2\/2012\/04\/IMG_5538-800x533.jpg 800w\" sizes=\"auto, (max-width: 1024px) 100vw, 1024px\" \/><\/a><\/p>\n<p style=\"text-align: right;\"><em>Derri\u00e8re le combo, attention maximale : pas question de laisser passer la moindre erreur, le moindre faux raccord.<\/em><\/p>\n<p>&nbsp;<\/p>\n<p><a rel=\"attachment wp-att-20114\" href=\"http:\/\/www.cinevox.be\/20097\/img_5488\/\"><img loading=\"lazy\" decoding=\"async\" class=\"aligncenter size-full wp-image-20114\" title=\"IMG_5488\" src=\"http:\/\/www.cinevox.be\/wp-content\/uploads\/sites\/2\/2012\/04\/IMG_5488.jpg\" alt=\"\" width=\"1024\" height=\"683\" srcset=\"https:\/\/welovecinema.be\/wp-content\/uploads\/sites\/2\/2012\/04\/IMG_5488.jpg 1024w, https:\/\/welovecinema.be\/wp-content\/uploads\/sites\/2\/2012\/04\/IMG_5488-404x270.jpg 404w, https:\/\/welovecinema.be\/wp-content\/uploads\/sites\/2\/2012\/04\/IMG_5488-800x533.jpg 800w\" sizes=\"auto, (max-width: 1024px) 100vw, 1024px\" \/><\/a><\/p>\n<p style=\"text-align: right;\"><em>Une porte qui grince, une machine \u00e0 boisson qui se met en action, des talons qui claquent sur le carrelage, les parasites sont nombreux. Autant de pi\u00e8ge pour \u00a0Henry Morelle l&rsquo;ing\u00e9nieur du son habituel de Marion.<\/em><\/p>\n<p>&nbsp;<\/p>\n<p><a rel=\"attachment wp-att-20111\" href=\"http:\/\/www.cinevox.be\/20097\/img_5549\/\"><img loading=\"lazy\" decoding=\"async\" class=\"aligncenter size-full wp-image-20111\" title=\"IMG_5549\" src=\"http:\/\/www.cinevox.be\/wp-content\/uploads\/sites\/2\/2012\/04\/IMG_5549.jpg\" alt=\"\" width=\"1024\" height=\"683\" srcset=\"https:\/\/welovecinema.be\/wp-content\/uploads\/sites\/2\/2012\/04\/IMG_5549.jpg 1024w, https:\/\/welovecinema.be\/wp-content\/uploads\/sites\/2\/2012\/04\/IMG_5549-404x270.jpg 404w, https:\/\/welovecinema.be\/wp-content\/uploads\/sites\/2\/2012\/04\/IMG_5549-800x533.jpg 800w\" sizes=\"auto, (max-width: 1024px) 100vw, 1024px\" \/><\/a><\/p>\n<p style=\"text-align: right;\"><em>Vincent Van Gelder\u00a0\u00e9poussette\u00a0sa cam\u00e9ra entre chaque prise.<\/em><\/p>\n<p>&nbsp;<\/p>\n<p><a rel=\"attachment wp-att-20112\" href=\"http:\/\/www.cinevox.be\/20097\/img_5552\/\"><img loading=\"lazy\" decoding=\"async\" class=\"aligncenter size-full wp-image-20112\" title=\"IMG_5552\" src=\"http:\/\/www.cinevox.be\/wp-content\/uploads\/sites\/2\/2012\/04\/IMG_5552.jpg\" alt=\"\" width=\"1024\" height=\"683\" srcset=\"https:\/\/welovecinema.be\/wp-content\/uploads\/sites\/2\/2012\/04\/IMG_5552.jpg 1024w, https:\/\/welovecinema.be\/wp-content\/uploads\/sites\/2\/2012\/04\/IMG_5552-404x270.jpg 404w, https:\/\/welovecinema.be\/wp-content\/uploads\/sites\/2\/2012\/04\/IMG_5552-800x533.jpg 800w\" sizes=\"auto, (max-width: 1024px) 100vw, 1024px\" \/><\/a><\/p>\n<p style=\"text-align: right;\"><em>Clap d\u00e9part&#8230; de la derni\u00e8re sc\u00e8ne de la journ\u00e9e. L&rsquo;\u00e9quipe est fatigu\u00e9e, mais d\u00e9tendue. Et visiblement heureuse d&rsquo;\u00eatre l\u00e0. \u00a0A ce moment, il reste trois jours de tournage en Belgique plus deux en \u00e9quipe r\u00e9duite en Champagne.<\/em><\/p>\n<p>&nbsp;<\/p>\n","protected":false},"excerpt":{"rendered":"<p>Lundi 30 avril 2011, toute l&rsquo;\u00e9quipe de La Tendresse se retrouve \u00e0 l&rsquo;H\u00f4pital Saint-Luc pour une sc\u00e8ne cens\u00e9e se d\u00e9rouler dans les Alpes.\u00a0 Lisa et Frans viennent chercher leur fils qui s&rsquo;est bless\u00e9 en skiant. Ils ont parcouru mille kilom\u00e8tres c\u00f4te \u00e0 c\u00f4te, partageant pour la premi\u00e8re fois depuis leur s\u00e9paration un long moment d&rsquo;intimit\u00e9. &hellip;<\/p>\n","protected":false},"author":7,"featured_media":20116,"comment_status":"closed","ping_status":"closed","sticky":false,"template":"","format":"standard","meta":{"ngg_post_thumbnail":0,"footnotes":""},"categories":[7,11],"tags":[],"class_list":["post-20097","post","type-post","status-publish","format-standard","has-post-thumbnail","","category-actualites","category-tournages"],"yoast_head":"<!-- This site is optimized with the Yoast SEO plugin v20.4 - https:\/\/yoast.com\/wordpress\/plugins\/seo\/ -->\n<title>La Tendresse : Marion H\u00e4nsel aux urgences ! - We Love Cinema<\/title>\n<meta name=\"robots\" content=\"index, follow, max-snippet:-1, max-image-preview:large, max-video-preview:-1\" \/>\n<link rel=\"canonical\" href=\"https:\/\/welovecinema.be\/fr\/20097\/\" \/>\n<meta property=\"og:locale\" content=\"fr_FR\" \/>\n<meta property=\"og:type\" content=\"article\" \/>\n<meta property=\"og:title\" content=\"La Tendresse : Marion H\u00e4nsel aux urgences ! - We Love Cinema\" \/>\n<meta property=\"og:description\" content=\"Lundi 30 avril 2011, toute l&rsquo;\u00e9quipe de La Tendresse se retrouve \u00e0 l&rsquo;H\u00f4pital Saint-Luc pour une sc\u00e8ne cens\u00e9e se d\u00e9rouler dans les Alpes.\u00a0 Lisa et Frans viennent chercher leur fils qui s&rsquo;est bless\u00e9 en skiant. Ils ont parcouru mille kilom\u00e8tres c\u00f4te \u00e0 c\u00f4te, partageant pour la premi\u00e8re fois depuis leur s\u00e9paration un long moment d&rsquo;intimit\u00e9. &hellip;\" \/>\n<meta property=\"og:url\" content=\"https:\/\/welovecinema.be\/fr\/20097\/\" \/>\n<meta property=\"og:site_name\" content=\"We Love Cinema\" \/>\n<meta property=\"article:publisher\" content=\"https:\/\/www.facebook.com\/welovecinema.be\" \/>\n<meta property=\"article:published_time\" content=\"2012-10-25T05:13:34+00:00\" \/>\n<meta property=\"article:modified_time\" content=\"2012-10-23T16:19:10+00:00\" \/>\n<meta property=\"og:image\" content=\"https:\/\/welovecinema.be\/wp-content\/uploads\/sites\/2\/2012\/04\/IMG_5523.jpg\" \/>\n\t<meta property=\"og:image:width\" content=\"1024\" \/>\n\t<meta property=\"og:image:height\" content=\"683\" \/>\n\t<meta property=\"og:image:type\" content=\"image\/jpeg\" \/>\n<meta name=\"author\" content=\"Philippe.Pierquin\" \/>\n<meta name=\"twitter:card\" content=\"summary_large_image\" \/>\n<meta name=\"twitter:label1\" content=\"\u00c9crit par\" \/>\n\t<meta name=\"twitter:data1\" content=\"Philippe.Pierquin\" \/>\n\t<meta name=\"twitter:label2\" content=\"Dur\u00e9e de lecture estim\u00e9e\" \/>\n\t<meta name=\"twitter:data2\" content=\"3 minutes\" \/>\n<script type=\"application\/ld+json\" class=\"yoast-schema-graph\">{\"@context\":\"https:\/\/schema.org\",\"@graph\":[{\"@type\":\"Article\",\"@id\":\"https:\/\/welovecinema.be\/fr\/20097\/#article\",\"isPartOf\":{\"@id\":\"https:\/\/welovecinema.be\/fr\/20097\/\"},\"author\":{\"name\":\"Philippe.Pierquin\",\"@id\":\"https:\/\/welovecinema.be\/nl\/#\/schema\/person\/4b9b1d857f0943453a38a7c2859ef756\"},\"headline\":\"La Tendresse : Marion H\u00e4nsel aux urgences !\",\"datePublished\":\"2012-10-25T05:13:34+00:00\",\"dateModified\":\"2012-10-23T16:19:10+00:00\",\"mainEntityOfPage\":{\"@id\":\"https:\/\/welovecinema.be\/fr\/20097\/\"},\"wordCount\":565,\"publisher\":{\"@id\":\"https:\/\/welovecinema.be\/nl\/#organization\"},\"articleSection\":[\"News\",\"Tournages\"],\"inLanguage\":\"fr-FR\"},{\"@type\":\"WebPage\",\"@id\":\"https:\/\/welovecinema.be\/fr\/20097\/\",\"url\":\"https:\/\/welovecinema.be\/fr\/20097\/\",\"name\":\"La Tendresse : Marion H\u00e4nsel aux urgences ! - We Love Cinema\",\"isPartOf\":{\"@id\":\"https:\/\/welovecinema.be\/nl\/#website\"},\"datePublished\":\"2012-10-25T05:13:34+00:00\",\"dateModified\":\"2012-10-23T16:19:10+00:00\",\"breadcrumb\":{\"@id\":\"https:\/\/welovecinema.be\/fr\/20097\/#breadcrumb\"},\"inLanguage\":\"fr-FR\",\"potentialAction\":[{\"@type\":\"ReadAction\",\"target\":[\"https:\/\/welovecinema.be\/fr\/20097\/\"]}]},{\"@type\":\"BreadcrumbList\",\"@id\":\"https:\/\/welovecinema.be\/fr\/20097\/#breadcrumb\",\"itemListElement\":[{\"@type\":\"ListItem\",\"position\":1,\"name\":\"Accueil\",\"item\":\"https:\/\/welovecinema.be\/fr\/\"},{\"@type\":\"ListItem\",\"position\":2,\"name\":\"La Tendresse : Marion H\u00e4nsel aux urgences !\"}]},{\"@type\":\"WebSite\",\"@id\":\"https:\/\/welovecinema.be\/nl\/#website\",\"url\":\"https:\/\/welovecinema.be\/nl\/\",\"name\":\"We Love Cinema\",\"description\":\"Toute l\u2019information du cin\u00e9ma en Belgique\",\"publisher\":{\"@id\":\"https:\/\/welovecinema.be\/nl\/#organization\"},\"potentialAction\":[{\"@type\":\"SearchAction\",\"target\":{\"@type\":\"EntryPoint\",\"urlTemplate\":\"https:\/\/welovecinema.be\/nl\/?s={search_term_string}\"},\"query-input\":\"required name=search_term_string\"}],\"inLanguage\":\"fr-FR\"},{\"@type\":\"Organization\",\"@id\":\"https:\/\/welovecinema.be\/nl\/#organization\",\"name\":\"We Love Cinema\",\"url\":\"https:\/\/welovecinema.be\/nl\/\",\"logo\":{\"@type\":\"ImageObject\",\"inLanguage\":\"fr-FR\",\"@id\":\"https:\/\/welovecinema.be\/nl\/#\/schema\/logo\/image\/\",\"url\":\"https:\/\/welovecinema.be\/wp-content\/uploads\/sites\/2\/2023\/03\/Logo-We-Love-Cinema305x128.jpg\",\"contentUrl\":\"https:\/\/welovecinema.be\/wp-content\/uploads\/sites\/2\/2023\/03\/Logo-We-Love-Cinema305x128.jpg\",\"width\":305,\"height\":128,\"caption\":\"We Love Cinema\"},\"image\":{\"@id\":\"https:\/\/welovecinema.be\/nl\/#\/schema\/logo\/image\/\"},\"sameAs\":[\"https:\/\/www.facebook.com\/welovecinema.be\",\"https:\/\/www.youtube.com\/channel\/UCX5LYGVhnKvYauW4Nta4HJA\",\"https:\/\/www.instagram.com\/welovecinema.be\/\"]},{\"@type\":\"Person\",\"@id\":\"https:\/\/welovecinema.be\/nl\/#\/schema\/person\/4b9b1d857f0943453a38a7c2859ef756\",\"name\":\"Philippe.Pierquin\",\"url\":\"https:\/\/welovecinema.be\/fr\/author\/philippe-pierquin\/\"}]}<\/script>\n<!-- \/ Yoast SEO plugin. -->","yoast_head_json":{"title":"La Tendresse : Marion H\u00e4nsel aux urgences ! - We Love Cinema","robots":{"index":"index","follow":"follow","max-snippet":"max-snippet:-1","max-image-preview":"max-image-preview:large","max-video-preview":"max-video-preview:-1"},"canonical":"https:\/\/welovecinema.be\/fr\/20097\/","og_locale":"fr_FR","og_type":"article","og_title":"La Tendresse : Marion H\u00e4nsel aux urgences ! - We Love Cinema","og_description":"Lundi 30 avril 2011, toute l&rsquo;\u00e9quipe de La Tendresse se retrouve \u00e0 l&rsquo;H\u00f4pital Saint-Luc pour une sc\u00e8ne cens\u00e9e se d\u00e9rouler dans les Alpes.\u00a0 Lisa et Frans viennent chercher leur fils qui s&rsquo;est bless\u00e9 en skiant. Ils ont parcouru mille kilom\u00e8tres c\u00f4te \u00e0 c\u00f4te, partageant pour la premi\u00e8re fois depuis leur s\u00e9paration un long moment d&rsquo;intimit\u00e9. &hellip;","og_url":"https:\/\/welovecinema.be\/fr\/20097\/","og_site_name":"We Love Cinema","article_publisher":"https:\/\/www.facebook.com\/welovecinema.be","article_published_time":"2012-10-25T05:13:34+00:00","article_modified_time":"2012-10-23T16:19:10+00:00","og_image":[{"width":"1024","height":"683","url":"https:\/\/welovecinema.be\/wp-content\/uploads\/sites\/2\/2012\/04\/IMG_5523.jpg","type":"image\/jpeg"}],"author":"Philippe.Pierquin","twitter_card":"summary_large_image","twitter_misc":{"\u00c9crit par":"Philippe.Pierquin","Dur\u00e9e de lecture estim\u00e9e":"3 minutes"},"schema":{"@context":"https:\/\/schema.org","@graph":[{"@type":"Article","@id":"https:\/\/welovecinema.be\/fr\/20097\/#article","isPartOf":{"@id":"https:\/\/welovecinema.be\/fr\/20097\/"},"author":{"name":"Philippe.Pierquin","@id":"https:\/\/welovecinema.be\/nl\/#\/schema\/person\/4b9b1d857f0943453a38a7c2859ef756"},"headline":"La Tendresse : Marion H\u00e4nsel aux urgences !","datePublished":"2012-10-25T05:13:34+00:00","dateModified":"2012-10-23T16:19:10+00:00","mainEntityOfPage":{"@id":"https:\/\/welovecinema.be\/fr\/20097\/"},"wordCount":565,"publisher":{"@id":"https:\/\/welovecinema.be\/nl\/#organization"},"articleSection":["News","Tournages"],"inLanguage":"fr-FR"},{"@type":"WebPage","@id":"https:\/\/welovecinema.be\/fr\/20097\/","url":"https:\/\/welovecinema.be\/fr\/20097\/","name":"La Tendresse : Marion H\u00e4nsel aux urgences ! - We Love Cinema","isPartOf":{"@id":"https:\/\/welovecinema.be\/nl\/#website"},"datePublished":"2012-10-25T05:13:34+00:00","dateModified":"2012-10-23T16:19:10+00:00","breadcrumb":{"@id":"https:\/\/welovecinema.be\/fr\/20097\/#breadcrumb"},"inLanguage":"fr-FR","potentialAction":[{"@type":"ReadAction","target":["https:\/\/welovecinema.be\/fr\/20097\/"]}]},{"@type":"BreadcrumbList","@id":"https:\/\/welovecinema.be\/fr\/20097\/#breadcrumb","itemListElement":[{"@type":"ListItem","position":1,"name":"Accueil","item":"https:\/\/welovecinema.be\/fr\/"},{"@type":"ListItem","position":2,"name":"La Tendresse : Marion H\u00e4nsel aux urgences !"}]},{"@type":"WebSite","@id":"https:\/\/welovecinema.be\/nl\/#website","url":"https:\/\/welovecinema.be\/nl\/","name":"We Love Cinema","description":"Toute l\u2019information du cin\u00e9ma en Belgique","publisher":{"@id":"https:\/\/welovecinema.be\/nl\/#organization"},"potentialAction":[{"@type":"SearchAction","target":{"@type":"EntryPoint","urlTemplate":"https:\/\/welovecinema.be\/nl\/?s={search_term_string}"},"query-input":"required name=search_term_string"}],"inLanguage":"fr-FR"},{"@type":"Organization","@id":"https:\/\/welovecinema.be\/nl\/#organization","name":"We Love Cinema","url":"https:\/\/welovecinema.be\/nl\/","logo":{"@type":"ImageObject","inLanguage":"fr-FR","@id":"https:\/\/welovecinema.be\/nl\/#\/schema\/logo\/image\/","url":"https:\/\/welovecinema.be\/wp-content\/uploads\/sites\/2\/2023\/03\/Logo-We-Love-Cinema305x128.jpg","contentUrl":"https:\/\/welovecinema.be\/wp-content\/uploads\/sites\/2\/2023\/03\/Logo-We-Love-Cinema305x128.jpg","width":305,"height":128,"caption":"We Love Cinema"},"image":{"@id":"https:\/\/welovecinema.be\/nl\/#\/schema\/logo\/image\/"},"sameAs":["https:\/\/www.facebook.com\/welovecinema.be","https:\/\/www.youtube.com\/channel\/UCX5LYGVhnKvYauW4Nta4HJA","https:\/\/www.instagram.com\/welovecinema.be\/"]},{"@type":"Person","@id":"https:\/\/welovecinema.be\/nl\/#\/schema\/person\/4b9b1d857f0943453a38a7c2859ef756","name":"Philippe.Pierquin","url":"https:\/\/welovecinema.be\/fr\/author\/philippe-pierquin\/"}]}},"_links":{"self":[{"href":"https:\/\/welovecinema.be\/fr\/wp-json\/wp\/v2\/posts\/20097","targetHints":{"allow":["GET"]}}],"collection":[{"href":"https:\/\/welovecinema.be\/fr\/wp-json\/wp\/v2\/posts"}],"about":[{"href":"https:\/\/welovecinema.be\/fr\/wp-json\/wp\/v2\/types\/post"}],"author":[{"embeddable":true,"href":"https:\/\/welovecinema.be\/fr\/wp-json\/wp\/v2\/users\/7"}],"replies":[{"embeddable":true,"href":"https:\/\/welovecinema.be\/fr\/wp-json\/wp\/v2\/comments?post=20097"}],"version-history":[{"count":0,"href":"https:\/\/welovecinema.be\/fr\/wp-json\/wp\/v2\/posts\/20097\/revisions"}],"wp:featuredmedia":[{"embeddable":true,"href":"https:\/\/welovecinema.be\/fr\/wp-json\/wp\/v2\/media\/20116"}],"wp:attachment":[{"href":"https:\/\/welovecinema.be\/fr\/wp-json\/wp\/v2\/media?parent=20097"}],"wp:term":[{"taxonomy":"category","embeddable":true,"href":"https:\/\/welovecinema.be\/fr\/wp-json\/wp\/v2\/categories?post=20097"},{"taxonomy":"post_tag","embeddable":true,"href":"https:\/\/welovecinema.be\/fr\/wp-json\/wp\/v2\/tags?post=20097"}],"curies":[{"name":"wp","href":"https:\/\/api.w.org\/{rel}","templated":true}]}}