{"id":20073,"date":"2012-07-03T11:48:18","date_gmt":"2012-07-03T11:48:18","guid":{"rendered":"http:\/\/www.cinevox.be\/?p=20073"},"modified":"2013-04-24T12:37:45","modified_gmt":"2013-04-24T12:37:45","slug":"dead-man-talking-francois-berleand-un-film-atypique","status":"publish","type":"post","link":"https:\/\/welovecinema.be\/fr\/dead-man-talking-francois-berleand-un-film-atypique\/","title":{"rendered":"Dead Man Talking &#8211; Fran\u00e7ois Berl\u00e9and &#8211; Un film atypique"},"content":{"rendered":"<p>Pour <em>Dead Man Talking<\/em>, <strong>Fran\u00e7ois Berl\u00e9and<\/strong> a retrouv\u00e9 une \u00e2me de gamin. Volubile, taquin, totalement investi dans le r\u00f4le. Quand on l&rsquo;entend parler de ce qu&rsquo;il a aim\u00e9 dans ce projet, on comprend mieux son enthousiasme.<\/p>\n<p><em>Dead man Talking<\/em>, premier long m\u00e9trage de<strong> Patrick Ridremont <\/strong>sortira en Belgique au d\u00e9but du\u00a0mois\u00a0d&rsquo;octobre 2012.<\/p>\n<p>&nbsp;<\/p>\n","protected":false},"excerpt":{"rendered":"<p>Pour Dead Man Talking, Fran\u00e7ois Berl\u00e9and a retrouv\u00e9 une \u00e2me de gamin. Volubile, taquin, totalement investi dans le r\u00f4le. Quand on l&rsquo;entend parler de ce qu&rsquo;il a aim\u00e9 dans ce projet, on comprend mieux son enthousiasme. Dead man Talking, premier long m\u00e9trage de Patrick Ridremont sortira en Belgique au d\u00e9but du\u00a0mois\u00a0d&rsquo;octobre 2012. &nbsp;<\/p>\n","protected":false},"author":7,"featured_media":20074,"comment_status":"closed","ping_status":"closed","sticky":false,"template":"","format":"standard","meta":{"ngg_post_thumbnail":0,"footnotes":""},"categories":[1978],"tags":[],"class_list":["post-20073","post","type-post","status-publish","format-standard","has-post-thumbnail","","category-interviews"],"yoast_head":"<!-- This site is optimized with the Yoast SEO plugin v20.4 - https:\/\/yoast.com\/wordpress\/plugins\/seo\/ -->\n<title>Dead Man Talking - Fran\u00e7ois Berl\u00e9and - Un film atypique - We Love Cinema<\/title>\n<meta name=\"robots\" content=\"index, follow, max-snippet:-1, max-image-preview:large, max-video-preview:-1\" \/>\n<link rel=\"canonical\" href=\"https:\/\/welovecinema.be\/fr\/dead-man-talking-francois-berleand-un-film-atypique\/\" \/>\n<meta property=\"og:locale\" content=\"fr_FR\" \/>\n<meta property=\"og:type\" content=\"article\" \/>\n<meta property=\"og:title\" content=\"Dead Man Talking - Fran\u00e7ois Berl\u00e9and - Un film atypique - We Love Cinema\" \/>\n<meta property=\"og:description\" content=\"Pour Dead Man Talking, Fran\u00e7ois Berl\u00e9and a retrouv\u00e9 une \u00e2me de gamin. Volubile, taquin, totalement investi dans le r\u00f4le. Quand on l&rsquo;entend parler de ce qu&rsquo;il a aim\u00e9 dans ce projet, on comprend mieux son enthousiasme. Dead man Talking, premier long m\u00e9trage de Patrick Ridremont sortira en Belgique au d\u00e9but du\u00a0mois\u00a0d&rsquo;octobre 2012. &nbsp;\" \/>\n<meta property=\"og:url\" content=\"https:\/\/welovecinema.be\/fr\/dead-man-talking-francois-berleand-un-film-atypique\/\" \/>\n<meta property=\"og:site_name\" content=\"We Love Cinema\" \/>\n<meta property=\"article:publisher\" content=\"https:\/\/www.facebook.com\/welovecinema.be\" \/>\n<meta property=\"article:published_time\" content=\"2012-07-03T11:48:18+00:00\" \/>\n<meta property=\"article:modified_time\" content=\"2013-04-24T12:37:45+00:00\" \/>\n<meta property=\"og:image\" content=\"https:\/\/welovecinema.be\/wp-content\/uploads\/sites\/2\/2012\/04\/berl-1.png\" \/>\n\t<meta property=\"og:image:width\" content=\"835\" \/>\n\t<meta property=\"og:image:height\" content=\"512\" \/>\n\t<meta property=\"og:image:type\" content=\"image\/png\" \/>\n<meta name=\"author\" content=\"Philippe.Pierquin\" \/>\n<meta name=\"twitter:card\" content=\"summary_large_image\" \/>\n<meta name=\"twitter:label1\" content=\"\u00c9crit par\" \/>\n\t<meta name=\"twitter:data1\" content=\"Philippe.Pierquin\" \/>\n<script type=\"application\/ld+json\" class=\"yoast-schema-graph\">{\"@context\":\"https:\/\/schema.org\",\"@graph\":[{\"@type\":\"Article\",\"@id\":\"https:\/\/welovecinema.be\/fr\/dead-man-talking-francois-berleand-un-film-atypique\/#article\",\"isPartOf\":{\"@id\":\"https:\/\/welovecinema.be\/fr\/dead-man-talking-francois-berleand-un-film-atypique\/\"},\"author\":{\"name\":\"Philippe.Pierquin\",\"@id\":\"https:\/\/welovecinema.be\/nl\/#\/schema\/person\/4b9b1d857f0943453a38a7c2859ef756\"},\"headline\":\"Dead Man Talking &#8211; Fran\u00e7ois Berl\u00e9and &#8211; Un film atypique\",\"datePublished\":\"2012-07-03T11:48:18+00:00\",\"dateModified\":\"2013-04-24T12:37:45+00:00\",\"mainEntityOfPage\":{\"@id\":\"https:\/\/welovecinema.be\/fr\/dead-man-talking-francois-berleand-un-film-atypique\/\"},\"wordCount\":74,\"publisher\":{\"@id\":\"https:\/\/welovecinema.be\/nl\/#organization\"},\"articleSection\":[\"Rencontres\"],\"inLanguage\":\"fr-FR\"},{\"@type\":\"WebPage\",\"@id\":\"https:\/\/welovecinema.be\/fr\/dead-man-talking-francois-berleand-un-film-atypique\/\",\"url\":\"https:\/\/welovecinema.be\/fr\/dead-man-talking-francois-berleand-un-film-atypique\/\",\"name\":\"Dead Man Talking - Fran\u00e7ois Berl\u00e9and - Un film atypique - We Love Cinema\",\"isPartOf\":{\"@id\":\"https:\/\/welovecinema.be\/nl\/#website\"},\"datePublished\":\"2012-07-03T11:48:18+00:00\",\"dateModified\":\"2013-04-24T12:37:45+00:00\",\"breadcrumb\":{\"@id\":\"https:\/\/welovecinema.be\/fr\/dead-man-talking-francois-berleand-un-film-atypique\/#breadcrumb\"},\"inLanguage\":\"fr-FR\",\"potentialAction\":[{\"@type\":\"ReadAction\",\"target\":[\"https:\/\/welovecinema.be\/fr\/dead-man-talking-francois-berleand-un-film-atypique\/\"]}]},{\"@type\":\"BreadcrumbList\",\"@id\":\"https:\/\/welovecinema.be\/fr\/dead-man-talking-francois-berleand-un-film-atypique\/#breadcrumb\",\"itemListElement\":[{\"@type\":\"ListItem\",\"position\":1,\"name\":\"Accueil\",\"item\":\"https:\/\/welovecinema.be\/fr\/\"},{\"@type\":\"ListItem\",\"position\":2,\"name\":\"Dead Man Talking &#8211; Fran\u00e7ois Berl\u00e9and &#8211; Un film atypique\"}]},{\"@type\":\"WebSite\",\"@id\":\"https:\/\/welovecinema.be\/nl\/#website\",\"url\":\"https:\/\/welovecinema.be\/nl\/\",\"name\":\"We Love Cinema\",\"description\":\"Toute l\u2019information du cin\u00e9ma en Belgique\",\"publisher\":{\"@id\":\"https:\/\/welovecinema.be\/nl\/#organization\"},\"potentialAction\":[{\"@type\":\"SearchAction\",\"target\":{\"@type\":\"EntryPoint\",\"urlTemplate\":\"https:\/\/welovecinema.be\/nl\/?s={search_term_string}\"},\"query-input\":\"required name=search_term_string\"}],\"inLanguage\":\"fr-FR\"},{\"@type\":\"Organization\",\"@id\":\"https:\/\/welovecinema.be\/nl\/#organization\",\"name\":\"We Love Cinema\",\"url\":\"https:\/\/welovecinema.be\/nl\/\",\"logo\":{\"@type\":\"ImageObject\",\"inLanguage\":\"fr-FR\",\"@id\":\"https:\/\/welovecinema.be\/nl\/#\/schema\/logo\/image\/\",\"url\":\"https:\/\/welovecinema.be\/wp-content\/uploads\/sites\/2\/2023\/03\/Logo-We-Love-Cinema305x128.jpg\",\"contentUrl\":\"https:\/\/welovecinema.be\/wp-content\/uploads\/sites\/2\/2023\/03\/Logo-We-Love-Cinema305x128.jpg\",\"width\":305,\"height\":128,\"caption\":\"We Love Cinema\"},\"image\":{\"@id\":\"https:\/\/welovecinema.be\/nl\/#\/schema\/logo\/image\/\"},\"sameAs\":[\"https:\/\/www.facebook.com\/welovecinema.be\",\"https:\/\/www.youtube.com\/channel\/UCX5LYGVhnKvYauW4Nta4HJA\",\"https:\/\/www.instagram.com\/welovecinema.be\/\"]},{\"@type\":\"Person\",\"@id\":\"https:\/\/welovecinema.be\/nl\/#\/schema\/person\/4b9b1d857f0943453a38a7c2859ef756\",\"name\":\"Philippe.Pierquin\",\"url\":\"https:\/\/welovecinema.be\/fr\/author\/philippe-pierquin\/\"}]}<\/script>\n<!-- \/ Yoast SEO plugin. -->","yoast_head_json":{"title":"Dead Man Talking - Fran\u00e7ois Berl\u00e9and - Un film atypique - We Love Cinema","robots":{"index":"index","follow":"follow","max-snippet":"max-snippet:-1","max-image-preview":"max-image-preview:large","max-video-preview":"max-video-preview:-1"},"canonical":"https:\/\/welovecinema.be\/fr\/dead-man-talking-francois-berleand-un-film-atypique\/","og_locale":"fr_FR","og_type":"article","og_title":"Dead Man Talking - Fran\u00e7ois Berl\u00e9and - Un film atypique - We Love Cinema","og_description":"Pour Dead Man Talking, Fran\u00e7ois Berl\u00e9and a retrouv\u00e9 une \u00e2me de gamin. Volubile, taquin, totalement investi dans le r\u00f4le. Quand on l&rsquo;entend parler de ce qu&rsquo;il a aim\u00e9 dans ce projet, on comprend mieux son enthousiasme. Dead man Talking, premier long m\u00e9trage de Patrick Ridremont sortira en Belgique au d\u00e9but du\u00a0mois\u00a0d&rsquo;octobre 2012. &nbsp;","og_url":"https:\/\/welovecinema.be\/fr\/dead-man-talking-francois-berleand-un-film-atypique\/","og_site_name":"We Love Cinema","article_publisher":"https:\/\/www.facebook.com\/welovecinema.be","article_published_time":"2012-07-03T11:48:18+00:00","article_modified_time":"2013-04-24T12:37:45+00:00","og_image":[{"width":"835","height":"512","url":"https:\/\/welovecinema.be\/wp-content\/uploads\/sites\/2\/2012\/04\/berl-1.png","type":"image\/png"}],"author":"Philippe.Pierquin","twitter_card":"summary_large_image","twitter_misc":{"\u00c9crit par":"Philippe.Pierquin"},"schema":{"@context":"https:\/\/schema.org","@graph":[{"@type":"Article","@id":"https:\/\/welovecinema.be\/fr\/dead-man-talking-francois-berleand-un-film-atypique\/#article","isPartOf":{"@id":"https:\/\/welovecinema.be\/fr\/dead-man-talking-francois-berleand-un-film-atypique\/"},"author":{"name":"Philippe.Pierquin","@id":"https:\/\/welovecinema.be\/nl\/#\/schema\/person\/4b9b1d857f0943453a38a7c2859ef756"},"headline":"Dead Man Talking &#8211; Fran\u00e7ois Berl\u00e9and &#8211; Un film atypique","datePublished":"2012-07-03T11:48:18+00:00","dateModified":"2013-04-24T12:37:45+00:00","mainEntityOfPage":{"@id":"https:\/\/welovecinema.be\/fr\/dead-man-talking-francois-berleand-un-film-atypique\/"},"wordCount":74,"publisher":{"@id":"https:\/\/welovecinema.be\/nl\/#organization"},"articleSection":["Rencontres"],"inLanguage":"fr-FR"},{"@type":"WebPage","@id":"https:\/\/welovecinema.be\/fr\/dead-man-talking-francois-berleand-un-film-atypique\/","url":"https:\/\/welovecinema.be\/fr\/dead-man-talking-francois-berleand-un-film-atypique\/","name":"Dead Man Talking - Fran\u00e7ois Berl\u00e9and - Un film atypique - We Love Cinema","isPartOf":{"@id":"https:\/\/welovecinema.be\/nl\/#website"},"datePublished":"2012-07-03T11:48:18+00:00","dateModified":"2013-04-24T12:37:45+00:00","breadcrumb":{"@id":"https:\/\/welovecinema.be\/fr\/dead-man-talking-francois-berleand-un-film-atypique\/#breadcrumb"},"inLanguage":"fr-FR","potentialAction":[{"@type":"ReadAction","target":["https:\/\/welovecinema.be\/fr\/dead-man-talking-francois-berleand-un-film-atypique\/"]}]},{"@type":"BreadcrumbList","@id":"https:\/\/welovecinema.be\/fr\/dead-man-talking-francois-berleand-un-film-atypique\/#breadcrumb","itemListElement":[{"@type":"ListItem","position":1,"name":"Accueil","item":"https:\/\/welovecinema.be\/fr\/"},{"@type":"ListItem","position":2,"name":"Dead Man Talking &#8211; Fran\u00e7ois Berl\u00e9and &#8211; Un film atypique"}]},{"@type":"WebSite","@id":"https:\/\/welovecinema.be\/nl\/#website","url":"https:\/\/welovecinema.be\/nl\/","name":"We Love Cinema","description":"Toute l\u2019information du cin\u00e9ma en Belgique","publisher":{"@id":"https:\/\/welovecinema.be\/nl\/#organization"},"potentialAction":[{"@type":"SearchAction","target":{"@type":"EntryPoint","urlTemplate":"https:\/\/welovecinema.be\/nl\/?s={search_term_string}"},"query-input":"required name=search_term_string"}],"inLanguage":"fr-FR"},{"@type":"Organization","@id":"https:\/\/welovecinema.be\/nl\/#organization","name":"We Love Cinema","url":"https:\/\/welovecinema.be\/nl\/","logo":{"@type":"ImageObject","inLanguage":"fr-FR","@id":"https:\/\/welovecinema.be\/nl\/#\/schema\/logo\/image\/","url":"https:\/\/welovecinema.be\/wp-content\/uploads\/sites\/2\/2023\/03\/Logo-We-Love-Cinema305x128.jpg","contentUrl":"https:\/\/welovecinema.be\/wp-content\/uploads\/sites\/2\/2023\/03\/Logo-We-Love-Cinema305x128.jpg","width":305,"height":128,"caption":"We Love Cinema"},"image":{"@id":"https:\/\/welovecinema.be\/nl\/#\/schema\/logo\/image\/"},"sameAs":["https:\/\/www.facebook.com\/welovecinema.be","https:\/\/www.youtube.com\/channel\/UCX5LYGVhnKvYauW4Nta4HJA","https:\/\/www.instagram.com\/welovecinema.be\/"]},{"@type":"Person","@id":"https:\/\/welovecinema.be\/nl\/#\/schema\/person\/4b9b1d857f0943453a38a7c2859ef756","name":"Philippe.Pierquin","url":"https:\/\/welovecinema.be\/fr\/author\/philippe-pierquin\/"}]}},"_links":{"self":[{"href":"https:\/\/welovecinema.be\/fr\/wp-json\/wp\/v2\/posts\/20073","targetHints":{"allow":["GET"]}}],"collection":[{"href":"https:\/\/welovecinema.be\/fr\/wp-json\/wp\/v2\/posts"}],"about":[{"href":"https:\/\/welovecinema.be\/fr\/wp-json\/wp\/v2\/types\/post"}],"author":[{"embeddable":true,"href":"https:\/\/welovecinema.be\/fr\/wp-json\/wp\/v2\/users\/7"}],"replies":[{"embeddable":true,"href":"https:\/\/welovecinema.be\/fr\/wp-json\/wp\/v2\/comments?post=20073"}],"version-history":[{"count":0,"href":"https:\/\/welovecinema.be\/fr\/wp-json\/wp\/v2\/posts\/20073\/revisions"}],"wp:featuredmedia":[{"embeddable":true,"href":"https:\/\/welovecinema.be\/fr\/wp-json\/wp\/v2\/media\/20074"}],"wp:attachment":[{"href":"https:\/\/welovecinema.be\/fr\/wp-json\/wp\/v2\/media?parent=20073"}],"wp:term":[{"taxonomy":"category","embeddable":true,"href":"https:\/\/welovecinema.be\/fr\/wp-json\/wp\/v2\/categories?post=20073"},{"taxonomy":"post_tag","embeddable":true,"href":"https:\/\/welovecinema.be\/fr\/wp-json\/wp\/v2\/tags?post=20073"}],"curies":[{"name":"wp","href":"https:\/\/api.w.org\/{rel}","templated":true}]}}