{"id":200447,"date":"2017-06-06T11:32:45","date_gmt":"2017-06-06T09:32:45","guid":{"rendered":"http:\/\/www.cinevox.be\/?p=200447\/"},"modified":"2017-06-08T09:15:11","modified_gmt":"2017-06-08T07:15:11","slug":"rencontre-jean-philippe-martin-realisateur-de-sonar","status":"publish","type":"post","link":"https:\/\/welovecinema.be\/fr\/rencontre-jean-philippe-martin-realisateur-de-sonar\/","title":{"rendered":"Rencontre avec Jean-Philippe Martin, r\u00e9alisateur de \u00ab\u00a0Sonar\u00a0\u00bb"},"content":{"rendered":"<p><strong>On a rencontr\u00e9 Jean-Philippe Martin, qui nous parle de son parcours, des origines de son premier long m\u00e9trage, <em>Sonar<\/em>, et de son rapport particulier au son.\u00a0On suit <em>dans Sonar<\/em>\u00a0le voyage intime et physique de Thomas, ing\u00e9nieur du son, dont la passion est de r\u00e9aliser des portraits sonores. Fig\u00e9 dans le souvenir d\u2019une liaison amoureuse, il vit reclus dans son studio d\u2019enregistrement. Quand Amina, jeune femme solaire, s\u2019impose dans sa vie et livre son histoire, elle apparait comme un sujet de portrait r\u00eav\u00e9. Pour savoir qui elle est vraiment, Thomas devra tendre son micro, de la banlieue au Maroc, et r\u00e9apprendre \u00e0 \u00e9couter.<\/strong><\/p>\n<h4 class=\"p1\"><span class=\"s1\"><b>D\u2019o\u00f9 venez-vous?<\/b><\/span><\/h4>\n<p class=\"p1\"><span class=\"s1\">Je viens du Sud-Ouest de la France, je suis arriv\u00e9 en Belgique il y a 20 ans pour faire l\u2019INRACI. Je me suis retrouv\u00e9 \u00e0 r\u00e9aliser des fictions, alors que j\u2019\u00e9tais plut\u00f4t venu apprendre \u00e0 utiliser une cam\u00e9ra pour faire des documentaires. Mon film de fin d\u2019\u00e9tudes \u00e9tait d\u00e9j\u00e0 une fiction, puis l\u2019ann\u00e9e d\u2019apr\u00e8s j\u2019ai gagn\u00e9 une comp\u00e9tition de sc\u00e9nario, le Prix Kieslowski, qui offrait la production du court m\u00e9trage. J\u2019ai fait plusieurs courts et documentaires, dont un sur Manou Gallo, musicienne ivoirienne qui vit \u00e0 Bruxelles partag\u00e9e dans sa vie de femme entrera culture d\u2019origine qui la pousse vers la maternit\u00e9, et son envie de s\u2019accomplir en tant que musicienne en Europe. D\u00e9j\u00e0 un portrait musical, sonore. <em>Sonar<\/em> a mis du temps \u00e0 arriver\u2026 <\/span><\/p>\n<h4 class=\"p1\"><span class=\"s1\"><b>Quelles sont les origines du\u00a0projet?<\/b><\/span><\/h4>\n<p class=\"p1\"><span class=\"s1\">D\u2019une somme de choses qui me constituent! J\u2019avais envie de traiter la question du, ou plut\u00f4t des sons, parce que j\u2019ai enregistr\u00e9 beaucoup de choses lors de mes voyages, et c\u2019est ce qui me ram\u00e8ne le plus efficacement dans mes souvenirs. <\/span><span class=\"s1\">J\u2019avais envie d\u2019\u00e9crire un r\u00e9cit d\u2019ouverture, une aventure \u00e9clairante comme j\u2019ai pu en vivre lors de mes voyages.<\/span><\/p>\n<blockquote>\n<p class=\"p1\">Le son me ram\u00e8ne imm\u00e9diatement dans mes souvenirs.<\/p>\n<\/blockquote>\n<h4 class=\"p1\"><span class=\"s1\"><b>Le d\u00e9fi du film, c\u2019est mettre le son \u00e0 l\u2019image. Comment cela se joue-t-il \u00e0 l\u2019\u00e9criture? <\/b><\/span><\/h4>\n<p class=\"p1\"><span class=\"s1\">A certaines \u00e9tapes de l\u2019\u00e9criture, c\u2019\u00e9tait presque trop \u00e9crit, et c\u2019\u00e9tait difficile \u00e0 faire comprendre au lecteur. Cela a m\u00eame pu \u00eatre probl\u00e9matique dans le d\u00e9veloppement du projet. Faire passer le son \u00e0 l\u2019image, \u00e7a marche, mais \u00e0 l\u2019\u00e9crit\u2026\u00a0<\/span><span class=\"s1\">Mes influences, c\u2019\u00e9tait notamment <em>Conversations Secr\u00e8tes<\/em> de Coppola, <em>Blow Out<\/em> de De Palma. <\/span><span class=\"s1\">C\u2019est un film sur le son, mais surtout film sur la parole, sur le contact, le rapport \u00e0 l\u2019autre. Ce personnage singulier d\u2019ing\u00e9nieur du son, c\u2019\u00e9tait un passeur. Ouvrir son micro, tendre son micro signifiait pour lui \u00eatre \u00e0 l\u2019\u00e9coute, une repr\u00e9sentation physique du processus en somme.<\/span><\/p>\n<p class=\"p1\"><img loading=\"lazy\" decoding=\"async\" class=\"wp-image-200450 size-large alignnone\" src=\"http:\/\/www.cinevox.be\/wp-content\/uploads\/sites\/2\/2017\/06\/sonar-micro-800x340.jpg\" alt=\"sonar-micro\" width=\"618\" height=\"263\" srcset=\"https:\/\/welovecinema.be\/wp-content\/uploads\/sites\/2\/2017\/06\/sonar-micro-800x340.jpg 800w, https:\/\/welovecinema.be\/wp-content\/uploads\/sites\/2\/2017\/06\/sonar-micro-480x204.jpg 480w, https:\/\/welovecinema.be\/wp-content\/uploads\/sites\/2\/2017\/06\/sonar-micro-768x327.jpg 768w\" sizes=\"auto, (max-width: 618px) 100vw, 618px\" \/><\/p>\n<h4 class=\"p1\"><strong>Comment avez-vous choisi de traiter le son \u00e0 l&rsquo;image?<\/strong><\/h4>\n<p class=\"p1\"><span class=\"s1\">Je voulais ne pas forc\u00e9ment \u00eatre dans un lien causal entre l&rsquo;image et le son. C\u2019est hallucinant le nombre de possibilit\u00e9s que \u00e7a ouvre. Chaque son am\u00e8ne quelque chose de diff\u00e9rent \u00e0 l\u2019image, modifie la narration, le r\u00e9cit. Il y avait plusieurs niveaux de r\u00e9flexion par rapport au son: le portrait sonore d\u2019Amina en tant que tel, la fa\u00e7on dont le son se d\u00e9cale par rapport \u00e0 l\u2019image, la fa\u00e7on dont Thomas ressent le son.<\/span><\/p>\n<blockquote>\n<p class=\"p1\">Eviter le\u00a0lien causal entre l&rsquo;image et le son.<\/p>\n<\/blockquote>\n<h4 class=\"p1\"><span class=\"s1\"><b>Le montage son a eu un r\u00f4le pr\u00e9pond\u00e9rant?<\/b><\/span><\/h4>\n<p class=\"p1\"><span class=\"s1\">Oui, d\u2019autant que sur mon court m\u00e9trage <i>Lapin aux c\u00e8pes<\/i> j\u2019avais \u00e9t\u00e9 frustr\u00e9 lors de cette \u00e9tape, j\u2019avais l\u2019impression de faire du remplissage, ou en tous cas de ne pas amener trop d\u2019id\u00e9es pour bonifier le film \u00e0 ce moment-l\u00e0. Je trouvais \u00e7a d\u00e9cevant de ne rien avoir de plus \u00e0 proposer. Il fallait ouvrir ce champ, explorer cet univers. Quand on fait le focus sur \u00e7a, \u00e7a devient magique!<\/span><\/p>\n<h4 class=\"p1\"><span class=\"s1\"><b>En partant \u00e0 la recherche des origines dune autre, c\u2019est finalement lui qu\u2019il trouve\u2026<\/b><\/span><\/h4>\n<p class=\"p1\"><span class=\"s1\">L\u2019autre est la solution de son propre bien-\u00eatre. Se montrer g\u00e9n\u00e9reux dans son rapport aux autres et au monde, \u00e7a ne peut que nous faire du bien, nous amener de la s\u00e9r\u00e9nit\u00e9. C\u2019est un discours un peu humaniste, mais que j\u2019assume compl\u00e8tement. Je suis persuad\u00e9 de \u00e7a, que la solution \u00e0 tout mal-\u00eatre, c\u2019est l\u2019autre. A une \u00e9poque on l\u2019on communique \u00e0 tort et \u00e0 travers, on perd pourtant parfois de vue la communication directe.<\/span><\/p>\n<p class=\"p1\"><span class=\"s1\"><b><img loading=\"lazy\" decoding=\"async\" class=\"size-full wp-image-200455 alignnone\" src=\"http:\/\/www.cinevox.be\/wp-content\/uploads\/sites\/2\/2017\/06\/Sonar_094_640.jpeg\" alt=\"Sonar_094_640\" width=\"640\" height=\"273\" srcset=\"https:\/\/welovecinema.be\/wp-content\/uploads\/sites\/2\/2017\/06\/Sonar_094_640.jpeg 640w, https:\/\/welovecinema.be\/wp-content\/uploads\/sites\/2\/2017\/06\/Sonar_094_640-480x205.jpeg 480w\" sizes=\"auto, (max-width: 640px) 100vw, 640px\" \/>\u00a0<\/b><\/span><\/p>\n<p class=\"p1\"><span class=\"s1\"><b>Amina aspire \u00e0 r\u00e9inventer son histoire, tout en retournant vers ses origines<\/b><\/span><\/p>\n<p class=\"p1\"><span class=\"s1\">Je voulais parler du droit \u00e0 ne pas \u00eatre d\u00e9termin\u00e9 par ce que l\u2019on repr\u00e9sente aux yeux des autres, du fait de nos origines, de notre milieu. Amina joue des codes de la beurette qu\u2019on lui renvoie sans cesse. Elle s\u2019en sert parfois en se faisant passer pour une sans-papier, elle peut grossir le trait pour faire pleurer, parce que c\u2019est l\u2019identit\u00e9 qu\u2019on lui a toujours renvoy\u00e9e, et \u00e0 laquelle elle a d\u00fb faire face. Au final on est tous confront\u00e9s aux m\u00eame probl\u00e8mes, on se construit des barri\u00e8res par peur, par pudeur parfois. Souvent on fuit en avant. On a tous la m\u00eame fragilit\u00e9, que ce soit Amina, Thomas, ou Wyatt, ils ont tous des f\u00ealures qui les rendent profond\u00e9ment humains et les rassemblent.\u00a0<\/span><\/p>\n<blockquote>\n<p class=\"p1\">Emin\u00e9 m&rsquo;a\u00a0d\u2019embl\u00e9e\u00a0amen\u00e9 vers une Amina qui m&rsquo;a surpris. Avec Baptiste, on a fait le travail inverse, on a cherch\u00e9 \u00e0 remonter en arri\u00e8re, fermer ses espaces.<\/p>\n<\/blockquote>\n<p class=\"p1\"><span class=\"s1\"><b>Pouvez-vous nous parler un peu du casting?<\/b><\/span><\/p>\n<p class=\"p1\"><span class=\"s1\">J\u2019ai \u00e9videmment \u00e9t\u00e9 particuli\u00e8rement sensible \u00e0 la voix un peu \u00e9raill\u00e9e d\u2019Emin\u00e9, un peu basse, mais qui se craque d\u00e8s qu\u2019elle monte dans les aigus, elle a un timbre tr\u00e8s particulier. D\u00e8s le casting, elle s\u2019est impos\u00e9e par sa pr\u00e9sence et sa force, elle n\u2019a pas h\u00e9sit\u00e9 \u00e0 me mentir, notamment sur son \u00e2ge. Emin\u00e9 m&rsquo;a\u00a0d\u2019embl\u00e9e\u00a0amen\u00e9 vers une Amina qui m&rsquo;a surpris. Et derri\u00e8re, sa fragilit\u00e9.<\/span><\/p>\n<p class=\"p1\"><span class=\"s1\">Pour le r\u00f4le de Thomas, Baptiste semblait \u00e0 l\u2019oppos\u00e9 de ce que je recherchais. J\u2019avais imagin\u00e9 un Thomas assez rugueux, assez physique, une masse, qui allait s\u2019ouvrir au fil du r\u00e9cit.<span class=\"Apple-converted-space\">\u00a0 <\/span>Quand j\u2019ai rencontr\u00e9 Baptiste, il \u00e9tait d\u00e9j\u00e0 en quelque sorte le Thomas de la fin du r\u00e9cit. On a donc d\u00fb faire le travail inverse, remonter en arri\u00e8re, fermer ses espaces, le rendre obtus pour qu\u2019il laisse passer la lumi\u00e8re au fur et \u00e0 mesure\u2026 <\/span><\/p>\n<p class=\"p1\"><span class=\"s1\">Pour le r\u00f4le de Wyatt, j\u2019ai eu un choix de luxe au casting! Mais Bernie Bonvoisin \u00e9tait le personnage en fait, ce musicien un peu bougon, ce vieux rockeur. Il est \u00e0 la fois massif, et fragile, et d\u2019une grande sensibilit\u00e9. Quant \u00e0 Brisa Roch\u00e9, je cherchais pour Lisa un personnage uniquement sonore, reconnaissable par son accent. Au d\u00e9but je pensais plut\u00f4t \u00e0 une chanteuse flamande, mais j\u2019ai repens\u00e9 \u00e0 Brisa <em>(une chanteuse am\u00e9ricaine install\u00e9e en France, ndlr)<\/em> que je suis depuis ses d\u00e9buts. C\u2019est quelqu\u2019un d\u2019\u00e0 la fois tr\u00e8s lunaire, et tr\u00e8s ouvert.<\/span><\/p>\n<p class=\"p1\"><img loading=\"lazy\" decoding=\"async\" class=\"size-large wp-image-200456 alignnone\" src=\"http:\/\/www.cinevox.be\/wp-content\/uploads\/sites\/2\/2017\/06\/Sonar-Bernie-Bonvoisin-2-800x341.jpg\" alt=\"Sonar-Bernie-Bonvoisin 2\" width=\"618\" height=\"263\" srcset=\"https:\/\/welovecinema.be\/wp-content\/uploads\/sites\/2\/2017\/06\/Sonar-Bernie-Bonvoisin-2-800x341.jpg 800w, https:\/\/welovecinema.be\/wp-content\/uploads\/sites\/2\/2017\/06\/Sonar-Bernie-Bonvoisin-2-480x204.jpg 480w, https:\/\/welovecinema.be\/wp-content\/uploads\/sites\/2\/2017\/06\/Sonar-Bernie-Bonvoisin-2-768x327.jpg 768w\" sizes=\"auto, (max-width: 618px) 100vw, 618px\" \/><\/p>\n<h4 class=\"p1\"><b><i>Sonar<\/i>, c\u2019est aussi une dr\u00f4le d\u2019histoire d\u2019amour?<\/b><\/h4>\n<p class=\"p1\"><span class=\"s1\">C\u2019est une histoire d\u2019amour, un roman noir\u2026 Je joue pas mal avec les codes, la premi\u00e8re partie est construite presque comme une com\u00e9die romantique matin\u00e9e de film noir. Je ne voulais pas d\u2019une<span class=\"Apple-converted-space\">\u00a0 <\/span>r\u00e9solution trop heureuse pour cette histoire, m\u00eame si on en a tourn\u00e9 une! Ce n\u2019\u00e9tait pas le sens du film. Ces personnages ne sont pas fonci\u00e8rement amoureux, ils se sont juste rentr\u00e9s dedans, et se sont faits du bien dans leur collision. Ils seront peut-\u00eatre amoureux plus tard, mais ils sont partis sur de mauvaises bases. L\u2019un et l\u2019autre sont oblig\u00e9s de s\u2019ouvrir. Je parle aussi d\u2019une certaine id\u00e9e de l\u2019amour, la n\u00e9cessit\u00e9 d\u2019\u00eatre ouvert \u00e0 l\u2019autre. Cette g\u00e9n\u00e9rosit\u00e9 doit arriver dans le rapport au monde, mais aussi dans le couple.<\/span><\/p>\n<p class=\"p1\"><img loading=\"lazy\" decoding=\"async\" class=\"wp-image-200454 size-large alignnone\" src=\"http:\/\/www.cinevox.be\/wp-content\/uploads\/sites\/2\/2017\/06\/sonar-Emine-Baptiste-2-800x450.jpg\" alt=\"sonar-Emine-Baptiste 2\" width=\"618\" height=\"348\" srcset=\"https:\/\/welovecinema.be\/wp-content\/uploads\/sites\/2\/2017\/06\/sonar-Emine-Baptiste-2-800x450.jpg 800w, https:\/\/welovecinema.be\/wp-content\/uploads\/sites\/2\/2017\/06\/sonar-Emine-Baptiste-2-200x113.jpg 200w, https:\/\/welovecinema.be\/wp-content\/uploads\/sites\/2\/2017\/06\/sonar-Emine-Baptiste-2-480x270.jpg 480w, https:\/\/welovecinema.be\/wp-content\/uploads\/sites\/2\/2017\/06\/sonar-Emine-Baptiste-2-768x432.jpg 768w, https:\/\/welovecinema.be\/wp-content\/uploads\/sites\/2\/2017\/06\/sonar-Emine-Baptiste-2.jpg 1920w\" sizes=\"auto, (max-width: 618px) 100vw, 618px\" \/><\/p>\n<h4 class=\"p1\"><span class=\"s1\"><b>Le voyage a aussi une place pr\u00e9pond\u00e9rante?<\/b><\/span><\/h4>\n<p class=\"p1\"><span class=\"s1\">J\u2019avais envie d\u2019un r\u00e9cit initiatique, l\u2019id\u00e9e de confronter un parcours intime et un parcours g\u00e9ographique, avoir ces deux territoires qui se r\u00e9pondent. Dans ma vie, le voyage a \u00e9t\u00e9 essentiel, il m\u2019a constitu\u00e9 et form\u00e9. Evidemment, cela devait se retrouver dans mon premier film. C\u2019est toujours pour moi la meilleure fa\u00e7on de faire le point sur soi-m\u00eame, et parfois de se r\u00e9inventer.<\/span><\/p>\n<blockquote>\n<p class=\"p1\">J\u2019avais envie d\u2019un r\u00e9cit initiatique, l\u2019id\u00e9e de confronter un parcours intime et un parcours g\u00e9ographique, avoir ces deux territoires qui se r\u00e9pondent.<\/p>\n<\/blockquote>\n<p class=\"p1\"><em><strong>Sonar<\/strong><\/em>, premier long m\u00e9trage de Jean-Philippe Martin, avec Baptiste Sornin, Emin\u00e9 Meyrem, Naidra Ayadi, Bernie Bonvoisin, produit par H\u00e9licotronc (voir notre interview avec les producteurs)\u00a0sort ce mercredi 7 juin en Belgique<\/p>\n","protected":false},"excerpt":{"rendered":"<p>On a rencontr\u00e9 Jean-Philippe Martin, qui nous parle de son parcours, des origines de son premier long m\u00e9trage, Sonar, et de son rapport particulier au son.\u00a0On suit dans Sonar\u00a0le voyage intime et physique de Thomas, ing\u00e9nieur du son, dont la passion est de r\u00e9aliser des portraits sonores. Fig\u00e9 dans le souvenir d\u2019une liaison amoureuse, il &hellip;<\/p>\n","protected":false},"author":343,"featured_media":200448,"comment_status":"closed","ping_status":"closed","sticky":false,"template":"","format":"standard","meta":{"ngg_post_thumbnail":0,"footnotes":""},"categories":[1978],"tags":[2032,1882],"class_list":["post-200447","post","type-post","status-publish","format-standard","has-post-thumbnail","","category-interviews","tag-jean-philippe-martin","tag-sonar"],"yoast_head":"<!-- This site is optimized with the Yoast SEO plugin v20.4 - https:\/\/yoast.com\/wordpress\/plugins\/seo\/ -->\n<title>Rencontre avec Jean-Philippe Martin, r\u00e9alisateur de &quot;Sonar&quot; - We Love Cinema<\/title>\n<meta name=\"robots\" content=\"index, follow, max-snippet:-1, max-image-preview:large, max-video-preview:-1\" \/>\n<link rel=\"canonical\" href=\"https:\/\/welovecinema.be\/fr\/rencontre-jean-philippe-martin-realisateur-de-sonar\/\" \/>\n<meta property=\"og:locale\" content=\"fr_FR\" \/>\n<meta property=\"og:type\" content=\"article\" \/>\n<meta property=\"og:title\" content=\"Rencontre avec Jean-Philippe Martin, r\u00e9alisateur de &quot;Sonar&quot; - We Love Cinema\" \/>\n<meta property=\"og:description\" content=\"On a rencontr\u00e9 Jean-Philippe Martin, qui nous parle de son parcours, des origines de son premier long m\u00e9trage, Sonar, et de son rapport particulier au son.\u00a0On suit dans Sonar\u00a0le voyage intime et physique de Thomas, ing\u00e9nieur du son, dont la passion est de r\u00e9aliser des portraits sonores. Fig\u00e9 dans le souvenir d\u2019une liaison amoureuse, il &hellip;\" \/>\n<meta property=\"og:url\" content=\"https:\/\/welovecinema.be\/fr\/rencontre-jean-philippe-martin-realisateur-de-sonar\/\" \/>\n<meta property=\"og:site_name\" content=\"We Love Cinema\" \/>\n<meta property=\"article:publisher\" content=\"https:\/\/www.facebook.com\/welovecinema.be\" \/>\n<meta property=\"article:published_time\" content=\"2017-06-06T09:32:45+00:00\" \/>\n<meta property=\"article:modified_time\" content=\"2017-06-08T07:15:11+00:00\" \/>\n<meta property=\"og:image\" content=\"https:\/\/welovecinema.be\/wp-content\/uploads\/sites\/2\/2017\/06\/Jean-Philippe-Martin-Portrait.jpg\" \/>\n\t<meta property=\"og:image:width\" content=\"1639\" \/>\n\t<meta property=\"og:image:height\" content=\"908\" \/>\n\t<meta property=\"og:image:type\" content=\"image\/jpeg\" \/>\n<meta name=\"author\" content=\"Aurore Engelen\" \/>\n<meta name=\"twitter:card\" content=\"summary_large_image\" \/>\n<meta name=\"twitter:label1\" content=\"\u00c9crit par\" \/>\n\t<meta name=\"twitter:data1\" content=\"Aurore Engelen\" \/>\n\t<meta name=\"twitter:label2\" content=\"Dur\u00e9e de lecture estim\u00e9e\" \/>\n\t<meta name=\"twitter:data2\" content=\"8 minutes\" \/>\n<script type=\"application\/ld+json\" class=\"yoast-schema-graph\">{\"@context\":\"https:\/\/schema.org\",\"@graph\":[{\"@type\":\"Article\",\"@id\":\"https:\/\/welovecinema.be\/fr\/rencontre-jean-philippe-martin-realisateur-de-sonar\/#article\",\"isPartOf\":{\"@id\":\"https:\/\/welovecinema.be\/fr\/rencontre-jean-philippe-martin-realisateur-de-sonar\/\"},\"author\":{\"name\":\"Aurore Engelen\",\"@id\":\"https:\/\/welovecinema.be\/nl\/#\/schema\/person\/8084b68c6b176142d073695c654dc7cf\"},\"headline\":\"Rencontre avec Jean-Philippe Martin, r\u00e9alisateur de \u00ab\u00a0Sonar\u00a0\u00bb\",\"datePublished\":\"2017-06-06T09:32:45+00:00\",\"dateModified\":\"2017-06-08T07:15:11+00:00\",\"mainEntityOfPage\":{\"@id\":\"https:\/\/welovecinema.be\/fr\/rencontre-jean-philippe-martin-realisateur-de-sonar\/\"},\"wordCount\":1536,\"publisher\":{\"@id\":\"https:\/\/welovecinema.be\/nl\/#organization\"},\"keywords\":[\"Jean-Philippe Martin\",\"Sonar\"],\"articleSection\":[\"Rencontres\"],\"inLanguage\":\"fr-FR\"},{\"@type\":\"WebPage\",\"@id\":\"https:\/\/welovecinema.be\/fr\/rencontre-jean-philippe-martin-realisateur-de-sonar\/\",\"url\":\"https:\/\/welovecinema.be\/fr\/rencontre-jean-philippe-martin-realisateur-de-sonar\/\",\"name\":\"Rencontre avec Jean-Philippe Martin, r\u00e9alisateur de \\\"Sonar\\\" - We Love Cinema\",\"isPartOf\":{\"@id\":\"https:\/\/welovecinema.be\/nl\/#website\"},\"datePublished\":\"2017-06-06T09:32:45+00:00\",\"dateModified\":\"2017-06-08T07:15:11+00:00\",\"breadcrumb\":{\"@id\":\"https:\/\/welovecinema.be\/fr\/rencontre-jean-philippe-martin-realisateur-de-sonar\/#breadcrumb\"},\"inLanguage\":\"fr-FR\",\"potentialAction\":[{\"@type\":\"ReadAction\",\"target\":[\"https:\/\/welovecinema.be\/fr\/rencontre-jean-philippe-martin-realisateur-de-sonar\/\"]}]},{\"@type\":\"BreadcrumbList\",\"@id\":\"https:\/\/welovecinema.be\/fr\/rencontre-jean-philippe-martin-realisateur-de-sonar\/#breadcrumb\",\"itemListElement\":[{\"@type\":\"ListItem\",\"position\":1,\"name\":\"Accueil\",\"item\":\"https:\/\/welovecinema.be\/fr\/\"},{\"@type\":\"ListItem\",\"position\":2,\"name\":\"Rencontre avec Jean-Philippe Martin, r\u00e9alisateur de \u00ab\u00a0Sonar\u00a0\u00bb\"}]},{\"@type\":\"WebSite\",\"@id\":\"https:\/\/welovecinema.be\/nl\/#website\",\"url\":\"https:\/\/welovecinema.be\/nl\/\",\"name\":\"We Love Cinema\",\"description\":\"Toute l\u2019information du cin\u00e9ma en Belgique\",\"publisher\":{\"@id\":\"https:\/\/welovecinema.be\/nl\/#organization\"},\"potentialAction\":[{\"@type\":\"SearchAction\",\"target\":{\"@type\":\"EntryPoint\",\"urlTemplate\":\"https:\/\/welovecinema.be\/nl\/?s={search_term_string}\"},\"query-input\":\"required name=search_term_string\"}],\"inLanguage\":\"fr-FR\"},{\"@type\":\"Organization\",\"@id\":\"https:\/\/welovecinema.be\/nl\/#organization\",\"name\":\"We Love Cinema\",\"url\":\"https:\/\/welovecinema.be\/nl\/\",\"logo\":{\"@type\":\"ImageObject\",\"inLanguage\":\"fr-FR\",\"@id\":\"https:\/\/welovecinema.be\/nl\/#\/schema\/logo\/image\/\",\"url\":\"https:\/\/welovecinema.be\/wp-content\/uploads\/sites\/2\/2023\/03\/Logo-We-Love-Cinema305x128.jpg\",\"contentUrl\":\"https:\/\/welovecinema.be\/wp-content\/uploads\/sites\/2\/2023\/03\/Logo-We-Love-Cinema305x128.jpg\",\"width\":305,\"height\":128,\"caption\":\"We Love Cinema\"},\"image\":{\"@id\":\"https:\/\/welovecinema.be\/nl\/#\/schema\/logo\/image\/\"},\"sameAs\":[\"https:\/\/www.facebook.com\/welovecinema.be\",\"https:\/\/www.youtube.com\/channel\/UCX5LYGVhnKvYauW4Nta4HJA\",\"https:\/\/www.instagram.com\/welovecinema.be\/\"]},{\"@type\":\"Person\",\"@id\":\"https:\/\/welovecinema.be\/nl\/#\/schema\/person\/8084b68c6b176142d073695c654dc7cf\",\"name\":\"Aurore Engelen\",\"url\":\"https:\/\/welovecinema.be\/fr\/author\/aurore-engelen\/\"}]}<\/script>\n<!-- \/ Yoast SEO plugin. -->","yoast_head_json":{"title":"Rencontre avec Jean-Philippe Martin, r\u00e9alisateur de \"Sonar\" - We Love Cinema","robots":{"index":"index","follow":"follow","max-snippet":"max-snippet:-1","max-image-preview":"max-image-preview:large","max-video-preview":"max-video-preview:-1"},"canonical":"https:\/\/welovecinema.be\/fr\/rencontre-jean-philippe-martin-realisateur-de-sonar\/","og_locale":"fr_FR","og_type":"article","og_title":"Rencontre avec Jean-Philippe Martin, r\u00e9alisateur de \"Sonar\" - We Love Cinema","og_description":"On a rencontr\u00e9 Jean-Philippe Martin, qui nous parle de son parcours, des origines de son premier long m\u00e9trage, Sonar, et de son rapport particulier au son.\u00a0On suit dans Sonar\u00a0le voyage intime et physique de Thomas, ing\u00e9nieur du son, dont la passion est de r\u00e9aliser des portraits sonores. Fig\u00e9 dans le souvenir d\u2019une liaison amoureuse, il &hellip;","og_url":"https:\/\/welovecinema.be\/fr\/rencontre-jean-philippe-martin-realisateur-de-sonar\/","og_site_name":"We Love Cinema","article_publisher":"https:\/\/www.facebook.com\/welovecinema.be","article_published_time":"2017-06-06T09:32:45+00:00","article_modified_time":"2017-06-08T07:15:11+00:00","og_image":[{"width":1639,"height":908,"url":"https:\/\/welovecinema.be\/wp-content\/uploads\/sites\/2\/2017\/06\/Jean-Philippe-Martin-Portrait.jpg","type":"image\/jpeg"}],"author":"Aurore Engelen","twitter_card":"summary_large_image","twitter_misc":{"\u00c9crit par":"Aurore Engelen","Dur\u00e9e de lecture estim\u00e9e":"8 minutes"},"schema":{"@context":"https:\/\/schema.org","@graph":[{"@type":"Article","@id":"https:\/\/welovecinema.be\/fr\/rencontre-jean-philippe-martin-realisateur-de-sonar\/#article","isPartOf":{"@id":"https:\/\/welovecinema.be\/fr\/rencontre-jean-philippe-martin-realisateur-de-sonar\/"},"author":{"name":"Aurore Engelen","@id":"https:\/\/welovecinema.be\/nl\/#\/schema\/person\/8084b68c6b176142d073695c654dc7cf"},"headline":"Rencontre avec Jean-Philippe Martin, r\u00e9alisateur de \u00ab\u00a0Sonar\u00a0\u00bb","datePublished":"2017-06-06T09:32:45+00:00","dateModified":"2017-06-08T07:15:11+00:00","mainEntityOfPage":{"@id":"https:\/\/welovecinema.be\/fr\/rencontre-jean-philippe-martin-realisateur-de-sonar\/"},"wordCount":1536,"publisher":{"@id":"https:\/\/welovecinema.be\/nl\/#organization"},"keywords":["Jean-Philippe Martin","Sonar"],"articleSection":["Rencontres"],"inLanguage":"fr-FR"},{"@type":"WebPage","@id":"https:\/\/welovecinema.be\/fr\/rencontre-jean-philippe-martin-realisateur-de-sonar\/","url":"https:\/\/welovecinema.be\/fr\/rencontre-jean-philippe-martin-realisateur-de-sonar\/","name":"Rencontre avec Jean-Philippe Martin, r\u00e9alisateur de \"Sonar\" - We Love Cinema","isPartOf":{"@id":"https:\/\/welovecinema.be\/nl\/#website"},"datePublished":"2017-06-06T09:32:45+00:00","dateModified":"2017-06-08T07:15:11+00:00","breadcrumb":{"@id":"https:\/\/welovecinema.be\/fr\/rencontre-jean-philippe-martin-realisateur-de-sonar\/#breadcrumb"},"inLanguage":"fr-FR","potentialAction":[{"@type":"ReadAction","target":["https:\/\/welovecinema.be\/fr\/rencontre-jean-philippe-martin-realisateur-de-sonar\/"]}]},{"@type":"BreadcrumbList","@id":"https:\/\/welovecinema.be\/fr\/rencontre-jean-philippe-martin-realisateur-de-sonar\/#breadcrumb","itemListElement":[{"@type":"ListItem","position":1,"name":"Accueil","item":"https:\/\/welovecinema.be\/fr\/"},{"@type":"ListItem","position":2,"name":"Rencontre avec Jean-Philippe Martin, r\u00e9alisateur de \u00ab\u00a0Sonar\u00a0\u00bb"}]},{"@type":"WebSite","@id":"https:\/\/welovecinema.be\/nl\/#website","url":"https:\/\/welovecinema.be\/nl\/","name":"We Love Cinema","description":"Toute l\u2019information du cin\u00e9ma en Belgique","publisher":{"@id":"https:\/\/welovecinema.be\/nl\/#organization"},"potentialAction":[{"@type":"SearchAction","target":{"@type":"EntryPoint","urlTemplate":"https:\/\/welovecinema.be\/nl\/?s={search_term_string}"},"query-input":"required name=search_term_string"}],"inLanguage":"fr-FR"},{"@type":"Organization","@id":"https:\/\/welovecinema.be\/nl\/#organization","name":"We Love Cinema","url":"https:\/\/welovecinema.be\/nl\/","logo":{"@type":"ImageObject","inLanguage":"fr-FR","@id":"https:\/\/welovecinema.be\/nl\/#\/schema\/logo\/image\/","url":"https:\/\/welovecinema.be\/wp-content\/uploads\/sites\/2\/2023\/03\/Logo-We-Love-Cinema305x128.jpg","contentUrl":"https:\/\/welovecinema.be\/wp-content\/uploads\/sites\/2\/2023\/03\/Logo-We-Love-Cinema305x128.jpg","width":305,"height":128,"caption":"We Love Cinema"},"image":{"@id":"https:\/\/welovecinema.be\/nl\/#\/schema\/logo\/image\/"},"sameAs":["https:\/\/www.facebook.com\/welovecinema.be","https:\/\/www.youtube.com\/channel\/UCX5LYGVhnKvYauW4Nta4HJA","https:\/\/www.instagram.com\/welovecinema.be\/"]},{"@type":"Person","@id":"https:\/\/welovecinema.be\/nl\/#\/schema\/person\/8084b68c6b176142d073695c654dc7cf","name":"Aurore Engelen","url":"https:\/\/welovecinema.be\/fr\/author\/aurore-engelen\/"}]}},"_links":{"self":[{"href":"https:\/\/welovecinema.be\/fr\/wp-json\/wp\/v2\/posts\/200447","targetHints":{"allow":["GET"]}}],"collection":[{"href":"https:\/\/welovecinema.be\/fr\/wp-json\/wp\/v2\/posts"}],"about":[{"href":"https:\/\/welovecinema.be\/fr\/wp-json\/wp\/v2\/types\/post"}],"author":[{"embeddable":true,"href":"https:\/\/welovecinema.be\/fr\/wp-json\/wp\/v2\/users\/343"}],"replies":[{"embeddable":true,"href":"https:\/\/welovecinema.be\/fr\/wp-json\/wp\/v2\/comments?post=200447"}],"version-history":[{"count":0,"href":"https:\/\/welovecinema.be\/fr\/wp-json\/wp\/v2\/posts\/200447\/revisions"}],"wp:featuredmedia":[{"embeddable":true,"href":"https:\/\/welovecinema.be\/fr\/wp-json\/wp\/v2\/media\/200448"}],"wp:attachment":[{"href":"https:\/\/welovecinema.be\/fr\/wp-json\/wp\/v2\/media?parent=200447"}],"wp:term":[{"taxonomy":"category","embeddable":true,"href":"https:\/\/welovecinema.be\/fr\/wp-json\/wp\/v2\/categories?post=200447"},{"taxonomy":"post_tag","embeddable":true,"href":"https:\/\/welovecinema.be\/fr\/wp-json\/wp\/v2\/tags?post=200447"}],"curies":[{"name":"wp","href":"https:\/\/api.w.org\/{rel}","templated":true}]}}