{"id":200370,"date":"2017-06-02T08:17:01","date_gmt":"2017-06-02T06:17:01","guid":{"rendered":"http:\/\/www.cinevox.be\/?p=200370\/"},"modified":"2017-06-07T09:53:06","modified_gmt":"2017-06-07T07:53:06","slug":"raoul-servais-artiste-inventeur-palme-dor","status":"publish","type":"post","link":"https:\/\/welovecinema.be\/fr\/raoul-servais-artiste-inventeur-palme-dor\/","title":{"rendered":"Raoul Servais, artiste, inventeur, et Palme d&rsquo;or"},"content":{"rendered":"<p><strong>Diffusion imminente pour <em>Raoul Servais, m\u00e9moire d&rsquo;un artisan<\/em>, documentaire de Bastien Martin consacr\u00e9 \u00e0 la premi\u00e8re Palme d&rsquo;or du cin\u00e9ma belge, cin\u00e9aste et inventeur de g\u00e9nie.\u00a0<\/strong><\/p>\n<p>&nbsp;<\/p>\n<h4>Synopsis<\/h4>\n<p>Premi\u00e8re Palme d&rsquo;Or du cin\u00e9ma belge, Lion d&rsquo;Or \u00e0 Venise, inventeur de la servaisgraphie&#8230; Raoul Servais a marqu\u00e9 de son empreinte le cin\u00e9ma d&rsquo;animation belge et mondial depuis plus de 50 ans. Aujourd&rsquo;hui \u00e2g\u00e9 de 89 ans, le cin\u00e9aste d\u00e9borde d&rsquo;\u00e9nergie et de projets, tout en portant un regard lucide sur son parcours. En m\u00e9langeant archives in\u00e9dites et extraits de films restaur\u00e9s, <em>Raoul Servais, m\u00e9moires d&rsquo;un artisan<\/em> raconte un demi-si\u00e8cle de cin\u00e9ma.<\/p>\n<p><img loading=\"lazy\" decoding=\"async\" class=\"size-full wp-image-200373 alignnone\" src=\"http:\/\/www.cinevox.be\/wp-content\/uploads\/sites\/2\/2017\/06\/Raoul-Servais-dessine.jpg\" alt=\"Raoul-Servais-dessine\" width=\"1262\" height=\"681\" srcset=\"https:\/\/welovecinema.be\/wp-content\/uploads\/sites\/2\/2017\/06\/Raoul-Servais-dessine.jpg 1262w, https:\/\/welovecinema.be\/wp-content\/uploads\/sites\/2\/2017\/06\/Raoul-Servais-dessine-480x259.jpg 480w, https:\/\/welovecinema.be\/wp-content\/uploads\/sites\/2\/2017\/06\/Raoul-Servais-dessine-768x414.jpg 768w, https:\/\/welovecinema.be\/wp-content\/uploads\/sites\/2\/2017\/06\/Raoul-Servais-dessine-800x432.jpg 800w\" sizes=\"auto, (max-width: 1262px) 100vw, 1262px\" \/><\/p>\n<p>&nbsp;<\/p>\n<h4>Les origines<\/h4>\n<p>Raoul Servais n\u00e9 en 1928 \u00e0 Ostende. Son enfant\u00a0s&rsquo;\u00e9coule, heureuse, dans cette grandiose ville victorienne. Raoul Servais se souvient de sa joie lorsqu&rsquo;on lui offre ses premiers crayons de couleur, et de sa fascination lorsqu&rsquo;il d\u00e9couvre les petits dessins anim\u00e9s de <em>Felix le Chat<\/em>. Mais cette f\u00e9licit\u00e9 est brutalement interrompue par la guerre, qui le fait passer de l&rsquo;opulence \u00e0 la peur et la mis\u00e8re, et qui viendra hanter son oeuvre avec la r\u00e9gularit\u00e9 d&rsquo;un m\u00e9tronome. Apr\u00e8s la guerre, il int\u00e8gre les Beaux-Arts de Gand, et sa sp\u00e9cialisation en peinture monumentale l&#8217;emm\u00e8ne dans les pas de Ren\u00e9 Magritte, qu&rsquo;il accompagne, non sans heurts, lors de la r\u00e9alisation de sa fresque g\u00e9ante, <em>Le Domaine Enchant\u00e9<\/em>, pour le casino\u00a0de Knokke. Il r\u00e9alise son premier film, <em>Les Lumi\u00e8res du Port<\/em> en 1953, avec l&rsquo;aide financi\u00e8re et logistique de sa famille et de ses amis. Le film remporte le Grand Prix du Festival du Film Belge, lui confirmant ainsi que l\u00e0 est bien sa voie&#8230;<\/p>\n<p><img loading=\"lazy\" decoding=\"async\" class=\"size-full wp-image-200374 alignnone\" src=\"http:\/\/www.cinevox.be\/wp-content\/uploads\/sites\/2\/2017\/06\/Havenlichten-Raoul-Servais.jpg\" alt=\"Havenlichten-Raoul-Servais\" width=\"895\" height=\"677\" srcset=\"https:\/\/welovecinema.be\/wp-content\/uploads\/sites\/2\/2017\/06\/Havenlichten-Raoul-Servais.jpg 895w, https:\/\/welovecinema.be\/wp-content\/uploads\/sites\/2\/2017\/06\/Havenlichten-Raoul-Servais-357x270.jpg 357w, https:\/\/welovecinema.be\/wp-content\/uploads\/sites\/2\/2017\/06\/Havenlichten-Raoul-Servais-768x581.jpg 768w, https:\/\/welovecinema.be\/wp-content\/uploads\/sites\/2\/2017\/06\/Havenlichten-Raoul-Servais-793x600.jpg 793w\" sizes=\"auto, (max-width: 895px) 100vw, 895px\" \/><\/p>\n<h4>Artiste et inventeur<\/h4>\n<p>Il encha\u00eene alors les oeuvres et les prix. Tout au long de son t\u00e9moignage pourtant, c&rsquo;est sa modestie qui ressort. \u00ab\u00a0Je suis un cin\u00e9aste d&rsquo;animation, ou un cin\u00e9aste tout court si vous voulez.\u00a0\u00bb Lui qui tout au long de sa carri\u00e8re, remit sans cesse en question son art, d\u00e9veloppant de nouvelles techniques (les \u00e9l\u00e9ments d\u00e9coup\u00e9s de <em>Fausse Note<\/em>, l&rsquo;hommage \u00e0 la peinture expressionniste flamande dans <em>Pegasus<\/em>), jusqu&rsquo;\u00e0 l&rsquo;invention de la servaisgraphie,\u00a0\u00ab un syst\u00e8me de trucage permettant d&rsquo;une part l&rsquo;incrustation de personnages film\u00e9s en vues r\u00e9elles dans des d\u00e9cors de cr\u00e9ation graphique et, d&rsquo;autre part, un syst\u00e8me augmentant la qualit\u00e9 de ces d\u00e9cors \u00bb, lors de la r\u00e9alisation d&rsquo;<em>Harpya<\/em>, court m\u00e9trage qui lui valut sa Palme d&rsquo;or. Il d\u00e9veloppa ensuite la technique avec son seul long m\u00e9trage <em>Taxandria<\/em>, film devenu culte sorti en 1994, qu&rsquo;il perfectionna pour l&rsquo;amour de l&rsquo;art dans <em>Papillon de Nuit<\/em>.<\/p>\n<figure id=\"attachment_200375\" aria-describedby=\"caption-attachment-200375\" style=\"width: 700px\" class=\"wp-caption alignnone\"><img loading=\"lazy\" decoding=\"async\" class=\"wp-image-200375 size-full\" src=\"http:\/\/www.cinevox.be\/wp-content\/uploads\/sites\/2\/2017\/06\/papillons-de-nuit-voyage-en-servaisgraphie_615577.jpg\" alt=\"papillons-de-nuit-voyage-en-servaisgraphie_615577\" width=\"700\" height=\"466\" srcset=\"https:\/\/welovecinema.be\/wp-content\/uploads\/sites\/2\/2017\/06\/papillons-de-nuit-voyage-en-servaisgraphie_615577.jpg 700w, https:\/\/welovecinema.be\/wp-content\/uploads\/sites\/2\/2017\/06\/papillons-de-nuit-voyage-en-servaisgraphie_615577-406x270.jpg 406w, https:\/\/welovecinema.be\/wp-content\/uploads\/sites\/2\/2017\/06\/papillons-de-nuit-voyage-en-servaisgraphie_615577-310x205.jpg 310w\" sizes=\"auto, (max-width: 700px) 100vw, 700px\" \/><figcaption id=\"caption-attachment-200375\" class=\"wp-caption-text\"><strong>planche \u00ab\u00a0Papillons de Nuit\u00a0\u00bb<\/strong><\/figcaption><\/figure>\n<figure id=\"attachment_200376\" aria-describedby=\"caption-attachment-200376\" style=\"width: 701px\" class=\"wp-caption alignnone\"><img loading=\"lazy\" decoding=\"async\" class=\"wp-image-200376\" src=\"http:\/\/www.cinevox.be\/wp-content\/uploads\/sites\/2\/2017\/06\/Taxandria.jpg\" alt=\"Taxandria-Raoul-Servais\" width=\"701\" height=\"394\" srcset=\"https:\/\/welovecinema.be\/wp-content\/uploads\/sites\/2\/2017\/06\/Taxandria.jpg 1361w, https:\/\/welovecinema.be\/wp-content\/uploads\/sites\/2\/2017\/06\/Taxandria-200x113.jpg 200w, https:\/\/welovecinema.be\/wp-content\/uploads\/sites\/2\/2017\/06\/Taxandria-480x270.jpg 480w, https:\/\/welovecinema.be\/wp-content\/uploads\/sites\/2\/2017\/06\/Taxandria-768x431.jpg 768w, https:\/\/welovecinema.be\/wp-content\/uploads\/sites\/2\/2017\/06\/Taxandria-800x449.jpg 800w\" sizes=\"auto, (max-width: 701px) 100vw, 701px\" \/><figcaption id=\"caption-attachment-200376\" class=\"wp-caption-text\">\u00ab\u00a0Taxandria\u00a0\u00bb, 1994<\/figcaption><\/figure>\n<h4>Redevenir d\u00e9butant<\/h4>\n<p>L&rsquo;\u00e9ternel jeune homme, qui chevauche son scooter \u00e0 trois roues sur les routes de Flandres, que l&rsquo;on voyait pr\u00e9senter sa Palme d&rsquo;Or pr\u00e9cieusement conserv\u00e9e dans <em>La belge histoire du Festival de Cannes<\/em>, et dont le film, <em>Harpya<\/em>, avait l&rsquo;insigne honneur d&rsquo;\u00eatre \u00e0 nouveau programm\u00e9 cette ann\u00e9e \u00e0 l&rsquo;occasion des 70 ans du Festival, se confie sur son \u00ab\u00a0passage\u00a0\u00bb au digital, qui le\u00a0fait redevenir d\u00e9butant, et s&rsquo;en remettre avec curiosit\u00e9 et bienveillance \u00e0 la ma\u00eetrise de ses assistants. Alors qu&rsquo;il travaille encore aujourd&rsquo;hui sur une s\u00e9rie de films pour la t\u00e9l\u00e9vision, il confie regretter n\u00e9anmoins l&rsquo;odeur et le toucher de ses vieilles feuilles de cellophane.<\/p>\n<h4>Diffusion<\/h4>\n<p><em>Raoul Servais, m\u00e9moires d&rsquo;un artisan<\/em> sera diffus\u00e9 ce dimanche \u00e0 18h sur Arte Belgique, et jeudi 8 juin \u00e0 23h30 sur La Trois dans le cadre de l&rsquo;\u00e9mission Tout le Baz&rsquo;Art.<\/p>\n<p>&nbsp;<\/p>\n<p>&nbsp;<\/p>\n","protected":false},"excerpt":{"rendered":"<p>Diffusion imminente pour Raoul Servais, m\u00e9moire d&rsquo;un artisan, documentaire de Bastien Martin consacr\u00e9 \u00e0 la premi\u00e8re Palme d&rsquo;or du cin\u00e9ma belge, cin\u00e9aste et inventeur de g\u00e9nie.\u00a0 &nbsp; Synopsis Premi\u00e8re Palme d&rsquo;Or du cin\u00e9ma belge, Lion d&rsquo;Or \u00e0 Venise, inventeur de la servaisgraphie&#8230; Raoul Servais a marqu\u00e9 de son empreinte le cin\u00e9ma d&rsquo;animation belge et mondial &hellip;<\/p>\n","protected":false},"author":343,"featured_media":200372,"comment_status":"closed","ping_status":"closed","sticky":false,"template":"","format":"standard","meta":{"ngg_post_thumbnail":0,"footnotes":""},"categories":[14],"tags":[1671],"class_list":["post-200370","post","type-post","status-publish","format-standard","has-post-thumbnail","","category-home-cinema","tag-raoul-servais"],"yoast_head":"<!-- This site is optimized with the Yoast SEO plugin v20.4 - https:\/\/yoast.com\/wordpress\/plugins\/seo\/ -->\n<title>Raoul Servais, artiste, inventeur, et Palme d&#039;or - We Love Cinema<\/title>\n<meta name=\"robots\" content=\"index, follow, max-snippet:-1, max-image-preview:large, max-video-preview:-1\" \/>\n<link rel=\"canonical\" href=\"https:\/\/welovecinema.be\/fr\/raoul-servais-artiste-inventeur-palme-dor\/\" \/>\n<meta property=\"og:locale\" content=\"fr_FR\" \/>\n<meta property=\"og:type\" content=\"article\" \/>\n<meta property=\"og:title\" content=\"Raoul Servais, artiste, inventeur, et Palme d&#039;or - We Love Cinema\" \/>\n<meta property=\"og:description\" content=\"Diffusion imminente pour Raoul Servais, m\u00e9moire d&rsquo;un artisan, documentaire de Bastien Martin consacr\u00e9 \u00e0 la premi\u00e8re Palme d&rsquo;or du cin\u00e9ma belge, cin\u00e9aste et inventeur de g\u00e9nie.\u00a0 &nbsp; Synopsis Premi\u00e8re Palme d&rsquo;Or du cin\u00e9ma belge, Lion d&rsquo;Or \u00e0 Venise, inventeur de la servaisgraphie&#8230; Raoul Servais a marqu\u00e9 de son empreinte le cin\u00e9ma d&rsquo;animation belge et mondial &hellip;\" \/>\n<meta property=\"og:url\" content=\"https:\/\/welovecinema.be\/fr\/raoul-servais-artiste-inventeur-palme-dor\/\" \/>\n<meta property=\"og:site_name\" content=\"We Love Cinema\" \/>\n<meta property=\"article:publisher\" content=\"https:\/\/www.facebook.com\/welovecinema.be\" \/>\n<meta property=\"article:published_time\" content=\"2017-06-02T06:17:01+00:00\" \/>\n<meta property=\"article:modified_time\" content=\"2017-06-07T07:53:06+00:00\" \/>\n<meta property=\"og:image\" content=\"https:\/\/welovecinema.be\/wp-content\/uploads\/sites\/2\/2017\/06\/Raoul-Servais-Memoire-Artisan-Croquis.jpg\" \/>\n\t<meta property=\"og:image:width\" content=\"1170\" \/>\n\t<meta property=\"og:image:height\" content=\"623\" \/>\n\t<meta property=\"og:image:type\" content=\"image\/jpeg\" \/>\n<meta name=\"author\" content=\"Aurore Engelen\" \/>\n<meta name=\"twitter:card\" content=\"summary_large_image\" \/>\n<meta name=\"twitter:label1\" content=\"\u00c9crit par\" \/>\n\t<meta name=\"twitter:data1\" content=\"Aurore Engelen\" \/>\n\t<meta name=\"twitter:label2\" content=\"Dur\u00e9e de lecture estim\u00e9e\" \/>\n\t<meta name=\"twitter:data2\" content=\"3 minutes\" \/>\n<script type=\"application\/ld+json\" class=\"yoast-schema-graph\">{\"@context\":\"https:\/\/schema.org\",\"@graph\":[{\"@type\":\"Article\",\"@id\":\"https:\/\/welovecinema.be\/fr\/raoul-servais-artiste-inventeur-palme-dor\/#article\",\"isPartOf\":{\"@id\":\"https:\/\/welovecinema.be\/fr\/raoul-servais-artiste-inventeur-palme-dor\/\"},\"author\":{\"name\":\"Aurore Engelen\",\"@id\":\"https:\/\/welovecinema.be\/nl\/#\/schema\/person\/8084b68c6b176142d073695c654dc7cf\"},\"headline\":\"Raoul Servais, artiste, inventeur, et Palme d&rsquo;or\",\"datePublished\":\"2017-06-02T06:17:01+00:00\",\"dateModified\":\"2017-06-07T07:53:06+00:00\",\"mainEntityOfPage\":{\"@id\":\"https:\/\/welovecinema.be\/fr\/raoul-servais-artiste-inventeur-palme-dor\/\"},\"wordCount\":665,\"publisher\":{\"@id\":\"https:\/\/welovecinema.be\/nl\/#organization\"},\"keywords\":[\"Raoul Servais\"],\"articleSection\":[\"Plateau t\u00e9l\u00e9\"],\"inLanguage\":\"fr-FR\"},{\"@type\":\"WebPage\",\"@id\":\"https:\/\/welovecinema.be\/fr\/raoul-servais-artiste-inventeur-palme-dor\/\",\"url\":\"https:\/\/welovecinema.be\/fr\/raoul-servais-artiste-inventeur-palme-dor\/\",\"name\":\"Raoul Servais, artiste, inventeur, et Palme d'or - We Love Cinema\",\"isPartOf\":{\"@id\":\"https:\/\/welovecinema.be\/nl\/#website\"},\"datePublished\":\"2017-06-02T06:17:01+00:00\",\"dateModified\":\"2017-06-07T07:53:06+00:00\",\"breadcrumb\":{\"@id\":\"https:\/\/welovecinema.be\/fr\/raoul-servais-artiste-inventeur-palme-dor\/#breadcrumb\"},\"inLanguage\":\"fr-FR\",\"potentialAction\":[{\"@type\":\"ReadAction\",\"target\":[\"https:\/\/welovecinema.be\/fr\/raoul-servais-artiste-inventeur-palme-dor\/\"]}]},{\"@type\":\"BreadcrumbList\",\"@id\":\"https:\/\/welovecinema.be\/fr\/raoul-servais-artiste-inventeur-palme-dor\/#breadcrumb\",\"itemListElement\":[{\"@type\":\"ListItem\",\"position\":1,\"name\":\"Accueil\",\"item\":\"https:\/\/welovecinema.be\/fr\/\"},{\"@type\":\"ListItem\",\"position\":2,\"name\":\"Raoul Servais, artiste, inventeur, et Palme d&rsquo;or\"}]},{\"@type\":\"WebSite\",\"@id\":\"https:\/\/welovecinema.be\/nl\/#website\",\"url\":\"https:\/\/welovecinema.be\/nl\/\",\"name\":\"We Love Cinema\",\"description\":\"Toute l\u2019information du cin\u00e9ma en Belgique\",\"publisher\":{\"@id\":\"https:\/\/welovecinema.be\/nl\/#organization\"},\"potentialAction\":[{\"@type\":\"SearchAction\",\"target\":{\"@type\":\"EntryPoint\",\"urlTemplate\":\"https:\/\/welovecinema.be\/nl\/?s={search_term_string}\"},\"query-input\":\"required name=search_term_string\"}],\"inLanguage\":\"fr-FR\"},{\"@type\":\"Organization\",\"@id\":\"https:\/\/welovecinema.be\/nl\/#organization\",\"name\":\"We Love Cinema\",\"url\":\"https:\/\/welovecinema.be\/nl\/\",\"logo\":{\"@type\":\"ImageObject\",\"inLanguage\":\"fr-FR\",\"@id\":\"https:\/\/welovecinema.be\/nl\/#\/schema\/logo\/image\/\",\"url\":\"https:\/\/welovecinema.be\/wp-content\/uploads\/sites\/2\/2023\/03\/Logo-We-Love-Cinema305x128.jpg\",\"contentUrl\":\"https:\/\/welovecinema.be\/wp-content\/uploads\/sites\/2\/2023\/03\/Logo-We-Love-Cinema305x128.jpg\",\"width\":305,\"height\":128,\"caption\":\"We Love Cinema\"},\"image\":{\"@id\":\"https:\/\/welovecinema.be\/nl\/#\/schema\/logo\/image\/\"},\"sameAs\":[\"https:\/\/www.facebook.com\/welovecinema.be\",\"https:\/\/www.youtube.com\/channel\/UCX5LYGVhnKvYauW4Nta4HJA\",\"https:\/\/www.instagram.com\/welovecinema.be\/\"]},{\"@type\":\"Person\",\"@id\":\"https:\/\/welovecinema.be\/nl\/#\/schema\/person\/8084b68c6b176142d073695c654dc7cf\",\"name\":\"Aurore Engelen\",\"url\":\"https:\/\/welovecinema.be\/fr\/author\/aurore-engelen\/\"}]}<\/script>\n<!-- \/ Yoast SEO plugin. -->","yoast_head_json":{"title":"Raoul Servais, artiste, inventeur, et Palme d'or - We Love Cinema","robots":{"index":"index","follow":"follow","max-snippet":"max-snippet:-1","max-image-preview":"max-image-preview:large","max-video-preview":"max-video-preview:-1"},"canonical":"https:\/\/welovecinema.be\/fr\/raoul-servais-artiste-inventeur-palme-dor\/","og_locale":"fr_FR","og_type":"article","og_title":"Raoul Servais, artiste, inventeur, et Palme d'or - We Love Cinema","og_description":"Diffusion imminente pour Raoul Servais, m\u00e9moire d&rsquo;un artisan, documentaire de Bastien Martin consacr\u00e9 \u00e0 la premi\u00e8re Palme d&rsquo;or du cin\u00e9ma belge, cin\u00e9aste et inventeur de g\u00e9nie.\u00a0 &nbsp; Synopsis Premi\u00e8re Palme d&rsquo;Or du cin\u00e9ma belge, Lion d&rsquo;Or \u00e0 Venise, inventeur de la servaisgraphie&#8230; Raoul Servais a marqu\u00e9 de son empreinte le cin\u00e9ma d&rsquo;animation belge et mondial &hellip;","og_url":"https:\/\/welovecinema.be\/fr\/raoul-servais-artiste-inventeur-palme-dor\/","og_site_name":"We Love Cinema","article_publisher":"https:\/\/www.facebook.com\/welovecinema.be","article_published_time":"2017-06-02T06:17:01+00:00","article_modified_time":"2017-06-07T07:53:06+00:00","og_image":[{"width":1170,"height":623,"url":"https:\/\/welovecinema.be\/wp-content\/uploads\/sites\/2\/2017\/06\/Raoul-Servais-Memoire-Artisan-Croquis.jpg","type":"image\/jpeg"}],"author":"Aurore Engelen","twitter_card":"summary_large_image","twitter_misc":{"\u00c9crit par":"Aurore Engelen","Dur\u00e9e de lecture estim\u00e9e":"3 minutes"},"schema":{"@context":"https:\/\/schema.org","@graph":[{"@type":"Article","@id":"https:\/\/welovecinema.be\/fr\/raoul-servais-artiste-inventeur-palme-dor\/#article","isPartOf":{"@id":"https:\/\/welovecinema.be\/fr\/raoul-servais-artiste-inventeur-palme-dor\/"},"author":{"name":"Aurore Engelen","@id":"https:\/\/welovecinema.be\/nl\/#\/schema\/person\/8084b68c6b176142d073695c654dc7cf"},"headline":"Raoul Servais, artiste, inventeur, et Palme d&rsquo;or","datePublished":"2017-06-02T06:17:01+00:00","dateModified":"2017-06-07T07:53:06+00:00","mainEntityOfPage":{"@id":"https:\/\/welovecinema.be\/fr\/raoul-servais-artiste-inventeur-palme-dor\/"},"wordCount":665,"publisher":{"@id":"https:\/\/welovecinema.be\/nl\/#organization"},"keywords":["Raoul Servais"],"articleSection":["Plateau t\u00e9l\u00e9"],"inLanguage":"fr-FR"},{"@type":"WebPage","@id":"https:\/\/welovecinema.be\/fr\/raoul-servais-artiste-inventeur-palme-dor\/","url":"https:\/\/welovecinema.be\/fr\/raoul-servais-artiste-inventeur-palme-dor\/","name":"Raoul Servais, artiste, inventeur, et Palme d'or - We Love Cinema","isPartOf":{"@id":"https:\/\/welovecinema.be\/nl\/#website"},"datePublished":"2017-06-02T06:17:01+00:00","dateModified":"2017-06-07T07:53:06+00:00","breadcrumb":{"@id":"https:\/\/welovecinema.be\/fr\/raoul-servais-artiste-inventeur-palme-dor\/#breadcrumb"},"inLanguage":"fr-FR","potentialAction":[{"@type":"ReadAction","target":["https:\/\/welovecinema.be\/fr\/raoul-servais-artiste-inventeur-palme-dor\/"]}]},{"@type":"BreadcrumbList","@id":"https:\/\/welovecinema.be\/fr\/raoul-servais-artiste-inventeur-palme-dor\/#breadcrumb","itemListElement":[{"@type":"ListItem","position":1,"name":"Accueil","item":"https:\/\/welovecinema.be\/fr\/"},{"@type":"ListItem","position":2,"name":"Raoul Servais, artiste, inventeur, et Palme d&rsquo;or"}]},{"@type":"WebSite","@id":"https:\/\/welovecinema.be\/nl\/#website","url":"https:\/\/welovecinema.be\/nl\/","name":"We Love Cinema","description":"Toute l\u2019information du cin\u00e9ma en Belgique","publisher":{"@id":"https:\/\/welovecinema.be\/nl\/#organization"},"potentialAction":[{"@type":"SearchAction","target":{"@type":"EntryPoint","urlTemplate":"https:\/\/welovecinema.be\/nl\/?s={search_term_string}"},"query-input":"required name=search_term_string"}],"inLanguage":"fr-FR"},{"@type":"Organization","@id":"https:\/\/welovecinema.be\/nl\/#organization","name":"We Love Cinema","url":"https:\/\/welovecinema.be\/nl\/","logo":{"@type":"ImageObject","inLanguage":"fr-FR","@id":"https:\/\/welovecinema.be\/nl\/#\/schema\/logo\/image\/","url":"https:\/\/welovecinema.be\/wp-content\/uploads\/sites\/2\/2023\/03\/Logo-We-Love-Cinema305x128.jpg","contentUrl":"https:\/\/welovecinema.be\/wp-content\/uploads\/sites\/2\/2023\/03\/Logo-We-Love-Cinema305x128.jpg","width":305,"height":128,"caption":"We Love Cinema"},"image":{"@id":"https:\/\/welovecinema.be\/nl\/#\/schema\/logo\/image\/"},"sameAs":["https:\/\/www.facebook.com\/welovecinema.be","https:\/\/www.youtube.com\/channel\/UCX5LYGVhnKvYauW4Nta4HJA","https:\/\/www.instagram.com\/welovecinema.be\/"]},{"@type":"Person","@id":"https:\/\/welovecinema.be\/nl\/#\/schema\/person\/8084b68c6b176142d073695c654dc7cf","name":"Aurore Engelen","url":"https:\/\/welovecinema.be\/fr\/author\/aurore-engelen\/"}]}},"_links":{"self":[{"href":"https:\/\/welovecinema.be\/fr\/wp-json\/wp\/v2\/posts\/200370","targetHints":{"allow":["GET"]}}],"collection":[{"href":"https:\/\/welovecinema.be\/fr\/wp-json\/wp\/v2\/posts"}],"about":[{"href":"https:\/\/welovecinema.be\/fr\/wp-json\/wp\/v2\/types\/post"}],"author":[{"embeddable":true,"href":"https:\/\/welovecinema.be\/fr\/wp-json\/wp\/v2\/users\/343"}],"replies":[{"embeddable":true,"href":"https:\/\/welovecinema.be\/fr\/wp-json\/wp\/v2\/comments?post=200370"}],"version-history":[{"count":0,"href":"https:\/\/welovecinema.be\/fr\/wp-json\/wp\/v2\/posts\/200370\/revisions"}],"wp:featuredmedia":[{"embeddable":true,"href":"https:\/\/welovecinema.be\/fr\/wp-json\/wp\/v2\/media\/200372"}],"wp:attachment":[{"href":"https:\/\/welovecinema.be\/fr\/wp-json\/wp\/v2\/media?parent=200370"}],"wp:term":[{"taxonomy":"category","embeddable":true,"href":"https:\/\/welovecinema.be\/fr\/wp-json\/wp\/v2\/categories?post=200370"},{"taxonomy":"post_tag","embeddable":true,"href":"https:\/\/welovecinema.be\/fr\/wp-json\/wp\/v2\/tags?post=200370"}],"curies":[{"name":"wp","href":"https:\/\/api.w.org\/{rel}","templated":true}]}}