{"id":200231,"date":"2017-05-30T12:30:33","date_gmt":"2017-05-30T10:30:33","guid":{"rendered":"http:\/\/www.cinevox.be\/?p=200231\/"},"modified":"2017-05-31T14:02:13","modified_gmt":"2017-05-31T12:02:13","slug":"court-emission-30-mai-2017","status":"publish","type":"post","link":"https:\/\/welovecinema.be\/fr\/court-emission-30-mai-2017\/","title":{"rendered":"\u00ab\u00a0Tout Court\u00a0\u00bb, \u00e9mission du 30 mai 2017"},"content":{"rendered":"<p><strong>Apr\u00e8s deux semaines d&rsquo;interruption pour laisser place au Concours Reine Elisabeth, \u00ab\u00a0Tout Court\u00a0\u00bb, l&rsquo;\u00e9mission consacr\u00e9e au court m\u00e9trage belge, reprend ses droits sur la Trois. On programme de cette semaine notamment, un in\u00e9dit, <em>L\u00e0 o\u00f9 tu trouvais refuge<\/em> de Guillaume Legrand.&nbsp;<\/strong><\/p>\n<hr>\n<p><iframe loading=\"lazy\" title=\"L\u00e0 o\u00f9 tu trouvais refuge. Extraits. Guillaume Legrand.\" src=\"https:\/\/player.vimeo.com\/video\/165541210?dnt=1&amp;app_id=122963\" width=\"618\" height=\"348\" frameborder=\"0\" allow=\"autoplay; fullscreen; picture-in-picture; clipboard-write; encrypted-media\"><\/iframe><\/p>\n<h4>\u00ab\u00a0L\u00e0 o\u00f9 tu trouvais refuge\u00a0\u00bb de Guillaume Legrand<\/h4>\n<p>Avec Jan Hammenecker, Laurie Lev\u00eaque<\/p>\n<p>Didier veut \u00eatre un bon p\u00e8re pour sa fille Lydie. Cette derni\u00e8re a quitt\u00e9 la maison, un an plus t\u00f4t, pour se r\u00e9fugier dans une secte. Lorsqu\u2019il la retrouve, Didier n\u2019h\u00e9site pas : il l\u2019enl\u00e8ve et la ram\u00e8ne de force dans le foyer familial. Mais Lydie ne veut pas \u00eatre sauv\u00e9e. Didier peut-il la forcer \u00e0 \u00eatre heureuse ?<\/p>\n<p>&nbsp;<\/p>\n<p><img loading=\"lazy\" decoding=\"async\" class=\"size-full wp-image-198984 alignleft\" src=\"http:\/\/www.cinevox.be\/wp-content\/uploads\/sites\/2\/2017\/04\/chloe_alliez-toutes_nuancees-05.jpg\" alt=\"\" width=\"490\" height=\"276\" srcset=\"https:\/\/welovecinema.be\/wp-content\/uploads\/sites\/2\/2017\/04\/chloe_alliez-toutes_nuancees-05.jpg 490w, https:\/\/welovecinema.be\/wp-content\/uploads\/sites\/2\/2017\/04\/chloe_alliez-toutes_nuancees-05-200x113.jpg 200w, https:\/\/welovecinema.be\/wp-content\/uploads\/sites\/2\/2017\/04\/chloe_alliez-toutes_nuancees-05-480x270.jpg 480w\" sizes=\"auto, (max-width: 490px) 100vw, 490px\" \/><\/p>\n<p>&nbsp;<\/p>\n<p>&nbsp;<\/p>\n<p>&nbsp;<\/p>\n<p>&nbsp;<\/p>\n<p>&nbsp;<\/p>\n<p>&nbsp;<\/p>\n<p>&nbsp;<\/p>\n<p>&nbsp;<\/p>\n<h4>\u00ab\u00a0Toutes nuanc\u00e9es\u00a0\u00bb de Chlo\u00e9 Alliez<\/h4>\n<p>Dans un style \u00e9pur\u00e9, se succ\u00e8dent rapidement des portraits de femmes illustrant chaque fois une raison suppl\u00e9mentaire de les aimer. Au fil des s\u00e9quences, une vision st\u00e9r\u00e9otyp\u00e9e se m\u00eale \u00e0 une vision plus r\u00e9aliste et personnelle afin de montrer une femme dans toutes ses nuances.<\/p>\n<p>&nbsp;<\/p>\n<p>https:\/\/vimeo.com\/113014851<\/p>\n<h4>\u00ab\u00a0Plein soleil\u00a0\u00bb de Fred Castadot<\/h4>\n<p>Avec&nbsp;Aur\u00e9lien Labruy\u00e8re, Edwige Baily, Aur\u00e9lia Bonta<\/p>\n<p>Sous le ciel de plomb d\u2019une journe\u0301e de canicule, Eric se rend a\u0300 son travail pour y de\u0301fendre un dossier important. Mais, aveugle\u0301 par le stress, Eric oublie l\u2019essentiel&#8230;<\/p>\n<p>&nbsp;<\/p>\n<p><iframe loading=\"lazy\" src=\"https:\/\/player.vimeo.com\/video\/127867667?dnt=1&amp;app_id=122963\" width=\"618\" height=\"348\" frameborder=\"0\" allow=\"autoplay; fullscreen; picture-in-picture; clipboard-write; encrypted-media\"><\/iframe><\/p>\n<h4>\u00ab\u00a0Pink Velvet Valley\u00a0\u00bb de S\u00e9bastien Petretti<\/h4>\n<p>Avec&nbsp;Frank Gilhooley<\/p>\n<p>Un bled paum\u00e9 au fin fond de L\u2019Ecosse, un taxi d\u00e9glingu\u00e9 et Alec Calan, m\u00e9chamment addict \u00e0 ses Ray-Ban &#8211; bienvenue \u00e0 Pink Velvet Valley!<\/p>\n<hr>\n<h4>On r\u00e9capitule?<\/h4>\n<p>Ce mardi 30 mai d\u00e8s 22h35 sur La Trois\/ RTBF:<\/p>\n<ul>\n<li><em>L\u00e0 o\u00f9 tu trouvais refuge<\/em> de Guillaume Legrand \u00e0 22h35<\/li>\n<li><em>Toutes nuanc\u00e9es<\/em> de Chlo\u00e9 Alliez \u00e0 23h00<\/li>\n<li><em>Plein soleil<\/em> de Fred Castadot \u00e0 23h05<\/li>\n<li><em>Pink Velvet Valley<\/em> de S\u00e9bastien Petretti \u00e0 23h30<\/li>\n<\/ul>\n","protected":false},"excerpt":{"rendered":"<p>Apr\u00e8s deux semaines d&rsquo;interruption pour laisser place au Concours Reine Elisabeth, \u00ab\u00a0Tout Court\u00a0\u00bb, l&rsquo;\u00e9mission consacr\u00e9e au court m\u00e9trage belge, reprend ses droits sur la Trois. On programme de cette semaine notamment, un in\u00e9dit, L\u00e0 o\u00f9 tu trouvais refuge de Guillaume Legrand.&nbsp; \u00ab\u00a0L\u00e0 o\u00f9 tu trouvais refuge\u00a0\u00bb de Guillaume Legrand Avec Jan Hammenecker, Laurie Lev\u00eaque Didier &hellip;<\/p>\n","protected":false},"author":343,"featured_media":200232,"comment_status":"closed","ping_status":"closed","sticky":false,"template":"","format":"standard","meta":{"ngg_post_thumbnail":0,"footnotes":""},"categories":[14],"tags":[1895],"class_list":["post-200231","post","type-post","status-publish","format-standard","has-post-thumbnail","","category-home-cinema","tag-court-metrage"],"yoast_head":"<!-- This site is optimized with the Yoast SEO plugin v20.4 - https:\/\/yoast.com\/wordpress\/plugins\/seo\/ -->\n<title>&quot;Tout Court&quot;, \u00e9mission du 30 mai 2017 - We Love Cinema<\/title>\n<meta name=\"robots\" content=\"index, follow, max-snippet:-1, max-image-preview:large, max-video-preview:-1\" \/>\n<link rel=\"canonical\" href=\"https:\/\/welovecinema.be\/fr\/court-emission-30-mai-2017\/\" \/>\n<meta property=\"og:locale\" content=\"fr_FR\" \/>\n<meta property=\"og:type\" content=\"article\" \/>\n<meta property=\"og:title\" content=\"&quot;Tout Court&quot;, \u00e9mission du 30 mai 2017 - We Love Cinema\" \/>\n<meta property=\"og:description\" content=\"Apr\u00e8s deux semaines d&rsquo;interruption pour laisser place au Concours Reine Elisabeth, \u00ab\u00a0Tout Court\u00a0\u00bb, l&rsquo;\u00e9mission consacr\u00e9e au court m\u00e9trage belge, reprend ses droits sur la Trois. On programme de cette semaine notamment, un in\u00e9dit, L\u00e0 o\u00f9 tu trouvais refuge de Guillaume Legrand.&nbsp; \u00ab\u00a0L\u00e0 o\u00f9 tu trouvais refuge\u00a0\u00bb de Guillaume Legrand Avec Jan Hammenecker, Laurie Lev\u00eaque Didier &hellip;\" \/>\n<meta property=\"og:url\" content=\"https:\/\/welovecinema.be\/fr\/court-emission-30-mai-2017\/\" \/>\n<meta property=\"og:site_name\" content=\"We Love Cinema\" \/>\n<meta property=\"article:publisher\" content=\"https:\/\/www.facebook.com\/welovecinema.be\" \/>\n<meta property=\"article:published_time\" content=\"2017-05-30T10:30:33+00:00\" \/>\n<meta property=\"article:modified_time\" content=\"2017-05-31T12:02:13+00:00\" \/>\n<meta property=\"og:image\" content=\"https:\/\/welovecinema.be\/wp-content\/uploads\/sites\/2\/2017\/05\/la-ou-tu-trouvais-refuge.jpg\" \/>\n\t<meta property=\"og:image:width\" content=\"1024\" \/>\n\t<meta property=\"og:image:height\" content=\"429\" \/>\n\t<meta property=\"og:image:type\" content=\"image\/jpeg\" \/>\n<meta name=\"author\" content=\"Aurore Engelen\" \/>\n<meta name=\"twitter:card\" content=\"summary_large_image\" \/>\n<meta name=\"twitter:label1\" content=\"\u00c9crit par\" \/>\n\t<meta name=\"twitter:data1\" content=\"Aurore Engelen\" \/>\n\t<meta name=\"twitter:label2\" content=\"Dur\u00e9e de lecture estim\u00e9e\" \/>\n\t<meta name=\"twitter:data2\" content=\"2 minutes\" \/>\n<script type=\"application\/ld+json\" class=\"yoast-schema-graph\">{\"@context\":\"https:\/\/schema.org\",\"@graph\":[{\"@type\":\"Article\",\"@id\":\"https:\/\/welovecinema.be\/fr\/court-emission-30-mai-2017\/#article\",\"isPartOf\":{\"@id\":\"https:\/\/welovecinema.be\/fr\/court-emission-30-mai-2017\/\"},\"author\":{\"name\":\"Aurore Engelen\",\"@id\":\"https:\/\/welovecinema.be\/nl\/#\/schema\/person\/8084b68c6b176142d073695c654dc7cf\"},\"headline\":\"\u00ab\u00a0Tout Court\u00a0\u00bb, \u00e9mission du 30 mai 2017\",\"datePublished\":\"2017-05-30T10:30:33+00:00\",\"dateModified\":\"2017-05-31T12:02:13+00:00\",\"mainEntityOfPage\":{\"@id\":\"https:\/\/welovecinema.be\/fr\/court-emission-30-mai-2017\/\"},\"wordCount\":341,\"publisher\":{\"@id\":\"https:\/\/welovecinema.be\/nl\/#organization\"},\"keywords\":[\"Court m\u00e9trage\"],\"articleSection\":[\"Plateau t\u00e9l\u00e9\"],\"inLanguage\":\"fr-FR\"},{\"@type\":\"WebPage\",\"@id\":\"https:\/\/welovecinema.be\/fr\/court-emission-30-mai-2017\/\",\"url\":\"https:\/\/welovecinema.be\/fr\/court-emission-30-mai-2017\/\",\"name\":\"\\\"Tout Court\\\", \u00e9mission du 30 mai 2017 - We Love Cinema\",\"isPartOf\":{\"@id\":\"https:\/\/welovecinema.be\/nl\/#website\"},\"datePublished\":\"2017-05-30T10:30:33+00:00\",\"dateModified\":\"2017-05-31T12:02:13+00:00\",\"breadcrumb\":{\"@id\":\"https:\/\/welovecinema.be\/fr\/court-emission-30-mai-2017\/#breadcrumb\"},\"inLanguage\":\"fr-FR\",\"potentialAction\":[{\"@type\":\"ReadAction\",\"target\":[\"https:\/\/welovecinema.be\/fr\/court-emission-30-mai-2017\/\"]}]},{\"@type\":\"BreadcrumbList\",\"@id\":\"https:\/\/welovecinema.be\/fr\/court-emission-30-mai-2017\/#breadcrumb\",\"itemListElement\":[{\"@type\":\"ListItem\",\"position\":1,\"name\":\"Accueil\",\"item\":\"https:\/\/welovecinema.be\/fr\/\"},{\"@type\":\"ListItem\",\"position\":2,\"name\":\"\u00ab\u00a0Tout Court\u00a0\u00bb, \u00e9mission du 30 mai 2017\"}]},{\"@type\":\"WebSite\",\"@id\":\"https:\/\/welovecinema.be\/nl\/#website\",\"url\":\"https:\/\/welovecinema.be\/nl\/\",\"name\":\"We Love Cinema\",\"description\":\"Toute l\u2019information du cin\u00e9ma en Belgique\",\"publisher\":{\"@id\":\"https:\/\/welovecinema.be\/nl\/#organization\"},\"potentialAction\":[{\"@type\":\"SearchAction\",\"target\":{\"@type\":\"EntryPoint\",\"urlTemplate\":\"https:\/\/welovecinema.be\/nl\/?s={search_term_string}\"},\"query-input\":\"required name=search_term_string\"}],\"inLanguage\":\"fr-FR\"},{\"@type\":\"Organization\",\"@id\":\"https:\/\/welovecinema.be\/nl\/#organization\",\"name\":\"We Love Cinema\",\"url\":\"https:\/\/welovecinema.be\/nl\/\",\"logo\":{\"@type\":\"ImageObject\",\"inLanguage\":\"fr-FR\",\"@id\":\"https:\/\/welovecinema.be\/nl\/#\/schema\/logo\/image\/\",\"url\":\"https:\/\/welovecinema.be\/wp-content\/uploads\/sites\/2\/2023\/03\/Logo-We-Love-Cinema305x128.jpg\",\"contentUrl\":\"https:\/\/welovecinema.be\/wp-content\/uploads\/sites\/2\/2023\/03\/Logo-We-Love-Cinema305x128.jpg\",\"width\":305,\"height\":128,\"caption\":\"We Love Cinema\"},\"image\":{\"@id\":\"https:\/\/welovecinema.be\/nl\/#\/schema\/logo\/image\/\"},\"sameAs\":[\"https:\/\/www.facebook.com\/welovecinema.be\",\"https:\/\/www.youtube.com\/channel\/UCX5LYGVhnKvYauW4Nta4HJA\",\"https:\/\/www.instagram.com\/welovecinema.be\/\"]},{\"@type\":\"Person\",\"@id\":\"https:\/\/welovecinema.be\/nl\/#\/schema\/person\/8084b68c6b176142d073695c654dc7cf\",\"name\":\"Aurore Engelen\",\"url\":\"https:\/\/welovecinema.be\/fr\/author\/aurore-engelen\/\"}]}<\/script>\n<!-- \/ Yoast SEO plugin. -->","yoast_head_json":{"title":"\"Tout Court\", \u00e9mission du 30 mai 2017 - We Love Cinema","robots":{"index":"index","follow":"follow","max-snippet":"max-snippet:-1","max-image-preview":"max-image-preview:large","max-video-preview":"max-video-preview:-1"},"canonical":"https:\/\/welovecinema.be\/fr\/court-emission-30-mai-2017\/","og_locale":"fr_FR","og_type":"article","og_title":"\"Tout Court\", \u00e9mission du 30 mai 2017 - We Love Cinema","og_description":"Apr\u00e8s deux semaines d&rsquo;interruption pour laisser place au Concours Reine Elisabeth, \u00ab\u00a0Tout Court\u00a0\u00bb, l&rsquo;\u00e9mission consacr\u00e9e au court m\u00e9trage belge, reprend ses droits sur la Trois. On programme de cette semaine notamment, un in\u00e9dit, L\u00e0 o\u00f9 tu trouvais refuge de Guillaume Legrand.&nbsp; \u00ab\u00a0L\u00e0 o\u00f9 tu trouvais refuge\u00a0\u00bb de Guillaume Legrand Avec Jan Hammenecker, Laurie Lev\u00eaque Didier &hellip;","og_url":"https:\/\/welovecinema.be\/fr\/court-emission-30-mai-2017\/","og_site_name":"We Love Cinema","article_publisher":"https:\/\/www.facebook.com\/welovecinema.be","article_published_time":"2017-05-30T10:30:33+00:00","article_modified_time":"2017-05-31T12:02:13+00:00","og_image":[{"width":1024,"height":429,"url":"https:\/\/welovecinema.be\/wp-content\/uploads\/sites\/2\/2017\/05\/la-ou-tu-trouvais-refuge.jpg","type":"image\/jpeg"}],"author":"Aurore Engelen","twitter_card":"summary_large_image","twitter_misc":{"\u00c9crit par":"Aurore Engelen","Dur\u00e9e de lecture estim\u00e9e":"2 minutes"},"schema":{"@context":"https:\/\/schema.org","@graph":[{"@type":"Article","@id":"https:\/\/welovecinema.be\/fr\/court-emission-30-mai-2017\/#article","isPartOf":{"@id":"https:\/\/welovecinema.be\/fr\/court-emission-30-mai-2017\/"},"author":{"name":"Aurore Engelen","@id":"https:\/\/welovecinema.be\/nl\/#\/schema\/person\/8084b68c6b176142d073695c654dc7cf"},"headline":"\u00ab\u00a0Tout Court\u00a0\u00bb, \u00e9mission du 30 mai 2017","datePublished":"2017-05-30T10:30:33+00:00","dateModified":"2017-05-31T12:02:13+00:00","mainEntityOfPage":{"@id":"https:\/\/welovecinema.be\/fr\/court-emission-30-mai-2017\/"},"wordCount":341,"publisher":{"@id":"https:\/\/welovecinema.be\/nl\/#organization"},"keywords":["Court m\u00e9trage"],"articleSection":["Plateau t\u00e9l\u00e9"],"inLanguage":"fr-FR"},{"@type":"WebPage","@id":"https:\/\/welovecinema.be\/fr\/court-emission-30-mai-2017\/","url":"https:\/\/welovecinema.be\/fr\/court-emission-30-mai-2017\/","name":"\"Tout Court\", \u00e9mission du 30 mai 2017 - We Love Cinema","isPartOf":{"@id":"https:\/\/welovecinema.be\/nl\/#website"},"datePublished":"2017-05-30T10:30:33+00:00","dateModified":"2017-05-31T12:02:13+00:00","breadcrumb":{"@id":"https:\/\/welovecinema.be\/fr\/court-emission-30-mai-2017\/#breadcrumb"},"inLanguage":"fr-FR","potentialAction":[{"@type":"ReadAction","target":["https:\/\/welovecinema.be\/fr\/court-emission-30-mai-2017\/"]}]},{"@type":"BreadcrumbList","@id":"https:\/\/welovecinema.be\/fr\/court-emission-30-mai-2017\/#breadcrumb","itemListElement":[{"@type":"ListItem","position":1,"name":"Accueil","item":"https:\/\/welovecinema.be\/fr\/"},{"@type":"ListItem","position":2,"name":"\u00ab\u00a0Tout Court\u00a0\u00bb, \u00e9mission du 30 mai 2017"}]},{"@type":"WebSite","@id":"https:\/\/welovecinema.be\/nl\/#website","url":"https:\/\/welovecinema.be\/nl\/","name":"We Love Cinema","description":"Toute l\u2019information du cin\u00e9ma en Belgique","publisher":{"@id":"https:\/\/welovecinema.be\/nl\/#organization"},"potentialAction":[{"@type":"SearchAction","target":{"@type":"EntryPoint","urlTemplate":"https:\/\/welovecinema.be\/nl\/?s={search_term_string}"},"query-input":"required name=search_term_string"}],"inLanguage":"fr-FR"},{"@type":"Organization","@id":"https:\/\/welovecinema.be\/nl\/#organization","name":"We Love Cinema","url":"https:\/\/welovecinema.be\/nl\/","logo":{"@type":"ImageObject","inLanguage":"fr-FR","@id":"https:\/\/welovecinema.be\/nl\/#\/schema\/logo\/image\/","url":"https:\/\/welovecinema.be\/wp-content\/uploads\/sites\/2\/2023\/03\/Logo-We-Love-Cinema305x128.jpg","contentUrl":"https:\/\/welovecinema.be\/wp-content\/uploads\/sites\/2\/2023\/03\/Logo-We-Love-Cinema305x128.jpg","width":305,"height":128,"caption":"We Love Cinema"},"image":{"@id":"https:\/\/welovecinema.be\/nl\/#\/schema\/logo\/image\/"},"sameAs":["https:\/\/www.facebook.com\/welovecinema.be","https:\/\/www.youtube.com\/channel\/UCX5LYGVhnKvYauW4Nta4HJA","https:\/\/www.instagram.com\/welovecinema.be\/"]},{"@type":"Person","@id":"https:\/\/welovecinema.be\/nl\/#\/schema\/person\/8084b68c6b176142d073695c654dc7cf","name":"Aurore Engelen","url":"https:\/\/welovecinema.be\/fr\/author\/aurore-engelen\/"}]}},"_links":{"self":[{"href":"https:\/\/welovecinema.be\/fr\/wp-json\/wp\/v2\/posts\/200231","targetHints":{"allow":["GET"]}}],"collection":[{"href":"https:\/\/welovecinema.be\/fr\/wp-json\/wp\/v2\/posts"}],"about":[{"href":"https:\/\/welovecinema.be\/fr\/wp-json\/wp\/v2\/types\/post"}],"author":[{"embeddable":true,"href":"https:\/\/welovecinema.be\/fr\/wp-json\/wp\/v2\/users\/343"}],"replies":[{"embeddable":true,"href":"https:\/\/welovecinema.be\/fr\/wp-json\/wp\/v2\/comments?post=200231"}],"version-history":[{"count":0,"href":"https:\/\/welovecinema.be\/fr\/wp-json\/wp\/v2\/posts\/200231\/revisions"}],"wp:featuredmedia":[{"embeddable":true,"href":"https:\/\/welovecinema.be\/fr\/wp-json\/wp\/v2\/media\/200232"}],"wp:attachment":[{"href":"https:\/\/welovecinema.be\/fr\/wp-json\/wp\/v2\/media?parent=200231"}],"wp:term":[{"taxonomy":"category","embeddable":true,"href":"https:\/\/welovecinema.be\/fr\/wp-json\/wp\/v2\/categories?post=200231"},{"taxonomy":"post_tag","embeddable":true,"href":"https:\/\/welovecinema.be\/fr\/wp-json\/wp\/v2\/tags?post=200231"}],"curies":[{"name":"wp","href":"https:\/\/api.w.org\/{rel}","templated":true}]}}