{"id":19986,"date":"2012-05-01T06:36:56","date_gmt":"2012-05-01T06:36:56","guid":{"rendered":"http:\/\/www.cinevox.be\/?p=19986"},"modified":"2012-04-28T09:50:23","modified_gmt":"2012-04-28T09:50:23","slug":"un-jeune-belge-jure-a-cannes","status":"publish","type":"post","link":"https:\/\/welovecinema.be\/fr\/un-jeune-belge-jure-a-cannes\/","title":{"rendered":"Un jeune Belge, jur\u00e9 \u00e0 Cannes"},"content":{"rendered":"<p>\u00c0 Cannes, la semaine internationale de la critique a institu\u00e9 cette ann\u00e9e un tout nouveau prix. Le jury qui le d\u00e9cernera sera pr\u00e9sid\u00e9 par <strong>C\u00e9line Sciamma<\/strong>, la r\u00e9alisatrice \u00e0 succ\u00e8s de <em>La Naissance des Pieuvres<\/em> et <em>Tomboy.<\/em> Dans son \u00e9quipe, <strong>Victor-Emmanuel Boinem<\/strong>, un jeune li\u00e9geois<!--more--><\/p>\n<p>&nbsp;<\/p>\n<p>&nbsp;<\/p>\n<p>&nbsp;<\/p>\n<p><a rel=\"attachment wp-att-19991\" href=\"http:\/\/www.cinevox.be\/un-jeune-belge-jure-a-cannes\/franzosische-filmtage-tubingen-2007\/\"><img loading=\"lazy\" decoding=\"async\" class=\"aligncenter size-full wp-image-19991\" title=\"Franz\u00f6sische Filmtage T\u00fcbingen 2007\" src=\"http:\/\/www.cinevox.be\/wp-content\/uploads\/sites\/2\/2012\/05\/sciama.jpg\" alt=\"\" width=\"2185\" height=\"1456\" srcset=\"https:\/\/welovecinema.be\/wp-content\/uploads\/sites\/2\/2012\/05\/sciama.jpg 2185w, https:\/\/welovecinema.be\/wp-content\/uploads\/sites\/2\/2012\/05\/sciama-405x270.jpg 405w, https:\/\/welovecinema.be\/wp-content\/uploads\/sites\/2\/2012\/05\/sciama-800x533.jpg 800w\" sizes=\"auto, (max-width: 2185px) 100vw, 2185px\" \/><\/a><\/p>\n<p>&nbsp;<\/p>\n<p>\u00ab\u00a0Fid\u00e8le \u00e0 sa mission de d\u00e9couverte et \u00e0 l\u2019id\u00e9e d\u2019\u00e9mergence qui font sa sp\u00e9cificit\u00e9\u00a0\u00bb, la Semaine de la Critique cr\u00e9e donc cette ann\u00e9e un tout nouveau prix qui entend \u00ab\u00a0refl\u00e9ter la passion et l\u2019enthousiasme de jeunes cin\u00e9philes pour les nouveaux talents du cin\u00e9ma\u00a0\u00bb.<\/p>\n<p><a rel=\"attachment wp-att-19987\" href=\"http:\/\/www.cinevox.be\/un-jeune-belge-jure-a-cannes\/victor-emmanuel-boinem\/\"><img loading=\"lazy\" decoding=\"async\" class=\"size-full wp-image-19987 alignright\" title=\"Victor-Emmanuel-Boinem\" src=\"http:\/\/www.cinevox.be\/wp-content\/uploads\/sites\/2\/2012\/04\/Victor-Emmanuel-Boinem.jpg\" alt=\"\" width=\"140\" height=\"200\" \/><\/a>Ce \u00ab\u00a0Jury R\u00e9v\u00e9lation France 4\u00a0\u00bb, pr\u00e9sid\u00e9 par C\u00e9line Sciamma (photo ci-dessus) , sera compos\u00e9 de\u00a0quatre apprentis critiques ou professionnels : un Indien, une Cor\u00e9enne, un Am\u00e9ricain\u2026 et un Belge. <strong>Victor-Emmanuel Boinem<\/strong> (photo ci-contre) a 24 ans et il est \u00e9tudiant en Arts du Spectacle \u00e0 Li\u00e8ge apr\u00e8s un Master en R\u00e9alisation \u00e0 l\u2019INSAS.<\/p>\n<p>En mettant en place ce nouveau jury, la Semaine a pour objectif \u00ab\u00a0de mettre en avant la critique et de confronter ces regards \u00e0 celui d\u2019une jeune r\u00e9alisatrice\u00a0\u00bb. \u00a0Les membres du Jury R\u00e9v\u00e9lation auront l&rsquo;occasion de juger les premiers et secondes \u0153uvres de cin\u00e9astes appartenant \u00e0 la m\u00eame g\u00e9n\u00e9ration.\u00a0 Belle d\u00e9marche.<\/p>\n<p>Qui r\u00e9compensera peut-\u00eatre <strong>David Lambert<\/strong> et <em>Hors les Murs\u2026<\/em><\/p>\n<p>&nbsp;<\/p>\n","protected":false},"excerpt":{"rendered":"<p>\u00c0 Cannes, la semaine internationale de la critique a institu\u00e9 cette ann\u00e9e un tout nouveau prix. Le jury qui le d\u00e9cernera sera pr\u00e9sid\u00e9 par C\u00e9line Sciamma, la r\u00e9alisatrice \u00e0 succ\u00e8s de La Naissance des Pieuvres et Tomboy. Dans son \u00e9quipe, Victor-Emmanuel Boinem, un jeune li\u00e9geois<\/p>\n","protected":false},"author":7,"featured_media":20002,"comment_status":"closed","ping_status":"closed","sticky":false,"template":"","format":"standard","meta":{"ngg_post_thumbnail":0,"footnotes":""},"categories":[1923,7],"tags":[],"class_list":["post-19986","post","type-post","status-publish","format-standard","has-post-thumbnail","","category-en-bref","category-actualites"],"yoast_head":"<!-- This site is optimized with the Yoast SEO plugin v20.4 - https:\/\/yoast.com\/wordpress\/plugins\/seo\/ -->\n<title>Un jeune Belge, jur\u00e9 \u00e0 Cannes - We Love Cinema<\/title>\n<meta name=\"robots\" content=\"index, follow, max-snippet:-1, max-image-preview:large, max-video-preview:-1\" \/>\n<link rel=\"canonical\" href=\"https:\/\/welovecinema.be\/fr\/un-jeune-belge-jure-a-cannes\/\" \/>\n<meta property=\"og:locale\" content=\"fr_FR\" \/>\n<meta property=\"og:type\" content=\"article\" \/>\n<meta property=\"og:title\" content=\"Un jeune Belge, jur\u00e9 \u00e0 Cannes - We Love Cinema\" \/>\n<meta property=\"og:description\" content=\"\u00c0 Cannes, la semaine internationale de la critique a institu\u00e9 cette ann\u00e9e un tout nouveau prix. Le jury qui le d\u00e9cernera sera pr\u00e9sid\u00e9 par C\u00e9line Sciamma, la r\u00e9alisatrice \u00e0 succ\u00e8s de La Naissance des Pieuvres et Tomboy. Dans son \u00e9quipe, Victor-Emmanuel Boinem, un jeune li\u00e9geois\" \/>\n<meta property=\"og:url\" content=\"https:\/\/welovecinema.be\/fr\/un-jeune-belge-jure-a-cannes\/\" \/>\n<meta property=\"og:site_name\" content=\"We Love Cinema\" \/>\n<meta property=\"article:publisher\" content=\"https:\/\/www.facebook.com\/welovecinema.be\" \/>\n<meta property=\"article:published_time\" content=\"2012-05-01T06:36:56+00:00\" \/>\n<meta property=\"article:modified_time\" content=\"2012-04-28T09:50:23+00:00\" \/>\n<meta property=\"og:image\" content=\"https:\/\/welovecinema.be\/wp-content\/uploads\/sites\/2\/2012\/05\/semaine-critique-affiche.jpg\" \/>\n\t<meta property=\"og:image:width\" content=\"532\" \/>\n\t<meta property=\"og:image:height\" content=\"351\" \/>\n\t<meta property=\"og:image:type\" content=\"image\/jpeg\" \/>\n<meta name=\"author\" content=\"Philippe.Pierquin\" \/>\n<meta name=\"twitter:card\" content=\"summary_large_image\" \/>\n<meta name=\"twitter:label1\" content=\"\u00c9crit par\" \/>\n\t<meta name=\"twitter:data1\" content=\"Philippe.Pierquin\" \/>\n\t<meta name=\"twitter:label2\" content=\"Dur\u00e9e de lecture estim\u00e9e\" \/>\n\t<meta name=\"twitter:data2\" content=\"1 minute\" \/>\n<script type=\"application\/ld+json\" class=\"yoast-schema-graph\">{\"@context\":\"https:\/\/schema.org\",\"@graph\":[{\"@type\":\"Article\",\"@id\":\"https:\/\/welovecinema.be\/fr\/un-jeune-belge-jure-a-cannes\/#article\",\"isPartOf\":{\"@id\":\"https:\/\/welovecinema.be\/fr\/un-jeune-belge-jure-a-cannes\/\"},\"author\":{\"name\":\"Philippe.Pierquin\",\"@id\":\"https:\/\/welovecinema.be\/nl\/#\/schema\/person\/4b9b1d857f0943453a38a7c2859ef756\"},\"headline\":\"Un jeune Belge, jur\u00e9 \u00e0 Cannes\",\"datePublished\":\"2012-05-01T06:36:56+00:00\",\"dateModified\":\"2012-04-28T09:50:23+00:00\",\"mainEntityOfPage\":{\"@id\":\"https:\/\/welovecinema.be\/fr\/un-jeune-belge-jure-a-cannes\/\"},\"wordCount\":241,\"publisher\":{\"@id\":\"https:\/\/welovecinema.be\/nl\/#organization\"},\"articleSection\":[\"En bref\",\"News\"],\"inLanguage\":\"fr-FR\"},{\"@type\":\"WebPage\",\"@id\":\"https:\/\/welovecinema.be\/fr\/un-jeune-belge-jure-a-cannes\/\",\"url\":\"https:\/\/welovecinema.be\/fr\/un-jeune-belge-jure-a-cannes\/\",\"name\":\"Un jeune Belge, jur\u00e9 \u00e0 Cannes - We Love Cinema\",\"isPartOf\":{\"@id\":\"https:\/\/welovecinema.be\/nl\/#website\"},\"datePublished\":\"2012-05-01T06:36:56+00:00\",\"dateModified\":\"2012-04-28T09:50:23+00:00\",\"breadcrumb\":{\"@id\":\"https:\/\/welovecinema.be\/fr\/un-jeune-belge-jure-a-cannes\/#breadcrumb\"},\"inLanguage\":\"fr-FR\",\"potentialAction\":[{\"@type\":\"ReadAction\",\"target\":[\"https:\/\/welovecinema.be\/fr\/un-jeune-belge-jure-a-cannes\/\"]}]},{\"@type\":\"BreadcrumbList\",\"@id\":\"https:\/\/welovecinema.be\/fr\/un-jeune-belge-jure-a-cannes\/#breadcrumb\",\"itemListElement\":[{\"@type\":\"ListItem\",\"position\":1,\"name\":\"Accueil\",\"item\":\"https:\/\/welovecinema.be\/fr\/\"},{\"@type\":\"ListItem\",\"position\":2,\"name\":\"Un jeune Belge, jur\u00e9 \u00e0 Cannes\"}]},{\"@type\":\"WebSite\",\"@id\":\"https:\/\/welovecinema.be\/nl\/#website\",\"url\":\"https:\/\/welovecinema.be\/nl\/\",\"name\":\"We Love Cinema\",\"description\":\"Toute l\u2019information du cin\u00e9ma en Belgique\",\"publisher\":{\"@id\":\"https:\/\/welovecinema.be\/nl\/#organization\"},\"potentialAction\":[{\"@type\":\"SearchAction\",\"target\":{\"@type\":\"EntryPoint\",\"urlTemplate\":\"https:\/\/welovecinema.be\/nl\/?s={search_term_string}\"},\"query-input\":\"required name=search_term_string\"}],\"inLanguage\":\"fr-FR\"},{\"@type\":\"Organization\",\"@id\":\"https:\/\/welovecinema.be\/nl\/#organization\",\"name\":\"We Love Cinema\",\"url\":\"https:\/\/welovecinema.be\/nl\/\",\"logo\":{\"@type\":\"ImageObject\",\"inLanguage\":\"fr-FR\",\"@id\":\"https:\/\/welovecinema.be\/nl\/#\/schema\/logo\/image\/\",\"url\":\"https:\/\/welovecinema.be\/wp-content\/uploads\/sites\/2\/2023\/03\/Logo-We-Love-Cinema305x128.jpg\",\"contentUrl\":\"https:\/\/welovecinema.be\/wp-content\/uploads\/sites\/2\/2023\/03\/Logo-We-Love-Cinema305x128.jpg\",\"width\":305,\"height\":128,\"caption\":\"We Love Cinema\"},\"image\":{\"@id\":\"https:\/\/welovecinema.be\/nl\/#\/schema\/logo\/image\/\"},\"sameAs\":[\"https:\/\/www.facebook.com\/welovecinema.be\",\"https:\/\/www.youtube.com\/channel\/UCX5LYGVhnKvYauW4Nta4HJA\",\"https:\/\/www.instagram.com\/welovecinema.be\/\"]},{\"@type\":\"Person\",\"@id\":\"https:\/\/welovecinema.be\/nl\/#\/schema\/person\/4b9b1d857f0943453a38a7c2859ef756\",\"name\":\"Philippe.Pierquin\",\"url\":\"https:\/\/welovecinema.be\/fr\/author\/philippe-pierquin\/\"}]}<\/script>\n<!-- \/ Yoast SEO plugin. -->","yoast_head_json":{"title":"Un jeune Belge, jur\u00e9 \u00e0 Cannes - We Love Cinema","robots":{"index":"index","follow":"follow","max-snippet":"max-snippet:-1","max-image-preview":"max-image-preview:large","max-video-preview":"max-video-preview:-1"},"canonical":"https:\/\/welovecinema.be\/fr\/un-jeune-belge-jure-a-cannes\/","og_locale":"fr_FR","og_type":"article","og_title":"Un jeune Belge, jur\u00e9 \u00e0 Cannes - We Love Cinema","og_description":"\u00c0 Cannes, la semaine internationale de la critique a institu\u00e9 cette ann\u00e9e un tout nouveau prix. Le jury qui le d\u00e9cernera sera pr\u00e9sid\u00e9 par C\u00e9line Sciamma, la r\u00e9alisatrice \u00e0 succ\u00e8s de La Naissance des Pieuvres et Tomboy. Dans son \u00e9quipe, Victor-Emmanuel Boinem, un jeune li\u00e9geois","og_url":"https:\/\/welovecinema.be\/fr\/un-jeune-belge-jure-a-cannes\/","og_site_name":"We Love Cinema","article_publisher":"https:\/\/www.facebook.com\/welovecinema.be","article_published_time":"2012-05-01T06:36:56+00:00","article_modified_time":"2012-04-28T09:50:23+00:00","og_image":[{"width":"532","height":"351","url":"https:\/\/welovecinema.be\/wp-content\/uploads\/sites\/2\/2012\/05\/semaine-critique-affiche.jpg","type":"image\/jpeg"}],"author":"Philippe.Pierquin","twitter_card":"summary_large_image","twitter_misc":{"\u00c9crit par":"Philippe.Pierquin","Dur\u00e9e de lecture estim\u00e9e":"1 minute"},"schema":{"@context":"https:\/\/schema.org","@graph":[{"@type":"Article","@id":"https:\/\/welovecinema.be\/fr\/un-jeune-belge-jure-a-cannes\/#article","isPartOf":{"@id":"https:\/\/welovecinema.be\/fr\/un-jeune-belge-jure-a-cannes\/"},"author":{"name":"Philippe.Pierquin","@id":"https:\/\/welovecinema.be\/nl\/#\/schema\/person\/4b9b1d857f0943453a38a7c2859ef756"},"headline":"Un jeune Belge, jur\u00e9 \u00e0 Cannes","datePublished":"2012-05-01T06:36:56+00:00","dateModified":"2012-04-28T09:50:23+00:00","mainEntityOfPage":{"@id":"https:\/\/welovecinema.be\/fr\/un-jeune-belge-jure-a-cannes\/"},"wordCount":241,"publisher":{"@id":"https:\/\/welovecinema.be\/nl\/#organization"},"articleSection":["En bref","News"],"inLanguage":"fr-FR"},{"@type":"WebPage","@id":"https:\/\/welovecinema.be\/fr\/un-jeune-belge-jure-a-cannes\/","url":"https:\/\/welovecinema.be\/fr\/un-jeune-belge-jure-a-cannes\/","name":"Un jeune Belge, jur\u00e9 \u00e0 Cannes - We Love Cinema","isPartOf":{"@id":"https:\/\/welovecinema.be\/nl\/#website"},"datePublished":"2012-05-01T06:36:56+00:00","dateModified":"2012-04-28T09:50:23+00:00","breadcrumb":{"@id":"https:\/\/welovecinema.be\/fr\/un-jeune-belge-jure-a-cannes\/#breadcrumb"},"inLanguage":"fr-FR","potentialAction":[{"@type":"ReadAction","target":["https:\/\/welovecinema.be\/fr\/un-jeune-belge-jure-a-cannes\/"]}]},{"@type":"BreadcrumbList","@id":"https:\/\/welovecinema.be\/fr\/un-jeune-belge-jure-a-cannes\/#breadcrumb","itemListElement":[{"@type":"ListItem","position":1,"name":"Accueil","item":"https:\/\/welovecinema.be\/fr\/"},{"@type":"ListItem","position":2,"name":"Un jeune Belge, jur\u00e9 \u00e0 Cannes"}]},{"@type":"WebSite","@id":"https:\/\/welovecinema.be\/nl\/#website","url":"https:\/\/welovecinema.be\/nl\/","name":"We Love Cinema","description":"Toute l\u2019information du cin\u00e9ma en Belgique","publisher":{"@id":"https:\/\/welovecinema.be\/nl\/#organization"},"potentialAction":[{"@type":"SearchAction","target":{"@type":"EntryPoint","urlTemplate":"https:\/\/welovecinema.be\/nl\/?s={search_term_string}"},"query-input":"required name=search_term_string"}],"inLanguage":"fr-FR"},{"@type":"Organization","@id":"https:\/\/welovecinema.be\/nl\/#organization","name":"We Love Cinema","url":"https:\/\/welovecinema.be\/nl\/","logo":{"@type":"ImageObject","inLanguage":"fr-FR","@id":"https:\/\/welovecinema.be\/nl\/#\/schema\/logo\/image\/","url":"https:\/\/welovecinema.be\/wp-content\/uploads\/sites\/2\/2023\/03\/Logo-We-Love-Cinema305x128.jpg","contentUrl":"https:\/\/welovecinema.be\/wp-content\/uploads\/sites\/2\/2023\/03\/Logo-We-Love-Cinema305x128.jpg","width":305,"height":128,"caption":"We Love Cinema"},"image":{"@id":"https:\/\/welovecinema.be\/nl\/#\/schema\/logo\/image\/"},"sameAs":["https:\/\/www.facebook.com\/welovecinema.be","https:\/\/www.youtube.com\/channel\/UCX5LYGVhnKvYauW4Nta4HJA","https:\/\/www.instagram.com\/welovecinema.be\/"]},{"@type":"Person","@id":"https:\/\/welovecinema.be\/nl\/#\/schema\/person\/4b9b1d857f0943453a38a7c2859ef756","name":"Philippe.Pierquin","url":"https:\/\/welovecinema.be\/fr\/author\/philippe-pierquin\/"}]}},"_links":{"self":[{"href":"https:\/\/welovecinema.be\/fr\/wp-json\/wp\/v2\/posts\/19986","targetHints":{"allow":["GET"]}}],"collection":[{"href":"https:\/\/welovecinema.be\/fr\/wp-json\/wp\/v2\/posts"}],"about":[{"href":"https:\/\/welovecinema.be\/fr\/wp-json\/wp\/v2\/types\/post"}],"author":[{"embeddable":true,"href":"https:\/\/welovecinema.be\/fr\/wp-json\/wp\/v2\/users\/7"}],"replies":[{"embeddable":true,"href":"https:\/\/welovecinema.be\/fr\/wp-json\/wp\/v2\/comments?post=19986"}],"version-history":[{"count":0,"href":"https:\/\/welovecinema.be\/fr\/wp-json\/wp\/v2\/posts\/19986\/revisions"}],"wp:featuredmedia":[{"embeddable":true,"href":"https:\/\/welovecinema.be\/fr\/wp-json\/wp\/v2\/media\/20002"}],"wp:attachment":[{"href":"https:\/\/welovecinema.be\/fr\/wp-json\/wp\/v2\/media?parent=19986"}],"wp:term":[{"taxonomy":"category","embeddable":true,"href":"https:\/\/welovecinema.be\/fr\/wp-json\/wp\/v2\/categories?post=19986"},{"taxonomy":"post_tag","embeddable":true,"href":"https:\/\/welovecinema.be\/fr\/wp-json\/wp\/v2\/tags?post=19986"}],"curies":[{"name":"wp","href":"https:\/\/api.w.org\/{rel}","templated":true}]}}