{"id":199656,"date":"2017-05-19T13:51:34","date_gmt":"2017-05-19T11:51:34","guid":{"rendered":"http:\/\/new.cinevox.be\/?p=199656\/"},"modified":"2021-09-21T15:13:58","modified_gmt":"2021-09-21T13:13:58","slug":"bande-annonce-nos-patriotes-marc-zinga","status":"publish","type":"post","link":"https:\/\/welovecinema.be\/fr\/bande-annonce-nos-patriotes-marc-zinga\/","title":{"rendered":"Bande-annonce \u00ab\u00a0Nos Patriotes\u00a0\u00bb avec Marc Zinga"},"content":{"rendered":"<p>Le 14 juin prochain sortira dans nos salles <strong><em>Nos Patriotes<\/em><\/strong>, un\u00a0film de Gabriel Le Bomin, avec en t\u00eate d&rsquo;affiche le com\u00e9dien belge Marc Zinga, r\u00e9v\u00e9l\u00e9 par <em>Les Rayures du Z\u00e8bre<\/em>, et vu dans <em>Dheepan, Bienvenue \u00e0 Marly-Gomont<\/em> ou <em>La Fille Inconnue<\/em>.<\/p>\n<p>Il y interpr\u00e8te Addi Ba,\u00a0un jeune tirailleur s\u00e9n\u00e9galais\u00a0qui apr\u00e8s la d\u00e9faite fran\u00e7aise de l&rsquo;\u00e9t\u00e9 1940, s&rsquo;\u00e9vade et se cache dans les Vosges. Aid\u00e9 par certains villageois, il obtient des faux papiers qui lui permettent de vivre au grand jour. Rep\u00e9r\u00e9 par ceux qui cherchent \u00e0 agir contre l&rsquo;occupant et qui ne se nomment pas encore \u00ab\u00a0r\u00e9sistants\u00a0\u00bb, il participe \u00e0 la fondation du premier \u00ab\u00a0maquis\u00a0\u00bb de la r\u00e9gion.<\/p>\n<p>A ses c\u00f4t\u00e9s, on retrouve la jeune chanteuse et com\u00e9dienne Louane Emera, mais aussi Alexandra Lamy, Pierre Deladonchamps, Gr\u00e9gory Gadebois et Astrid Whettnall.<\/p>\n<p><img loading=\"lazy\" decoding=\"async\" class=\"aligncenter size-large wp-image-99775\" src=\"http:\/\/www.cinevox.be\/wp-content\/uploads\/sites\/2\/2017\/05\/Nos-Patriotes-Marc-Zinga-800x450.jpg\" alt=\"Nos-Patriotes-Marc-Zinga\" width=\"640\" height=\"360\" \/><\/p>\n<p><img loading=\"lazy\" decoding=\"async\" class=\"aligncenter size-large wp-image-99776\" src=\"http:\/\/www.cinevox.be\/wp-content\/uploads\/sites\/2\/2017\/05\/Nos-Patriotes-Astrid-Whettnall-800x450.jpg\" alt=\"Nos-Patriotes-Astrid-Whettnall\" width=\"640\" height=\"360\" \/><\/p>\n<p><img loading=\"lazy\" decoding=\"async\" class=\"aligncenter size-large wp-image-99777\" src=\"http:\/\/www.cinevox.be\/wp-content\/uploads\/sites\/2\/2017\/05\/nos-patriotes-1-800x533.jpg\" alt=\"\" width=\"640\" height=\"426\" \/><\/p>\n<div class=\"movieInfosGroup synopsisWarp\"><\/div>\n","protected":false},"excerpt":{"rendered":"<p>Le 14 juin prochain sortira dans nos salles Nos Patriotes, un\u00a0film de Gabriel Le Bomin, avec en t\u00eate d&rsquo;affiche le com\u00e9dien belge Marc Zinga, r\u00e9v\u00e9l\u00e9 par Les Rayures du Z\u00e8bre, et vu dans Dheepan, Bienvenue \u00e0 Marly-Gomont ou La Fille Inconnue. Il y interpr\u00e8te Addi Ba,\u00a0un jeune tirailleur s\u00e9n\u00e9galais\u00a0qui apr\u00e8s la d\u00e9faite fran\u00e7aise de l&rsquo;\u00e9t\u00e9 &hellip;<\/p>\n","protected":false},"author":339,"featured_media":199614,"comment_status":"closed","ping_status":"closed","sticky":false,"template":"","format":"standard","meta":{"ngg_post_thumbnail":0,"footnotes":""},"categories":[53],"tags":[],"class_list":["post-199656","post","type-post","status-publish","format-standard","has-post-thumbnail","","category-coming-soon"],"yoast_head":"<!-- This site is optimized with the Yoast SEO plugin v20.4 - https:\/\/yoast.com\/wordpress\/plugins\/seo\/ -->\n<title>Bande-annonce &quot;Nos Patriotes&quot; avec Marc Zinga - We Love Cinema<\/title>\n<meta name=\"robots\" content=\"index, follow, max-snippet:-1, max-image-preview:large, max-video-preview:-1\" \/>\n<link rel=\"canonical\" href=\"https:\/\/welovecinema.be\/fr\/bande-annonce-nos-patriotes-marc-zinga\/\" \/>\n<meta property=\"og:locale\" content=\"fr_FR\" \/>\n<meta property=\"og:type\" content=\"article\" \/>\n<meta property=\"og:title\" content=\"Bande-annonce &quot;Nos Patriotes&quot; avec Marc Zinga - We Love Cinema\" \/>\n<meta property=\"og:description\" content=\"Le 14 juin prochain sortira dans nos salles Nos Patriotes, un\u00a0film de Gabriel Le Bomin, avec en t\u00eate d&rsquo;affiche le com\u00e9dien belge Marc Zinga, r\u00e9v\u00e9l\u00e9 par Les Rayures du Z\u00e8bre, et vu dans Dheepan, Bienvenue \u00e0 Marly-Gomont ou La Fille Inconnue. Il y interpr\u00e8te Addi Ba,\u00a0un jeune tirailleur s\u00e9n\u00e9galais\u00a0qui apr\u00e8s la d\u00e9faite fran\u00e7aise de l&rsquo;\u00e9t\u00e9 &hellip;\" \/>\n<meta property=\"og:url\" content=\"https:\/\/welovecinema.be\/fr\/bande-annonce-nos-patriotes-marc-zinga\/\" \/>\n<meta property=\"og:site_name\" content=\"We Love Cinema\" \/>\n<meta property=\"article:publisher\" content=\"https:\/\/www.facebook.com\/welovecinema.be\" \/>\n<meta property=\"article:published_time\" content=\"2017-05-19T11:51:34+00:00\" \/>\n<meta property=\"article:modified_time\" content=\"2021-09-21T13:13:58+00:00\" \/>\n<meta property=\"og:image\" content=\"https:\/\/welovecinema.be\/wp-content\/uploads\/sites\/2\/2017\/05\/Nos-Patriotes.jpg\" \/>\n\t<meta property=\"og:image:width\" content=\"600\" \/>\n\t<meta property=\"og:image:height\" content=\"300\" \/>\n\t<meta property=\"og:image:type\" content=\"image\/jpeg\" \/>\n<meta name=\"author\" content=\"Laurent\" \/>\n<meta name=\"twitter:card\" content=\"summary_large_image\" \/>\n<meta name=\"twitter:label1\" content=\"\u00c9crit par\" \/>\n\t<meta name=\"twitter:data1\" content=\"Laurent\" \/>\n\t<meta name=\"twitter:label2\" content=\"Dur\u00e9e de lecture estim\u00e9e\" \/>\n\t<meta name=\"twitter:data2\" content=\"1 minute\" \/>\n<script type=\"application\/ld+json\" class=\"yoast-schema-graph\">{\"@context\":\"https:\/\/schema.org\",\"@graph\":[{\"@type\":\"Article\",\"@id\":\"https:\/\/welovecinema.be\/fr\/bande-annonce-nos-patriotes-marc-zinga\/#article\",\"isPartOf\":{\"@id\":\"https:\/\/welovecinema.be\/fr\/bande-annonce-nos-patriotes-marc-zinga\/\"},\"author\":{\"name\":\"Laurent\",\"@id\":\"https:\/\/welovecinema.be\/nl\/#\/schema\/person\/4722f79d5e4255f537dc2d0f44988650\"},\"headline\":\"Bande-annonce \u00ab\u00a0Nos Patriotes\u00a0\u00bb avec Marc Zinga\",\"datePublished\":\"2017-05-19T11:51:34+00:00\",\"dateModified\":\"2021-09-21T13:13:58+00:00\",\"mainEntityOfPage\":{\"@id\":\"https:\/\/welovecinema.be\/fr\/bande-annonce-nos-patriotes-marc-zinga\/\"},\"wordCount\":157,\"publisher\":{\"@id\":\"https:\/\/welovecinema.be\/nl\/#organization\"},\"articleSection\":[\"Coming soon\"],\"inLanguage\":\"fr-FR\"},{\"@type\":\"WebPage\",\"@id\":\"https:\/\/welovecinema.be\/fr\/bande-annonce-nos-patriotes-marc-zinga\/\",\"url\":\"https:\/\/welovecinema.be\/fr\/bande-annonce-nos-patriotes-marc-zinga\/\",\"name\":\"Bande-annonce \\\"Nos Patriotes\\\" avec Marc Zinga - We Love Cinema\",\"isPartOf\":{\"@id\":\"https:\/\/welovecinema.be\/nl\/#website\"},\"datePublished\":\"2017-05-19T11:51:34+00:00\",\"dateModified\":\"2021-09-21T13:13:58+00:00\",\"breadcrumb\":{\"@id\":\"https:\/\/welovecinema.be\/fr\/bande-annonce-nos-patriotes-marc-zinga\/#breadcrumb\"},\"inLanguage\":\"fr-FR\",\"potentialAction\":[{\"@type\":\"ReadAction\",\"target\":[\"https:\/\/welovecinema.be\/fr\/bande-annonce-nos-patriotes-marc-zinga\/\"]}]},{\"@type\":\"BreadcrumbList\",\"@id\":\"https:\/\/welovecinema.be\/fr\/bande-annonce-nos-patriotes-marc-zinga\/#breadcrumb\",\"itemListElement\":[{\"@type\":\"ListItem\",\"position\":1,\"name\":\"Accueil\",\"item\":\"https:\/\/welovecinema.be\/fr\/\"},{\"@type\":\"ListItem\",\"position\":2,\"name\":\"Bande-annonce \u00ab\u00a0Nos Patriotes\u00a0\u00bb avec Marc Zinga\"}]},{\"@type\":\"WebSite\",\"@id\":\"https:\/\/welovecinema.be\/nl\/#website\",\"url\":\"https:\/\/welovecinema.be\/nl\/\",\"name\":\"We Love Cinema\",\"description\":\"Toute l\u2019information du cin\u00e9ma en Belgique\",\"publisher\":{\"@id\":\"https:\/\/welovecinema.be\/nl\/#organization\"},\"potentialAction\":[{\"@type\":\"SearchAction\",\"target\":{\"@type\":\"EntryPoint\",\"urlTemplate\":\"https:\/\/welovecinema.be\/nl\/?s={search_term_string}\"},\"query-input\":\"required name=search_term_string\"}],\"inLanguage\":\"fr-FR\"},{\"@type\":\"Organization\",\"@id\":\"https:\/\/welovecinema.be\/nl\/#organization\",\"name\":\"We Love Cinema\",\"url\":\"https:\/\/welovecinema.be\/nl\/\",\"logo\":{\"@type\":\"ImageObject\",\"inLanguage\":\"fr-FR\",\"@id\":\"https:\/\/welovecinema.be\/nl\/#\/schema\/logo\/image\/\",\"url\":\"https:\/\/welovecinema.be\/wp-content\/uploads\/sites\/2\/2023\/03\/Logo-We-Love-Cinema305x128.jpg\",\"contentUrl\":\"https:\/\/welovecinema.be\/wp-content\/uploads\/sites\/2\/2023\/03\/Logo-We-Love-Cinema305x128.jpg\",\"width\":305,\"height\":128,\"caption\":\"We Love Cinema\"},\"image\":{\"@id\":\"https:\/\/welovecinema.be\/nl\/#\/schema\/logo\/image\/\"},\"sameAs\":[\"https:\/\/www.facebook.com\/welovecinema.be\",\"https:\/\/www.youtube.com\/channel\/UCX5LYGVhnKvYauW4Nta4HJA\",\"https:\/\/www.instagram.com\/welovecinema.be\/\"]},{\"@type\":\"Person\",\"@id\":\"https:\/\/welovecinema.be\/nl\/#\/schema\/person\/4722f79d5e4255f537dc2d0f44988650\",\"name\":\"Laurent\",\"url\":\"https:\/\/welovecinema.be\/fr\/author\/laurent\/\"}]}<\/script>\n<!-- \/ Yoast SEO plugin. -->","yoast_head_json":{"title":"Bande-annonce \"Nos Patriotes\" avec Marc Zinga - We Love Cinema","robots":{"index":"index","follow":"follow","max-snippet":"max-snippet:-1","max-image-preview":"max-image-preview:large","max-video-preview":"max-video-preview:-1"},"canonical":"https:\/\/welovecinema.be\/fr\/bande-annonce-nos-patriotes-marc-zinga\/","og_locale":"fr_FR","og_type":"article","og_title":"Bande-annonce \"Nos Patriotes\" avec Marc Zinga - We Love Cinema","og_description":"Le 14 juin prochain sortira dans nos salles Nos Patriotes, un\u00a0film de Gabriel Le Bomin, avec en t\u00eate d&rsquo;affiche le com\u00e9dien belge Marc Zinga, r\u00e9v\u00e9l\u00e9 par Les Rayures du Z\u00e8bre, et vu dans Dheepan, Bienvenue \u00e0 Marly-Gomont ou La Fille Inconnue. Il y interpr\u00e8te Addi Ba,\u00a0un jeune tirailleur s\u00e9n\u00e9galais\u00a0qui apr\u00e8s la d\u00e9faite fran\u00e7aise de l&rsquo;\u00e9t\u00e9 &hellip;","og_url":"https:\/\/welovecinema.be\/fr\/bande-annonce-nos-patriotes-marc-zinga\/","og_site_name":"We Love Cinema","article_publisher":"https:\/\/www.facebook.com\/welovecinema.be","article_published_time":"2017-05-19T11:51:34+00:00","article_modified_time":"2021-09-21T13:13:58+00:00","og_image":[{"width":600,"height":300,"url":"https:\/\/welovecinema.be\/wp-content\/uploads\/sites\/2\/2017\/05\/Nos-Patriotes.jpg","type":"image\/jpeg"}],"author":"Laurent","twitter_card":"summary_large_image","twitter_misc":{"\u00c9crit par":"Laurent","Dur\u00e9e de lecture estim\u00e9e":"1 minute"},"schema":{"@context":"https:\/\/schema.org","@graph":[{"@type":"Article","@id":"https:\/\/welovecinema.be\/fr\/bande-annonce-nos-patriotes-marc-zinga\/#article","isPartOf":{"@id":"https:\/\/welovecinema.be\/fr\/bande-annonce-nos-patriotes-marc-zinga\/"},"author":{"name":"Laurent","@id":"https:\/\/welovecinema.be\/nl\/#\/schema\/person\/4722f79d5e4255f537dc2d0f44988650"},"headline":"Bande-annonce \u00ab\u00a0Nos Patriotes\u00a0\u00bb avec Marc Zinga","datePublished":"2017-05-19T11:51:34+00:00","dateModified":"2021-09-21T13:13:58+00:00","mainEntityOfPage":{"@id":"https:\/\/welovecinema.be\/fr\/bande-annonce-nos-patriotes-marc-zinga\/"},"wordCount":157,"publisher":{"@id":"https:\/\/welovecinema.be\/nl\/#organization"},"articleSection":["Coming soon"],"inLanguage":"fr-FR"},{"@type":"WebPage","@id":"https:\/\/welovecinema.be\/fr\/bande-annonce-nos-patriotes-marc-zinga\/","url":"https:\/\/welovecinema.be\/fr\/bande-annonce-nos-patriotes-marc-zinga\/","name":"Bande-annonce \"Nos Patriotes\" avec Marc Zinga - We Love Cinema","isPartOf":{"@id":"https:\/\/welovecinema.be\/nl\/#website"},"datePublished":"2017-05-19T11:51:34+00:00","dateModified":"2021-09-21T13:13:58+00:00","breadcrumb":{"@id":"https:\/\/welovecinema.be\/fr\/bande-annonce-nos-patriotes-marc-zinga\/#breadcrumb"},"inLanguage":"fr-FR","potentialAction":[{"@type":"ReadAction","target":["https:\/\/welovecinema.be\/fr\/bande-annonce-nos-patriotes-marc-zinga\/"]}]},{"@type":"BreadcrumbList","@id":"https:\/\/welovecinema.be\/fr\/bande-annonce-nos-patriotes-marc-zinga\/#breadcrumb","itemListElement":[{"@type":"ListItem","position":1,"name":"Accueil","item":"https:\/\/welovecinema.be\/fr\/"},{"@type":"ListItem","position":2,"name":"Bande-annonce \u00ab\u00a0Nos Patriotes\u00a0\u00bb avec Marc Zinga"}]},{"@type":"WebSite","@id":"https:\/\/welovecinema.be\/nl\/#website","url":"https:\/\/welovecinema.be\/nl\/","name":"We Love Cinema","description":"Toute l\u2019information du cin\u00e9ma en Belgique","publisher":{"@id":"https:\/\/welovecinema.be\/nl\/#organization"},"potentialAction":[{"@type":"SearchAction","target":{"@type":"EntryPoint","urlTemplate":"https:\/\/welovecinema.be\/nl\/?s={search_term_string}"},"query-input":"required name=search_term_string"}],"inLanguage":"fr-FR"},{"@type":"Organization","@id":"https:\/\/welovecinema.be\/nl\/#organization","name":"We Love Cinema","url":"https:\/\/welovecinema.be\/nl\/","logo":{"@type":"ImageObject","inLanguage":"fr-FR","@id":"https:\/\/welovecinema.be\/nl\/#\/schema\/logo\/image\/","url":"https:\/\/welovecinema.be\/wp-content\/uploads\/sites\/2\/2023\/03\/Logo-We-Love-Cinema305x128.jpg","contentUrl":"https:\/\/welovecinema.be\/wp-content\/uploads\/sites\/2\/2023\/03\/Logo-We-Love-Cinema305x128.jpg","width":305,"height":128,"caption":"We Love Cinema"},"image":{"@id":"https:\/\/welovecinema.be\/nl\/#\/schema\/logo\/image\/"},"sameAs":["https:\/\/www.facebook.com\/welovecinema.be","https:\/\/www.youtube.com\/channel\/UCX5LYGVhnKvYauW4Nta4HJA","https:\/\/www.instagram.com\/welovecinema.be\/"]},{"@type":"Person","@id":"https:\/\/welovecinema.be\/nl\/#\/schema\/person\/4722f79d5e4255f537dc2d0f44988650","name":"Laurent","url":"https:\/\/welovecinema.be\/fr\/author\/laurent\/"}]}},"_links":{"self":[{"href":"https:\/\/welovecinema.be\/fr\/wp-json\/wp\/v2\/posts\/199656","targetHints":{"allow":["GET"]}}],"collection":[{"href":"https:\/\/welovecinema.be\/fr\/wp-json\/wp\/v2\/posts"}],"about":[{"href":"https:\/\/welovecinema.be\/fr\/wp-json\/wp\/v2\/types\/post"}],"author":[{"embeddable":true,"href":"https:\/\/welovecinema.be\/fr\/wp-json\/wp\/v2\/users\/339"}],"replies":[{"embeddable":true,"href":"https:\/\/welovecinema.be\/fr\/wp-json\/wp\/v2\/comments?post=199656"}],"version-history":[{"count":0,"href":"https:\/\/welovecinema.be\/fr\/wp-json\/wp\/v2\/posts\/199656\/revisions"}],"wp:featuredmedia":[{"embeddable":true,"href":"https:\/\/welovecinema.be\/fr\/wp-json\/wp\/v2\/media\/199614"}],"wp:attachment":[{"href":"https:\/\/welovecinema.be\/fr\/wp-json\/wp\/v2\/media?parent=199656"}],"wp:term":[{"taxonomy":"category","embeddable":true,"href":"https:\/\/welovecinema.be\/fr\/wp-json\/wp\/v2\/categories?post=199656"},{"taxonomy":"post_tag","embeddable":true,"href":"https:\/\/welovecinema.be\/fr\/wp-json\/wp\/v2\/tags?post=199656"}],"curies":[{"name":"wp","href":"https:\/\/api.w.org\/{rel}","templated":true}]}}