{"id":199653,"date":"2017-05-15T13:48:28","date_gmt":"2017-05-15T11:48:28","guid":{"rendered":"http:\/\/new.cinevox.be\/?p=199653\/"},"modified":"2017-05-20T13:51:08","modified_gmt":"2017-05-20T11:51:08","slug":"capsule-60-mai-2017-insyriated-de-philippe-van-leeuw","status":"publish","type":"post","link":"https:\/\/welovecinema.be\/fr\/capsule-60-mai-2017-insyriated-de-philippe-van-leeuw\/","title":{"rendered":"Capsule #60, Mai 2017: \u00ab\u00a0Insyriated\u00a0\u00bb de Philippe Van Leeuw"},"content":{"rendered":"<p>Ce mois-ci dans Cinevox au cin\u00e9ma, rencontre avec Philippe Van Leeuw, r\u00e9alisateur du film <strong><em>Insyriated<\/em><\/strong>, doublement prim\u00e9 \u00e0 Berlin en f\u00e9vrier dernier (Prix du Public et Label Europa Cinemas), qui sortira dans les salles belges en octobre prochain, distribu\u00e9 par O&rsquo;Brother.<\/p>\n<p>Egalement au programme, le tournage de <strong><em>Duelles<\/em><\/strong> d&rsquo;Olivier Masset-Depasse, et les acteurs belges \u00e0 Cannes!<\/p>\n","protected":false},"excerpt":{"rendered":"<p>Ce mois-ci dans Cinevox au cin\u00e9ma, rencontre avec Philippe Van Leeuw, r\u00e9alisateur du film Insyriated, doublement prim\u00e9 \u00e0 Berlin en f\u00e9vrier dernier (Prix du Public et Label Europa Cinemas), qui sortira dans les salles belges en octobre prochain, distribu\u00e9 par O&rsquo;Brother. Egalement au programme, le tournage de Duelles d&rsquo;Olivier Masset-Depasse, et les acteurs belges \u00e0 &hellip;<\/p>\n","protected":false},"author":339,"featured_media":199654,"comment_status":"closed","ping_status":"closed","sticky":false,"template":"","format":"standard","meta":{"ngg_post_thumbnail":0,"footnotes":""},"categories":[1886],"tags":[],"class_list":["post-199653","post","type-post","status-publish","format-standard","has-post-thumbnail","","category-cinema-belge"],"yoast_head":"<!-- This site is optimized with the Yoast SEO plugin v20.4 - https:\/\/yoast.com\/wordpress\/plugins\/seo\/ -->\n<title>Capsule #60, Mai 2017: &quot;Insyriated&quot; de Philippe Van Leeuw - We Love Cinema<\/title>\n<meta name=\"robots\" content=\"index, follow, max-snippet:-1, max-image-preview:large, max-video-preview:-1\" \/>\n<link rel=\"canonical\" href=\"https:\/\/welovecinema.be\/fr\/capsule-60-mai-2017-insyriated-de-philippe-van-leeuw\/\" \/>\n<meta property=\"og:locale\" content=\"fr_FR\" \/>\n<meta property=\"og:type\" content=\"article\" \/>\n<meta property=\"og:title\" content=\"Capsule #60, Mai 2017: &quot;Insyriated&quot; de Philippe Van Leeuw - We Love Cinema\" \/>\n<meta property=\"og:description\" content=\"Ce mois-ci dans Cinevox au cin\u00e9ma, rencontre avec Philippe Van Leeuw, r\u00e9alisateur du film Insyriated, doublement prim\u00e9 \u00e0 Berlin en f\u00e9vrier dernier (Prix du Public et Label Europa Cinemas), qui sortira dans les salles belges en octobre prochain, distribu\u00e9 par O&rsquo;Brother. Egalement au programme, le tournage de Duelles d&rsquo;Olivier Masset-Depasse, et les acteurs belges \u00e0 &hellip;\" \/>\n<meta property=\"og:url\" content=\"https:\/\/welovecinema.be\/fr\/capsule-60-mai-2017-insyriated-de-philippe-van-leeuw\/\" \/>\n<meta property=\"og:site_name\" content=\"We Love Cinema\" \/>\n<meta property=\"article:publisher\" content=\"https:\/\/www.facebook.com\/welovecinema.be\" \/>\n<meta property=\"article:published_time\" content=\"2017-05-15T11:48:28+00:00\" \/>\n<meta property=\"article:modified_time\" content=\"2017-05-20T11:51:08+00:00\" \/>\n<meta property=\"og:image\" content=\"https:\/\/welovecinema.be\/wp-content\/uploads\/sites\/2\/2017\/05\/Capture-d\u2019e\u0301cran-2017-05-15-a\u0300-11.56.36-1.png\" \/>\n\t<meta property=\"og:image:width\" content=\"852\" \/>\n\t<meta property=\"og:image:height\" content=\"437\" \/>\n\t<meta property=\"og:image:type\" content=\"image\/png\" \/>\n<meta name=\"author\" content=\"Laurent\" \/>\n<meta name=\"twitter:card\" content=\"summary_large_image\" \/>\n<meta name=\"twitter:label1\" content=\"\u00c9crit par\" \/>\n\t<meta name=\"twitter:data1\" content=\"Laurent\" \/>\n<script type=\"application\/ld+json\" class=\"yoast-schema-graph\">{\"@context\":\"https:\/\/schema.org\",\"@graph\":[{\"@type\":\"Article\",\"@id\":\"https:\/\/welovecinema.be\/fr\/capsule-60-mai-2017-insyriated-de-philippe-van-leeuw\/#article\",\"isPartOf\":{\"@id\":\"https:\/\/welovecinema.be\/fr\/capsule-60-mai-2017-insyriated-de-philippe-van-leeuw\/\"},\"author\":{\"name\":\"Laurent\",\"@id\":\"https:\/\/welovecinema.be\/nl\/#\/schema\/person\/4722f79d5e4255f537dc2d0f44988650\"},\"headline\":\"Capsule #60, Mai 2017: \u00ab\u00a0Insyriated\u00a0\u00bb de Philippe Van Leeuw\",\"datePublished\":\"2017-05-15T11:48:28+00:00\",\"dateModified\":\"2017-05-20T11:51:08+00:00\",\"mainEntityOfPage\":{\"@id\":\"https:\/\/welovecinema.be\/fr\/capsule-60-mai-2017-insyriated-de-philippe-van-leeuw\/\"},\"wordCount\":66,\"publisher\":{\"@id\":\"https:\/\/welovecinema.be\/nl\/#organization\"},\"articleSection\":[\"Cin\u00e9Belge en salle\"],\"inLanguage\":\"fr-FR\"},{\"@type\":\"WebPage\",\"@id\":\"https:\/\/welovecinema.be\/fr\/capsule-60-mai-2017-insyriated-de-philippe-van-leeuw\/\",\"url\":\"https:\/\/welovecinema.be\/fr\/capsule-60-mai-2017-insyriated-de-philippe-van-leeuw\/\",\"name\":\"Capsule #60, Mai 2017: \\\"Insyriated\\\" de Philippe Van Leeuw - We Love Cinema\",\"isPartOf\":{\"@id\":\"https:\/\/welovecinema.be\/nl\/#website\"},\"datePublished\":\"2017-05-15T11:48:28+00:00\",\"dateModified\":\"2017-05-20T11:51:08+00:00\",\"breadcrumb\":{\"@id\":\"https:\/\/welovecinema.be\/fr\/capsule-60-mai-2017-insyriated-de-philippe-van-leeuw\/#breadcrumb\"},\"inLanguage\":\"fr-FR\",\"potentialAction\":[{\"@type\":\"ReadAction\",\"target\":[\"https:\/\/welovecinema.be\/fr\/capsule-60-mai-2017-insyriated-de-philippe-van-leeuw\/\"]}]},{\"@type\":\"BreadcrumbList\",\"@id\":\"https:\/\/welovecinema.be\/fr\/capsule-60-mai-2017-insyriated-de-philippe-van-leeuw\/#breadcrumb\",\"itemListElement\":[{\"@type\":\"ListItem\",\"position\":1,\"name\":\"Accueil\",\"item\":\"https:\/\/welovecinema.be\/fr\/\"},{\"@type\":\"ListItem\",\"position\":2,\"name\":\"Capsule #60, Mai 2017: \u00ab\u00a0Insyriated\u00a0\u00bb de Philippe Van Leeuw\"}]},{\"@type\":\"WebSite\",\"@id\":\"https:\/\/welovecinema.be\/nl\/#website\",\"url\":\"https:\/\/welovecinema.be\/nl\/\",\"name\":\"We Love Cinema\",\"description\":\"Toute l\u2019information du cin\u00e9ma en Belgique\",\"publisher\":{\"@id\":\"https:\/\/welovecinema.be\/nl\/#organization\"},\"potentialAction\":[{\"@type\":\"SearchAction\",\"target\":{\"@type\":\"EntryPoint\",\"urlTemplate\":\"https:\/\/welovecinema.be\/nl\/?s={search_term_string}\"},\"query-input\":\"required name=search_term_string\"}],\"inLanguage\":\"fr-FR\"},{\"@type\":\"Organization\",\"@id\":\"https:\/\/welovecinema.be\/nl\/#organization\",\"name\":\"We Love Cinema\",\"url\":\"https:\/\/welovecinema.be\/nl\/\",\"logo\":{\"@type\":\"ImageObject\",\"inLanguage\":\"fr-FR\",\"@id\":\"https:\/\/welovecinema.be\/nl\/#\/schema\/logo\/image\/\",\"url\":\"https:\/\/welovecinema.be\/wp-content\/uploads\/sites\/2\/2023\/03\/Logo-We-Love-Cinema305x128.jpg\",\"contentUrl\":\"https:\/\/welovecinema.be\/wp-content\/uploads\/sites\/2\/2023\/03\/Logo-We-Love-Cinema305x128.jpg\",\"width\":305,\"height\":128,\"caption\":\"We Love Cinema\"},\"image\":{\"@id\":\"https:\/\/welovecinema.be\/nl\/#\/schema\/logo\/image\/\"},\"sameAs\":[\"https:\/\/www.facebook.com\/welovecinema.be\",\"https:\/\/www.youtube.com\/channel\/UCX5LYGVhnKvYauW4Nta4HJA\",\"https:\/\/www.instagram.com\/welovecinema.be\/\"]},{\"@type\":\"Person\",\"@id\":\"https:\/\/welovecinema.be\/nl\/#\/schema\/person\/4722f79d5e4255f537dc2d0f44988650\",\"name\":\"Laurent\",\"url\":\"https:\/\/welovecinema.be\/fr\/author\/laurent\/\"}]}<\/script>\n<!-- \/ Yoast SEO plugin. -->","yoast_head_json":{"title":"Capsule #60, Mai 2017: \"Insyriated\" de Philippe Van Leeuw - We Love Cinema","robots":{"index":"index","follow":"follow","max-snippet":"max-snippet:-1","max-image-preview":"max-image-preview:large","max-video-preview":"max-video-preview:-1"},"canonical":"https:\/\/welovecinema.be\/fr\/capsule-60-mai-2017-insyriated-de-philippe-van-leeuw\/","og_locale":"fr_FR","og_type":"article","og_title":"Capsule #60, Mai 2017: \"Insyriated\" de Philippe Van Leeuw - We Love Cinema","og_description":"Ce mois-ci dans Cinevox au cin\u00e9ma, rencontre avec Philippe Van Leeuw, r\u00e9alisateur du film Insyriated, doublement prim\u00e9 \u00e0 Berlin en f\u00e9vrier dernier (Prix du Public et Label Europa Cinemas), qui sortira dans les salles belges en octobre prochain, distribu\u00e9 par O&rsquo;Brother. Egalement au programme, le tournage de Duelles d&rsquo;Olivier Masset-Depasse, et les acteurs belges \u00e0 &hellip;","og_url":"https:\/\/welovecinema.be\/fr\/capsule-60-mai-2017-insyriated-de-philippe-van-leeuw\/","og_site_name":"We Love Cinema","article_publisher":"https:\/\/www.facebook.com\/welovecinema.be","article_published_time":"2017-05-15T11:48:28+00:00","article_modified_time":"2017-05-20T11:51:08+00:00","og_image":[{"width":852,"height":437,"url":"https:\/\/welovecinema.be\/wp-content\/uploads\/sites\/2\/2017\/05\/Capture-d\u2019e\u0301cran-2017-05-15-a\u0300-11.56.36-1.png","type":"image\/png"}],"author":"Laurent","twitter_card":"summary_large_image","twitter_misc":{"\u00c9crit par":"Laurent"},"schema":{"@context":"https:\/\/schema.org","@graph":[{"@type":"Article","@id":"https:\/\/welovecinema.be\/fr\/capsule-60-mai-2017-insyriated-de-philippe-van-leeuw\/#article","isPartOf":{"@id":"https:\/\/welovecinema.be\/fr\/capsule-60-mai-2017-insyriated-de-philippe-van-leeuw\/"},"author":{"name":"Laurent","@id":"https:\/\/welovecinema.be\/nl\/#\/schema\/person\/4722f79d5e4255f537dc2d0f44988650"},"headline":"Capsule #60, Mai 2017: \u00ab\u00a0Insyriated\u00a0\u00bb de Philippe Van Leeuw","datePublished":"2017-05-15T11:48:28+00:00","dateModified":"2017-05-20T11:51:08+00:00","mainEntityOfPage":{"@id":"https:\/\/welovecinema.be\/fr\/capsule-60-mai-2017-insyriated-de-philippe-van-leeuw\/"},"wordCount":66,"publisher":{"@id":"https:\/\/welovecinema.be\/nl\/#organization"},"articleSection":["Cin\u00e9Belge en salle"],"inLanguage":"fr-FR"},{"@type":"WebPage","@id":"https:\/\/welovecinema.be\/fr\/capsule-60-mai-2017-insyriated-de-philippe-van-leeuw\/","url":"https:\/\/welovecinema.be\/fr\/capsule-60-mai-2017-insyriated-de-philippe-van-leeuw\/","name":"Capsule #60, Mai 2017: \"Insyriated\" de Philippe Van Leeuw - We Love Cinema","isPartOf":{"@id":"https:\/\/welovecinema.be\/nl\/#website"},"datePublished":"2017-05-15T11:48:28+00:00","dateModified":"2017-05-20T11:51:08+00:00","breadcrumb":{"@id":"https:\/\/welovecinema.be\/fr\/capsule-60-mai-2017-insyriated-de-philippe-van-leeuw\/#breadcrumb"},"inLanguage":"fr-FR","potentialAction":[{"@type":"ReadAction","target":["https:\/\/welovecinema.be\/fr\/capsule-60-mai-2017-insyriated-de-philippe-van-leeuw\/"]}]},{"@type":"BreadcrumbList","@id":"https:\/\/welovecinema.be\/fr\/capsule-60-mai-2017-insyriated-de-philippe-van-leeuw\/#breadcrumb","itemListElement":[{"@type":"ListItem","position":1,"name":"Accueil","item":"https:\/\/welovecinema.be\/fr\/"},{"@type":"ListItem","position":2,"name":"Capsule #60, Mai 2017: \u00ab\u00a0Insyriated\u00a0\u00bb de Philippe Van Leeuw"}]},{"@type":"WebSite","@id":"https:\/\/welovecinema.be\/nl\/#website","url":"https:\/\/welovecinema.be\/nl\/","name":"We Love Cinema","description":"Toute l\u2019information du cin\u00e9ma en Belgique","publisher":{"@id":"https:\/\/welovecinema.be\/nl\/#organization"},"potentialAction":[{"@type":"SearchAction","target":{"@type":"EntryPoint","urlTemplate":"https:\/\/welovecinema.be\/nl\/?s={search_term_string}"},"query-input":"required name=search_term_string"}],"inLanguage":"fr-FR"},{"@type":"Organization","@id":"https:\/\/welovecinema.be\/nl\/#organization","name":"We Love Cinema","url":"https:\/\/welovecinema.be\/nl\/","logo":{"@type":"ImageObject","inLanguage":"fr-FR","@id":"https:\/\/welovecinema.be\/nl\/#\/schema\/logo\/image\/","url":"https:\/\/welovecinema.be\/wp-content\/uploads\/sites\/2\/2023\/03\/Logo-We-Love-Cinema305x128.jpg","contentUrl":"https:\/\/welovecinema.be\/wp-content\/uploads\/sites\/2\/2023\/03\/Logo-We-Love-Cinema305x128.jpg","width":305,"height":128,"caption":"We Love Cinema"},"image":{"@id":"https:\/\/welovecinema.be\/nl\/#\/schema\/logo\/image\/"},"sameAs":["https:\/\/www.facebook.com\/welovecinema.be","https:\/\/www.youtube.com\/channel\/UCX5LYGVhnKvYauW4Nta4HJA","https:\/\/www.instagram.com\/welovecinema.be\/"]},{"@type":"Person","@id":"https:\/\/welovecinema.be\/nl\/#\/schema\/person\/4722f79d5e4255f537dc2d0f44988650","name":"Laurent","url":"https:\/\/welovecinema.be\/fr\/author\/laurent\/"}]}},"_links":{"self":[{"href":"https:\/\/welovecinema.be\/fr\/wp-json\/wp\/v2\/posts\/199653","targetHints":{"allow":["GET"]}}],"collection":[{"href":"https:\/\/welovecinema.be\/fr\/wp-json\/wp\/v2\/posts"}],"about":[{"href":"https:\/\/welovecinema.be\/fr\/wp-json\/wp\/v2\/types\/post"}],"author":[{"embeddable":true,"href":"https:\/\/welovecinema.be\/fr\/wp-json\/wp\/v2\/users\/339"}],"replies":[{"embeddable":true,"href":"https:\/\/welovecinema.be\/fr\/wp-json\/wp\/v2\/comments?post=199653"}],"version-history":[{"count":0,"href":"https:\/\/welovecinema.be\/fr\/wp-json\/wp\/v2\/posts\/199653\/revisions"}],"wp:featuredmedia":[{"embeddable":true,"href":"https:\/\/welovecinema.be\/fr\/wp-json\/wp\/v2\/media\/199654"}],"wp:attachment":[{"href":"https:\/\/welovecinema.be\/fr\/wp-json\/wp\/v2\/media?parent=199653"}],"wp:term":[{"taxonomy":"category","embeddable":true,"href":"https:\/\/welovecinema.be\/fr\/wp-json\/wp\/v2\/categories?post=199653"},{"taxonomy":"post_tag","embeddable":true,"href":"https:\/\/welovecinema.be\/fr\/wp-json\/wp\/v2\/tags?post=199653"}],"curies":[{"name":"wp","href":"https:\/\/api.w.org\/{rel}","templated":true}]}}