{"id":199650,"date":"2017-05-14T13:45:22","date_gmt":"2017-05-14T11:45:22","guid":{"rendered":"http:\/\/new.cinevox.be\/?p=199650\/"},"modified":"2017-05-20T13:48:05","modified_gmt":"2017-05-20T11:48:05","slug":"bande-annonce-sonar","status":"publish","type":"post","link":"https:\/\/welovecinema.be\/fr\/bande-annonce-sonar\/","title":{"rendered":"Bande-annonce \u00ab\u00a0Sonar\u00a0\u00bb"},"content":{"rendered":"<p><a href=\"http:\/\/www.cinevox.be\/sonar-au-coeur-du-son\"><em><strong>Sonar<\/strong><\/em><\/a>, d\u00e9couvert il y a quelques mois au FIFF, et red\u00e9couvert au Be Film Festival, sortira le 7 juin prochain en Belgique. Un premier film sensible et sensitif \u00e0&nbsp;d\u00e9couvrir, avec&nbsp;Baptiste Sornin, Emin\u00e9 Meyrem, Bernie Bonvoisin, Bruno Clairefond&nbsp;et Naidra Ayadi.<\/p>\n<p><!--more--><\/p>\n<p>Thomas, ing\u00e9nieur du son de la trentaine, habite dans le studio d\u2019enregistrement de Wyatt, son patron alcoolique. Reclus dans ses sons, il vit dans le souvenir d\u2019une liaison amoureuse et ne fait plus ce qui le passionne, des portraits sonores. Amina, jeune marocaine solaire, s\u2019impose dans sa vie pour, semble-t-il, fuir la sienne. Rapidement, elle se livre et devient un sujet r\u00eav\u00e9 de portrait. Thomas se laisse s\u00e9duire. Mais pour savoir qui est Amina, il devra tendre son micro, de la banlieue au Maroc, et r\u00e9apprendre \u00e0 \u00e9couter.<\/p>\n","protected":false},"excerpt":{"rendered":"<p>Sonar, d\u00e9couvert il y a quelques mois au FIFF, et red\u00e9couvert au Be Film Festival, sortira le 7 juin prochain en Belgique. Un premier film sensible et sensitif \u00e0&nbsp;d\u00e9couvrir, avec&nbsp;Baptiste Sornin, Emin\u00e9 Meyrem, Bernie Bonvoisin, Bruno Clairefond&nbsp;et Naidra Ayadi.<\/p>\n","protected":false},"author":339,"featured_media":199651,"comment_status":"closed","ping_status":"closed","sticky":false,"template":"","format":"standard","meta":{"ngg_post_thumbnail":0,"footnotes":""},"categories":[53],"tags":[],"class_list":["post-199650","post","type-post","status-publish","format-standard","has-post-thumbnail","","category-coming-soon"],"yoast_head":"<!-- This site is optimized with the Yoast SEO plugin v20.4 - https:\/\/yoast.com\/wordpress\/plugins\/seo\/ -->\n<title>Bande-annonce &quot;Sonar&quot; - We Love Cinema<\/title>\n<meta name=\"robots\" content=\"index, follow, max-snippet:-1, max-image-preview:large, max-video-preview:-1\" \/>\n<link rel=\"canonical\" href=\"https:\/\/welovecinema.be\/fr\/bande-annonce-sonar\/\" \/>\n<meta property=\"og:locale\" content=\"fr_FR\" \/>\n<meta property=\"og:type\" content=\"article\" \/>\n<meta property=\"og:title\" content=\"Bande-annonce &quot;Sonar&quot; - We Love Cinema\" \/>\n<meta property=\"og:description\" content=\"Sonar, d\u00e9couvert il y a quelques mois au FIFF, et red\u00e9couvert au Be Film Festival, sortira le 7 juin prochain en Belgique. Un premier film sensible et sensitif \u00e0&nbsp;d\u00e9couvrir, avec&nbsp;Baptiste Sornin, Emin\u00e9 Meyrem, Bernie Bonvoisin, Bruno Clairefond&nbsp;et Naidra Ayadi.\" \/>\n<meta property=\"og:url\" content=\"https:\/\/welovecinema.be\/fr\/bande-annonce-sonar\/\" \/>\n<meta property=\"og:site_name\" content=\"We Love Cinema\" \/>\n<meta property=\"article:publisher\" content=\"https:\/\/www.facebook.com\/welovecinema.be\" \/>\n<meta property=\"article:published_time\" content=\"2017-05-14T11:45:22+00:00\" \/>\n<meta property=\"article:modified_time\" content=\"2017-05-20T11:48:05+00:00\" \/>\n<meta property=\"og:image\" content=\"https:\/\/welovecinema.be\/wp-content\/uploads\/sites\/2\/2017\/05\/Sonar-1.jpg\" \/>\n\t<meta property=\"og:image:width\" content=\"1280\" \/>\n\t<meta property=\"og:image:height\" content=\"720\" \/>\n\t<meta property=\"og:image:type\" content=\"image\/jpeg\" \/>\n<meta name=\"author\" content=\"Laurent\" \/>\n<meta name=\"twitter:card\" content=\"summary_large_image\" \/>\n<meta name=\"twitter:label1\" content=\"\u00c9crit par\" \/>\n\t<meta name=\"twitter:data1\" content=\"Laurent\" \/>\n\t<meta name=\"twitter:label2\" content=\"Dur\u00e9e de lecture estim\u00e9e\" \/>\n\t<meta name=\"twitter:data2\" content=\"1 minute\" \/>\n<script type=\"application\/ld+json\" class=\"yoast-schema-graph\">{\"@context\":\"https:\/\/schema.org\",\"@graph\":[{\"@type\":\"Article\",\"@id\":\"https:\/\/welovecinema.be\/fr\/bande-annonce-sonar\/#article\",\"isPartOf\":{\"@id\":\"https:\/\/welovecinema.be\/fr\/bande-annonce-sonar\/\"},\"author\":{\"name\":\"Laurent\",\"@id\":\"https:\/\/welovecinema.be\/nl\/#\/schema\/person\/4722f79d5e4255f537dc2d0f44988650\"},\"headline\":\"Bande-annonce \u00ab\u00a0Sonar\u00a0\u00bb\",\"datePublished\":\"2017-05-14T11:45:22+00:00\",\"dateModified\":\"2017-05-20T11:48:05+00:00\",\"mainEntityOfPage\":{\"@id\":\"https:\/\/welovecinema.be\/fr\/bande-annonce-sonar\/\"},\"wordCount\":142,\"publisher\":{\"@id\":\"https:\/\/welovecinema.be\/nl\/#organization\"},\"articleSection\":[\"Coming soon\"],\"inLanguage\":\"fr-FR\"},{\"@type\":\"WebPage\",\"@id\":\"https:\/\/welovecinema.be\/fr\/bande-annonce-sonar\/\",\"url\":\"https:\/\/welovecinema.be\/fr\/bande-annonce-sonar\/\",\"name\":\"Bande-annonce \\\"Sonar\\\" - We Love Cinema\",\"isPartOf\":{\"@id\":\"https:\/\/welovecinema.be\/nl\/#website\"},\"datePublished\":\"2017-05-14T11:45:22+00:00\",\"dateModified\":\"2017-05-20T11:48:05+00:00\",\"breadcrumb\":{\"@id\":\"https:\/\/welovecinema.be\/fr\/bande-annonce-sonar\/#breadcrumb\"},\"inLanguage\":\"fr-FR\",\"potentialAction\":[{\"@type\":\"ReadAction\",\"target\":[\"https:\/\/welovecinema.be\/fr\/bande-annonce-sonar\/\"]}]},{\"@type\":\"BreadcrumbList\",\"@id\":\"https:\/\/welovecinema.be\/fr\/bande-annonce-sonar\/#breadcrumb\",\"itemListElement\":[{\"@type\":\"ListItem\",\"position\":1,\"name\":\"Accueil\",\"item\":\"https:\/\/welovecinema.be\/fr\/\"},{\"@type\":\"ListItem\",\"position\":2,\"name\":\"Bande-annonce \u00ab\u00a0Sonar\u00a0\u00bb\"}]},{\"@type\":\"WebSite\",\"@id\":\"https:\/\/welovecinema.be\/nl\/#website\",\"url\":\"https:\/\/welovecinema.be\/nl\/\",\"name\":\"We Love Cinema\",\"description\":\"Toute l\u2019information du cin\u00e9ma en Belgique\",\"publisher\":{\"@id\":\"https:\/\/welovecinema.be\/nl\/#organization\"},\"potentialAction\":[{\"@type\":\"SearchAction\",\"target\":{\"@type\":\"EntryPoint\",\"urlTemplate\":\"https:\/\/welovecinema.be\/nl\/?s={search_term_string}\"},\"query-input\":\"required name=search_term_string\"}],\"inLanguage\":\"fr-FR\"},{\"@type\":\"Organization\",\"@id\":\"https:\/\/welovecinema.be\/nl\/#organization\",\"name\":\"We Love Cinema\",\"url\":\"https:\/\/welovecinema.be\/nl\/\",\"logo\":{\"@type\":\"ImageObject\",\"inLanguage\":\"fr-FR\",\"@id\":\"https:\/\/welovecinema.be\/nl\/#\/schema\/logo\/image\/\",\"url\":\"https:\/\/welovecinema.be\/wp-content\/uploads\/sites\/2\/2023\/03\/Logo-We-Love-Cinema305x128.jpg\",\"contentUrl\":\"https:\/\/welovecinema.be\/wp-content\/uploads\/sites\/2\/2023\/03\/Logo-We-Love-Cinema305x128.jpg\",\"width\":305,\"height\":128,\"caption\":\"We Love Cinema\"},\"image\":{\"@id\":\"https:\/\/welovecinema.be\/nl\/#\/schema\/logo\/image\/\"},\"sameAs\":[\"https:\/\/www.facebook.com\/welovecinema.be\",\"https:\/\/www.youtube.com\/channel\/UCX5LYGVhnKvYauW4Nta4HJA\",\"https:\/\/www.instagram.com\/welovecinema.be\/\"]},{\"@type\":\"Person\",\"@id\":\"https:\/\/welovecinema.be\/nl\/#\/schema\/person\/4722f79d5e4255f537dc2d0f44988650\",\"name\":\"Laurent\",\"url\":\"https:\/\/welovecinema.be\/fr\/author\/laurent\/\"}]}<\/script>\n<!-- \/ Yoast SEO plugin. -->","yoast_head_json":{"title":"Bande-annonce \"Sonar\" - We Love Cinema","robots":{"index":"index","follow":"follow","max-snippet":"max-snippet:-1","max-image-preview":"max-image-preview:large","max-video-preview":"max-video-preview:-1"},"canonical":"https:\/\/welovecinema.be\/fr\/bande-annonce-sonar\/","og_locale":"fr_FR","og_type":"article","og_title":"Bande-annonce \"Sonar\" - We Love Cinema","og_description":"Sonar, d\u00e9couvert il y a quelques mois au FIFF, et red\u00e9couvert au Be Film Festival, sortira le 7 juin prochain en Belgique. Un premier film sensible et sensitif \u00e0&nbsp;d\u00e9couvrir, avec&nbsp;Baptiste Sornin, Emin\u00e9 Meyrem, Bernie Bonvoisin, Bruno Clairefond&nbsp;et Naidra Ayadi.","og_url":"https:\/\/welovecinema.be\/fr\/bande-annonce-sonar\/","og_site_name":"We Love Cinema","article_publisher":"https:\/\/www.facebook.com\/welovecinema.be","article_published_time":"2017-05-14T11:45:22+00:00","article_modified_time":"2017-05-20T11:48:05+00:00","og_image":[{"width":1280,"height":720,"url":"https:\/\/welovecinema.be\/wp-content\/uploads\/sites\/2\/2017\/05\/Sonar-1.jpg","type":"image\/jpeg"}],"author":"Laurent","twitter_card":"summary_large_image","twitter_misc":{"\u00c9crit par":"Laurent","Dur\u00e9e de lecture estim\u00e9e":"1 minute"},"schema":{"@context":"https:\/\/schema.org","@graph":[{"@type":"Article","@id":"https:\/\/welovecinema.be\/fr\/bande-annonce-sonar\/#article","isPartOf":{"@id":"https:\/\/welovecinema.be\/fr\/bande-annonce-sonar\/"},"author":{"name":"Laurent","@id":"https:\/\/welovecinema.be\/nl\/#\/schema\/person\/4722f79d5e4255f537dc2d0f44988650"},"headline":"Bande-annonce \u00ab\u00a0Sonar\u00a0\u00bb","datePublished":"2017-05-14T11:45:22+00:00","dateModified":"2017-05-20T11:48:05+00:00","mainEntityOfPage":{"@id":"https:\/\/welovecinema.be\/fr\/bande-annonce-sonar\/"},"wordCount":142,"publisher":{"@id":"https:\/\/welovecinema.be\/nl\/#organization"},"articleSection":["Coming soon"],"inLanguage":"fr-FR"},{"@type":"WebPage","@id":"https:\/\/welovecinema.be\/fr\/bande-annonce-sonar\/","url":"https:\/\/welovecinema.be\/fr\/bande-annonce-sonar\/","name":"Bande-annonce \"Sonar\" - We Love Cinema","isPartOf":{"@id":"https:\/\/welovecinema.be\/nl\/#website"},"datePublished":"2017-05-14T11:45:22+00:00","dateModified":"2017-05-20T11:48:05+00:00","breadcrumb":{"@id":"https:\/\/welovecinema.be\/fr\/bande-annonce-sonar\/#breadcrumb"},"inLanguage":"fr-FR","potentialAction":[{"@type":"ReadAction","target":["https:\/\/welovecinema.be\/fr\/bande-annonce-sonar\/"]}]},{"@type":"BreadcrumbList","@id":"https:\/\/welovecinema.be\/fr\/bande-annonce-sonar\/#breadcrumb","itemListElement":[{"@type":"ListItem","position":1,"name":"Accueil","item":"https:\/\/welovecinema.be\/fr\/"},{"@type":"ListItem","position":2,"name":"Bande-annonce \u00ab\u00a0Sonar\u00a0\u00bb"}]},{"@type":"WebSite","@id":"https:\/\/welovecinema.be\/nl\/#website","url":"https:\/\/welovecinema.be\/nl\/","name":"We Love Cinema","description":"Toute l\u2019information du cin\u00e9ma en Belgique","publisher":{"@id":"https:\/\/welovecinema.be\/nl\/#organization"},"potentialAction":[{"@type":"SearchAction","target":{"@type":"EntryPoint","urlTemplate":"https:\/\/welovecinema.be\/nl\/?s={search_term_string}"},"query-input":"required name=search_term_string"}],"inLanguage":"fr-FR"},{"@type":"Organization","@id":"https:\/\/welovecinema.be\/nl\/#organization","name":"We Love Cinema","url":"https:\/\/welovecinema.be\/nl\/","logo":{"@type":"ImageObject","inLanguage":"fr-FR","@id":"https:\/\/welovecinema.be\/nl\/#\/schema\/logo\/image\/","url":"https:\/\/welovecinema.be\/wp-content\/uploads\/sites\/2\/2023\/03\/Logo-We-Love-Cinema305x128.jpg","contentUrl":"https:\/\/welovecinema.be\/wp-content\/uploads\/sites\/2\/2023\/03\/Logo-We-Love-Cinema305x128.jpg","width":305,"height":128,"caption":"We Love Cinema"},"image":{"@id":"https:\/\/welovecinema.be\/nl\/#\/schema\/logo\/image\/"},"sameAs":["https:\/\/www.facebook.com\/welovecinema.be","https:\/\/www.youtube.com\/channel\/UCX5LYGVhnKvYauW4Nta4HJA","https:\/\/www.instagram.com\/welovecinema.be\/"]},{"@type":"Person","@id":"https:\/\/welovecinema.be\/nl\/#\/schema\/person\/4722f79d5e4255f537dc2d0f44988650","name":"Laurent","url":"https:\/\/welovecinema.be\/fr\/author\/laurent\/"}]}},"_links":{"self":[{"href":"https:\/\/welovecinema.be\/fr\/wp-json\/wp\/v2\/posts\/199650","targetHints":{"allow":["GET"]}}],"collection":[{"href":"https:\/\/welovecinema.be\/fr\/wp-json\/wp\/v2\/posts"}],"about":[{"href":"https:\/\/welovecinema.be\/fr\/wp-json\/wp\/v2\/types\/post"}],"author":[{"embeddable":true,"href":"https:\/\/welovecinema.be\/fr\/wp-json\/wp\/v2\/users\/339"}],"replies":[{"embeddable":true,"href":"https:\/\/welovecinema.be\/fr\/wp-json\/wp\/v2\/comments?post=199650"}],"version-history":[{"count":0,"href":"https:\/\/welovecinema.be\/fr\/wp-json\/wp\/v2\/posts\/199650\/revisions"}],"wp:featuredmedia":[{"embeddable":true,"href":"https:\/\/welovecinema.be\/fr\/wp-json\/wp\/v2\/media\/199651"}],"wp:attachment":[{"href":"https:\/\/welovecinema.be\/fr\/wp-json\/wp\/v2\/media?parent=199650"}],"wp:term":[{"taxonomy":"category","embeddable":true,"href":"https:\/\/welovecinema.be\/fr\/wp-json\/wp\/v2\/categories?post=199650"},{"taxonomy":"post_tag","embeddable":true,"href":"https:\/\/welovecinema.be\/fr\/wp-json\/wp\/v2\/tags?post=199650"}],"curies":[{"name":"wp","href":"https:\/\/api.w.org\/{rel}","templated":true}]}}