{"id":199146,"date":"2017-05-03T13:31:01","date_gmt":"2017-05-03T11:31:01","guid":{"rendered":"http:\/\/www.cinevox.be\/?p=99146"},"modified":"2018-12-05T10:18:14","modified_gmt":"2018-12-05T09:18:14","slug":"home-cinema-harry-cleven-thomas-gunzig-pierre-richard","status":"publish","type":"post","link":"https:\/\/welovecinema.be\/fr\/home-cinema-harry-cleven-thomas-gunzig-pierre-richard\/","title":{"rendered":"Home Cin\u00e9ma, avec Harry Cleven, Thomas Gunzig et Pierre Richard"},"content":{"rendered":"<p>Dans son \u00e9mission du 30 avril, Fabrice du Welz recevait le cultissime acteur fran\u00e7ais <strong>Pierre Richard<\/strong>, pour son r\u00f4le dans <em>Un profil pour deux<\/em>, mais aussi <strong>Harry Cleven et Thomas Gunzig<\/strong>, venus parler de <em><a href=\"http:\/\/www.cinevox.be\/ange-experimentation-sensorielle\">Mon Ange<\/a><\/em>, sorti le 3 mai dans les salles belges.<\/p>\n","protected":false},"excerpt":{"rendered":"<p>Dans son \u00e9mission du 30 avril, Fabrice du Welz recevait le cultissime acteur fran\u00e7ais Pierre Richard, pour son r\u00f4le dans Un profil pour deux, mais aussi Harry Cleven et Thomas Gunzig, venus parler de Mon Ange, sorti le 3 mai dans les salles belges.<\/p>\n","protected":false},"author":343,"featured_media":199147,"comment_status":"closed","ping_status":"closed","sticky":false,"template":"","format":"standard","meta":{"ngg_post_thumbnail":0,"footnotes":""},"categories":[14],"tags":[1904],"class_list":["post-199146","post","type-post","status-publish","format-standard","has-post-thumbnail","","category-home-cinema","tag-virginie-efira"],"yoast_head":"<!-- This site is optimized with the Yoast SEO plugin v20.4 - https:\/\/yoast.com\/wordpress\/plugins\/seo\/ -->\n<title>Home Cin\u00e9ma, avec Harry Cleven, Thomas Gunzig et Pierre Richard - We Love Cinema<\/title>\n<meta name=\"robots\" content=\"index, follow, max-snippet:-1, max-image-preview:large, max-video-preview:-1\" \/>\n<link rel=\"canonical\" href=\"https:\/\/welovecinema.be\/fr\/home-cinema-harry-cleven-thomas-gunzig-pierre-richard\/\" \/>\n<meta property=\"og:locale\" content=\"fr_FR\" \/>\n<meta property=\"og:type\" content=\"article\" \/>\n<meta property=\"og:title\" content=\"Home Cin\u00e9ma, avec Harry Cleven, Thomas Gunzig et Pierre Richard - We Love Cinema\" \/>\n<meta property=\"og:description\" content=\"Dans son \u00e9mission du 30 avril, Fabrice du Welz recevait le cultissime acteur fran\u00e7ais Pierre Richard, pour son r\u00f4le dans Un profil pour deux, mais aussi Harry Cleven et Thomas Gunzig, venus parler de Mon Ange, sorti le 3 mai dans les salles belges.\" \/>\n<meta property=\"og:url\" content=\"https:\/\/welovecinema.be\/fr\/home-cinema-harry-cleven-thomas-gunzig-pierre-richard\/\" \/>\n<meta property=\"og:site_name\" content=\"We Love Cinema\" \/>\n<meta property=\"article:publisher\" content=\"https:\/\/www.facebook.com\/welovecinema.be\" \/>\n<meta property=\"article:published_time\" content=\"2017-05-03T11:31:01+00:00\" \/>\n<meta property=\"article:modified_time\" content=\"2018-12-05T09:18:14+00:00\" \/>\n<meta property=\"og:image\" content=\"https:\/\/welovecinema.be\/wp-content\/uploads\/sites\/2\/2017\/05\/Capture-d\u2019e\u0301cran-2017-05-03-a\u0300-13.30.24.png\" \/>\n\t<meta property=\"og:image:width\" content=\"850\" \/>\n\t<meta property=\"og:image:height\" content=\"440\" \/>\n\t<meta property=\"og:image:type\" content=\"image\/png\" \/>\n<meta name=\"author\" content=\"Aurore Engelen\" \/>\n<meta name=\"twitter:card\" content=\"summary_large_image\" \/>\n<meta name=\"twitter:label1\" content=\"\u00c9crit par\" \/>\n\t<meta name=\"twitter:data1\" content=\"Aurore Engelen\" \/>\n<script type=\"application\/ld+json\" class=\"yoast-schema-graph\">{\"@context\":\"https:\/\/schema.org\",\"@graph\":[{\"@type\":\"Article\",\"@id\":\"https:\/\/welovecinema.be\/fr\/home-cinema-harry-cleven-thomas-gunzig-pierre-richard\/#article\",\"isPartOf\":{\"@id\":\"https:\/\/welovecinema.be\/fr\/home-cinema-harry-cleven-thomas-gunzig-pierre-richard\/\"},\"author\":{\"name\":\"Aurore Engelen\",\"@id\":\"https:\/\/welovecinema.be\/nl\/#\/schema\/person\/8084b68c6b176142d073695c654dc7cf\"},\"headline\":\"Home Cin\u00e9ma, avec Harry Cleven, Thomas Gunzig et Pierre Richard\",\"datePublished\":\"2017-05-03T11:31:01+00:00\",\"dateModified\":\"2018-12-05T09:18:14+00:00\",\"mainEntityOfPage\":{\"@id\":\"https:\/\/welovecinema.be\/fr\/home-cinema-harry-cleven-thomas-gunzig-pierre-richard\/\"},\"wordCount\":55,\"publisher\":{\"@id\":\"https:\/\/welovecinema.be\/nl\/#organization\"},\"keywords\":[\"Virginie Efira\"],\"articleSection\":[\"Plateau t\u00e9l\u00e9\"],\"inLanguage\":\"fr-FR\"},{\"@type\":\"WebPage\",\"@id\":\"https:\/\/welovecinema.be\/fr\/home-cinema-harry-cleven-thomas-gunzig-pierre-richard\/\",\"url\":\"https:\/\/welovecinema.be\/fr\/home-cinema-harry-cleven-thomas-gunzig-pierre-richard\/\",\"name\":\"Home Cin\u00e9ma, avec Harry Cleven, Thomas Gunzig et Pierre Richard - We Love Cinema\",\"isPartOf\":{\"@id\":\"https:\/\/welovecinema.be\/nl\/#website\"},\"datePublished\":\"2017-05-03T11:31:01+00:00\",\"dateModified\":\"2018-12-05T09:18:14+00:00\",\"breadcrumb\":{\"@id\":\"https:\/\/welovecinema.be\/fr\/home-cinema-harry-cleven-thomas-gunzig-pierre-richard\/#breadcrumb\"},\"inLanguage\":\"fr-FR\",\"potentialAction\":[{\"@type\":\"ReadAction\",\"target\":[\"https:\/\/welovecinema.be\/fr\/home-cinema-harry-cleven-thomas-gunzig-pierre-richard\/\"]}]},{\"@type\":\"BreadcrumbList\",\"@id\":\"https:\/\/welovecinema.be\/fr\/home-cinema-harry-cleven-thomas-gunzig-pierre-richard\/#breadcrumb\",\"itemListElement\":[{\"@type\":\"ListItem\",\"position\":1,\"name\":\"Accueil\",\"item\":\"https:\/\/welovecinema.be\/fr\/\"},{\"@type\":\"ListItem\",\"position\":2,\"name\":\"Home Cin\u00e9ma, avec Harry Cleven, Thomas Gunzig et Pierre Richard\"}]},{\"@type\":\"WebSite\",\"@id\":\"https:\/\/welovecinema.be\/nl\/#website\",\"url\":\"https:\/\/welovecinema.be\/nl\/\",\"name\":\"We Love Cinema\",\"description\":\"Toute l\u2019information du cin\u00e9ma en Belgique\",\"publisher\":{\"@id\":\"https:\/\/welovecinema.be\/nl\/#organization\"},\"potentialAction\":[{\"@type\":\"SearchAction\",\"target\":{\"@type\":\"EntryPoint\",\"urlTemplate\":\"https:\/\/welovecinema.be\/nl\/?s={search_term_string}\"},\"query-input\":\"required name=search_term_string\"}],\"inLanguage\":\"fr-FR\"},{\"@type\":\"Organization\",\"@id\":\"https:\/\/welovecinema.be\/nl\/#organization\",\"name\":\"We Love Cinema\",\"url\":\"https:\/\/welovecinema.be\/nl\/\",\"logo\":{\"@type\":\"ImageObject\",\"inLanguage\":\"fr-FR\",\"@id\":\"https:\/\/welovecinema.be\/nl\/#\/schema\/logo\/image\/\",\"url\":\"https:\/\/welovecinema.be\/wp-content\/uploads\/sites\/2\/2023\/03\/Logo-We-Love-Cinema305x128.jpg\",\"contentUrl\":\"https:\/\/welovecinema.be\/wp-content\/uploads\/sites\/2\/2023\/03\/Logo-We-Love-Cinema305x128.jpg\",\"width\":305,\"height\":128,\"caption\":\"We Love Cinema\"},\"image\":{\"@id\":\"https:\/\/welovecinema.be\/nl\/#\/schema\/logo\/image\/\"},\"sameAs\":[\"https:\/\/www.facebook.com\/welovecinema.be\",\"https:\/\/www.youtube.com\/channel\/UCX5LYGVhnKvYauW4Nta4HJA\",\"https:\/\/www.instagram.com\/welovecinema.be\/\"]},{\"@type\":\"Person\",\"@id\":\"https:\/\/welovecinema.be\/nl\/#\/schema\/person\/8084b68c6b176142d073695c654dc7cf\",\"name\":\"Aurore Engelen\",\"url\":\"https:\/\/welovecinema.be\/fr\/author\/aurore-engelen\/\"}]}<\/script>\n<!-- \/ Yoast SEO plugin. -->","yoast_head_json":{"title":"Home Cin\u00e9ma, avec Harry Cleven, Thomas Gunzig et Pierre Richard - We Love Cinema","robots":{"index":"index","follow":"follow","max-snippet":"max-snippet:-1","max-image-preview":"max-image-preview:large","max-video-preview":"max-video-preview:-1"},"canonical":"https:\/\/welovecinema.be\/fr\/home-cinema-harry-cleven-thomas-gunzig-pierre-richard\/","og_locale":"fr_FR","og_type":"article","og_title":"Home Cin\u00e9ma, avec Harry Cleven, Thomas Gunzig et Pierre Richard - We Love Cinema","og_description":"Dans son \u00e9mission du 30 avril, Fabrice du Welz recevait le cultissime acteur fran\u00e7ais Pierre Richard, pour son r\u00f4le dans Un profil pour deux, mais aussi Harry Cleven et Thomas Gunzig, venus parler de Mon Ange, sorti le 3 mai dans les salles belges.","og_url":"https:\/\/welovecinema.be\/fr\/home-cinema-harry-cleven-thomas-gunzig-pierre-richard\/","og_site_name":"We Love Cinema","article_publisher":"https:\/\/www.facebook.com\/welovecinema.be","article_published_time":"2017-05-03T11:31:01+00:00","article_modified_time":"2018-12-05T09:18:14+00:00","og_image":[{"width":850,"height":440,"url":"https:\/\/welovecinema.be\/wp-content\/uploads\/sites\/2\/2017\/05\/Capture-d\u2019e\u0301cran-2017-05-03-a\u0300-13.30.24.png","type":"image\/png"}],"author":"Aurore Engelen","twitter_card":"summary_large_image","twitter_misc":{"\u00c9crit par":"Aurore Engelen"},"schema":{"@context":"https:\/\/schema.org","@graph":[{"@type":"Article","@id":"https:\/\/welovecinema.be\/fr\/home-cinema-harry-cleven-thomas-gunzig-pierre-richard\/#article","isPartOf":{"@id":"https:\/\/welovecinema.be\/fr\/home-cinema-harry-cleven-thomas-gunzig-pierre-richard\/"},"author":{"name":"Aurore Engelen","@id":"https:\/\/welovecinema.be\/nl\/#\/schema\/person\/8084b68c6b176142d073695c654dc7cf"},"headline":"Home Cin\u00e9ma, avec Harry Cleven, Thomas Gunzig et Pierre Richard","datePublished":"2017-05-03T11:31:01+00:00","dateModified":"2018-12-05T09:18:14+00:00","mainEntityOfPage":{"@id":"https:\/\/welovecinema.be\/fr\/home-cinema-harry-cleven-thomas-gunzig-pierre-richard\/"},"wordCount":55,"publisher":{"@id":"https:\/\/welovecinema.be\/nl\/#organization"},"keywords":["Virginie Efira"],"articleSection":["Plateau t\u00e9l\u00e9"],"inLanguage":"fr-FR"},{"@type":"WebPage","@id":"https:\/\/welovecinema.be\/fr\/home-cinema-harry-cleven-thomas-gunzig-pierre-richard\/","url":"https:\/\/welovecinema.be\/fr\/home-cinema-harry-cleven-thomas-gunzig-pierre-richard\/","name":"Home Cin\u00e9ma, avec Harry Cleven, Thomas Gunzig et Pierre Richard - We Love Cinema","isPartOf":{"@id":"https:\/\/welovecinema.be\/nl\/#website"},"datePublished":"2017-05-03T11:31:01+00:00","dateModified":"2018-12-05T09:18:14+00:00","breadcrumb":{"@id":"https:\/\/welovecinema.be\/fr\/home-cinema-harry-cleven-thomas-gunzig-pierre-richard\/#breadcrumb"},"inLanguage":"fr-FR","potentialAction":[{"@type":"ReadAction","target":["https:\/\/welovecinema.be\/fr\/home-cinema-harry-cleven-thomas-gunzig-pierre-richard\/"]}]},{"@type":"BreadcrumbList","@id":"https:\/\/welovecinema.be\/fr\/home-cinema-harry-cleven-thomas-gunzig-pierre-richard\/#breadcrumb","itemListElement":[{"@type":"ListItem","position":1,"name":"Accueil","item":"https:\/\/welovecinema.be\/fr\/"},{"@type":"ListItem","position":2,"name":"Home Cin\u00e9ma, avec Harry Cleven, Thomas Gunzig et Pierre Richard"}]},{"@type":"WebSite","@id":"https:\/\/welovecinema.be\/nl\/#website","url":"https:\/\/welovecinema.be\/nl\/","name":"We Love Cinema","description":"Toute l\u2019information du cin\u00e9ma en Belgique","publisher":{"@id":"https:\/\/welovecinema.be\/nl\/#organization"},"potentialAction":[{"@type":"SearchAction","target":{"@type":"EntryPoint","urlTemplate":"https:\/\/welovecinema.be\/nl\/?s={search_term_string}"},"query-input":"required name=search_term_string"}],"inLanguage":"fr-FR"},{"@type":"Organization","@id":"https:\/\/welovecinema.be\/nl\/#organization","name":"We Love Cinema","url":"https:\/\/welovecinema.be\/nl\/","logo":{"@type":"ImageObject","inLanguage":"fr-FR","@id":"https:\/\/welovecinema.be\/nl\/#\/schema\/logo\/image\/","url":"https:\/\/welovecinema.be\/wp-content\/uploads\/sites\/2\/2023\/03\/Logo-We-Love-Cinema305x128.jpg","contentUrl":"https:\/\/welovecinema.be\/wp-content\/uploads\/sites\/2\/2023\/03\/Logo-We-Love-Cinema305x128.jpg","width":305,"height":128,"caption":"We Love Cinema"},"image":{"@id":"https:\/\/welovecinema.be\/nl\/#\/schema\/logo\/image\/"},"sameAs":["https:\/\/www.facebook.com\/welovecinema.be","https:\/\/www.youtube.com\/channel\/UCX5LYGVhnKvYauW4Nta4HJA","https:\/\/www.instagram.com\/welovecinema.be\/"]},{"@type":"Person","@id":"https:\/\/welovecinema.be\/nl\/#\/schema\/person\/8084b68c6b176142d073695c654dc7cf","name":"Aurore Engelen","url":"https:\/\/welovecinema.be\/fr\/author\/aurore-engelen\/"}]}},"_links":{"self":[{"href":"https:\/\/welovecinema.be\/fr\/wp-json\/wp\/v2\/posts\/199146","targetHints":{"allow":["GET"]}}],"collection":[{"href":"https:\/\/welovecinema.be\/fr\/wp-json\/wp\/v2\/posts"}],"about":[{"href":"https:\/\/welovecinema.be\/fr\/wp-json\/wp\/v2\/types\/post"}],"author":[{"embeddable":true,"href":"https:\/\/welovecinema.be\/fr\/wp-json\/wp\/v2\/users\/343"}],"replies":[{"embeddable":true,"href":"https:\/\/welovecinema.be\/fr\/wp-json\/wp\/v2\/comments?post=199146"}],"version-history":[{"count":0,"href":"https:\/\/welovecinema.be\/fr\/wp-json\/wp\/v2\/posts\/199146\/revisions"}],"wp:featuredmedia":[{"embeddable":true,"href":"https:\/\/welovecinema.be\/fr\/wp-json\/wp\/v2\/media\/199147"}],"wp:attachment":[{"href":"https:\/\/welovecinema.be\/fr\/wp-json\/wp\/v2\/media?parent=199146"}],"wp:term":[{"taxonomy":"category","embeddable":true,"href":"https:\/\/welovecinema.be\/fr\/wp-json\/wp\/v2\/categories?post=199146"},{"taxonomy":"post_tag","embeddable":true,"href":"https:\/\/welovecinema.be\/fr\/wp-json\/wp\/v2\/tags?post=199146"}],"curies":[{"name":"wp","href":"https:\/\/api.w.org\/{rel}","templated":true}]}}