{"id":199126,"date":"2017-05-03T16:18:31","date_gmt":"2017-05-03T14:18:31","guid":{"rendered":"http:\/\/www.cinevox.be\/?p=99126"},"modified":"2017-05-16T19:47:26","modified_gmt":"2017-05-16T17:47:26","slug":"festival-international-film-policier-de-liege-clap-de-debut","status":"publish","type":"post","link":"https:\/\/welovecinema.be\/fr\/festival-international-film-policier-de-liege-clap-de-debut\/","title":{"rendered":"Festival International du Film Policier de Li\u00e8ge, clap de d\u00e9but"},"content":{"rendered":"<p>Le <strong>Festival International du Film Policier de Li\u00e8ge<\/strong>, \u00e7a commence aujourd&rsquo;hui, pour 4 jours de films de genre pour beaucoup in\u00e9dits en Belgique! L&rsquo;occasion r\u00eav\u00e9e d&rsquo;\u00e9largir votre culture cin\u00e9matographique au rayon\u00a0polar.<\/p>\n<p><!--more--><\/p>\n<p>&nbsp;<\/p>\n<p>&nbsp;<\/p>\n<p>&nbsp;<\/p>\n<p>&nbsp;<\/p>\n<p>&nbsp;<\/p>\n<p>Pour sa 11\u00e8me \u00e9dition, le FIFPL propose une quarantaine de longs m\u00e9trages et documentaires venus des quatre coins du monde, qui ont pour point commun un genre populaire mais souvent d\u00e9laiss\u00e9 par les festivals g\u00e9n\u00e9ralistes, le film policier. Outre les 8 longs m\u00e9trages et 8 documentaires en comp\u00e9tition, le Festival pr\u00e9sente \u00e9galement un certain nombre d&rsquo;avant-premi\u00e8res, comme <em>The Lighthouse Golem<\/em> de Juan Carlos Medina, sur un serial killer de l&rsquo;\u00e8re victorienne, des films hors comp\u00e9tition comme <em>Corniche Kennedy<\/em>, le nouveau film de Dominique Cabrera, ou encore le nouveau film d&rsquo;animation de Bill Plympton, <em>La Vengeresse<\/em>, mais aussi des s\u00e9ances sp\u00e9ciales kids ou l\u00e8ve-t\u00f4t.<\/p>\n<p>&nbsp;<\/p>\n<p>Pour voir des films belges, direction la\u00a0comp\u00e9tition court m\u00e9trage,\u00a0qui rassemble dix courts films d&rsquo;auteurs belges, au g\u00e9n\u00e9rique desquels ont retrouve des com\u00e9diens comme Anne Coesens, Martin Nissen, Renaud Rutten, Bernard Yerl\u00e9s, Jean-Luc Couchard, un casting de haut vol en\u00a0une s\u00e9ance! Les films retenus sont <em>A\/K<\/em> d&rsquo;Olivier Van Hoofstadt, <em>Collabeur<\/em> de Fahem Abes, \u00a0<em>Complices<\/em> de Mathieu Mortelmans, <em>Entre Deux<\/em> de Michael Cambier, <em>Serviteur<\/em> d&rsquo;Arthur Devreux, <em>Sang d&rsquo;encre<\/em> de Mehdi Semoulin, <em>Etat d&rsquo;alerte sa m\u00e8re<\/em> de S\u00e9bastien Petretti, <em>La Graine<\/em> de Barney Frydman,<em> Le R\u00eave<\/em> de Martine Colas, <em>Shqiponja<\/em> de Sokol Reka.<\/p>\n<p>&nbsp;<\/p>\n<figure id=\"attachment_99154\" aria-describedby=\"caption-attachment-99154\" style=\"width: 640px\" class=\"wp-caption alignnone\"><img loading=\"lazy\" decoding=\"async\" class=\"wp-image-99154 size-large\" src=\"http:\/\/www.cinevox.be\/wp-content\/uploads\/sites\/2\/2017\/05\/Serviteur-800x356.jpg\" width=\"640\" height=\"285\" \/><figcaption id=\"caption-attachment-99154\" class=\"wp-caption-text\">\u00ab\u00a0Serviteur\u00a0\u00bb d&rsquo;Arthur Devreux<\/figcaption><\/figure>\n<figure id=\"attachment_99155\" aria-describedby=\"caption-attachment-99155\" style=\"width: 640px\" class=\"wp-caption alignnone\"><img loading=\"lazy\" decoding=\"async\" class=\"wp-image-99155 size-large\" src=\"http:\/\/www.cinevox.be\/wp-content\/uploads\/sites\/2\/2017\/05\/complices-800x336.png\" width=\"640\" height=\"269\" \/><figcaption id=\"caption-attachment-99155\" class=\"wp-caption-text\">\u00ab\u00a0Complices\u00a0\u00bb de Mathieu Mortelmans<\/figcaption><\/figure>\n<p>&nbsp;<\/p>\n<p>Le Jury Officiel, pr\u00e9sid\u00e9 par Jean-Pierre Mocky, regroupera Anne Richard, St\u00e9phanie Blanchoud, Gabrielle Lazure, Caroline L\u00ea Quang, Gr\u00e9gory Gatignol et V\u00e9ronique Jannot. Et l&rsquo;invit\u00e9 d&rsquo;honneur du festival, excusez du peu, sera Alain Delon.<\/p>\n<p>&nbsp;<\/p>\n<p>Plus d&rsquo;infos sur <a href=\"http:\/\/fifpl.be\/\">le site du festival<\/a>!<\/p>\n<h1><\/h1>\n","protected":false},"excerpt":{"rendered":"<p>Le Festival International du Film Policier de Li\u00e8ge, \u00e7a commence aujourd&rsquo;hui, pour 4 jours de films de genre pour beaucoup in\u00e9dits en Belgique! L&rsquo;occasion r\u00eav\u00e9e d&rsquo;\u00e9largir votre culture cin\u00e9matographique au rayon\u00a0polar.<\/p>\n","protected":false},"author":343,"featured_media":199157,"comment_status":"closed","ping_status":"closed","sticky":false,"template":"","format":"standard","meta":{"ngg_post_thumbnail":0,"footnotes":""},"categories":[12,7],"tags":[],"class_list":["post-199126","post","type-post","status-publish","format-standard","has-post-thumbnail","","category-awards","category-actualites"],"yoast_head":"<!-- This site is optimized with the Yoast SEO plugin v20.4 - https:\/\/yoast.com\/wordpress\/plugins\/seo\/ -->\n<title>Festival International du Film Policier de Li\u00e8ge, clap de d\u00e9but - We Love Cinema<\/title>\n<meta name=\"robots\" content=\"index, follow, max-snippet:-1, max-image-preview:large, max-video-preview:-1\" \/>\n<link rel=\"canonical\" href=\"https:\/\/welovecinema.be\/fr\/festival-international-film-policier-de-liege-clap-de-debut\/\" \/>\n<meta property=\"og:locale\" content=\"fr_FR\" \/>\n<meta property=\"og:type\" content=\"article\" \/>\n<meta property=\"og:title\" content=\"Festival International du Film Policier de Li\u00e8ge, clap de d\u00e9but - We Love Cinema\" \/>\n<meta property=\"og:description\" content=\"Le Festival International du Film Policier de Li\u00e8ge, \u00e7a commence aujourd&rsquo;hui, pour 4 jours de films de genre pour beaucoup in\u00e9dits en Belgique! L&rsquo;occasion r\u00eav\u00e9e d&rsquo;\u00e9largir votre culture cin\u00e9matographique au rayon\u00a0polar.\" \/>\n<meta property=\"og:url\" content=\"https:\/\/welovecinema.be\/fr\/festival-international-film-policier-de-liege-clap-de-debut\/\" \/>\n<meta property=\"og:site_name\" content=\"We Love Cinema\" \/>\n<meta property=\"article:publisher\" content=\"https:\/\/www.facebook.com\/welovecinema.be\" \/>\n<meta property=\"article:published_time\" content=\"2017-05-03T14:18:31+00:00\" \/>\n<meta property=\"article:modified_time\" content=\"2017-05-16T17:47:26+00:00\" \/>\n<meta property=\"og:image\" content=\"https:\/\/welovecinema.be\/wp-content\/uploads\/sites\/2\/2017\/05\/FIFPL.png\" \/>\n\t<meta property=\"og:image:width\" content=\"624\" \/>\n\t<meta property=\"og:image:height\" content=\"351\" \/>\n\t<meta property=\"og:image:type\" content=\"image\/png\" \/>\n<meta name=\"author\" content=\"Aurore Engelen\" \/>\n<meta name=\"twitter:card\" content=\"summary_large_image\" \/>\n<meta name=\"twitter:label1\" content=\"\u00c9crit par\" \/>\n\t<meta name=\"twitter:data1\" content=\"Aurore Engelen\" \/>\n\t<meta name=\"twitter:label2\" content=\"Dur\u00e9e de lecture estim\u00e9e\" \/>\n\t<meta name=\"twitter:data2\" content=\"2 minutes\" \/>\n<script type=\"application\/ld+json\" class=\"yoast-schema-graph\">{\"@context\":\"https:\/\/schema.org\",\"@graph\":[{\"@type\":\"Article\",\"@id\":\"https:\/\/welovecinema.be\/fr\/festival-international-film-policier-de-liege-clap-de-debut\/#article\",\"isPartOf\":{\"@id\":\"https:\/\/welovecinema.be\/fr\/festival-international-film-policier-de-liege-clap-de-debut\/\"},\"author\":{\"name\":\"Aurore Engelen\",\"@id\":\"https:\/\/welovecinema.be\/nl\/#\/schema\/person\/8084b68c6b176142d073695c654dc7cf\"},\"headline\":\"Festival International du Film Policier de Li\u00e8ge, clap de d\u00e9but\",\"datePublished\":\"2017-05-03T14:18:31+00:00\",\"dateModified\":\"2017-05-16T17:47:26+00:00\",\"mainEntityOfPage\":{\"@id\":\"https:\/\/welovecinema.be\/fr\/festival-international-film-policier-de-liege-clap-de-debut\/\"},\"wordCount\":355,\"publisher\":{\"@id\":\"https:\/\/welovecinema.be\/nl\/#organization\"},\"articleSection\":[\"Evenements\",\"News\"],\"inLanguage\":\"fr-FR\"},{\"@type\":\"WebPage\",\"@id\":\"https:\/\/welovecinema.be\/fr\/festival-international-film-policier-de-liege-clap-de-debut\/\",\"url\":\"https:\/\/welovecinema.be\/fr\/festival-international-film-policier-de-liege-clap-de-debut\/\",\"name\":\"Festival International du Film Policier de Li\u00e8ge, clap de d\u00e9but - We Love Cinema\",\"isPartOf\":{\"@id\":\"https:\/\/welovecinema.be\/nl\/#website\"},\"datePublished\":\"2017-05-03T14:18:31+00:00\",\"dateModified\":\"2017-05-16T17:47:26+00:00\",\"breadcrumb\":{\"@id\":\"https:\/\/welovecinema.be\/fr\/festival-international-film-policier-de-liege-clap-de-debut\/#breadcrumb\"},\"inLanguage\":\"fr-FR\",\"potentialAction\":[{\"@type\":\"ReadAction\",\"target\":[\"https:\/\/welovecinema.be\/fr\/festival-international-film-policier-de-liege-clap-de-debut\/\"]}]},{\"@type\":\"BreadcrumbList\",\"@id\":\"https:\/\/welovecinema.be\/fr\/festival-international-film-policier-de-liege-clap-de-debut\/#breadcrumb\",\"itemListElement\":[{\"@type\":\"ListItem\",\"position\":1,\"name\":\"Accueil\",\"item\":\"https:\/\/welovecinema.be\/fr\/\"},{\"@type\":\"ListItem\",\"position\":2,\"name\":\"Festival International du Film Policier de Li\u00e8ge, clap de d\u00e9but\"}]},{\"@type\":\"WebSite\",\"@id\":\"https:\/\/welovecinema.be\/nl\/#website\",\"url\":\"https:\/\/welovecinema.be\/nl\/\",\"name\":\"We Love Cinema\",\"description\":\"Toute l\u2019information du cin\u00e9ma en Belgique\",\"publisher\":{\"@id\":\"https:\/\/welovecinema.be\/nl\/#organization\"},\"potentialAction\":[{\"@type\":\"SearchAction\",\"target\":{\"@type\":\"EntryPoint\",\"urlTemplate\":\"https:\/\/welovecinema.be\/nl\/?s={search_term_string}\"},\"query-input\":\"required name=search_term_string\"}],\"inLanguage\":\"fr-FR\"},{\"@type\":\"Organization\",\"@id\":\"https:\/\/welovecinema.be\/nl\/#organization\",\"name\":\"We Love Cinema\",\"url\":\"https:\/\/welovecinema.be\/nl\/\",\"logo\":{\"@type\":\"ImageObject\",\"inLanguage\":\"fr-FR\",\"@id\":\"https:\/\/welovecinema.be\/nl\/#\/schema\/logo\/image\/\",\"url\":\"https:\/\/welovecinema.be\/wp-content\/uploads\/sites\/2\/2023\/03\/Logo-We-Love-Cinema305x128.jpg\",\"contentUrl\":\"https:\/\/welovecinema.be\/wp-content\/uploads\/sites\/2\/2023\/03\/Logo-We-Love-Cinema305x128.jpg\",\"width\":305,\"height\":128,\"caption\":\"We Love Cinema\"},\"image\":{\"@id\":\"https:\/\/welovecinema.be\/nl\/#\/schema\/logo\/image\/\"},\"sameAs\":[\"https:\/\/www.facebook.com\/welovecinema.be\",\"https:\/\/www.youtube.com\/channel\/UCX5LYGVhnKvYauW4Nta4HJA\",\"https:\/\/www.instagram.com\/welovecinema.be\/\"]},{\"@type\":\"Person\",\"@id\":\"https:\/\/welovecinema.be\/nl\/#\/schema\/person\/8084b68c6b176142d073695c654dc7cf\",\"name\":\"Aurore Engelen\",\"url\":\"https:\/\/welovecinema.be\/fr\/author\/aurore-engelen\/\"}]}<\/script>\n<!-- \/ Yoast SEO plugin. -->","yoast_head_json":{"title":"Festival International du Film Policier de Li\u00e8ge, clap de d\u00e9but - We Love Cinema","robots":{"index":"index","follow":"follow","max-snippet":"max-snippet:-1","max-image-preview":"max-image-preview:large","max-video-preview":"max-video-preview:-1"},"canonical":"https:\/\/welovecinema.be\/fr\/festival-international-film-policier-de-liege-clap-de-debut\/","og_locale":"fr_FR","og_type":"article","og_title":"Festival International du Film Policier de Li\u00e8ge, clap de d\u00e9but - We Love Cinema","og_description":"Le Festival International du Film Policier de Li\u00e8ge, \u00e7a commence aujourd&rsquo;hui, pour 4 jours de films de genre pour beaucoup in\u00e9dits en Belgique! L&rsquo;occasion r\u00eav\u00e9e d&rsquo;\u00e9largir votre culture cin\u00e9matographique au rayon\u00a0polar.","og_url":"https:\/\/welovecinema.be\/fr\/festival-international-film-policier-de-liege-clap-de-debut\/","og_site_name":"We Love Cinema","article_publisher":"https:\/\/www.facebook.com\/welovecinema.be","article_published_time":"2017-05-03T14:18:31+00:00","article_modified_time":"2017-05-16T17:47:26+00:00","og_image":[{"width":624,"height":351,"url":"https:\/\/welovecinema.be\/wp-content\/uploads\/sites\/2\/2017\/05\/FIFPL.png","type":"image\/png"}],"author":"Aurore Engelen","twitter_card":"summary_large_image","twitter_misc":{"\u00c9crit par":"Aurore Engelen","Dur\u00e9e de lecture estim\u00e9e":"2 minutes"},"schema":{"@context":"https:\/\/schema.org","@graph":[{"@type":"Article","@id":"https:\/\/welovecinema.be\/fr\/festival-international-film-policier-de-liege-clap-de-debut\/#article","isPartOf":{"@id":"https:\/\/welovecinema.be\/fr\/festival-international-film-policier-de-liege-clap-de-debut\/"},"author":{"name":"Aurore Engelen","@id":"https:\/\/welovecinema.be\/nl\/#\/schema\/person\/8084b68c6b176142d073695c654dc7cf"},"headline":"Festival International du Film Policier de Li\u00e8ge, clap de d\u00e9but","datePublished":"2017-05-03T14:18:31+00:00","dateModified":"2017-05-16T17:47:26+00:00","mainEntityOfPage":{"@id":"https:\/\/welovecinema.be\/fr\/festival-international-film-policier-de-liege-clap-de-debut\/"},"wordCount":355,"publisher":{"@id":"https:\/\/welovecinema.be\/nl\/#organization"},"articleSection":["Evenements","News"],"inLanguage":"fr-FR"},{"@type":"WebPage","@id":"https:\/\/welovecinema.be\/fr\/festival-international-film-policier-de-liege-clap-de-debut\/","url":"https:\/\/welovecinema.be\/fr\/festival-international-film-policier-de-liege-clap-de-debut\/","name":"Festival International du Film Policier de Li\u00e8ge, clap de d\u00e9but - We Love Cinema","isPartOf":{"@id":"https:\/\/welovecinema.be\/nl\/#website"},"datePublished":"2017-05-03T14:18:31+00:00","dateModified":"2017-05-16T17:47:26+00:00","breadcrumb":{"@id":"https:\/\/welovecinema.be\/fr\/festival-international-film-policier-de-liege-clap-de-debut\/#breadcrumb"},"inLanguage":"fr-FR","potentialAction":[{"@type":"ReadAction","target":["https:\/\/welovecinema.be\/fr\/festival-international-film-policier-de-liege-clap-de-debut\/"]}]},{"@type":"BreadcrumbList","@id":"https:\/\/welovecinema.be\/fr\/festival-international-film-policier-de-liege-clap-de-debut\/#breadcrumb","itemListElement":[{"@type":"ListItem","position":1,"name":"Accueil","item":"https:\/\/welovecinema.be\/fr\/"},{"@type":"ListItem","position":2,"name":"Festival International du Film Policier de Li\u00e8ge, clap de d\u00e9but"}]},{"@type":"WebSite","@id":"https:\/\/welovecinema.be\/nl\/#website","url":"https:\/\/welovecinema.be\/nl\/","name":"We Love Cinema","description":"Toute l\u2019information du cin\u00e9ma en Belgique","publisher":{"@id":"https:\/\/welovecinema.be\/nl\/#organization"},"potentialAction":[{"@type":"SearchAction","target":{"@type":"EntryPoint","urlTemplate":"https:\/\/welovecinema.be\/nl\/?s={search_term_string}"},"query-input":"required name=search_term_string"}],"inLanguage":"fr-FR"},{"@type":"Organization","@id":"https:\/\/welovecinema.be\/nl\/#organization","name":"We Love Cinema","url":"https:\/\/welovecinema.be\/nl\/","logo":{"@type":"ImageObject","inLanguage":"fr-FR","@id":"https:\/\/welovecinema.be\/nl\/#\/schema\/logo\/image\/","url":"https:\/\/welovecinema.be\/wp-content\/uploads\/sites\/2\/2023\/03\/Logo-We-Love-Cinema305x128.jpg","contentUrl":"https:\/\/welovecinema.be\/wp-content\/uploads\/sites\/2\/2023\/03\/Logo-We-Love-Cinema305x128.jpg","width":305,"height":128,"caption":"We Love Cinema"},"image":{"@id":"https:\/\/welovecinema.be\/nl\/#\/schema\/logo\/image\/"},"sameAs":["https:\/\/www.facebook.com\/welovecinema.be","https:\/\/www.youtube.com\/channel\/UCX5LYGVhnKvYauW4Nta4HJA","https:\/\/www.instagram.com\/welovecinema.be\/"]},{"@type":"Person","@id":"https:\/\/welovecinema.be\/nl\/#\/schema\/person\/8084b68c6b176142d073695c654dc7cf","name":"Aurore Engelen","url":"https:\/\/welovecinema.be\/fr\/author\/aurore-engelen\/"}]}},"_links":{"self":[{"href":"https:\/\/welovecinema.be\/fr\/wp-json\/wp\/v2\/posts\/199126","targetHints":{"allow":["GET"]}}],"collection":[{"href":"https:\/\/welovecinema.be\/fr\/wp-json\/wp\/v2\/posts"}],"about":[{"href":"https:\/\/welovecinema.be\/fr\/wp-json\/wp\/v2\/types\/post"}],"author":[{"embeddable":true,"href":"https:\/\/welovecinema.be\/fr\/wp-json\/wp\/v2\/users\/343"}],"replies":[{"embeddable":true,"href":"https:\/\/welovecinema.be\/fr\/wp-json\/wp\/v2\/comments?post=199126"}],"version-history":[{"count":0,"href":"https:\/\/welovecinema.be\/fr\/wp-json\/wp\/v2\/posts\/199126\/revisions"}],"wp:featuredmedia":[{"embeddable":true,"href":"https:\/\/welovecinema.be\/fr\/wp-json\/wp\/v2\/media\/199157"}],"wp:attachment":[{"href":"https:\/\/welovecinema.be\/fr\/wp-json\/wp\/v2\/media?parent=199126"}],"wp:term":[{"taxonomy":"category","embeddable":true,"href":"https:\/\/welovecinema.be\/fr\/wp-json\/wp\/v2\/categories?post=199126"},{"taxonomy":"post_tag","embeddable":true,"href":"https:\/\/welovecinema.be\/fr\/wp-json\/wp\/v2\/tags?post=199126"}],"curies":[{"name":"wp","href":"https:\/\/api.w.org\/{rel}","templated":true}]}}