{"id":1990,"date":"2011-05-26T08:52:27","date_gmt":"2011-05-26T08:52:27","guid":{"rendered":"http:\/\/www.cinevox.be\/?p=1990"},"modified":"2011-05-26T08:53:05","modified_gmt":"2011-05-26T08:53:05","slug":"cloclo-le-lundi-au-soleil","status":"publish","type":"post","link":"https:\/\/welovecinema.be\/fr\/cloclo-le-lundi-au-soleil\/","title":{"rendered":"Cloclo : <br> Le lundi au soleil"},"content":{"rendered":"<p>Le tournage de <em>Cloclo<\/em>, le biopic consacr\u00e9 \u00e0 Claude Fran\u00e7ois, avec la star belge <strong>J\u00e9r\u00e9mie Renier<\/strong> en idole des seventies, n&rsquo;est pas exclusivement cantonn\u00e9 \u00e0 la Belgique. Si les cam\u00e9ras ont tourn\u00e9 pendant cinq semaines sur notre sol, elles se sont \u00e0 pr\u00e9sent d\u00e9plac\u00e9es \u00e0 l&rsquo;\u00e9tranger. Une partie du tournage se d\u00e9roule au Maroc, qui repr\u00e9sentera l&rsquo;\u00c9gypte natale du chanteur. Une autre, plus importante, s&rsquo;\u00e9tend sur plusieurs sites en France et une derni\u00e8re, plus courte, a eu lieu \u00e0 Monaco.<!--more--><\/p>\n<p>Car oui, Claude Fran\u00e7ois a \u00e9t\u00e9 r\u00e9sident mon\u00e9gasque. En 1956, suite \u00e0 la nationalisation du Canal de Suez, sa famille s\u2019installe en Principaut\u00e9. Josette, la s\u0153ur a\u00een\u00e9e du jeune Claude y habite. C&rsquo;est l\u00e0 que, contre l&rsquo;avis, de son p\u00e8re, la future idole qui fr\u00e9quente le lyc\u00e9e Albert 1<sup>er<\/sup> va choisir sa voie, pr\u00e9f\u00e9rant la musique aux \u00e9tudes. En cachette, il rejoint l\u2019orchestre du Sporting Club de Monte-Carlo, dirig\u00e9 par Louis Frosio.<\/p>\n<p>D&rsquo;abord batteur, Claude, qui a pourtant appris le piano et le violon, deviendra chanteur de l&rsquo;orchestre, sp\u00e9cialis\u00e9 dans les reprises des tubes de Ray Charles. Une carri\u00e8re se dessine. Et elle ne pla\u00eet pas du tout \u00e0 Aim\u00e9 qui cesse de voir son fils. D\u00e9finitivement ! C&rsquo;est le tournant de la vie de Claude qui, m\u00eame apr\u00e8s la mort, de son g\u00e9niteur n&rsquo;aura de cesse de prouver qu&rsquo;il avait raison, que son destin \u00e9tait d&rsquo;\u00eatre une star.<\/p>\n<p>\u00c0 cette \u00e9poque, Claude rencontre Janet Woollacott qu&rsquo;il \u00e9pouse le 5\u00a0novembre 1960 \u00e0 Monaco. C&rsquo;est le d\u00e9but d&rsquo;une grande aventure\u2026 professionnelle, car en 1962 Janet quitte Claude pour Gilbert B\u00e9caud\u2026 Claude prendra cette d\u00e9sertion pour un nouveau d\u00e9fi.<\/p>\n<p><strong> <\/strong><\/p>\n<p>\u00c0 12 kilom\u00e8tres de Monaco,<strong> Florent-Emilio Siri, <\/strong>le r\u00e9alisateur de ce biopic qui enflamme les fans a film\u00e9 d&rsquo;autres sc\u00e8nes<strong> <\/strong>sur les plages mentonnaises. La nouvelle s&rsquo;est vite propag\u00e9e et le plateau, ultraprot\u00e9g\u00e9 en Belgique, est cern\u00e9 par des dizaines de curieux venus s&rsquo;installer sur les trottoirs de la Promenade du Soleil.<\/p>\n<p>De tr\u00e8s nombreux figurants ont aussi pris place dans le d\u00e9cor naturel des plages du Fossan et du March\u00e9 et lorsque d\u00e9barque J\u00e9r\u00e9mie Renier le silence se fait : tous ceux qui ne l&rsquo;avaient pas encore vu, qui ne le connaissait pas forc\u00e9ment, sont litt\u00e9ralement sid\u00e9r\u00e9s par les similitudes entre Cloclo et ce Jeremie Renier, grim\u00e9, brush\u00e9 et ultrabright\u00e9. Chevelure et dentition impeccables, l&rsquo;air d\u00e9cid\u00e9 et le sourire complice avec ses fans, J\u00e9r\u00e9mie fend la foule. Ce n&rsquo;est plus de la ressemblance, c&rsquo;est du mim\u00e9tisme. Imm\u00e9diatement, le charme op\u00e8re. Moteur !<\/p>\n<p>&nbsp;<\/p>\n","protected":false},"excerpt":{"rendered":"<p>Le tournage de Cloclo, le biopic consacr\u00e9 \u00e0 Claude Fran\u00e7ois, avec la star belge J\u00e9r\u00e9mie Renier en idole des seventies, n&rsquo;est pas exclusivement cantonn\u00e9 \u00e0 la Belgique. Si les cam\u00e9ras ont tourn\u00e9 pendant cinq semaines sur notre sol, elles se sont \u00e0 pr\u00e9sent d\u00e9plac\u00e9es \u00e0 l&rsquo;\u00e9tranger. Une partie du tournage se d\u00e9roule au Maroc, qui &hellip;<\/p>\n","protected":false},"author":7,"featured_media":1992,"comment_status":"closed","ping_status":"closed","sticky":false,"template":"","format":"standard","meta":{"ngg_post_thumbnail":0,"footnotes":""},"categories":[7,11],"tags":[],"class_list":["post-1990","post","type-post","status-publish","format-standard","has-post-thumbnail","","category-actualites","category-tournages"],"yoast_head":"<!-- This site is optimized with the Yoast SEO plugin v20.4 - https:\/\/yoast.com\/wordpress\/plugins\/seo\/ -->\n<title>Cloclo :  Le lundi au soleil  - We Love Cinema<\/title>\n<meta name=\"robots\" content=\"index, follow, max-snippet:-1, max-image-preview:large, max-video-preview:-1\" \/>\n<link rel=\"canonical\" href=\"https:\/\/welovecinema.be\/fr\/cloclo-le-lundi-au-soleil\/\" \/>\n<meta property=\"og:locale\" content=\"fr_FR\" \/>\n<meta property=\"og:type\" content=\"article\" \/>\n<meta property=\"og:title\" content=\"Cloclo :  Le lundi au soleil  - We Love Cinema\" \/>\n<meta property=\"og:description\" content=\"Le tournage de Cloclo, le biopic consacr\u00e9 \u00e0 Claude Fran\u00e7ois, avec la star belge J\u00e9r\u00e9mie Renier en idole des seventies, n&rsquo;est pas exclusivement cantonn\u00e9 \u00e0 la Belgique. Si les cam\u00e9ras ont tourn\u00e9 pendant cinq semaines sur notre sol, elles se sont \u00e0 pr\u00e9sent d\u00e9plac\u00e9es \u00e0 l&rsquo;\u00e9tranger. Une partie du tournage se d\u00e9roule au Maroc, qui &hellip;\" \/>\n<meta property=\"og:url\" content=\"https:\/\/welovecinema.be\/fr\/cloclo-le-lundi-au-soleil\/\" \/>\n<meta property=\"og:site_name\" content=\"We Love Cinema\" \/>\n<meta property=\"article:publisher\" content=\"https:\/\/www.facebook.com\/welovecinema.be\" \/>\n<meta property=\"article:published_time\" content=\"2011-05-26T08:52:27+00:00\" \/>\n<meta property=\"article:modified_time\" content=\"2011-05-26T08:53:05+00:00\" \/>\n<meta property=\"og:image\" content=\"https:\/\/welovecinema.be\/wp-content\/uploads\/sites\/2\/2011\/05\/37020.jpg\" \/>\n\t<meta property=\"og:image:width\" content=\"640\" \/>\n\t<meta property=\"og:image:height\" content=\"480\" \/>\n\t<meta property=\"og:image:type\" content=\"image\/jpeg\" \/>\n<meta name=\"author\" content=\"Philippe.Pierquin\" \/>\n<meta name=\"twitter:card\" content=\"summary_large_image\" \/>\n<meta name=\"twitter:label1\" content=\"\u00c9crit par\" \/>\n\t<meta name=\"twitter:data1\" content=\"Philippe.Pierquin\" \/>\n\t<meta name=\"twitter:label2\" content=\"Dur\u00e9e de lecture estim\u00e9e\" \/>\n\t<meta name=\"twitter:data2\" content=\"2 minutes\" \/>\n<script type=\"application\/ld+json\" class=\"yoast-schema-graph\">{\"@context\":\"https:\/\/schema.org\",\"@graph\":[{\"@type\":\"Article\",\"@id\":\"https:\/\/welovecinema.be\/fr\/cloclo-le-lundi-au-soleil\/#article\",\"isPartOf\":{\"@id\":\"https:\/\/welovecinema.be\/fr\/cloclo-le-lundi-au-soleil\/\"},\"author\":{\"name\":\"Philippe.Pierquin\",\"@id\":\"https:\/\/welovecinema.be\/nl\/#\/schema\/person\/4b9b1d857f0943453a38a7c2859ef756\"},\"headline\":\"Cloclo : Le lundi au soleil\",\"datePublished\":\"2011-05-26T08:52:27+00:00\",\"dateModified\":\"2011-05-26T08:53:05+00:00\",\"mainEntityOfPage\":{\"@id\":\"https:\/\/welovecinema.be\/fr\/cloclo-le-lundi-au-soleil\/\"},\"wordCount\":475,\"publisher\":{\"@id\":\"https:\/\/welovecinema.be\/nl\/#organization\"},\"articleSection\":[\"News\",\"Tournages\"],\"inLanguage\":\"fr-FR\"},{\"@type\":\"WebPage\",\"@id\":\"https:\/\/welovecinema.be\/fr\/cloclo-le-lundi-au-soleil\/\",\"url\":\"https:\/\/welovecinema.be\/fr\/cloclo-le-lundi-au-soleil\/\",\"name\":\"Cloclo : Le lundi au soleil - We Love Cinema\",\"isPartOf\":{\"@id\":\"https:\/\/welovecinema.be\/nl\/#website\"},\"datePublished\":\"2011-05-26T08:52:27+00:00\",\"dateModified\":\"2011-05-26T08:53:05+00:00\",\"breadcrumb\":{\"@id\":\"https:\/\/welovecinema.be\/fr\/cloclo-le-lundi-au-soleil\/#breadcrumb\"},\"inLanguage\":\"fr-FR\",\"potentialAction\":[{\"@type\":\"ReadAction\",\"target\":[\"https:\/\/welovecinema.be\/fr\/cloclo-le-lundi-au-soleil\/\"]}]},{\"@type\":\"BreadcrumbList\",\"@id\":\"https:\/\/welovecinema.be\/fr\/cloclo-le-lundi-au-soleil\/#breadcrumb\",\"itemListElement\":[{\"@type\":\"ListItem\",\"position\":1,\"name\":\"Accueil\",\"item\":\"https:\/\/welovecinema.be\/fr\/\"},{\"@type\":\"ListItem\",\"position\":2,\"name\":\"Cloclo : Le lundi au soleil\"}]},{\"@type\":\"WebSite\",\"@id\":\"https:\/\/welovecinema.be\/nl\/#website\",\"url\":\"https:\/\/welovecinema.be\/nl\/\",\"name\":\"We Love Cinema\",\"description\":\"Toute l\u2019information du cin\u00e9ma en Belgique\",\"publisher\":{\"@id\":\"https:\/\/welovecinema.be\/nl\/#organization\"},\"potentialAction\":[{\"@type\":\"SearchAction\",\"target\":{\"@type\":\"EntryPoint\",\"urlTemplate\":\"https:\/\/welovecinema.be\/nl\/?s={search_term_string}\"},\"query-input\":\"required name=search_term_string\"}],\"inLanguage\":\"fr-FR\"},{\"@type\":\"Organization\",\"@id\":\"https:\/\/welovecinema.be\/nl\/#organization\",\"name\":\"We Love Cinema\",\"url\":\"https:\/\/welovecinema.be\/nl\/\",\"logo\":{\"@type\":\"ImageObject\",\"inLanguage\":\"fr-FR\",\"@id\":\"https:\/\/welovecinema.be\/nl\/#\/schema\/logo\/image\/\",\"url\":\"https:\/\/welovecinema.be\/wp-content\/uploads\/sites\/2\/2023\/03\/Logo-We-Love-Cinema305x128.jpg\",\"contentUrl\":\"https:\/\/welovecinema.be\/wp-content\/uploads\/sites\/2\/2023\/03\/Logo-We-Love-Cinema305x128.jpg\",\"width\":305,\"height\":128,\"caption\":\"We Love Cinema\"},\"image\":{\"@id\":\"https:\/\/welovecinema.be\/nl\/#\/schema\/logo\/image\/\"},\"sameAs\":[\"https:\/\/www.facebook.com\/welovecinema.be\",\"https:\/\/www.youtube.com\/channel\/UCX5LYGVhnKvYauW4Nta4HJA\",\"https:\/\/www.instagram.com\/welovecinema.be\/\"]},{\"@type\":\"Person\",\"@id\":\"https:\/\/welovecinema.be\/nl\/#\/schema\/person\/4b9b1d857f0943453a38a7c2859ef756\",\"name\":\"Philippe.Pierquin\",\"url\":\"https:\/\/welovecinema.be\/fr\/author\/philippe-pierquin\/\"}]}<\/script>\n<!-- \/ Yoast SEO plugin. -->","yoast_head_json":{"title":"Cloclo :  Le lundi au soleil  - We Love Cinema","robots":{"index":"index","follow":"follow","max-snippet":"max-snippet:-1","max-image-preview":"max-image-preview:large","max-video-preview":"max-video-preview:-1"},"canonical":"https:\/\/welovecinema.be\/fr\/cloclo-le-lundi-au-soleil\/","og_locale":"fr_FR","og_type":"article","og_title":"Cloclo :  Le lundi au soleil  - We Love Cinema","og_description":"Le tournage de Cloclo, le biopic consacr\u00e9 \u00e0 Claude Fran\u00e7ois, avec la star belge J\u00e9r\u00e9mie Renier en idole des seventies, n&rsquo;est pas exclusivement cantonn\u00e9 \u00e0 la Belgique. Si les cam\u00e9ras ont tourn\u00e9 pendant cinq semaines sur notre sol, elles se sont \u00e0 pr\u00e9sent d\u00e9plac\u00e9es \u00e0 l&rsquo;\u00e9tranger. Une partie du tournage se d\u00e9roule au Maroc, qui &hellip;","og_url":"https:\/\/welovecinema.be\/fr\/cloclo-le-lundi-au-soleil\/","og_site_name":"We Love Cinema","article_publisher":"https:\/\/www.facebook.com\/welovecinema.be","article_published_time":"2011-05-26T08:52:27+00:00","article_modified_time":"2011-05-26T08:53:05+00:00","og_image":[{"width":"640","height":"480","url":"https:\/\/welovecinema.be\/wp-content\/uploads\/sites\/2\/2011\/05\/37020.jpg","type":"image\/jpeg"}],"author":"Philippe.Pierquin","twitter_card":"summary_large_image","twitter_misc":{"\u00c9crit par":"Philippe.Pierquin","Dur\u00e9e de lecture estim\u00e9e":"2 minutes"},"schema":{"@context":"https:\/\/schema.org","@graph":[{"@type":"Article","@id":"https:\/\/welovecinema.be\/fr\/cloclo-le-lundi-au-soleil\/#article","isPartOf":{"@id":"https:\/\/welovecinema.be\/fr\/cloclo-le-lundi-au-soleil\/"},"author":{"name":"Philippe.Pierquin","@id":"https:\/\/welovecinema.be\/nl\/#\/schema\/person\/4b9b1d857f0943453a38a7c2859ef756"},"headline":"Cloclo : Le lundi au soleil","datePublished":"2011-05-26T08:52:27+00:00","dateModified":"2011-05-26T08:53:05+00:00","mainEntityOfPage":{"@id":"https:\/\/welovecinema.be\/fr\/cloclo-le-lundi-au-soleil\/"},"wordCount":475,"publisher":{"@id":"https:\/\/welovecinema.be\/nl\/#organization"},"articleSection":["News","Tournages"],"inLanguage":"fr-FR"},{"@type":"WebPage","@id":"https:\/\/welovecinema.be\/fr\/cloclo-le-lundi-au-soleil\/","url":"https:\/\/welovecinema.be\/fr\/cloclo-le-lundi-au-soleil\/","name":"Cloclo : Le lundi au soleil - We Love Cinema","isPartOf":{"@id":"https:\/\/welovecinema.be\/nl\/#website"},"datePublished":"2011-05-26T08:52:27+00:00","dateModified":"2011-05-26T08:53:05+00:00","breadcrumb":{"@id":"https:\/\/welovecinema.be\/fr\/cloclo-le-lundi-au-soleil\/#breadcrumb"},"inLanguage":"fr-FR","potentialAction":[{"@type":"ReadAction","target":["https:\/\/welovecinema.be\/fr\/cloclo-le-lundi-au-soleil\/"]}]},{"@type":"BreadcrumbList","@id":"https:\/\/welovecinema.be\/fr\/cloclo-le-lundi-au-soleil\/#breadcrumb","itemListElement":[{"@type":"ListItem","position":1,"name":"Accueil","item":"https:\/\/welovecinema.be\/fr\/"},{"@type":"ListItem","position":2,"name":"Cloclo : Le lundi au soleil"}]},{"@type":"WebSite","@id":"https:\/\/welovecinema.be\/nl\/#website","url":"https:\/\/welovecinema.be\/nl\/","name":"We Love Cinema","description":"Toute l\u2019information du cin\u00e9ma en Belgique","publisher":{"@id":"https:\/\/welovecinema.be\/nl\/#organization"},"potentialAction":[{"@type":"SearchAction","target":{"@type":"EntryPoint","urlTemplate":"https:\/\/welovecinema.be\/nl\/?s={search_term_string}"},"query-input":"required name=search_term_string"}],"inLanguage":"fr-FR"},{"@type":"Organization","@id":"https:\/\/welovecinema.be\/nl\/#organization","name":"We Love Cinema","url":"https:\/\/welovecinema.be\/nl\/","logo":{"@type":"ImageObject","inLanguage":"fr-FR","@id":"https:\/\/welovecinema.be\/nl\/#\/schema\/logo\/image\/","url":"https:\/\/welovecinema.be\/wp-content\/uploads\/sites\/2\/2023\/03\/Logo-We-Love-Cinema305x128.jpg","contentUrl":"https:\/\/welovecinema.be\/wp-content\/uploads\/sites\/2\/2023\/03\/Logo-We-Love-Cinema305x128.jpg","width":305,"height":128,"caption":"We Love Cinema"},"image":{"@id":"https:\/\/welovecinema.be\/nl\/#\/schema\/logo\/image\/"},"sameAs":["https:\/\/www.facebook.com\/welovecinema.be","https:\/\/www.youtube.com\/channel\/UCX5LYGVhnKvYauW4Nta4HJA","https:\/\/www.instagram.com\/welovecinema.be\/"]},{"@type":"Person","@id":"https:\/\/welovecinema.be\/nl\/#\/schema\/person\/4b9b1d857f0943453a38a7c2859ef756","name":"Philippe.Pierquin","url":"https:\/\/welovecinema.be\/fr\/author\/philippe-pierquin\/"}]}},"_links":{"self":[{"href":"https:\/\/welovecinema.be\/fr\/wp-json\/wp\/v2\/posts\/1990","targetHints":{"allow":["GET"]}}],"collection":[{"href":"https:\/\/welovecinema.be\/fr\/wp-json\/wp\/v2\/posts"}],"about":[{"href":"https:\/\/welovecinema.be\/fr\/wp-json\/wp\/v2\/types\/post"}],"author":[{"embeddable":true,"href":"https:\/\/welovecinema.be\/fr\/wp-json\/wp\/v2\/users\/7"}],"replies":[{"embeddable":true,"href":"https:\/\/welovecinema.be\/fr\/wp-json\/wp\/v2\/comments?post=1990"}],"version-history":[{"count":0,"href":"https:\/\/welovecinema.be\/fr\/wp-json\/wp\/v2\/posts\/1990\/revisions"}],"wp:featuredmedia":[{"embeddable":true,"href":"https:\/\/welovecinema.be\/fr\/wp-json\/wp\/v2\/media\/1992"}],"wp:attachment":[{"href":"https:\/\/welovecinema.be\/fr\/wp-json\/wp\/v2\/media?parent=1990"}],"wp:term":[{"taxonomy":"category","embeddable":true,"href":"https:\/\/welovecinema.be\/fr\/wp-json\/wp\/v2\/categories?post=1990"},{"taxonomy":"post_tag","embeddable":true,"href":"https:\/\/welovecinema.be\/fr\/wp-json\/wp\/v2\/tags?post=1990"}],"curies":[{"name":"wp","href":"https:\/\/api.w.org\/{rel}","templated":true}]}}