{"id":198928,"date":"2017-04-26T10:45:44","date_gmt":"2017-04-26T08:45:44","guid":{"rendered":"http:\/\/www.cinevox.be\/?p=98928"},"modified":"2017-04-26T10:57:52","modified_gmt":"2017-04-26T08:57:52","slug":"virginie-efira-sainte-vierge-paul-verhoeven","status":"publish","type":"post","link":"https:\/\/welovecinema.be\/fr\/virginie-efira-sainte-vierge-paul-verhoeven\/","title":{"rendered":"Virginie Efira, Sainte Vierge pour Paul Verhoeven"},"content":{"rendered":"<p>Vous avez vu l&rsquo;info qui agite la toile\u00a0depuis hier? <strong>Paul Verhoeven<\/strong> va \u00e0 nouveau faire tourner <strong>Virginie Efira<\/strong>, qui avait d\u00e9j\u00e0 un petit r\u00f4le dans <em>Elle<\/em>, dans un projet bien entendu sulfureux, intitul\u00e9 <em><strong>Blessed Virgin<\/strong> (La Sainte Vierge)<\/em>, dont on devrait sans aucun doute voir l&rsquo;affiche fleurir le long des all\u00e9es du March\u00e9 du Film lors du Festival\u00a0de Cannes.<\/p>\n<p>&nbsp;<\/p>\n<p><!--more--><\/p>\n<p>&nbsp;<\/p>\n<p>&nbsp;<\/p>\n<p>Apr\u00e8s Isabelle Huppert dans <em>Elle<\/em>, qui a valu \u00e0 l&rsquo;actrice fran\u00e7aise une pluie de Prix et nominations on ne peut plus prestigieux, le r\u00e9alisateur hollandais recrute donc \u00e0 nouveau une actrice francophone pour son prochain projet, une adaptation de\u00a0<em>S\u0153ur Benedetta, entre sainte et lesbienne<\/em> de Judith C. Brown, paru dans les ann\u00e9es 80, une biographie romanesque, bas\u00e9e sur des archives relatant le proc\u00e8s d&rsquo;une\u00a0abbesse qui \u00ab\u00a0se pr\u00e9tendait mystique et se r\u00e9v\u00e9la femme de mauvais renom\u00a0\u00bb. Un personnage au parcours\u00a0sulfureux pour l&rsquo;\u00e9poque donc, un parcours dont on se doute bien que le r\u00e9alisateur ne compte pas l&rsquo;\u00e9dulcorer. De <em>Showgirls<\/em> \u00e0 <em>Blessed Virgin\/ Sainte Vierge<\/em>, Verhoeven promet un nouveau portrait de femme qu&rsquo;on imagine volontairement fort et sans d\u00e9tours.\u00a0La pr\u00e9-affiche d\u00e9voil\u00e9e par le producteur laisse peu de doutes (si&rsquo;l en restait).<\/p>\n<p>&nbsp;<\/p>\n<p><img loading=\"lazy\" decoding=\"async\" class=\"alignnone size-large wp-image-98931\" src=\"http:\/\/www.cinevox.be\/wp-content\/uploads\/sites\/2\/2017\/04\/Sainte-Vierge-Paul-Verhoeven-furyosa-1-402x600.jpeg\" alt=\"\" width=\"402\" height=\"600\" \/><\/p>\n<p>&nbsp;<\/p>\n<p>C&rsquo;est donc la com\u00e9dienne belge qui tiendra le haut de l&rsquo;affiche, pour une troisi\u00e8me adaptation en peu de temps d&rsquo;ailleurs, puisqu&rsquo;elle tournera dans les semaines qui viennent dans <em>Un amour impossible<\/em>, l&rsquo;adaptation par Catherine Corsini du bouleversant roman autobiographique de Christine Angot, o\u00f9 elle jouera la m\u00e8re \u00e0 la fois ador\u00e9e et incomprise de la narratrice, puis dans l&rsquo;adaptation par Joachim Lafosse de <em>Continuer<\/em>, roman de Laurent Mauvinier, une adaptation dont elle est d&rsquo;ailleurs en partie \u00e0 l&rsquo;origine via la structure de production qu&rsquo;elle vient de co-fonder.<\/p>\n<p>&nbsp;<\/p>\n<p>Le changement de cap pour la com\u00e9dienne est \u00e9vident. Celle qui s&rsquo;\u00e9tonnait\u00a0r\u00e9cemment dans <em>Studio<\/em> d&rsquo;avoir d\u00e9j\u00e0 jou\u00e9\u00a0dans pas moins de 18 com\u00e9dies romantiques en moins de 10 ans y confiait \u00e9galement sa soif d&rsquo;\u00e9mancipation, de r\u00f4les nouveaux, une soif en partie \u00e9tanch\u00e9e par la confiance de Justine Thriet, et le r\u00f4le de <em>Victoria<\/em> qui semble avoir ouvert les yeux de la critique et du grand public sur le talent\u00a0prot\u00e9iforme de l&rsquo;actrice, et lui a valu une premi\u00e8re nomination aux C\u00e9sar, et un Magritte de la Meilleure Actrice. La carri\u00e8re de la com\u00e9dienne, qui voguait d\u00e9j\u00e0 haut, semble s&rsquo;envoler un peu plus encore dans des sph\u00e8res toujours plus hautes.<\/p>\n","protected":false},"excerpt":{"rendered":"<p>Vous avez vu l&rsquo;info qui agite la toile\u00a0depuis hier? Paul Verhoeven va \u00e0 nouveau faire tourner Virginie Efira, qui avait d\u00e9j\u00e0 un petit r\u00f4le dans Elle, dans un projet bien entendu sulfureux, intitul\u00e9 Blessed Virgin (La Sainte Vierge), dont on devrait sans aucun doute voir l&rsquo;affiche fleurir le long des all\u00e9es du March\u00e9 du Film &hellip;<\/p>\n","protected":false},"author":343,"featured_media":198934,"comment_status":"closed","ping_status":"closed","sticky":false,"template":"","format":"standard","meta":{"ngg_post_thumbnail":0,"footnotes":""},"categories":[1923,7],"tags":[1895],"class_list":["post-198928","post","type-post","status-publish","format-standard","has-post-thumbnail","","category-en-bref","category-actualites","tag-court-metrage"],"yoast_head":"<!-- This site is optimized with the Yoast SEO plugin v20.4 - https:\/\/yoast.com\/wordpress\/plugins\/seo\/ -->\n<title>Virginie Efira, Sainte Vierge pour Paul Verhoeven - We Love Cinema<\/title>\n<meta name=\"robots\" content=\"index, follow, max-snippet:-1, max-image-preview:large, max-video-preview:-1\" \/>\n<link rel=\"canonical\" href=\"https:\/\/welovecinema.be\/fr\/virginie-efira-sainte-vierge-paul-verhoeven\/\" \/>\n<meta property=\"og:locale\" content=\"fr_FR\" \/>\n<meta property=\"og:type\" content=\"article\" \/>\n<meta property=\"og:title\" content=\"Virginie Efira, Sainte Vierge pour Paul Verhoeven - We Love Cinema\" \/>\n<meta property=\"og:description\" content=\"Vous avez vu l&rsquo;info qui agite la toile\u00a0depuis hier? Paul Verhoeven va \u00e0 nouveau faire tourner Virginie Efira, qui avait d\u00e9j\u00e0 un petit r\u00f4le dans Elle, dans un projet bien entendu sulfureux, intitul\u00e9 Blessed Virgin (La Sainte Vierge), dont on devrait sans aucun doute voir l&rsquo;affiche fleurir le long des all\u00e9es du March\u00e9 du Film &hellip;\" \/>\n<meta property=\"og:url\" content=\"https:\/\/welovecinema.be\/fr\/virginie-efira-sainte-vierge-paul-verhoeven\/\" \/>\n<meta property=\"og:site_name\" content=\"We Love Cinema\" \/>\n<meta property=\"article:publisher\" content=\"https:\/\/www.facebook.com\/welovecinema.be\" \/>\n<meta property=\"article:published_time\" content=\"2017-04-26T08:45:44+00:00\" \/>\n<meta property=\"article:modified_time\" content=\"2017-04-26T08:57:52+00:00\" \/>\n<meta property=\"og:image\" content=\"https:\/\/welovecinema.be\/wp-content\/uploads\/sites\/2\/2017\/04\/EfiraVerhoeven.jpg\" \/>\n\t<meta property=\"og:image:width\" content=\"602\" \/>\n\t<meta property=\"og:image:height\" content=\"300\" \/>\n\t<meta property=\"og:image:type\" content=\"image\/jpeg\" \/>\n<meta name=\"author\" content=\"Aurore Engelen\" \/>\n<meta name=\"twitter:card\" content=\"summary_large_image\" \/>\n<meta name=\"twitter:label1\" content=\"\u00c9crit par\" \/>\n\t<meta name=\"twitter:data1\" content=\"Aurore Engelen\" \/>\n\t<meta name=\"twitter:label2\" content=\"Dur\u00e9e de lecture estim\u00e9e\" \/>\n\t<meta name=\"twitter:data2\" content=\"2 minutes\" \/>\n<script type=\"application\/ld+json\" class=\"yoast-schema-graph\">{\"@context\":\"https:\/\/schema.org\",\"@graph\":[{\"@type\":\"Article\",\"@id\":\"https:\/\/welovecinema.be\/fr\/virginie-efira-sainte-vierge-paul-verhoeven\/#article\",\"isPartOf\":{\"@id\":\"https:\/\/welovecinema.be\/fr\/virginie-efira-sainte-vierge-paul-verhoeven\/\"},\"author\":{\"name\":\"Aurore Engelen\",\"@id\":\"https:\/\/welovecinema.be\/nl\/#\/schema\/person\/8084b68c6b176142d073695c654dc7cf\"},\"headline\":\"Virginie Efira, Sainte Vierge pour Paul Verhoeven\",\"datePublished\":\"2017-04-26T08:45:44+00:00\",\"dateModified\":\"2017-04-26T08:57:52+00:00\",\"mainEntityOfPage\":{\"@id\":\"https:\/\/welovecinema.be\/fr\/virginie-efira-sainte-vierge-paul-verhoeven\/\"},\"wordCount\":454,\"publisher\":{\"@id\":\"https:\/\/welovecinema.be\/nl\/#organization\"},\"keywords\":[\"Court m\u00e9trage\"],\"articleSection\":[\"En bref\",\"News\"],\"inLanguage\":\"fr-FR\"},{\"@type\":\"WebPage\",\"@id\":\"https:\/\/welovecinema.be\/fr\/virginie-efira-sainte-vierge-paul-verhoeven\/\",\"url\":\"https:\/\/welovecinema.be\/fr\/virginie-efira-sainte-vierge-paul-verhoeven\/\",\"name\":\"Virginie Efira, Sainte Vierge pour Paul Verhoeven - We Love Cinema\",\"isPartOf\":{\"@id\":\"https:\/\/welovecinema.be\/nl\/#website\"},\"datePublished\":\"2017-04-26T08:45:44+00:00\",\"dateModified\":\"2017-04-26T08:57:52+00:00\",\"breadcrumb\":{\"@id\":\"https:\/\/welovecinema.be\/fr\/virginie-efira-sainte-vierge-paul-verhoeven\/#breadcrumb\"},\"inLanguage\":\"fr-FR\",\"potentialAction\":[{\"@type\":\"ReadAction\",\"target\":[\"https:\/\/welovecinema.be\/fr\/virginie-efira-sainte-vierge-paul-verhoeven\/\"]}]},{\"@type\":\"BreadcrumbList\",\"@id\":\"https:\/\/welovecinema.be\/fr\/virginie-efira-sainte-vierge-paul-verhoeven\/#breadcrumb\",\"itemListElement\":[{\"@type\":\"ListItem\",\"position\":1,\"name\":\"Accueil\",\"item\":\"https:\/\/welovecinema.be\/fr\/\"},{\"@type\":\"ListItem\",\"position\":2,\"name\":\"Virginie Efira, Sainte Vierge pour Paul Verhoeven\"}]},{\"@type\":\"WebSite\",\"@id\":\"https:\/\/welovecinema.be\/nl\/#website\",\"url\":\"https:\/\/welovecinema.be\/nl\/\",\"name\":\"We Love Cinema\",\"description\":\"Toute l\u2019information du cin\u00e9ma en Belgique\",\"publisher\":{\"@id\":\"https:\/\/welovecinema.be\/nl\/#organization\"},\"potentialAction\":[{\"@type\":\"SearchAction\",\"target\":{\"@type\":\"EntryPoint\",\"urlTemplate\":\"https:\/\/welovecinema.be\/nl\/?s={search_term_string}\"},\"query-input\":\"required name=search_term_string\"}],\"inLanguage\":\"fr-FR\"},{\"@type\":\"Organization\",\"@id\":\"https:\/\/welovecinema.be\/nl\/#organization\",\"name\":\"We Love Cinema\",\"url\":\"https:\/\/welovecinema.be\/nl\/\",\"logo\":{\"@type\":\"ImageObject\",\"inLanguage\":\"fr-FR\",\"@id\":\"https:\/\/welovecinema.be\/nl\/#\/schema\/logo\/image\/\",\"url\":\"https:\/\/welovecinema.be\/wp-content\/uploads\/sites\/2\/2023\/03\/Logo-We-Love-Cinema305x128.jpg\",\"contentUrl\":\"https:\/\/welovecinema.be\/wp-content\/uploads\/sites\/2\/2023\/03\/Logo-We-Love-Cinema305x128.jpg\",\"width\":305,\"height\":128,\"caption\":\"We Love Cinema\"},\"image\":{\"@id\":\"https:\/\/welovecinema.be\/nl\/#\/schema\/logo\/image\/\"},\"sameAs\":[\"https:\/\/www.facebook.com\/welovecinema.be\",\"https:\/\/www.youtube.com\/channel\/UCX5LYGVhnKvYauW4Nta4HJA\",\"https:\/\/www.instagram.com\/welovecinema.be\/\"]},{\"@type\":\"Person\",\"@id\":\"https:\/\/welovecinema.be\/nl\/#\/schema\/person\/8084b68c6b176142d073695c654dc7cf\",\"name\":\"Aurore Engelen\",\"url\":\"https:\/\/welovecinema.be\/fr\/author\/aurore-engelen\/\"}]}<\/script>\n<!-- \/ Yoast SEO plugin. -->","yoast_head_json":{"title":"Virginie Efira, Sainte Vierge pour Paul Verhoeven - We Love Cinema","robots":{"index":"index","follow":"follow","max-snippet":"max-snippet:-1","max-image-preview":"max-image-preview:large","max-video-preview":"max-video-preview:-1"},"canonical":"https:\/\/welovecinema.be\/fr\/virginie-efira-sainte-vierge-paul-verhoeven\/","og_locale":"fr_FR","og_type":"article","og_title":"Virginie Efira, Sainte Vierge pour Paul Verhoeven - We Love Cinema","og_description":"Vous avez vu l&rsquo;info qui agite la toile\u00a0depuis hier? Paul Verhoeven va \u00e0 nouveau faire tourner Virginie Efira, qui avait d\u00e9j\u00e0 un petit r\u00f4le dans Elle, dans un projet bien entendu sulfureux, intitul\u00e9 Blessed Virgin (La Sainte Vierge), dont on devrait sans aucun doute voir l&rsquo;affiche fleurir le long des all\u00e9es du March\u00e9 du Film &hellip;","og_url":"https:\/\/welovecinema.be\/fr\/virginie-efira-sainte-vierge-paul-verhoeven\/","og_site_name":"We Love Cinema","article_publisher":"https:\/\/www.facebook.com\/welovecinema.be","article_published_time":"2017-04-26T08:45:44+00:00","article_modified_time":"2017-04-26T08:57:52+00:00","og_image":[{"width":602,"height":300,"url":"https:\/\/welovecinema.be\/wp-content\/uploads\/sites\/2\/2017\/04\/EfiraVerhoeven.jpg","type":"image\/jpeg"}],"author":"Aurore Engelen","twitter_card":"summary_large_image","twitter_misc":{"\u00c9crit par":"Aurore Engelen","Dur\u00e9e de lecture estim\u00e9e":"2 minutes"},"schema":{"@context":"https:\/\/schema.org","@graph":[{"@type":"Article","@id":"https:\/\/welovecinema.be\/fr\/virginie-efira-sainte-vierge-paul-verhoeven\/#article","isPartOf":{"@id":"https:\/\/welovecinema.be\/fr\/virginie-efira-sainte-vierge-paul-verhoeven\/"},"author":{"name":"Aurore Engelen","@id":"https:\/\/welovecinema.be\/nl\/#\/schema\/person\/8084b68c6b176142d073695c654dc7cf"},"headline":"Virginie Efira, Sainte Vierge pour Paul Verhoeven","datePublished":"2017-04-26T08:45:44+00:00","dateModified":"2017-04-26T08:57:52+00:00","mainEntityOfPage":{"@id":"https:\/\/welovecinema.be\/fr\/virginie-efira-sainte-vierge-paul-verhoeven\/"},"wordCount":454,"publisher":{"@id":"https:\/\/welovecinema.be\/nl\/#organization"},"keywords":["Court m\u00e9trage"],"articleSection":["En bref","News"],"inLanguage":"fr-FR"},{"@type":"WebPage","@id":"https:\/\/welovecinema.be\/fr\/virginie-efira-sainte-vierge-paul-verhoeven\/","url":"https:\/\/welovecinema.be\/fr\/virginie-efira-sainte-vierge-paul-verhoeven\/","name":"Virginie Efira, Sainte Vierge pour Paul Verhoeven - We Love Cinema","isPartOf":{"@id":"https:\/\/welovecinema.be\/nl\/#website"},"datePublished":"2017-04-26T08:45:44+00:00","dateModified":"2017-04-26T08:57:52+00:00","breadcrumb":{"@id":"https:\/\/welovecinema.be\/fr\/virginie-efira-sainte-vierge-paul-verhoeven\/#breadcrumb"},"inLanguage":"fr-FR","potentialAction":[{"@type":"ReadAction","target":["https:\/\/welovecinema.be\/fr\/virginie-efira-sainte-vierge-paul-verhoeven\/"]}]},{"@type":"BreadcrumbList","@id":"https:\/\/welovecinema.be\/fr\/virginie-efira-sainte-vierge-paul-verhoeven\/#breadcrumb","itemListElement":[{"@type":"ListItem","position":1,"name":"Accueil","item":"https:\/\/welovecinema.be\/fr\/"},{"@type":"ListItem","position":2,"name":"Virginie Efira, Sainte Vierge pour Paul Verhoeven"}]},{"@type":"WebSite","@id":"https:\/\/welovecinema.be\/nl\/#website","url":"https:\/\/welovecinema.be\/nl\/","name":"We Love Cinema","description":"Toute l\u2019information du cin\u00e9ma en Belgique","publisher":{"@id":"https:\/\/welovecinema.be\/nl\/#organization"},"potentialAction":[{"@type":"SearchAction","target":{"@type":"EntryPoint","urlTemplate":"https:\/\/welovecinema.be\/nl\/?s={search_term_string}"},"query-input":"required name=search_term_string"}],"inLanguage":"fr-FR"},{"@type":"Organization","@id":"https:\/\/welovecinema.be\/nl\/#organization","name":"We Love Cinema","url":"https:\/\/welovecinema.be\/nl\/","logo":{"@type":"ImageObject","inLanguage":"fr-FR","@id":"https:\/\/welovecinema.be\/nl\/#\/schema\/logo\/image\/","url":"https:\/\/welovecinema.be\/wp-content\/uploads\/sites\/2\/2023\/03\/Logo-We-Love-Cinema305x128.jpg","contentUrl":"https:\/\/welovecinema.be\/wp-content\/uploads\/sites\/2\/2023\/03\/Logo-We-Love-Cinema305x128.jpg","width":305,"height":128,"caption":"We Love Cinema"},"image":{"@id":"https:\/\/welovecinema.be\/nl\/#\/schema\/logo\/image\/"},"sameAs":["https:\/\/www.facebook.com\/welovecinema.be","https:\/\/www.youtube.com\/channel\/UCX5LYGVhnKvYauW4Nta4HJA","https:\/\/www.instagram.com\/welovecinema.be\/"]},{"@type":"Person","@id":"https:\/\/welovecinema.be\/nl\/#\/schema\/person\/8084b68c6b176142d073695c654dc7cf","name":"Aurore Engelen","url":"https:\/\/welovecinema.be\/fr\/author\/aurore-engelen\/"}]}},"_links":{"self":[{"href":"https:\/\/welovecinema.be\/fr\/wp-json\/wp\/v2\/posts\/198928","targetHints":{"allow":["GET"]}}],"collection":[{"href":"https:\/\/welovecinema.be\/fr\/wp-json\/wp\/v2\/posts"}],"about":[{"href":"https:\/\/welovecinema.be\/fr\/wp-json\/wp\/v2\/types\/post"}],"author":[{"embeddable":true,"href":"https:\/\/welovecinema.be\/fr\/wp-json\/wp\/v2\/users\/343"}],"replies":[{"embeddable":true,"href":"https:\/\/welovecinema.be\/fr\/wp-json\/wp\/v2\/comments?post=198928"}],"version-history":[{"count":0,"href":"https:\/\/welovecinema.be\/fr\/wp-json\/wp\/v2\/posts\/198928\/revisions"}],"wp:featuredmedia":[{"embeddable":true,"href":"https:\/\/welovecinema.be\/fr\/wp-json\/wp\/v2\/media\/198934"}],"wp:attachment":[{"href":"https:\/\/welovecinema.be\/fr\/wp-json\/wp\/v2\/media?parent=198928"}],"wp:term":[{"taxonomy":"category","embeddable":true,"href":"https:\/\/welovecinema.be\/fr\/wp-json\/wp\/v2\/categories?post=198928"},{"taxonomy":"post_tag","embeddable":true,"href":"https:\/\/welovecinema.be\/fr\/wp-json\/wp\/v2\/tags?post=198928"}],"curies":[{"name":"wp","href":"https:\/\/api.w.org\/{rel}","templated":true}]}}