{"id":198860,"date":"2017-04-25T09:12:20","date_gmt":"2017-04-25T07:12:20","guid":{"rendered":"http:\/\/www.cinevox.be\/?p=98860"},"modified":"2017-04-27T11:07:32","modified_gmt":"2017-04-27T09:07:32","slug":"avalanche-de-tournages-perspective","status":"publish","type":"post","link":"https:\/\/welovecinema.be\/fr\/avalanche-de-tournages-perspective\/","title":{"rendered":"Avalanche de tournages en perspective!"},"content":{"rendered":"<p>Le premier trimestre 2017 aura \u00e9t\u00e9 riche en sorties belges, entre <em>Faut pas lui dire, Dode Hoek, Noces, Chez Nous, Insoumise, Paris Pieds Nus, La Fontaine fait son cin\u00e9ma, Enfants du Hasard<\/em>, on a eu l&#8217;embarras du choix dans les salles. Fin avril d\u00e9but mai, il faudra encore compter sur <em>Je suis rest\u00e9 dans les bois<\/em>, qui sort demain, et <em>Mon Ange<\/em> et <em>Burning Out<\/em> qui sortent la semaine prochaine, puis\u00a0le rythme des sorties devrait singuli\u00e8rement ralentir dans les semaines \u00e0 venir. Mais nos cin\u00e9astes sont au travail!<\/p>\n<p><!--more--><\/p>\n<p>&nbsp;<\/p>\n<p>On vous a d\u00e9j\u00e0 parl\u00e9 des tournages de <em><strong>No Fun<\/strong><\/em>, de Martine Doyen, actuellement en cours, mais aussi de <em><strong>Seule \u00e0 mon mariage<\/strong><\/em> de Marta Bergman, achev\u00e9 il y a quelques semaines, et de <em><strong>Troisi\u00e8mes Noces<\/strong><\/em> de David Lambert qui se termine tout doucement, mais l&rsquo;actualit\u00e9 sur le plan des tournages est sur le point de se pr\u00e9cipiter!<\/p>\n<p>&nbsp;<\/p>\n<p>D\u00e8s le 4 mai, Olivier Masset-Depasse entame ainsi le tournage de son nouveau film, <em><strong>Duelles<\/strong><\/em>, dont on vous a d\u00e9j\u00e0 parl\u00e9 <a href=\"http:\/\/www.cinevox.be\/duelles-a-bruxelles\">ici<\/a> et <a href=\"http:\/\/www.cinevox.be\/casting-luxueux-screen-brussels-jeremie-renier-veerle-baetens-anne-coesens-bouli-lanners-marie-gillain\">ici<\/a>, drame psychologique situ\u00e9 dans le Bruxelles des ann\u00e9es 60, dont nous parlait Olivier Masset-Depasse <a href=\"http:\/\/www.cinevox.be\/5-minutes-avec-olivier-masset-depasse\">lorsque nous l&rsquo;avons rencontr\u00e9 en d\u00e9cembre<\/a>. <em>Duelles<\/em> met face-\u00e0-face deux femmes, deux voisines, deux amies, dont l&rsquo;amiti\u00e9 et la complicit\u00e9 vont \u00eatre boulevers\u00e9es par un \u00e9v\u00e8nement tragique, d&rsquo;o\u00f9 vont sourdre doutes, parano\u00efa, haine et rancoeurs. Ces deux femmes seront incarn\u00e9es par un duo all\u00e9chant form\u00e9 par Veerle Baetens et Anne Coesens, observ\u00e9 par deux acteurs intenses, Arieh Worthalter (<em>Tranferts, Eternit\u00e9, Les Anarchistes<\/em>) et Mehdi Nebbou (<em>Cookie, Jos\u00e9phine, Fixeur, Le Bureau des L\u00e9gendes<\/em>). Le tournage durera jusqu&rsquo;au 23 juin, entre Bruxelles et Li\u00e8ge.<\/p>\n<p>&nbsp;<\/p>\n<p><img loading=\"lazy\" decoding=\"async\" class=\"alignnone size-full wp-image-98866\" src=\"http:\/\/www.cinevox.be\/wp-content\/uploads\/sites\/2\/2017\/04\/TeamVersus.jpg\" alt=\"\" width=\"602\" height=\"300\" \/><\/p>\n<p>&nbsp;<\/p>\n<p><em>Duelles<\/em> est produit par Versus Production, tout comme deux autres gros projets annonc\u00e9s cet automne. Toujours tr\u00e8s actif, Joachim Lafosse est actuellement en train d&rsquo;adapter <strong><em>Continuer<\/em><\/strong>, le roman de Laurent Mauvinier, dans lequel Virginie Efira tiendra le r\u00f4le principal, celui d&rsquo;une femme qui a pour projet fou\u00a0de partir plusieurs mois avec son fils adolescent\u00a0\u00e0 cheval dans les montagnes du Kirghizistan, afin de sauver cet enfant\u00a0qu\u2019elle perd chaque jour davantage, et pour retrouver, peut-\u00eatre, le fil de sa propre histoire.Le tournage est pr\u00e9vu pour octobre\/ novembre, entre le Maroc (o\u00f9 le r\u00e9alisateur a d\u00e9j\u00e0 tourn\u00e9 <em>Les Chevaliers Blancs<\/em>) et le Kirghizistan. Versus pr\u00e9pare \u00e9galement le nouveau film de Fr\u00e9d\u00e9ric Fonteyne (<em>Une liaison pornographique, La Femme de Gilles, Tango Libre<\/em>). <em><strong>La Fronti\u00e8re<\/strong><\/em> se tournera \u00e9galement cet automne, entre la France et la Belgique, avec l\u00e0 encore un prestigieux casting f\u00e9minin. On\u00a0y retrouvera la canadienne Suzanne Cl\u00e9ment, que l&rsquo;on a vue bien s\u00fbr dans les films de Xavier Dolan (<em>Mummy, Laurence Anyways<\/em>), mais aussi dans <em>Les Premiers les Derniers<\/em> de Bouli Lanners, Sara Forestier (<em>Primaire, La T\u00eate Haute, Suzanne<\/em>)\u00a0et Annabelle Lengronne (<em>La Fine Equipe, Mercuriales<\/em>, ou encore la derni\u00e8re saison de la s\u00e9rie <em>Fais pas ci, fais pas \u00e7a<\/em>).<\/p>\n<p>&nbsp;<\/p>\n<p>Si une autre soci\u00e9t\u00e9 croule actuellement sous les projets, c&rsquo;est bien Artemis! Pour commencer, la soci\u00e9t\u00e9 produit le premier long m\u00e9trage en tant que r\u00e9alisateur de Fran\u00e7ois Damiens, un com\u00e9dien qu&rsquo;Artemis a souvent accompagn\u00e9 (<em>Les Cowboys, Des nouvelles de la plan\u00e8te Mars, Tango Libre<\/em>&#8230;). Le secret est bien gard\u00e9 autour de ce projet, qui devrait voir le com\u00e9dien incarner un p\u00e8re repris de justice pr\u00eat \u00e0 tout pour reconqu\u00e9rir son fils. Fran\u00e7ois Damiens a \u00e9crit <strong><em>Mon Ket<\/em>\u00a0<\/strong>avec Beno\u00eet Mariage, et avec la collaboration de Matthieu Donck (le r\u00e9alisateur de <em>La Tr\u00eave<\/em>, et qui avait mis l&rsquo;acteur en haut de l&rsquo;affiche de <em>Torpedo<\/em>, l&rsquo;un de ses premiers r\u00f4les dramatiques). On a h\u00e2te d&rsquo;en savoir plus, \u00e9videmment&#8230; Artemis produira \u00e9galement cet \u00e9t\u00e9 deux premiers longs m\u00e9trages: <em><strong>Escapada<\/strong><\/em>, de Sarah Hirtt, d\u00e9couverte en 2013 avec son film de fin d&rsquo;\u00e9tudes, <em>En attendant le d\u00e9gel<\/em>, s\u00e9lectionn\u00e9 par la Cin\u00e9fondation \u00e0 Cannes, et <em><strong>Cavale<\/strong><\/em> de Virginie Gourmel, un projet \u00e9crit par Micha Wald (<em>Voleurs de Chevaux, Simon Konianski<\/em>), qui se tournera du 3 juillet au 11 ao\u00fbt prochains. Enfin, Artemis pr\u00e9pare le prochain long m\u00e9trage de Bernard Bellefroid. Apr\u00e8s le bouleversant <em>Melody<\/em>, qui a largement contribu\u00e9 \u00e0 r\u00e9v\u00e9ler le talent de Lucie Debay, le r\u00e9alisateur pr\u00e9pare actuellement <em><strong>La Somme de nos Voix<\/strong><\/em>, qui suit les violents doutes qui assaille un jur\u00e9 d&rsquo;assise qui vient de condamner une jeune femme pour assassinat. On retrouve au g\u00e9n\u00e9rique\u00a0de cet ambitieux projet un casting de haute\u00a0vol\u00e9e r\u00e9unissant Gr\u00e9gory Gadebois, Samir Guesmi, Dani\u00e8le Lebrun et David Murgia.<\/p>\n<p>&nbsp;<\/p>\n<p><img loading=\"lazy\" decoding=\"async\" class=\"alignnone size-full wp-image-98867\" src=\"http:\/\/www.cinevox.be\/wp-content\/uploads\/sites\/2\/2017\/04\/DamiensBellefroid.jpg\" alt=\"\" width=\"608\" height=\"300\" \/><\/p>\n<p>&nbsp;<\/p>\n<p>De nombreux autres projets sont dans le pipeline, et on devrait voir pas mal de claps de d\u00e9but (et de fin) se succ\u00e9der dans les mois qui viennent. Fabrice du Welz nous confiait r\u00e9cemment dans un <a href=\"http:\/\/www.cinevox.be\/rencontre-fabrice-welz\">entretien<\/a> esp\u00e9rer pouvoir tourner son nouveau film, <strong><em>Adoration<\/em><\/strong>, cet \u00e9t\u00e9 dans les Ardennes. Guillaume Senez quant \u00e0 lui devrait tourner \u00e0 l&rsquo;automne \u00e9galement <strong><em>Nos Batailles<\/em><\/strong>, l&rsquo;histoire d&rsquo;un homme engag\u00e9 apprenant \u00e0 devenir p\u00e8re, incarn\u00e9 par Romain Duris.<\/p>\n<p>&nbsp;<\/p>\n<p>On annonce \u00e9galement pour le septembre le premier tour de\u00a0manivelle pour <em><strong>Jumbo<\/strong><\/em> de Zo\u00e9 Wittock (r\u00e9alisatrice dont on vous a\u00a0parl\u00e9 r\u00e9cemment dans notre article sur le <a href=\"http:\/\/www.cinevox.be\/boost-camp-cest-parti-1ere-session-de-travail\">Boost Camp<\/a>), une histoire de femmes, de m\u00e8re et de fille, dans parc d&rsquo;attractions, avec Emmanuelle Bercot, la r\u00e9alisatrice (<em>La Fille de Brest, La T\u00eate Haute<\/em>), mais\u00a0\u00e9galement com\u00e9dienne (<em>Mon Roi<\/em> notamment) et No\u00e9mie Merlant (<em>Le Ciel attendra, Plonger<\/em>). Autre premier film attendu, <strong><em>Pour vivre heureux<\/em><\/strong> de Dimitri Linder &amp; Salima Glamine, produit par Tarantula, drame social avec une autre actrice aper\u00e7ue dans <em>Le Ciel attendra<\/em>, la jeune Sofia Lesaffre (vue \u00e9galement dans <em>Seuls<\/em>), qui incarnera Sarah, une jeune fille de 17 ans d&rsquo;origine alg\u00e9rienne, qui vit dans le plus grand secret, son premier amour.<\/p>\n<p>&nbsp;<\/p>\n<p><img loading=\"lazy\" decoding=\"async\" class=\"alignnone size-large wp-image-98868\" src=\"http:\/\/www.cinevox.be\/wp-content\/uploads\/sites\/2\/2017\/04\/Capture-d\u2019e\u0301cran-2017-04-24-a\u0300-15.34.40-800x425.png\" alt=\"\" width=\"640\" height=\"340\" \/><\/p>\n<p>&nbsp;<\/p>\n<p>C\u00f4t\u00e9 flamand, on ne ch\u00f4me pas non plus! On attend notamment les nouveaux films de Koen Mortier (<strong><em>Engel<\/em><\/strong>) et Stijn Coninx (<em><strong>Niet Schienen<\/strong><\/em>) dont on vous parlait <a href=\"http:\/\/www.cinevox.be\/casting-luxueux-screen-brussels-jeremie-renier-veerle-baetens-anne-coesens-bouli-lanners-marie-gillain\">ici<\/a>, mais aussi le nouveau film de l&rsquo;explosif duo de <em>Black<\/em> Adil El Arbi et Bilall Fallah, <strong><em>Patser<\/em><\/strong>, dont le tournage devrait d\u00e9buter en mai \u00e0 Anvers.<\/p>\n<p>&nbsp;<\/p>\n<p>Si l&rsquo;on ajoute \u00e0 ces tournages annonc\u00e9s (et c&rsquo;est sans compter sur ceux qui nous ont \u00e9chapp\u00e9) les films termin\u00e9s ou en post-production (<em>Insyriated, Tueurs, Laissez bronzer les cadavres, Carnivores, Dr\u00f4le de p\u00e8re, La Part Sauvage, Une part d&rsquo;ombre, Bitter Flowers, Bigfoot Junior<\/em>) qui devraient d\u00e9barquer fin 2017\/ d\u00e9but 2018, autant dire que l&rsquo;on n&rsquo;a pas fini d&rsquo;aller au cin\u00e9ma.<\/p>\n","protected":false},"excerpt":{"rendered":"<p>Le premier trimestre 2017 aura \u00e9t\u00e9 riche en sorties belges, entre Faut pas lui dire, Dode Hoek, Noces, Chez Nous, Insoumise, Paris Pieds Nus, La Fontaine fait son cin\u00e9ma, Enfants du Hasard, on a eu l&#8217;embarras du choix dans les salles. Fin avril d\u00e9but mai, il faudra encore compter sur Je suis rest\u00e9 dans les &hellip;<\/p>\n","protected":false},"author":343,"featured_media":198870,"comment_status":"closed","ping_status":"closed","sticky":false,"template":"","format":"standard","meta":{"ngg_post_thumbnail":0,"footnotes":""},"categories":[1923,7],"tags":[],"class_list":["post-198860","post","type-post","status-publish","format-standard","has-post-thumbnail","","category-en-bref","category-actualites"],"yoast_head":"<!-- This site is optimized with the Yoast SEO plugin v20.4 - https:\/\/yoast.com\/wordpress\/plugins\/seo\/ -->\n<title>Avalanche de tournages en perspective! - We Love Cinema<\/title>\n<meta name=\"robots\" content=\"index, follow, max-snippet:-1, max-image-preview:large, max-video-preview:-1\" \/>\n<link rel=\"canonical\" href=\"https:\/\/welovecinema.be\/fr\/avalanche-de-tournages-perspective\/\" \/>\n<meta property=\"og:locale\" content=\"fr_FR\" \/>\n<meta property=\"og:type\" content=\"article\" \/>\n<meta property=\"og:title\" content=\"Avalanche de tournages en perspective! - We Love Cinema\" \/>\n<meta property=\"og:description\" content=\"Le premier trimestre 2017 aura \u00e9t\u00e9 riche en sorties belges, entre Faut pas lui dire, Dode Hoek, Noces, Chez Nous, Insoumise, Paris Pieds Nus, La Fontaine fait son cin\u00e9ma, Enfants du Hasard, on a eu l&#8217;embarras du choix dans les salles. Fin avril d\u00e9but mai, il faudra encore compter sur Je suis rest\u00e9 dans les &hellip;\" \/>\n<meta property=\"og:url\" content=\"https:\/\/welovecinema.be\/fr\/avalanche-de-tournages-perspective\/\" \/>\n<meta property=\"og:site_name\" content=\"We Love Cinema\" \/>\n<meta property=\"article:publisher\" content=\"https:\/\/www.facebook.com\/welovecinema.be\" \/>\n<meta property=\"article:published_time\" content=\"2017-04-25T07:12:20+00:00\" \/>\n<meta property=\"article:modified_time\" content=\"2017-04-27T09:07:32+00:00\" \/>\n<meta property=\"og:image\" content=\"https:\/\/welovecinema.be\/wp-content\/uploads\/sites\/2\/2017\/04\/OMD2.jpg\" \/>\n\t<meta property=\"og:image:width\" content=\"1600\" \/>\n\t<meta property=\"og:image:height\" content=\"1200\" \/>\n\t<meta property=\"og:image:type\" content=\"image\/jpeg\" \/>\n<meta name=\"author\" content=\"Aurore Engelen\" \/>\n<meta name=\"twitter:card\" content=\"summary_large_image\" \/>\n<meta name=\"twitter:label1\" content=\"\u00c9crit par\" \/>\n\t<meta name=\"twitter:data1\" content=\"Aurore Engelen\" \/>\n\t<meta name=\"twitter:label2\" content=\"Dur\u00e9e de lecture estim\u00e9e\" \/>\n\t<meta name=\"twitter:data2\" content=\"6 minutes\" \/>\n<script type=\"application\/ld+json\" class=\"yoast-schema-graph\">{\"@context\":\"https:\/\/schema.org\",\"@graph\":[{\"@type\":\"Article\",\"@id\":\"https:\/\/welovecinema.be\/fr\/avalanche-de-tournages-perspective\/#article\",\"isPartOf\":{\"@id\":\"https:\/\/welovecinema.be\/fr\/avalanche-de-tournages-perspective\/\"},\"author\":{\"name\":\"Aurore Engelen\",\"@id\":\"https:\/\/welovecinema.be\/nl\/#\/schema\/person\/8084b68c6b176142d073695c654dc7cf\"},\"headline\":\"Avalanche de tournages en perspective!\",\"datePublished\":\"2017-04-25T07:12:20+00:00\",\"dateModified\":\"2017-04-27T09:07:32+00:00\",\"mainEntityOfPage\":{\"@id\":\"https:\/\/welovecinema.be\/fr\/avalanche-de-tournages-perspective\/\"},\"wordCount\":1151,\"publisher\":{\"@id\":\"https:\/\/welovecinema.be\/nl\/#organization\"},\"articleSection\":[\"En bref\",\"News\"],\"inLanguage\":\"fr-FR\"},{\"@type\":\"WebPage\",\"@id\":\"https:\/\/welovecinema.be\/fr\/avalanche-de-tournages-perspective\/\",\"url\":\"https:\/\/welovecinema.be\/fr\/avalanche-de-tournages-perspective\/\",\"name\":\"Avalanche de tournages en perspective! - We Love Cinema\",\"isPartOf\":{\"@id\":\"https:\/\/welovecinema.be\/nl\/#website\"},\"datePublished\":\"2017-04-25T07:12:20+00:00\",\"dateModified\":\"2017-04-27T09:07:32+00:00\",\"breadcrumb\":{\"@id\":\"https:\/\/welovecinema.be\/fr\/avalanche-de-tournages-perspective\/#breadcrumb\"},\"inLanguage\":\"fr-FR\",\"potentialAction\":[{\"@type\":\"ReadAction\",\"target\":[\"https:\/\/welovecinema.be\/fr\/avalanche-de-tournages-perspective\/\"]}]},{\"@type\":\"BreadcrumbList\",\"@id\":\"https:\/\/welovecinema.be\/fr\/avalanche-de-tournages-perspective\/#breadcrumb\",\"itemListElement\":[{\"@type\":\"ListItem\",\"position\":1,\"name\":\"Accueil\",\"item\":\"https:\/\/welovecinema.be\/fr\/\"},{\"@type\":\"ListItem\",\"position\":2,\"name\":\"Avalanche de tournages en perspective!\"}]},{\"@type\":\"WebSite\",\"@id\":\"https:\/\/welovecinema.be\/nl\/#website\",\"url\":\"https:\/\/welovecinema.be\/nl\/\",\"name\":\"We Love Cinema\",\"description\":\"Toute l\u2019information du cin\u00e9ma en Belgique\",\"publisher\":{\"@id\":\"https:\/\/welovecinema.be\/nl\/#organization\"},\"potentialAction\":[{\"@type\":\"SearchAction\",\"target\":{\"@type\":\"EntryPoint\",\"urlTemplate\":\"https:\/\/welovecinema.be\/nl\/?s={search_term_string}\"},\"query-input\":\"required name=search_term_string\"}],\"inLanguage\":\"fr-FR\"},{\"@type\":\"Organization\",\"@id\":\"https:\/\/welovecinema.be\/nl\/#organization\",\"name\":\"We Love Cinema\",\"url\":\"https:\/\/welovecinema.be\/nl\/\",\"logo\":{\"@type\":\"ImageObject\",\"inLanguage\":\"fr-FR\",\"@id\":\"https:\/\/welovecinema.be\/nl\/#\/schema\/logo\/image\/\",\"url\":\"https:\/\/welovecinema.be\/wp-content\/uploads\/sites\/2\/2023\/03\/Logo-We-Love-Cinema305x128.jpg\",\"contentUrl\":\"https:\/\/welovecinema.be\/wp-content\/uploads\/sites\/2\/2023\/03\/Logo-We-Love-Cinema305x128.jpg\",\"width\":305,\"height\":128,\"caption\":\"We Love Cinema\"},\"image\":{\"@id\":\"https:\/\/welovecinema.be\/nl\/#\/schema\/logo\/image\/\"},\"sameAs\":[\"https:\/\/www.facebook.com\/welovecinema.be\",\"https:\/\/www.youtube.com\/channel\/UCX5LYGVhnKvYauW4Nta4HJA\",\"https:\/\/www.instagram.com\/welovecinema.be\/\"]},{\"@type\":\"Person\",\"@id\":\"https:\/\/welovecinema.be\/nl\/#\/schema\/person\/8084b68c6b176142d073695c654dc7cf\",\"name\":\"Aurore Engelen\",\"url\":\"https:\/\/welovecinema.be\/fr\/author\/aurore-engelen\/\"}]}<\/script>\n<!-- \/ Yoast SEO plugin. -->","yoast_head_json":{"title":"Avalanche de tournages en perspective! - We Love Cinema","robots":{"index":"index","follow":"follow","max-snippet":"max-snippet:-1","max-image-preview":"max-image-preview:large","max-video-preview":"max-video-preview:-1"},"canonical":"https:\/\/welovecinema.be\/fr\/avalanche-de-tournages-perspective\/","og_locale":"fr_FR","og_type":"article","og_title":"Avalanche de tournages en perspective! - We Love Cinema","og_description":"Le premier trimestre 2017 aura \u00e9t\u00e9 riche en sorties belges, entre Faut pas lui dire, Dode Hoek, Noces, Chez Nous, Insoumise, Paris Pieds Nus, La Fontaine fait son cin\u00e9ma, Enfants du Hasard, on a eu l&#8217;embarras du choix dans les salles. Fin avril d\u00e9but mai, il faudra encore compter sur Je suis rest\u00e9 dans les &hellip;","og_url":"https:\/\/welovecinema.be\/fr\/avalanche-de-tournages-perspective\/","og_site_name":"We Love Cinema","article_publisher":"https:\/\/www.facebook.com\/welovecinema.be","article_published_time":"2017-04-25T07:12:20+00:00","article_modified_time":"2017-04-27T09:07:32+00:00","og_image":[{"width":1600,"height":1200,"url":"https:\/\/welovecinema.be\/wp-content\/uploads\/sites\/2\/2017\/04\/OMD2.jpg","type":"image\/jpeg"}],"author":"Aurore Engelen","twitter_card":"summary_large_image","twitter_misc":{"\u00c9crit par":"Aurore Engelen","Dur\u00e9e de lecture estim\u00e9e":"6 minutes"},"schema":{"@context":"https:\/\/schema.org","@graph":[{"@type":"Article","@id":"https:\/\/welovecinema.be\/fr\/avalanche-de-tournages-perspective\/#article","isPartOf":{"@id":"https:\/\/welovecinema.be\/fr\/avalanche-de-tournages-perspective\/"},"author":{"name":"Aurore Engelen","@id":"https:\/\/welovecinema.be\/nl\/#\/schema\/person\/8084b68c6b176142d073695c654dc7cf"},"headline":"Avalanche de tournages en perspective!","datePublished":"2017-04-25T07:12:20+00:00","dateModified":"2017-04-27T09:07:32+00:00","mainEntityOfPage":{"@id":"https:\/\/welovecinema.be\/fr\/avalanche-de-tournages-perspective\/"},"wordCount":1151,"publisher":{"@id":"https:\/\/welovecinema.be\/nl\/#organization"},"articleSection":["En bref","News"],"inLanguage":"fr-FR"},{"@type":"WebPage","@id":"https:\/\/welovecinema.be\/fr\/avalanche-de-tournages-perspective\/","url":"https:\/\/welovecinema.be\/fr\/avalanche-de-tournages-perspective\/","name":"Avalanche de tournages en perspective! - We Love Cinema","isPartOf":{"@id":"https:\/\/welovecinema.be\/nl\/#website"},"datePublished":"2017-04-25T07:12:20+00:00","dateModified":"2017-04-27T09:07:32+00:00","breadcrumb":{"@id":"https:\/\/welovecinema.be\/fr\/avalanche-de-tournages-perspective\/#breadcrumb"},"inLanguage":"fr-FR","potentialAction":[{"@type":"ReadAction","target":["https:\/\/welovecinema.be\/fr\/avalanche-de-tournages-perspective\/"]}]},{"@type":"BreadcrumbList","@id":"https:\/\/welovecinema.be\/fr\/avalanche-de-tournages-perspective\/#breadcrumb","itemListElement":[{"@type":"ListItem","position":1,"name":"Accueil","item":"https:\/\/welovecinema.be\/fr\/"},{"@type":"ListItem","position":2,"name":"Avalanche de tournages en perspective!"}]},{"@type":"WebSite","@id":"https:\/\/welovecinema.be\/nl\/#website","url":"https:\/\/welovecinema.be\/nl\/","name":"We Love Cinema","description":"Toute l\u2019information du cin\u00e9ma en Belgique","publisher":{"@id":"https:\/\/welovecinema.be\/nl\/#organization"},"potentialAction":[{"@type":"SearchAction","target":{"@type":"EntryPoint","urlTemplate":"https:\/\/welovecinema.be\/nl\/?s={search_term_string}"},"query-input":"required name=search_term_string"}],"inLanguage":"fr-FR"},{"@type":"Organization","@id":"https:\/\/welovecinema.be\/nl\/#organization","name":"We Love Cinema","url":"https:\/\/welovecinema.be\/nl\/","logo":{"@type":"ImageObject","inLanguage":"fr-FR","@id":"https:\/\/welovecinema.be\/nl\/#\/schema\/logo\/image\/","url":"https:\/\/welovecinema.be\/wp-content\/uploads\/sites\/2\/2023\/03\/Logo-We-Love-Cinema305x128.jpg","contentUrl":"https:\/\/welovecinema.be\/wp-content\/uploads\/sites\/2\/2023\/03\/Logo-We-Love-Cinema305x128.jpg","width":305,"height":128,"caption":"We Love Cinema"},"image":{"@id":"https:\/\/welovecinema.be\/nl\/#\/schema\/logo\/image\/"},"sameAs":["https:\/\/www.facebook.com\/welovecinema.be","https:\/\/www.youtube.com\/channel\/UCX5LYGVhnKvYauW4Nta4HJA","https:\/\/www.instagram.com\/welovecinema.be\/"]},{"@type":"Person","@id":"https:\/\/welovecinema.be\/nl\/#\/schema\/person\/8084b68c6b176142d073695c654dc7cf","name":"Aurore Engelen","url":"https:\/\/welovecinema.be\/fr\/author\/aurore-engelen\/"}]}},"_links":{"self":[{"href":"https:\/\/welovecinema.be\/fr\/wp-json\/wp\/v2\/posts\/198860","targetHints":{"allow":["GET"]}}],"collection":[{"href":"https:\/\/welovecinema.be\/fr\/wp-json\/wp\/v2\/posts"}],"about":[{"href":"https:\/\/welovecinema.be\/fr\/wp-json\/wp\/v2\/types\/post"}],"author":[{"embeddable":true,"href":"https:\/\/welovecinema.be\/fr\/wp-json\/wp\/v2\/users\/343"}],"replies":[{"embeddable":true,"href":"https:\/\/welovecinema.be\/fr\/wp-json\/wp\/v2\/comments?post=198860"}],"version-history":[{"count":0,"href":"https:\/\/welovecinema.be\/fr\/wp-json\/wp\/v2\/posts\/198860\/revisions"}],"wp:featuredmedia":[{"embeddable":true,"href":"https:\/\/welovecinema.be\/fr\/wp-json\/wp\/v2\/media\/198870"}],"wp:attachment":[{"href":"https:\/\/welovecinema.be\/fr\/wp-json\/wp\/v2\/media?parent=198860"}],"wp:term":[{"taxonomy":"category","embeddable":true,"href":"https:\/\/welovecinema.be\/fr\/wp-json\/wp\/v2\/categories?post=198860"},{"taxonomy":"post_tag","embeddable":true,"href":"https:\/\/welovecinema.be\/fr\/wp-json\/wp\/v2\/tags?post=198860"}],"curies":[{"name":"wp","href":"https:\/\/api.w.org\/{rel}","templated":true}]}}