{"id":198564,"date":"2017-04-10T16:53:23","date_gmt":"2017-04-10T14:53:23","guid":{"rendered":"http:\/\/www.cinevox.be\/?p=98564"},"modified":"2017-04-10T16:55:28","modified_gmt":"2017-04-10T14:55:28","slug":"casting-enfants-nos-batailles-de-guillaume-senez","status":"publish","type":"post","link":"https:\/\/welovecinema.be\/fr\/casting-enfants-nos-batailles-de-guillaume-senez\/","title":{"rendered":"Casting enfants: \u00ab\u00a0Nos Batailles\u00a0\u00bb de Guillaume Senez"},"content":{"rendered":"<p>Pour le film <em>Nos Batailles<\/em> , r\u00e9alis\u00e9 par Guillaume Senez (<em>Keeper<\/em>), produit en Belgique par Iota production et pour la France par Les Films Pell\u00e9as, Mcasting\u00a0pour jouer les enfants de Romain Duris :<\/p>\n<p>&nbsp;<\/p>\n<p><!--more--><\/p>\n<p>&nbsp;<\/p>\n<p>&nbsp;<\/p>\n<p>&nbsp;<\/p>\n<p>&nbsp;<\/p>\n<p>&#8211; Une petite fille caucasienne entre 5 et 6 ans.<span class=\"text_exposed_show\"><br \/>\n&#8211; Un jeune gar\u00e7on caucasien entre 8 et 9 ans.<\/span><\/p>\n<div class=\"text_exposed_show\">\n<p>&nbsp;<\/p>\n<p>Le tournage se d\u00e9roulera en France et en Belgique en octobre et novembre 2017. Voici le synopsis du film:<\/p>\n<p><em>Alors qu&rsquo;Olivier, contrema\u00eetre de 37 ans, se d\u00e9m\u00e8ne comme il peut \u00e0 son travail pour faire respecter les droits de ses coll\u00e8gues, Laura, son \u00e9pouse et m\u00e8re de leurs deux enfants, dispara\u00eet du foyer. Elle le laisse seul face \u00e0 ses responsabilit\u00e9s. Olivier, d\u00e9sar\u00e7onn\u00e9, va devoir maintenant trouver un nouvel \u00e9quilibre entre son engagement professionnel et \u00e9lever ses enfants seul. Car Laura ne revient pas.<\/em><\/p>\n<p>&nbsp;<\/p>\n<p>Si vous \u00eates pr\u00eats \u00e0 tenter l\u2019aventure, merci d&rsquo;envoyer deux photos r\u00e9centes ainsi que la date de naissance, la hauteur de votre enfant et un num\u00e9ro de t\u00e9l\u00e9phone \u00e0 nosbatailles@mcasting.be<\/p>\n<p>&nbsp;<\/p>\n<p>Si votre profil correspond aux recherches du r\u00e9alisateur, Mcasting vous recontactera pour une \u00e9tape de casting ult\u00e9rieure.<\/p>\n<\/div>\n","protected":false},"excerpt":{"rendered":"<p>Pour le film Nos Batailles , r\u00e9alis\u00e9 par Guillaume Senez (Keeper), produit en Belgique par Iota production et pour la France par Les Films Pell\u00e9as, Mcasting\u00a0pour jouer les enfants de Romain Duris : &nbsp;<\/p>\n","protected":false},"author":343,"featured_media":198568,"comment_status":"closed","ping_status":"closed","sticky":false,"template":"","format":"standard","meta":{"ngg_post_thumbnail":0,"footnotes":""},"categories":[20],"tags":[],"class_list":["post-198564","post","type-post","status-publish","format-standard","has-post-thumbnail","","category-cinejobs"],"yoast_head":"<!-- This site is optimized with the Yoast SEO plugin v20.4 - https:\/\/yoast.com\/wordpress\/plugins\/seo\/ -->\n<title>Casting enfants: &quot;Nos Batailles&quot; de Guillaume Senez - We Love Cinema<\/title>\n<meta name=\"robots\" content=\"index, follow, max-snippet:-1, max-image-preview:large, max-video-preview:-1\" \/>\n<link rel=\"canonical\" href=\"https:\/\/welovecinema.be\/fr\/casting-enfants-nos-batailles-de-guillaume-senez\/\" \/>\n<meta property=\"og:locale\" content=\"fr_FR\" \/>\n<meta property=\"og:type\" content=\"article\" \/>\n<meta property=\"og:title\" content=\"Casting enfants: &quot;Nos Batailles&quot; de Guillaume Senez - We Love Cinema\" \/>\n<meta property=\"og:description\" content=\"Pour le film Nos Batailles , r\u00e9alis\u00e9 par Guillaume Senez (Keeper), produit en Belgique par Iota production et pour la France par Les Films Pell\u00e9as, Mcasting\u00a0pour jouer les enfants de Romain Duris : &nbsp;\" \/>\n<meta property=\"og:url\" content=\"https:\/\/welovecinema.be\/fr\/casting-enfants-nos-batailles-de-guillaume-senez\/\" \/>\n<meta property=\"og:site_name\" content=\"We Love Cinema\" \/>\n<meta property=\"article:publisher\" content=\"https:\/\/www.facebook.com\/welovecinema.be\" \/>\n<meta property=\"article:published_time\" content=\"2017-04-10T14:53:23+00:00\" \/>\n<meta property=\"article:modified_time\" content=\"2017-04-10T14:55:28+00:00\" \/>\n<meta property=\"og:image\" content=\"https:\/\/welovecinema.be\/wp-content\/uploads\/sites\/2\/2017\/04\/GuillaumeSenez.jpg\" \/>\n\t<meta property=\"og:image:width\" content=\"1000\" \/>\n\t<meta property=\"og:image:height\" content=\"834\" \/>\n\t<meta property=\"og:image:type\" content=\"image\/jpeg\" \/>\n<meta name=\"author\" content=\"Aurore Engelen\" \/>\n<meta name=\"twitter:card\" content=\"summary_large_image\" \/>\n<meta name=\"twitter:label1\" content=\"\u00c9crit par\" \/>\n\t<meta name=\"twitter:data1\" content=\"Aurore Engelen\" \/>\n\t<meta name=\"twitter:label2\" content=\"Dur\u00e9e de lecture estim\u00e9e\" \/>\n\t<meta name=\"twitter:data2\" content=\"1 minute\" \/>\n<script type=\"application\/ld+json\" class=\"yoast-schema-graph\">{\"@context\":\"https:\/\/schema.org\",\"@graph\":[{\"@type\":\"Article\",\"@id\":\"https:\/\/welovecinema.be\/fr\/casting-enfants-nos-batailles-de-guillaume-senez\/#article\",\"isPartOf\":{\"@id\":\"https:\/\/welovecinema.be\/fr\/casting-enfants-nos-batailles-de-guillaume-senez\/\"},\"author\":{\"name\":\"Aurore Engelen\",\"@id\":\"https:\/\/welovecinema.be\/nl\/#\/schema\/person\/8084b68c6b176142d073695c654dc7cf\"},\"headline\":\"Casting enfants: \u00ab\u00a0Nos Batailles\u00a0\u00bb de Guillaume Senez\",\"datePublished\":\"2017-04-10T14:53:23+00:00\",\"dateModified\":\"2017-04-10T14:55:28+00:00\",\"mainEntityOfPage\":{\"@id\":\"https:\/\/welovecinema.be\/fr\/casting-enfants-nos-batailles-de-guillaume-senez\/\"},\"wordCount\":213,\"publisher\":{\"@id\":\"https:\/\/welovecinema.be\/nl\/#organization\"},\"articleSection\":[\"Cinejobs\"],\"inLanguage\":\"fr-FR\"},{\"@type\":\"WebPage\",\"@id\":\"https:\/\/welovecinema.be\/fr\/casting-enfants-nos-batailles-de-guillaume-senez\/\",\"url\":\"https:\/\/welovecinema.be\/fr\/casting-enfants-nos-batailles-de-guillaume-senez\/\",\"name\":\"Casting enfants: \\\"Nos Batailles\\\" de Guillaume Senez - We Love Cinema\",\"isPartOf\":{\"@id\":\"https:\/\/welovecinema.be\/nl\/#website\"},\"datePublished\":\"2017-04-10T14:53:23+00:00\",\"dateModified\":\"2017-04-10T14:55:28+00:00\",\"breadcrumb\":{\"@id\":\"https:\/\/welovecinema.be\/fr\/casting-enfants-nos-batailles-de-guillaume-senez\/#breadcrumb\"},\"inLanguage\":\"fr-FR\",\"potentialAction\":[{\"@type\":\"ReadAction\",\"target\":[\"https:\/\/welovecinema.be\/fr\/casting-enfants-nos-batailles-de-guillaume-senez\/\"]}]},{\"@type\":\"BreadcrumbList\",\"@id\":\"https:\/\/welovecinema.be\/fr\/casting-enfants-nos-batailles-de-guillaume-senez\/#breadcrumb\",\"itemListElement\":[{\"@type\":\"ListItem\",\"position\":1,\"name\":\"Accueil\",\"item\":\"https:\/\/welovecinema.be\/fr\/\"},{\"@type\":\"ListItem\",\"position\":2,\"name\":\"Casting enfants: \u00ab\u00a0Nos Batailles\u00a0\u00bb de Guillaume Senez\"}]},{\"@type\":\"WebSite\",\"@id\":\"https:\/\/welovecinema.be\/nl\/#website\",\"url\":\"https:\/\/welovecinema.be\/nl\/\",\"name\":\"We Love Cinema\",\"description\":\"Toute l\u2019information du cin\u00e9ma en Belgique\",\"publisher\":{\"@id\":\"https:\/\/welovecinema.be\/nl\/#organization\"},\"potentialAction\":[{\"@type\":\"SearchAction\",\"target\":{\"@type\":\"EntryPoint\",\"urlTemplate\":\"https:\/\/welovecinema.be\/nl\/?s={search_term_string}\"},\"query-input\":\"required name=search_term_string\"}],\"inLanguage\":\"fr-FR\"},{\"@type\":\"Organization\",\"@id\":\"https:\/\/welovecinema.be\/nl\/#organization\",\"name\":\"We Love Cinema\",\"url\":\"https:\/\/welovecinema.be\/nl\/\",\"logo\":{\"@type\":\"ImageObject\",\"inLanguage\":\"fr-FR\",\"@id\":\"https:\/\/welovecinema.be\/nl\/#\/schema\/logo\/image\/\",\"url\":\"https:\/\/welovecinema.be\/wp-content\/uploads\/sites\/2\/2023\/03\/Logo-We-Love-Cinema305x128.jpg\",\"contentUrl\":\"https:\/\/welovecinema.be\/wp-content\/uploads\/sites\/2\/2023\/03\/Logo-We-Love-Cinema305x128.jpg\",\"width\":305,\"height\":128,\"caption\":\"We Love Cinema\"},\"image\":{\"@id\":\"https:\/\/welovecinema.be\/nl\/#\/schema\/logo\/image\/\"},\"sameAs\":[\"https:\/\/www.facebook.com\/welovecinema.be\",\"https:\/\/www.youtube.com\/channel\/UCX5LYGVhnKvYauW4Nta4HJA\",\"https:\/\/www.instagram.com\/welovecinema.be\/\"]},{\"@type\":\"Person\",\"@id\":\"https:\/\/welovecinema.be\/nl\/#\/schema\/person\/8084b68c6b176142d073695c654dc7cf\",\"name\":\"Aurore Engelen\",\"url\":\"https:\/\/welovecinema.be\/fr\/author\/aurore-engelen\/\"}]}<\/script>\n<!-- \/ Yoast SEO plugin. -->","yoast_head_json":{"title":"Casting enfants: \"Nos Batailles\" de Guillaume Senez - We Love Cinema","robots":{"index":"index","follow":"follow","max-snippet":"max-snippet:-1","max-image-preview":"max-image-preview:large","max-video-preview":"max-video-preview:-1"},"canonical":"https:\/\/welovecinema.be\/fr\/casting-enfants-nos-batailles-de-guillaume-senez\/","og_locale":"fr_FR","og_type":"article","og_title":"Casting enfants: \"Nos Batailles\" de Guillaume Senez - We Love Cinema","og_description":"Pour le film Nos Batailles , r\u00e9alis\u00e9 par Guillaume Senez (Keeper), produit en Belgique par Iota production et pour la France par Les Films Pell\u00e9as, Mcasting\u00a0pour jouer les enfants de Romain Duris : &nbsp;","og_url":"https:\/\/welovecinema.be\/fr\/casting-enfants-nos-batailles-de-guillaume-senez\/","og_site_name":"We Love Cinema","article_publisher":"https:\/\/www.facebook.com\/welovecinema.be","article_published_time":"2017-04-10T14:53:23+00:00","article_modified_time":"2017-04-10T14:55:28+00:00","og_image":[{"width":1000,"height":834,"url":"https:\/\/welovecinema.be\/wp-content\/uploads\/sites\/2\/2017\/04\/GuillaumeSenez.jpg","type":"image\/jpeg"}],"author":"Aurore Engelen","twitter_card":"summary_large_image","twitter_misc":{"\u00c9crit par":"Aurore Engelen","Dur\u00e9e de lecture estim\u00e9e":"1 minute"},"schema":{"@context":"https:\/\/schema.org","@graph":[{"@type":"Article","@id":"https:\/\/welovecinema.be\/fr\/casting-enfants-nos-batailles-de-guillaume-senez\/#article","isPartOf":{"@id":"https:\/\/welovecinema.be\/fr\/casting-enfants-nos-batailles-de-guillaume-senez\/"},"author":{"name":"Aurore Engelen","@id":"https:\/\/welovecinema.be\/nl\/#\/schema\/person\/8084b68c6b176142d073695c654dc7cf"},"headline":"Casting enfants: \u00ab\u00a0Nos Batailles\u00a0\u00bb de Guillaume Senez","datePublished":"2017-04-10T14:53:23+00:00","dateModified":"2017-04-10T14:55:28+00:00","mainEntityOfPage":{"@id":"https:\/\/welovecinema.be\/fr\/casting-enfants-nos-batailles-de-guillaume-senez\/"},"wordCount":213,"publisher":{"@id":"https:\/\/welovecinema.be\/nl\/#organization"},"articleSection":["Cinejobs"],"inLanguage":"fr-FR"},{"@type":"WebPage","@id":"https:\/\/welovecinema.be\/fr\/casting-enfants-nos-batailles-de-guillaume-senez\/","url":"https:\/\/welovecinema.be\/fr\/casting-enfants-nos-batailles-de-guillaume-senez\/","name":"Casting enfants: \"Nos Batailles\" de Guillaume Senez - We Love Cinema","isPartOf":{"@id":"https:\/\/welovecinema.be\/nl\/#website"},"datePublished":"2017-04-10T14:53:23+00:00","dateModified":"2017-04-10T14:55:28+00:00","breadcrumb":{"@id":"https:\/\/welovecinema.be\/fr\/casting-enfants-nos-batailles-de-guillaume-senez\/#breadcrumb"},"inLanguage":"fr-FR","potentialAction":[{"@type":"ReadAction","target":["https:\/\/welovecinema.be\/fr\/casting-enfants-nos-batailles-de-guillaume-senez\/"]}]},{"@type":"BreadcrumbList","@id":"https:\/\/welovecinema.be\/fr\/casting-enfants-nos-batailles-de-guillaume-senez\/#breadcrumb","itemListElement":[{"@type":"ListItem","position":1,"name":"Accueil","item":"https:\/\/welovecinema.be\/fr\/"},{"@type":"ListItem","position":2,"name":"Casting enfants: \u00ab\u00a0Nos Batailles\u00a0\u00bb de Guillaume Senez"}]},{"@type":"WebSite","@id":"https:\/\/welovecinema.be\/nl\/#website","url":"https:\/\/welovecinema.be\/nl\/","name":"We Love Cinema","description":"Toute l\u2019information du cin\u00e9ma en Belgique","publisher":{"@id":"https:\/\/welovecinema.be\/nl\/#organization"},"potentialAction":[{"@type":"SearchAction","target":{"@type":"EntryPoint","urlTemplate":"https:\/\/welovecinema.be\/nl\/?s={search_term_string}"},"query-input":"required name=search_term_string"}],"inLanguage":"fr-FR"},{"@type":"Organization","@id":"https:\/\/welovecinema.be\/nl\/#organization","name":"We Love Cinema","url":"https:\/\/welovecinema.be\/nl\/","logo":{"@type":"ImageObject","inLanguage":"fr-FR","@id":"https:\/\/welovecinema.be\/nl\/#\/schema\/logo\/image\/","url":"https:\/\/welovecinema.be\/wp-content\/uploads\/sites\/2\/2023\/03\/Logo-We-Love-Cinema305x128.jpg","contentUrl":"https:\/\/welovecinema.be\/wp-content\/uploads\/sites\/2\/2023\/03\/Logo-We-Love-Cinema305x128.jpg","width":305,"height":128,"caption":"We Love Cinema"},"image":{"@id":"https:\/\/welovecinema.be\/nl\/#\/schema\/logo\/image\/"},"sameAs":["https:\/\/www.facebook.com\/welovecinema.be","https:\/\/www.youtube.com\/channel\/UCX5LYGVhnKvYauW4Nta4HJA","https:\/\/www.instagram.com\/welovecinema.be\/"]},{"@type":"Person","@id":"https:\/\/welovecinema.be\/nl\/#\/schema\/person\/8084b68c6b176142d073695c654dc7cf","name":"Aurore Engelen","url":"https:\/\/welovecinema.be\/fr\/author\/aurore-engelen\/"}]}},"_links":{"self":[{"href":"https:\/\/welovecinema.be\/fr\/wp-json\/wp\/v2\/posts\/198564","targetHints":{"allow":["GET"]}}],"collection":[{"href":"https:\/\/welovecinema.be\/fr\/wp-json\/wp\/v2\/posts"}],"about":[{"href":"https:\/\/welovecinema.be\/fr\/wp-json\/wp\/v2\/types\/post"}],"author":[{"embeddable":true,"href":"https:\/\/welovecinema.be\/fr\/wp-json\/wp\/v2\/users\/343"}],"replies":[{"embeddable":true,"href":"https:\/\/welovecinema.be\/fr\/wp-json\/wp\/v2\/comments?post=198564"}],"version-history":[{"count":0,"href":"https:\/\/welovecinema.be\/fr\/wp-json\/wp\/v2\/posts\/198564\/revisions"}],"wp:featuredmedia":[{"embeddable":true,"href":"https:\/\/welovecinema.be\/fr\/wp-json\/wp\/v2\/media\/198568"}],"wp:attachment":[{"href":"https:\/\/welovecinema.be\/fr\/wp-json\/wp\/v2\/media?parent=198564"}],"wp:term":[{"taxonomy":"category","embeddable":true,"href":"https:\/\/welovecinema.be\/fr\/wp-json\/wp\/v2\/categories?post=198564"},{"taxonomy":"post_tag","embeddable":true,"href":"https:\/\/welovecinema.be\/fr\/wp-json\/wp\/v2\/tags?post=198564"}],"curies":[{"name":"wp","href":"https:\/\/api.w.org\/{rel}","templated":true}]}}