{"id":198534,"date":"2017-04-08T10:04:16","date_gmt":"2017-04-08T08:04:16","guid":{"rendered":"http:\/\/www.cinevox.be\/?p=98534"},"modified":"2017-04-08T10:04:16","modified_gmt":"2017-04-08T08:04:16","slug":"yolande-moreau-de-retour-devant-camera-de-kervern-delepine","status":"publish","type":"post","link":"https:\/\/welovecinema.be\/fr\/yolande-moreau-de-retour-devant-camera-de-kervern-delepine\/","title":{"rendered":"Yolande Moreau de retour devant la cam\u00e9ra de Kervern et Del\u00e9pine"},"content":{"rendered":"<p>La com\u00e9dienne belge Yolande Moreau devrait retrouver cet \u00e9t\u00e9 ces d\u00e9lirants complices\u00a0Gustave Kervern et Beno\u00eet Del\u00e9pine, qui lui ont concoct\u00e9 un r\u00f4le aux petits oignons dans <em>I Feel Good<\/em>, o\u00f9 elle aura pour fr\u00e8re un certain Jean Dujardin.<\/p>\n<p><!--more--><\/p>\n<p>&nbsp;<\/p>\n<p>&nbsp;<\/p>\n<p>&nbsp;<\/p>\n<p>&nbsp;<\/p>\n<p>&nbsp;<\/p>\n<p>Pouss\u00e9 hors du foyer par ses vieux parents, Jacques (incarn\u00e9 par Jean Dujardin, donc), un quarantenaire ambitieux, d\u00e9cide de devenir riche et c\u00e9l\u00e8bre en exploitant le filon de la chirurgie esth\u00e9tique low cost. Pour mettre au point son projet d\u2019entreprise, il se r\u00e9fugie chez sa s\u0153ur (Yolande Moreau), directrice d\u2019un village Emma\u00fcs. A force de leur faire miroiter un avenir meilleur, il finira par emmener tout un groupe de compagnons dans une clinique en Roumanie, pour tous revenir plus beaux.<\/p>\n<p>&nbsp;<\/p>\n<p>Sans surprise, les r\u00e9alisateurs semblent partis pour continuer \u00e0 creuser la veine de la com\u00e9die satirique sociale. Le tournage est annonc\u00e9 pour cet \u00e9t\u00e9 dans la r\u00e9gion de Pau, o\u00f9 l&rsquo;\u00e9quipe \u00e9tait r\u00e9cemment en rep\u00e9rages. La com\u00e9dienne a d\u00e9j\u00e0 tourn\u00e9 plusieurs fois pour le fantasque duo. On se souvient bien s\u00fbr de <em>Louise Michel <\/em>(2008), o\u00f9 elle incarnait une ouvri\u00e8re r\u00e9volt\u00e9e qui d\u00e9cidait d&rsquo;engager un tueur \u00e0 gages pour \u00e9liminer son patron voyou. On l&rsquo;a vue \u00e9galement dans\u00a0<em>Mammuth<\/em>, aux c\u00f4t\u00e9s de\u00a0G\u00e9rard Depardieu, mais\u00a0on l&rsquo;a aussi aper\u00e7ue dans <em>Le Grand Soir<\/em>, et entendue dans <em>Saint Amour.\u00a0<\/em><\/p>\n<p>&nbsp;<\/p>\n<figure id=\"attachment_98535\" aria-describedby=\"caption-attachment-98535\" style=\"width: 624px\" class=\"wp-caption alignnone\"><img loading=\"lazy\" decoding=\"async\" class=\"size-full wp-image-98535\" src=\"http:\/\/www.cinevox.be\/wp-content\/uploads\/sites\/2\/2017\/04\/LouiseMichel.jpg\" alt=\"\" width=\"624\" height=\"350\" \/><figcaption id=\"caption-attachment-98535\" class=\"wp-caption-text\">\u00ab\u00a0Louise Michel\u00a0\u00bb<\/figcaption><\/figure>\n<p>&nbsp;<\/p>\n<p>On retrouvera bient\u00f4t Yolande Moreau \u00e0 l&rsquo;affiche de <em>De toutes mes forces, <\/em>un premier film de Chad Chenouga, puis dans <em>Crash Test Aglae<\/em> d&rsquo;Eric\u00a0Gravel, aux c\u00f4t\u00e9s de Julie Depardieu.<\/p>\n","protected":false},"excerpt":{"rendered":"<p>La com\u00e9dienne belge Yolande Moreau devrait retrouver cet \u00e9t\u00e9 ces d\u00e9lirants complices\u00a0Gustave Kervern et Beno\u00eet Del\u00e9pine, qui lui ont concoct\u00e9 un r\u00f4le aux petits oignons dans I Feel Good, o\u00f9 elle aura pour fr\u00e8re un certain Jean Dujardin.<\/p>\n","protected":false},"author":343,"featured_media":198537,"comment_status":"closed","ping_status":"closed","sticky":false,"template":"","format":"standard","meta":{"ngg_post_thumbnail":0,"footnotes":""},"categories":[53,7],"tags":[],"class_list":["post-198534","post","type-post","status-publish","format-standard","has-post-thumbnail","","category-coming-soon","category-actualites"],"yoast_head":"<!-- This site is optimized with the Yoast SEO plugin v20.4 - https:\/\/yoast.com\/wordpress\/plugins\/seo\/ -->\n<title>Yolande Moreau de retour devant la cam\u00e9ra de Kervern et Del\u00e9pine - We Love Cinema<\/title>\n<meta name=\"robots\" content=\"index, follow, max-snippet:-1, max-image-preview:large, max-video-preview:-1\" \/>\n<link rel=\"canonical\" href=\"https:\/\/welovecinema.be\/fr\/yolande-moreau-de-retour-devant-camera-de-kervern-delepine\/\" \/>\n<meta property=\"og:locale\" content=\"fr_FR\" \/>\n<meta property=\"og:type\" content=\"article\" \/>\n<meta property=\"og:title\" content=\"Yolande Moreau de retour devant la cam\u00e9ra de Kervern et Del\u00e9pine - We Love Cinema\" \/>\n<meta property=\"og:description\" content=\"La com\u00e9dienne belge Yolande Moreau devrait retrouver cet \u00e9t\u00e9 ces d\u00e9lirants complices\u00a0Gustave Kervern et Beno\u00eet Del\u00e9pine, qui lui ont concoct\u00e9 un r\u00f4le aux petits oignons dans I Feel Good, o\u00f9 elle aura pour fr\u00e8re un certain Jean Dujardin.\" \/>\n<meta property=\"og:url\" content=\"https:\/\/welovecinema.be\/fr\/yolande-moreau-de-retour-devant-camera-de-kervern-delepine\/\" \/>\n<meta property=\"og:site_name\" content=\"We Love Cinema\" \/>\n<meta property=\"article:publisher\" content=\"https:\/\/www.facebook.com\/welovecinema.be\" \/>\n<meta property=\"article:published_time\" content=\"2017-04-08T08:04:16+00:00\" \/>\n<meta property=\"og:image\" content=\"https:\/\/welovecinema.be\/wp-content\/uploads\/sites\/2\/2017\/04\/YolandeMoreau.jpg\" \/>\n\t<meta property=\"og:image:width\" content=\"600\" \/>\n\t<meta property=\"og:image:height\" content=\"384\" \/>\n\t<meta property=\"og:image:type\" content=\"image\/jpeg\" \/>\n<meta name=\"author\" content=\"Aurore Engelen\" \/>\n<meta name=\"twitter:card\" content=\"summary_large_image\" \/>\n<meta name=\"twitter:label1\" content=\"\u00c9crit par\" \/>\n\t<meta name=\"twitter:data1\" content=\"Aurore Engelen\" \/>\n\t<meta name=\"twitter:label2\" content=\"Dur\u00e9e de lecture estim\u00e9e\" \/>\n\t<meta name=\"twitter:data2\" content=\"1 minute\" \/>\n<script type=\"application\/ld+json\" class=\"yoast-schema-graph\">{\"@context\":\"https:\/\/schema.org\",\"@graph\":[{\"@type\":\"Article\",\"@id\":\"https:\/\/welovecinema.be\/fr\/yolande-moreau-de-retour-devant-camera-de-kervern-delepine\/#article\",\"isPartOf\":{\"@id\":\"https:\/\/welovecinema.be\/fr\/yolande-moreau-de-retour-devant-camera-de-kervern-delepine\/\"},\"author\":{\"name\":\"Aurore Engelen\",\"@id\":\"https:\/\/welovecinema.be\/nl\/#\/schema\/person\/8084b68c6b176142d073695c654dc7cf\"},\"headline\":\"Yolande Moreau de retour devant la cam\u00e9ra de Kervern et Del\u00e9pine\",\"datePublished\":\"2017-04-08T08:04:16+00:00\",\"dateModified\":\"2017-04-08T08:04:16+00:00\",\"mainEntityOfPage\":{\"@id\":\"https:\/\/welovecinema.be\/fr\/yolande-moreau-de-retour-devant-camera-de-kervern-delepine\/\"},\"wordCount\":313,\"publisher\":{\"@id\":\"https:\/\/welovecinema.be\/nl\/#organization\"},\"articleSection\":[\"Coming soon\",\"News\"],\"inLanguage\":\"fr-FR\"},{\"@type\":\"WebPage\",\"@id\":\"https:\/\/welovecinema.be\/fr\/yolande-moreau-de-retour-devant-camera-de-kervern-delepine\/\",\"url\":\"https:\/\/welovecinema.be\/fr\/yolande-moreau-de-retour-devant-camera-de-kervern-delepine\/\",\"name\":\"Yolande Moreau de retour devant la cam\u00e9ra de Kervern et Del\u00e9pine - We Love Cinema\",\"isPartOf\":{\"@id\":\"https:\/\/welovecinema.be\/nl\/#website\"},\"datePublished\":\"2017-04-08T08:04:16+00:00\",\"dateModified\":\"2017-04-08T08:04:16+00:00\",\"breadcrumb\":{\"@id\":\"https:\/\/welovecinema.be\/fr\/yolande-moreau-de-retour-devant-camera-de-kervern-delepine\/#breadcrumb\"},\"inLanguage\":\"fr-FR\",\"potentialAction\":[{\"@type\":\"ReadAction\",\"target\":[\"https:\/\/welovecinema.be\/fr\/yolande-moreau-de-retour-devant-camera-de-kervern-delepine\/\"]}]},{\"@type\":\"BreadcrumbList\",\"@id\":\"https:\/\/welovecinema.be\/fr\/yolande-moreau-de-retour-devant-camera-de-kervern-delepine\/#breadcrumb\",\"itemListElement\":[{\"@type\":\"ListItem\",\"position\":1,\"name\":\"Accueil\",\"item\":\"https:\/\/welovecinema.be\/fr\/\"},{\"@type\":\"ListItem\",\"position\":2,\"name\":\"Yolande Moreau de retour devant la cam\u00e9ra de Kervern et Del\u00e9pine\"}]},{\"@type\":\"WebSite\",\"@id\":\"https:\/\/welovecinema.be\/nl\/#website\",\"url\":\"https:\/\/welovecinema.be\/nl\/\",\"name\":\"We Love Cinema\",\"description\":\"Toute l\u2019information du cin\u00e9ma en Belgique\",\"publisher\":{\"@id\":\"https:\/\/welovecinema.be\/nl\/#organization\"},\"potentialAction\":[{\"@type\":\"SearchAction\",\"target\":{\"@type\":\"EntryPoint\",\"urlTemplate\":\"https:\/\/welovecinema.be\/nl\/?s={search_term_string}\"},\"query-input\":\"required name=search_term_string\"}],\"inLanguage\":\"fr-FR\"},{\"@type\":\"Organization\",\"@id\":\"https:\/\/welovecinema.be\/nl\/#organization\",\"name\":\"We Love Cinema\",\"url\":\"https:\/\/welovecinema.be\/nl\/\",\"logo\":{\"@type\":\"ImageObject\",\"inLanguage\":\"fr-FR\",\"@id\":\"https:\/\/welovecinema.be\/nl\/#\/schema\/logo\/image\/\",\"url\":\"https:\/\/welovecinema.be\/wp-content\/uploads\/sites\/2\/2023\/03\/Logo-We-Love-Cinema305x128.jpg\",\"contentUrl\":\"https:\/\/welovecinema.be\/wp-content\/uploads\/sites\/2\/2023\/03\/Logo-We-Love-Cinema305x128.jpg\",\"width\":305,\"height\":128,\"caption\":\"We Love Cinema\"},\"image\":{\"@id\":\"https:\/\/welovecinema.be\/nl\/#\/schema\/logo\/image\/\"},\"sameAs\":[\"https:\/\/www.facebook.com\/welovecinema.be\",\"https:\/\/www.youtube.com\/channel\/UCX5LYGVhnKvYauW4Nta4HJA\",\"https:\/\/www.instagram.com\/welovecinema.be\/\"]},{\"@type\":\"Person\",\"@id\":\"https:\/\/welovecinema.be\/nl\/#\/schema\/person\/8084b68c6b176142d073695c654dc7cf\",\"name\":\"Aurore Engelen\",\"url\":\"https:\/\/welovecinema.be\/fr\/author\/aurore-engelen\/\"}]}<\/script>\n<!-- \/ Yoast SEO plugin. -->","yoast_head_json":{"title":"Yolande Moreau de retour devant la cam\u00e9ra de Kervern et Del\u00e9pine - We Love Cinema","robots":{"index":"index","follow":"follow","max-snippet":"max-snippet:-1","max-image-preview":"max-image-preview:large","max-video-preview":"max-video-preview:-1"},"canonical":"https:\/\/welovecinema.be\/fr\/yolande-moreau-de-retour-devant-camera-de-kervern-delepine\/","og_locale":"fr_FR","og_type":"article","og_title":"Yolande Moreau de retour devant la cam\u00e9ra de Kervern et Del\u00e9pine - We Love Cinema","og_description":"La com\u00e9dienne belge Yolande Moreau devrait retrouver cet \u00e9t\u00e9 ces d\u00e9lirants complices\u00a0Gustave Kervern et Beno\u00eet Del\u00e9pine, qui lui ont concoct\u00e9 un r\u00f4le aux petits oignons dans I Feel Good, o\u00f9 elle aura pour fr\u00e8re un certain Jean Dujardin.","og_url":"https:\/\/welovecinema.be\/fr\/yolande-moreau-de-retour-devant-camera-de-kervern-delepine\/","og_site_name":"We Love Cinema","article_publisher":"https:\/\/www.facebook.com\/welovecinema.be","article_published_time":"2017-04-08T08:04:16+00:00","og_image":[{"width":600,"height":384,"url":"https:\/\/welovecinema.be\/wp-content\/uploads\/sites\/2\/2017\/04\/YolandeMoreau.jpg","type":"image\/jpeg"}],"author":"Aurore Engelen","twitter_card":"summary_large_image","twitter_misc":{"\u00c9crit par":"Aurore Engelen","Dur\u00e9e de lecture estim\u00e9e":"1 minute"},"schema":{"@context":"https:\/\/schema.org","@graph":[{"@type":"Article","@id":"https:\/\/welovecinema.be\/fr\/yolande-moreau-de-retour-devant-camera-de-kervern-delepine\/#article","isPartOf":{"@id":"https:\/\/welovecinema.be\/fr\/yolande-moreau-de-retour-devant-camera-de-kervern-delepine\/"},"author":{"name":"Aurore Engelen","@id":"https:\/\/welovecinema.be\/nl\/#\/schema\/person\/8084b68c6b176142d073695c654dc7cf"},"headline":"Yolande Moreau de retour devant la cam\u00e9ra de Kervern et Del\u00e9pine","datePublished":"2017-04-08T08:04:16+00:00","dateModified":"2017-04-08T08:04:16+00:00","mainEntityOfPage":{"@id":"https:\/\/welovecinema.be\/fr\/yolande-moreau-de-retour-devant-camera-de-kervern-delepine\/"},"wordCount":313,"publisher":{"@id":"https:\/\/welovecinema.be\/nl\/#organization"},"articleSection":["Coming soon","News"],"inLanguage":"fr-FR"},{"@type":"WebPage","@id":"https:\/\/welovecinema.be\/fr\/yolande-moreau-de-retour-devant-camera-de-kervern-delepine\/","url":"https:\/\/welovecinema.be\/fr\/yolande-moreau-de-retour-devant-camera-de-kervern-delepine\/","name":"Yolande Moreau de retour devant la cam\u00e9ra de Kervern et Del\u00e9pine - We Love Cinema","isPartOf":{"@id":"https:\/\/welovecinema.be\/nl\/#website"},"datePublished":"2017-04-08T08:04:16+00:00","dateModified":"2017-04-08T08:04:16+00:00","breadcrumb":{"@id":"https:\/\/welovecinema.be\/fr\/yolande-moreau-de-retour-devant-camera-de-kervern-delepine\/#breadcrumb"},"inLanguage":"fr-FR","potentialAction":[{"@type":"ReadAction","target":["https:\/\/welovecinema.be\/fr\/yolande-moreau-de-retour-devant-camera-de-kervern-delepine\/"]}]},{"@type":"BreadcrumbList","@id":"https:\/\/welovecinema.be\/fr\/yolande-moreau-de-retour-devant-camera-de-kervern-delepine\/#breadcrumb","itemListElement":[{"@type":"ListItem","position":1,"name":"Accueil","item":"https:\/\/welovecinema.be\/fr\/"},{"@type":"ListItem","position":2,"name":"Yolande Moreau de retour devant la cam\u00e9ra de Kervern et Del\u00e9pine"}]},{"@type":"WebSite","@id":"https:\/\/welovecinema.be\/nl\/#website","url":"https:\/\/welovecinema.be\/nl\/","name":"We Love Cinema","description":"Toute l\u2019information du cin\u00e9ma en Belgique","publisher":{"@id":"https:\/\/welovecinema.be\/nl\/#organization"},"potentialAction":[{"@type":"SearchAction","target":{"@type":"EntryPoint","urlTemplate":"https:\/\/welovecinema.be\/nl\/?s={search_term_string}"},"query-input":"required name=search_term_string"}],"inLanguage":"fr-FR"},{"@type":"Organization","@id":"https:\/\/welovecinema.be\/nl\/#organization","name":"We Love Cinema","url":"https:\/\/welovecinema.be\/nl\/","logo":{"@type":"ImageObject","inLanguage":"fr-FR","@id":"https:\/\/welovecinema.be\/nl\/#\/schema\/logo\/image\/","url":"https:\/\/welovecinema.be\/wp-content\/uploads\/sites\/2\/2023\/03\/Logo-We-Love-Cinema305x128.jpg","contentUrl":"https:\/\/welovecinema.be\/wp-content\/uploads\/sites\/2\/2023\/03\/Logo-We-Love-Cinema305x128.jpg","width":305,"height":128,"caption":"We Love Cinema"},"image":{"@id":"https:\/\/welovecinema.be\/nl\/#\/schema\/logo\/image\/"},"sameAs":["https:\/\/www.facebook.com\/welovecinema.be","https:\/\/www.youtube.com\/channel\/UCX5LYGVhnKvYauW4Nta4HJA","https:\/\/www.instagram.com\/welovecinema.be\/"]},{"@type":"Person","@id":"https:\/\/welovecinema.be\/nl\/#\/schema\/person\/8084b68c6b176142d073695c654dc7cf","name":"Aurore Engelen","url":"https:\/\/welovecinema.be\/fr\/author\/aurore-engelen\/"}]}},"_links":{"self":[{"href":"https:\/\/welovecinema.be\/fr\/wp-json\/wp\/v2\/posts\/198534","targetHints":{"allow":["GET"]}}],"collection":[{"href":"https:\/\/welovecinema.be\/fr\/wp-json\/wp\/v2\/posts"}],"about":[{"href":"https:\/\/welovecinema.be\/fr\/wp-json\/wp\/v2\/types\/post"}],"author":[{"embeddable":true,"href":"https:\/\/welovecinema.be\/fr\/wp-json\/wp\/v2\/users\/343"}],"replies":[{"embeddable":true,"href":"https:\/\/welovecinema.be\/fr\/wp-json\/wp\/v2\/comments?post=198534"}],"version-history":[{"count":0,"href":"https:\/\/welovecinema.be\/fr\/wp-json\/wp\/v2\/posts\/198534\/revisions"}],"wp:featuredmedia":[{"embeddable":true,"href":"https:\/\/welovecinema.be\/fr\/wp-json\/wp\/v2\/media\/198537"}],"wp:attachment":[{"href":"https:\/\/welovecinema.be\/fr\/wp-json\/wp\/v2\/media?parent=198534"}],"wp:term":[{"taxonomy":"category","embeddable":true,"href":"https:\/\/welovecinema.be\/fr\/wp-json\/wp\/v2\/categories?post=198534"},{"taxonomy":"post_tag","embeddable":true,"href":"https:\/\/welovecinema.be\/fr\/wp-json\/wp\/v2\/tags?post=198534"}],"curies":[{"name":"wp","href":"https:\/\/api.w.org\/{rel}","templated":true}]}}